{"id":637,"date":"2020-06-25T19:34:43","date_gmt":"2020-06-25T22:34:43","guid":{"rendered":"https:\/\/ubaldofernandes.com\/?post_type=news&#038;p=637"},"modified":"2020-07-30T19:38:06","modified_gmt":"2020-07-30T22:38:06","slug":"deputado-ubaldo-fernandes-assume-lideranca-de-bloco-partidario-na-alrn","status":"publish","type":"news","link":"https:\/\/ubaldofernandes.com\/index.php\/news\/deputado-ubaldo-fernandes-assume-lideranca-de-bloco-partidario-na-alrn\/","title":{"rendered":"Deputado Ubaldo Fernandes assume lideran\u00e7a de bloco partid\u00e1rio na ALRN"},"content":{"rendered":"\n<p>O deputado Ubaldo Fernandes (PL) assumiu a lideran\u00e7a do bloco partid\u00e1rio PL\/PT na Assembleia Legislativa do Rio Grande do Norte. Este bloco partid\u00e1rio \u00e9 composto pelos deputados estaduais Ubaldo Fernandes, George Soares, Kleber Rodrigues, Francisco do PT e pela deputada Isolda Dantas, que exercia a lideran\u00e7a. A deputada Isolda anunciou sua sa\u00edda do cargo por motivos pessoais e a lideran\u00e7a passou para Ubaldo Fernandes.<\/p>\n\n\n\n<p>&#8220;A lideran\u00e7a deste bloco partid\u00e1rio nos garante assento no Colegiado de L\u00edderes da Casa. Assumir este papel nos permite avaliar mais de perto as quest\u00f5es di\u00e1rias do parlamento, apreciar iniciativas importantes e continuar lutando por projetos de grande interesse para a popula\u00e7\u00e3o Norte-rio-grandense. Muito nos honra assumir esse papel&#8221;, afirmou o deputado Ubaldo Fernandes.<\/p>\n\n\n\n<p>Mat\u00e9ria publicada no<a href=\"https:\/\/www.blogdojoaomarcolino.com\/2020\/06\/deputado-ubaldo-fernandes-assume.html\"> Blog do Jo\u00e3o Marcolino<\/a>. <\/p>\n","protected":false},"featured_media":638,"parent":0,"template":"","class_list":["post-637","news","type-news","status-publish","has-post-thumbnail","hentry"],"acf":[],"yoast_head":"<!-- This site is optimized with the Yoast SEO plugin v24.6 - https:\/\/yoast.com\/wordpress\/plugins\/seo\/ -->\n<title>Deputado Ubaldo Fernandes assume lideran\u00e7a de bloco partid\u00e1rio na ALRN - Ubaldo Fernandes<\/title>\n<meta name=\"robots\" content=\"index, follow, max-snippet:-1, max-image-preview:large, max-video-preview:-1\" \/>\n<link rel=\"canonical\" href=\"https:\/\/ubaldofernandes.com\/index.php\/news\/deputado-ubaldo-fernandes-assume-lideranca-de-bloco-partidario-na-alrn\/\" \/>\n<meta property=\"og:locale\" content=\"pt_BR\" \/>\n<meta property=\"og:type\" content=\"article\" \/>\n<meta property=\"og:title\" content=\"Deputado Ubaldo Fernandes assume lideran\u00e7a de bloco partid\u00e1rio na ALRN - Ubaldo Fernandes\" \/>\n<meta property=\"og:description\" content=\"O deputado Ubaldo Fernandes (PL) assumiu a lideran\u00e7a do bloco partid\u00e1rio PL\/PT na Assembleia Legislativa do Rio Grande do Norte. Este bloco partid\u00e1rio \u00e9 composto pelos deputados estaduais Ubaldo Fernandes, George Soares, Kleber Rodrigues, Francisco do PT e pela deputada Isolda Dantas, que exercia a lideran\u00e7a. A deputada Isolda anunciou sua sa\u00edda do cargo por [&hellip;]\" \/>\n<meta property=\"og:url\" content=\"https:\/\/ubaldofernandes.com\/index.php\/news\/deputado-ubaldo-fernandes-assume-lideranca-de-bloco-partidario-na-alrn\/\" \/>\n<meta property=\"og:site_name\" content=\"Ubaldo Fernandes\" \/>\n<meta property=\"article:modified_time\" content=\"2020-07-30T22:38:06+00:00\" \/>\n<meta property=\"og:image\" content=\"https:\/\/ubaldofernandes.com\/wp-content\/uploads\/2020\/07\/marcolino.jpeg\" \/>\n\t<meta property=\"og:image:width\" content=\"1275\" \/>\n\t<meta property=\"og:image:height\" content=\"850\" \/>\n\t<meta property=\"og:image:type\" content=\"image\/jpeg\" \/>\n<meta name=\"twitter:card\" content=\"summary_large_image\" \/>\n<meta name=\"twitter:label1\" content=\"Est. tempo de leitura\" \/>\n\t<meta name=\"twitter:data1\" content=\"1 minuto\" \/>\n<script type=\"application\/ld+json\" class=\"yoast-schema-graph\">{\"@context\":\"https:\/\/schema.org\",\"@graph\":[{\"@type\":\"WebPage\",\"@id\":\"https:\/\/ubaldofernandes.com\/index.php\/news\/deputado-ubaldo-fernandes-assume-lideranca-de-bloco-partidario-na-alrn\/\",\"url\":\"https:\/\/ubaldofernandes.com\/index.php\/news\/deputado-ubaldo-fernandes-assume-lideranca-de-bloco-partidario-na-alrn\/\",\"name\":\"Deputado Ubaldo Fernandes assume lideran\u00e7a de bloco partid\u00e1rio na ALRN - Ubaldo Fernandes\",\"isPartOf\":{\"@id\":\"https:\/\/ubaldofernandes.com\/#website\"},\"primaryImageOfPage\":{\"@id\":\"https:\/\/ubaldofernandes.com\/index.php\/news\/deputado-ubaldo-fernandes-assume-lideranca-de-bloco-partidario-na-alrn\/#primaryimage\"},\"image\":{\"@id\":\"https:\/\/ubaldofernandes.com\/index.php\/news\/deputado-ubaldo-fernandes-assume-lideranca-de-bloco-partidario-na-alrn\/#primaryimage\"},\"thumbnailUrl\":\"https:\/\/ubaldofernandes.com\/wp-content\/uploads\/2020\/07\/marcolino.jpeg\",\"datePublished\":\"2020-06-25T22:34:43+00:00\",\"dateModified\":\"2020-07-30T22:38:06+00:00\",\"breadcrumb\":{\"@id\":\"https:\/\/ubaldofernandes.com\/index.php\/news\/deputado-ubaldo-fernandes-assume-lideranca-de-bloco-partidario-na-alrn\/#breadcrumb\"},\"inLanguage\":\"pt-BR\",\"potentialAction\":[{\"@type\":\"ReadAction\",\"target\":[\"https:\/\/ubaldofernandes.com\/index.php\/news\/deputado-ubaldo-fernandes-assume-lideranca-de-bloco-partidario-na-alrn\/\"]}]},{\"@type\":\"ImageObject\",\"inLanguage\":\"pt-BR\",\"@id\":\"https:\/\/ubaldofernandes.com\/index.php\/news\/deputado-ubaldo-fernandes-assume-lideranca-de-bloco-partidario-na-alrn\/#primaryimage\",\"url\":\"https:\/\/ubaldofernandes.com\/wp-content\/uploads\/2020\/07\/marcolino.jpeg\",\"contentUrl\":\"https:\/\/ubaldofernandes.com\/wp-content\/uploads\/2020\/07\/marcolino.jpeg\",\"width\":1275,\"height\":850},{\"@type\":\"BreadcrumbList\",\"@id\":\"https:\/\/ubaldofernandes.com\/index.php\/news\/deputado-ubaldo-fernandes-assume-lideranca-de-bloco-partidario-na-alrn\/#breadcrumb\",\"itemListElement\":[{\"@type\":\"ListItem\",\"position\":1,\"name\":\"In\u00edcio\",\"item\":\"https:\/\/ubaldofernandes.com\/\"},{\"@type\":\"ListItem\",\"position\":2,\"name\":\"Not\u00edcias\",\"item\":\"https:\/\/ubaldofernandes.com\/index.php\/news\/\"},{\"@type\":\"ListItem\",\"position\":3,\"name\":\"Deputado Ubaldo Fernandes assume lideran\u00e7a de bloco partid\u00e1rio na ALRN\"}]},{\"@type\":\"WebSite\",\"@id\":\"https:\/\/ubaldofernandes.com\/#website\",\"url\":\"https:\/\/ubaldofernandes.com\/\",\"name\":\"Ubaldo Fernandes\",\"description\":\"Deputado Estadual\",\"potentialAction\":[{\"@type\":\"SearchAction\",\"target\":{\"@type\":\"EntryPoint\",\"urlTemplate\":\"https:\/\/ubaldofernandes.com\/?s={search_term_string}\"},\"query-input\":{\"@type\":\"PropertyValueSpecification\",\"valueRequired\":true,\"valueName\":\"search_term_string\"}}],\"inLanguage\":\"pt-BR\"}]}<\/script>\n<!-- \/ Yoast SEO plugin. -->","yoast_head_json":{"title":"Deputado Ubaldo Fernandes assume lideran\u00e7a de bloco partid\u00e1rio na ALRN - Ubaldo Fernandes","robots":{"index":"index","follow":"follow","max-snippet":"max-snippet:-1","max-image-preview":"max-image-preview:large","max-video-preview":"max-video-preview:-1"},"canonical":"https:\/\/ubaldofernandes.com\/index.php\/news\/deputado-ubaldo-fernandes-assume-lideranca-de-bloco-partidario-na-alrn\/","og_locale":"pt_BR","og_type":"article","og_title":"Deputado Ubaldo Fernandes assume lideran\u00e7a de bloco partid\u00e1rio na ALRN - Ubaldo Fernandes","og_description":"O deputado Ubaldo Fernandes (PL) assumiu a lideran\u00e7a do bloco partid\u00e1rio PL\/PT na Assembleia Legislativa do Rio Grande do Norte. Este bloco partid\u00e1rio \u00e9 composto pelos deputados estaduais Ubaldo Fernandes, George Soares, Kleber Rodrigues, Francisco do PT e pela deputada Isolda Dantas, que exercia a lideran\u00e7a. A deputada Isolda anunciou sua sa\u00edda do cargo por [&hellip;]","og_url":"https:\/\/ubaldofernandes.com\/index.php\/news\/deputado-ubaldo-fernandes-assume-lideranca-de-bloco-partidario-na-alrn\/","og_site_name":"Ubaldo Fernandes","article_modified_time":"2020-07-30T22:38:06+00:00","og_image":[{"width":1275,"height":850,"url":"https:\/\/ubaldofernandes.com\/wp-content\/uploads\/2020\/07\/marcolino.jpeg","type":"image\/jpeg"}],"twitter_card":"summary_large_image","twitter_misc":{"Est. tempo de leitura":"1 minuto"},"schema":{"@context":"https:\/\/schema.org","@graph":[{"@type":"WebPage","@id":"https:\/\/ubaldofernandes.com\/index.php\/news\/deputado-ubaldo-fernandes-assume-lideranca-de-bloco-partidario-na-alrn\/","url":"https:\/\/ubaldofernandes.com\/index.php\/news\/deputado-ubaldo-fernandes-assume-lideranca-de-bloco-partidario-na-alrn\/","name":"Deputado Ubaldo Fernandes assume lideran\u00e7a de bloco partid\u00e1rio na ALRN - Ubaldo Fernandes","isPartOf":{"@id":"https:\/\/ubaldofernandes.com\/#website"},"primaryImageOfPage":{"@id":"https:\/\/ubaldofernandes.com\/index.php\/news\/deputado-ubaldo-fernandes-assume-lideranca-de-bloco-partidario-na-alrn\/#primaryimage"},"image":{"@id":"https:\/\/ubaldofernandes.com\/index.php\/news\/deputado-ubaldo-fernandes-assume-lideranca-de-bloco-partidario-na-alrn\/#primaryimage"},"thumbnailUrl":"https:\/\/ubaldofernandes.com\/wp-content\/uploads\/2020\/07\/marcolino.jpeg","datePublished":"2020-06-25T22:34:43+00:00","dateModified":"2020-07-30T22:38:06+00:00","breadcrumb":{"@id":"https:\/\/ubaldofernandes.com\/index.php\/news\/deputado-ubaldo-fernandes-assume-lideranca-de-bloco-partidario-na-alrn\/#breadcrumb"},"inLanguage":"pt-BR","potentialAction":[{"@type":"ReadAction","target":["https:\/\/ubaldofernandes.com\/index.php\/news\/deputado-ubaldo-fernandes-assume-lideranca-de-bloco-partidario-na-alrn\/"]}]},{"@type":"ImageObject","inLanguage":"pt-BR","@id":"https:\/\/ubaldofernandes.com\/index.php\/news\/deputado-ubaldo-fernandes-assume-lideranca-de-bloco-partidario-na-alrn\/#primaryimage","url":"https:\/\/ubaldofernandes.com\/wp-content\/uploads\/2020\/07\/marcolino.jpeg","contentUrl":"https:\/\/ubaldofernandes.com\/wp-content\/uploads\/2020\/07\/marcolino.jpeg","width":1275,"height":850},{"@type":"BreadcrumbList","@id":"https:\/\/ubaldofernandes.com\/index.php\/news\/deputado-ubaldo-fernandes-assume-lideranca-de-bloco-partidario-na-alrn\/#breadcrumb","itemListElement":[{"@type":"ListItem","position":1,"name":"In\u00edcio","item":"https:\/\/ubaldofernandes.com\/"},{"@type":"ListItem","position":2,"name":"Not\u00edcias","item":"https:\/\/ubaldofernandes.com\/index.php\/news\/"},{"@type":"ListItem","position":3,"name":"Deputado Ubaldo Fernandes assume lideran\u00e7a de bloco partid\u00e1rio na ALRN"}]},{"@type":"WebSite","@id":"https:\/\/ubaldofernandes.com\/#website","url":"https:\/\/ubaldofernandes.com\/","name":"Ubaldo Fernandes","description":"Deputado Estadual","potentialAction":[{"@type":"SearchAction","target":{"@type":"EntryPoint","urlTemplate":"https:\/\/ubaldofernandes.com\/?s={search_term_string}"},"query-input":{"@type":"PropertyValueSpecification","valueRequired":true,"valueName":"search_term_string"}}],"inLanguage":"pt-BR"}]}},"_links":{"self":[{"href":"https:\/\/ubaldofernandes.com\/index.php\/wp-json\/wp\/v2\/news\/637","targetHints":{"allow":["GET"]}}],"collection":[{"href":"https:\/\/ubaldofernandes.com\/index.php\/wp-json\/wp\/v2\/news"}],"about":[{"href":"https:\/\/ubaldofernandes.com\/index.php\/wp-json\/wp\/v2\/types\/news"}],"wp:featuredmedia":[{"embeddable":true,"href":"https:\/\/ubaldofernandes.com\/index.php\/wp-json\/wp\/v2\/media\/638"}],"wp:attachment":[{"href":"https:\/\/ubaldofernandes.com\/index.php\/wp-json\/wp\/v2\/media?parent=637"}],"curies":[{"name":"wp","href":"https:\/\/api.w.org\/{rel}","templated":true}]}}