{"id":6463,"date":"2024-03-25T10:00:00","date_gmt":"2024-03-25T13:00:00","guid":{"rendered":"https:\/\/ubaldofernandes.com\/?post_type=news&#038;p=6463"},"modified":"2024-03-25T10:39:18","modified_gmt":"2024-03-25T13:39:18","slug":"audiencia-publica-debate-campanha-da-fraternidade-na-assembleia-legislativa-2","status":"publish","type":"news","link":"https:\/\/ubaldofernandes.com\/index.php\/news\/audiencia-publica-debate-campanha-da-fraternidade-na-assembleia-legislativa-2\/","title":{"rendered":"Audi\u00eancia p\u00fablica debate Campanha da Fraternidade na Assembleia Legislativa"},"content":{"rendered":"\n<p>A Assembleia Legislativa do Rio Grande do Norte realizou nesta sexta-feira (22) uma audi\u00eancia p\u00fablica sobre o impacto social e religioso da&nbsp;Campanha da Fraternidade 2024, que tem como tema este ano a Fraternidade e Amizade Social. A propositura foi do deputado estadual Ubaldo Fernandes (PSDB), e foi subscrita pelos deputados Hermano Morais (PV) e Divaneide Bas\u00edlio (PT), que tamb\u00e9m estiveram presentes na solenidade.<\/p>\n\n\n\n<p>\u201cO objetivo da Campanha este ano \u00e9 despertar para o valor e a beleza da Fraternidade humana, promovendo e fortalecendo os v\u00ednculos da amizade social, para que a paz seja realidade entre todas as pessoas e povo\u201d, disse Ubaldo em seu discurso.<\/p>\n\n\n\n<p>Ainda de acordo com o parlamentar, a iniciativa da Igreja cat\u00f3lica, que este ano tem como lema \u201cV\u00f3s sois todos irm\u00e3os e irm\u00e3s\u201d, \u00e9 fazer um \u201cconvite a um amor que ultrapassa as barreiras da geografia e do espa\u00e7o, nos interpelando \u00e0 comunh\u00e3o e solidariedade, mostrando que a convers\u00e3o passa pela experi\u00eancia da humildade e da aceita\u00e7\u00e3o do outro\u201d.<\/p>\n\n\n\n<p>A deputada estadual Divaneide Bas\u00edlio aproveitou a oportunidade para revelar que protocolou um projeto na Assembleia com o objetivo de tornar a Campanha da Fraternidade um Patrim\u00f4nio Imaterial, Cultural e Religioso do Estado. \u201c\u00c9 importante para que as institui\u00e7\u00f5es possam pensar em como agir com mais solidariedade, essa \u00e9 uma Campanha de toda a sociedade\u201d, disse a parlamentar. J\u00e1 o deputado Hermano Morais, parabenizou aos representantes religiosos pelo trabalho realizado.<\/p>\n\n\n\n<p>Segundo o arcebispo metropolitano de Natal, Dom Jo\u00e3o Santos Cardoso, \u201cessa iniciativa da Igreja cat\u00f3lica visa conduzir n\u00e3o apenas os seus fieis, mas a todas as pessoas a uma reflex\u00e3o profunda sobre valores da solidariedade, fraternidade e amor ao pr\u00f3ximo, n\u00e3o apenas nesse per\u00edodo quaresmal, mas para uma atitude que deve permanecer durante toda a nossa vida\u201d.<\/p>\n\n\n\n<p>Mat\u00e9ria publicada no <a href=\"https:\/\/ismaelmedeiros.com.br\/audiencia-publica-debate-campanha-da-fraternidade-na-assembleia-legislativa\/\">Blog de Ismael Medeiros<\/a>. <\/p>\n","protected":false},"featured_media":6460,"parent":0,"template":"","class_list":["post-6463","news","type-news","status-publish","has-post-thumbnail","hentry"],"acf":[],"yoast_head":"<!-- This site is optimized with the Yoast SEO plugin v24.6 - https:\/\/yoast.com\/wordpress\/plugins\/seo\/ -->\n<title>Audi\u00eancia p\u00fablica debate Campanha da Fraternidade na Assembleia Legislativa - Ubaldo Fernandes<\/title>\n<meta name=\"robots\" content=\"index, follow, max-snippet:-1, max-image-preview:large, max-video-preview:-1\" \/>\n<link rel=\"canonical\" href=\"https:\/\/ubaldofernandes.com\/index.php\/news\/audiencia-publica-debate-campanha-da-fraternidade-na-assembleia-legislativa-2\/\" \/>\n<meta property=\"og:locale\" content=\"pt_BR\" \/>\n<meta property=\"og:type\" content=\"article\" \/>\n<meta property=\"og:title\" content=\"Audi\u00eancia p\u00fablica debate Campanha da Fraternidade na Assembleia Legislativa - Ubaldo Fernandes\" \/>\n<meta property=\"og:description\" content=\"A Assembleia Legislativa do Rio Grande do Norte realizou nesta sexta-feira (22) uma audi\u00eancia p\u00fablica sobre o impacto social e religioso da&nbsp;Campanha da Fraternidade 2024, que tem como tema este ano a Fraternidade e Amizade Social. A propositura foi do deputado estadual Ubaldo Fernandes (PSDB), e foi subscrita pelos deputados Hermano Morais (PV) e Divaneide [&hellip;]\" \/>\n<meta property=\"og:url\" content=\"https:\/\/ubaldofernandes.com\/index.php\/news\/audiencia-publica-debate-campanha-da-fraternidade-na-assembleia-legislativa-2\/\" \/>\n<meta property=\"og:site_name\" content=\"Ubaldo Fernandes\" \/>\n<meta property=\"article:modified_time\" content=\"2024-03-25T13:39:18+00:00\" \/>\n<meta property=\"og:image\" content=\"https:\/\/ubaldofernandes.com\/wp-content\/uploads\/2024\/03\/Audiencia-frat-capa-1.jpg\" \/>\n\t<meta property=\"og:image:width\" content=\"1600\" \/>\n\t<meta property=\"og:image:height\" content=\"1064\" \/>\n\t<meta property=\"og:image:type\" content=\"image\/jpeg\" \/>\n<meta name=\"twitter:card\" content=\"summary_large_image\" \/>\n<meta name=\"twitter:label1\" content=\"Est. tempo de leitura\" \/>\n\t<meta name=\"twitter:data1\" content=\"2 minutos\" \/>\n<script type=\"application\/ld+json\" class=\"yoast-schema-graph\">{\"@context\":\"https:\/\/schema.org\",\"@graph\":[{\"@type\":\"WebPage\",\"@id\":\"https:\/\/ubaldofernandes.com\/index.php\/news\/audiencia-publica-debate-campanha-da-fraternidade-na-assembleia-legislativa-2\/\",\"url\":\"https:\/\/ubaldofernandes.com\/index.php\/news\/audiencia-publica-debate-campanha-da-fraternidade-na-assembleia-legislativa-2\/\",\"name\":\"Audi\u00eancia p\u00fablica debate Campanha da Fraternidade na Assembleia Legislativa - Ubaldo Fernandes\",\"isPartOf\":{\"@id\":\"https:\/\/ubaldofernandes.com\/#website\"},\"primaryImageOfPage\":{\"@id\":\"https:\/\/ubaldofernandes.com\/index.php\/news\/audiencia-publica-debate-campanha-da-fraternidade-na-assembleia-legislativa-2\/#primaryimage\"},\"image\":{\"@id\":\"https:\/\/ubaldofernandes.com\/index.php\/news\/audiencia-publica-debate-campanha-da-fraternidade-na-assembleia-legislativa-2\/#primaryimage\"},\"thumbnailUrl\":\"https:\/\/ubaldofernandes.com\/wp-content\/uploads\/2024\/03\/Audiencia-frat-capa-1.jpg\",\"datePublished\":\"2024-03-25T13:00:00+00:00\",\"dateModified\":\"2024-03-25T13:39:18+00:00\",\"breadcrumb\":{\"@id\":\"https:\/\/ubaldofernandes.com\/index.php\/news\/audiencia-publica-debate-campanha-da-fraternidade-na-assembleia-legislativa-2\/#breadcrumb\"},\"inLanguage\":\"pt-BR\",\"potentialAction\":[{\"@type\":\"ReadAction\",\"target\":[\"https:\/\/ubaldofernandes.com\/index.php\/news\/audiencia-publica-debate-campanha-da-fraternidade-na-assembleia-legislativa-2\/\"]}]},{\"@type\":\"ImageObject\",\"inLanguage\":\"pt-BR\",\"@id\":\"https:\/\/ubaldofernandes.com\/index.php\/news\/audiencia-publica-debate-campanha-da-fraternidade-na-assembleia-legislativa-2\/#primaryimage\",\"url\":\"https:\/\/ubaldofernandes.com\/wp-content\/uploads\/2024\/03\/Audiencia-frat-capa-1.jpg\",\"contentUrl\":\"https:\/\/ubaldofernandes.com\/wp-content\/uploads\/2024\/03\/Audiencia-frat-capa-1.jpg\",\"width\":1600,\"height\":1064},{\"@type\":\"BreadcrumbList\",\"@id\":\"https:\/\/ubaldofernandes.com\/index.php\/news\/audiencia-publica-debate-campanha-da-fraternidade-na-assembleia-legislativa-2\/#breadcrumb\",\"itemListElement\":[{\"@type\":\"ListItem\",\"position\":1,\"name\":\"In\u00edcio\",\"item\":\"https:\/\/ubaldofernandes.com\/\"},{\"@type\":\"ListItem\",\"position\":2,\"name\":\"Not\u00edcias\",\"item\":\"https:\/\/ubaldofernandes.com\/index.php\/news\/\"},{\"@type\":\"ListItem\",\"position\":3,\"name\":\"Audi\u00eancia p\u00fablica debate Campanha da Fraternidade na Assembleia Legislativa\"}]},{\"@type\":\"WebSite\",\"@id\":\"https:\/\/ubaldofernandes.com\/#website\",\"url\":\"https:\/\/ubaldofernandes.com\/\",\"name\":\"Ubaldo Fernandes\",\"description\":\"Deputado Estadual\",\"potentialAction\":[{\"@type\":\"SearchAction\",\"target\":{\"@type\":\"EntryPoint\",\"urlTemplate\":\"https:\/\/ubaldofernandes.com\/?s={search_term_string}\"},\"query-input\":{\"@type\":\"PropertyValueSpecification\",\"valueRequired\":true,\"valueName\":\"search_term_string\"}}],\"inLanguage\":\"pt-BR\"}]}<\/script>\n<!-- \/ Yoast SEO plugin. -->","yoast_head_json":{"title":"Audi\u00eancia p\u00fablica debate Campanha da Fraternidade na Assembleia Legislativa - Ubaldo Fernandes","robots":{"index":"index","follow":"follow","max-snippet":"max-snippet:-1","max-image-preview":"max-image-preview:large","max-video-preview":"max-video-preview:-1"},"canonical":"https:\/\/ubaldofernandes.com\/index.php\/news\/audiencia-publica-debate-campanha-da-fraternidade-na-assembleia-legislativa-2\/","og_locale":"pt_BR","og_type":"article","og_title":"Audi\u00eancia p\u00fablica debate Campanha da Fraternidade na Assembleia Legislativa - Ubaldo Fernandes","og_description":"A Assembleia Legislativa do Rio Grande do Norte realizou nesta sexta-feira (22) uma audi\u00eancia p\u00fablica sobre o impacto social e religioso da&nbsp;Campanha da Fraternidade 2024, que tem como tema este ano a Fraternidade e Amizade Social. A propositura foi do deputado estadual Ubaldo Fernandes (PSDB), e foi subscrita pelos deputados Hermano Morais (PV) e Divaneide [&hellip;]","og_url":"https:\/\/ubaldofernandes.com\/index.php\/news\/audiencia-publica-debate-campanha-da-fraternidade-na-assembleia-legislativa-2\/","og_site_name":"Ubaldo Fernandes","article_modified_time":"2024-03-25T13:39:18+00:00","og_image":[{"width":1600,"height":1064,"url":"https:\/\/ubaldofernandes.com\/wp-content\/uploads\/2024\/03\/Audiencia-frat-capa-1.jpg","type":"image\/jpeg"}],"twitter_card":"summary_large_image","twitter_misc":{"Est. tempo de leitura":"2 minutos"},"schema":{"@context":"https:\/\/schema.org","@graph":[{"@type":"WebPage","@id":"https:\/\/ubaldofernandes.com\/index.php\/news\/audiencia-publica-debate-campanha-da-fraternidade-na-assembleia-legislativa-2\/","url":"https:\/\/ubaldofernandes.com\/index.php\/news\/audiencia-publica-debate-campanha-da-fraternidade-na-assembleia-legislativa-2\/","name":"Audi\u00eancia p\u00fablica debate Campanha da Fraternidade na Assembleia Legislativa - Ubaldo Fernandes","isPartOf":{"@id":"https:\/\/ubaldofernandes.com\/#website"},"primaryImageOfPage":{"@id":"https:\/\/ubaldofernandes.com\/index.php\/news\/audiencia-publica-debate-campanha-da-fraternidade-na-assembleia-legislativa-2\/#primaryimage"},"image":{"@id":"https:\/\/ubaldofernandes.com\/index.php\/news\/audiencia-publica-debate-campanha-da-fraternidade-na-assembleia-legislativa-2\/#primaryimage"},"thumbnailUrl":"https:\/\/ubaldofernandes.com\/wp-content\/uploads\/2024\/03\/Audiencia-frat-capa-1.jpg","datePublished":"2024-03-25T13:00:00+00:00","dateModified":"2024-03-25T13:39:18+00:00","breadcrumb":{"@id":"https:\/\/ubaldofernandes.com\/index.php\/news\/audiencia-publica-debate-campanha-da-fraternidade-na-assembleia-legislativa-2\/#breadcrumb"},"inLanguage":"pt-BR","potentialAction":[{"@type":"ReadAction","target":["https:\/\/ubaldofernandes.com\/index.php\/news\/audiencia-publica-debate-campanha-da-fraternidade-na-assembleia-legislativa-2\/"]}]},{"@type":"ImageObject","inLanguage":"pt-BR","@id":"https:\/\/ubaldofernandes.com\/index.php\/news\/audiencia-publica-debate-campanha-da-fraternidade-na-assembleia-legislativa-2\/#primaryimage","url":"https:\/\/ubaldofernandes.com\/wp-content\/uploads\/2024\/03\/Audiencia-frat-capa-1.jpg","contentUrl":"https:\/\/ubaldofernandes.com\/wp-content\/uploads\/2024\/03\/Audiencia-frat-capa-1.jpg","width":1600,"height":1064},{"@type":"BreadcrumbList","@id":"https:\/\/ubaldofernandes.com\/index.php\/news\/audiencia-publica-debate-campanha-da-fraternidade-na-assembleia-legislativa-2\/#breadcrumb","itemListElement":[{"@type":"ListItem","position":1,"name":"In\u00edcio","item":"https:\/\/ubaldofernandes.com\/"},{"@type":"ListItem","position":2,"name":"Not\u00edcias","item":"https:\/\/ubaldofernandes.com\/index.php\/news\/"},{"@type":"ListItem","position":3,"name":"Audi\u00eancia p\u00fablica debate Campanha da Fraternidade na Assembleia Legislativa"}]},{"@type":"WebSite","@id":"https:\/\/ubaldofernandes.com\/#website","url":"https:\/\/ubaldofernandes.com\/","name":"Ubaldo Fernandes","description":"Deputado Estadual","potentialAction":[{"@type":"SearchAction","target":{"@type":"EntryPoint","urlTemplate":"https:\/\/ubaldofernandes.com\/?s={search_term_string}"},"query-input":{"@type":"PropertyValueSpecification","valueRequired":true,"valueName":"search_term_string"}}],"inLanguage":"pt-BR"}]}},"_links":{"self":[{"href":"https:\/\/ubaldofernandes.com\/index.php\/wp-json\/wp\/v2\/news\/6463","targetHints":{"allow":["GET"]}}],"collection":[{"href":"https:\/\/ubaldofernandes.com\/index.php\/wp-json\/wp\/v2\/news"}],"about":[{"href":"https:\/\/ubaldofernandes.com\/index.php\/wp-json\/wp\/v2\/types\/news"}],"wp:featuredmedia":[{"embeddable":true,"href":"https:\/\/ubaldofernandes.com\/index.php\/wp-json\/wp\/v2\/media\/6460"}],"wp:attachment":[{"href":"https:\/\/ubaldofernandes.com\/index.php\/wp-json\/wp\/v2\/media?parent=6463"}],"curies":[{"name":"wp","href":"https:\/\/api.w.org\/{rel}","templated":true}]}}