{"id":6494,"date":"2024-04-12T11:59:00","date_gmt":"2024-04-12T14:59:00","guid":{"rendered":"https:\/\/ubaldofernandes.com\/?post_type=news&#038;p=6494"},"modified":"2024-04-15T12:00:56","modified_gmt":"2024-04-15T15:00:56","slug":"ubaldo-fernandes-incentiva-apoio-aos-idosos-na-declaracao-do-imposto-de-renda-2","status":"publish","type":"news","link":"https:\/\/ubaldofernandes.com\/index.php\/news\/ubaldo-fernandes-incentiva-apoio-aos-idosos-na-declaracao-do-imposto-de-renda-2\/","title":{"rendered":"Ubaldo Fernandes incentiva apoio aos idosos na declara\u00e7\u00e3o do Imposto de Renda"},"content":{"rendered":"\n<p>De olho na import\u00e2ncia da solidariedade e da contribui\u00e7\u00e3o para o bem-estar da popula\u00e7\u00e3o idosa, o deputado estadual Ubaldo Fernandes (PSDB) lan\u00e7ou um apelo \u00e0 comunidade durante a sess\u00e3o da Assembleia Legislativa do Rio Grande do Norte (ALRN) nesta quinta-feira (11). Ubaldo Fernandes convocou os contribuintes que est\u00e3o prestes a fazer sua declara\u00e7\u00e3o do Imposto de Renda a destinarem parte do valor devido ao Fundo dos Direitos dos Idosos.<\/p>\n\n\n\n<p>A proposta \u00e9 simples: na Declara\u00e7\u00e3o Anual do Imposto de Renda, cujo prazo final \u00e9 31 de maio pr\u00f3ximo, tanto pessoas f\u00edsicas quanto jur\u00eddicas podem optar por direcionar uma parcela do imposto devido aos idosos. Para empresas, a contribui\u00e7\u00e3o \u00e9 de 1% do valor devido, enquanto para indiv\u00edduos f\u00edsicos, a parcela pode chegar a 3%.<\/p>\n\n\n\n<p>Durante sua participa\u00e7\u00e3o na sess\u00e3o plen\u00e1ria, Ubaldo Fernandes, que preside a Frente Parlamentar em Defesa e Valoriza\u00e7\u00e3o dos Direitos da Pessoa Idosa do RN, destacou a relev\u00e2ncia desse gesto solid\u00e1rio. \u201cQualquer pessoa ou empresa que estiver realizando sua declara\u00e7\u00e3o e tiver tributo a restituir ao governo pode destinar parte desse valor para o Conselho Municipal ou Estadual das Pessoas Idosas\u201d, explicou.<\/p>\n\n\n\n<p>Os recursos destinados ao Fundo dos Direitos da Pessoa Idosa s\u00e3o cruciais para uma variedade de \u00e1reas, incluindo sa\u00fade, mobilidade social, seguran\u00e7a, lazer e educa\u00e7\u00e3o. Esses fundos arrecadam recursos tanto governamentais quanto da sociedade civil, direcionados a pol\u00edticas p\u00fablicas em prol das pessoas com mais de 60 anos. Seu objetivo \u00e9 garantir os direitos sociais dessa parcela da popula\u00e7\u00e3o, promovendo sua autonomia, integra\u00e7\u00e3o e participa\u00e7\u00e3o efetiva na sociedade.<\/p>\n\n\n\n<p>Mat\u00e9ria publicada no <a href=\"https:\/\/blogdovt.com\/ubaldo-fernandes-incentiva-apoio-aos-idosos-na-declaracao-do-imposto-de-renda\/\">Blog do VT<\/a>. <\/p>\n","protected":false},"featured_media":6475,"parent":0,"template":"","class_list":["post-6494","news","type-news","status-publish","has-post-thumbnail","hentry"],"acf":[],"yoast_head":"<!-- This site is optimized with the Yoast SEO plugin v24.6 - https:\/\/yoast.com\/wordpress\/plugins\/seo\/ -->\n<title>Ubaldo Fernandes incentiva apoio aos idosos na declara\u00e7\u00e3o do Imposto de Renda - Ubaldo Fernandes<\/title>\n<meta name=\"robots\" content=\"index, follow, max-snippet:-1, max-image-preview:large, max-video-preview:-1\" \/>\n<link rel=\"canonical\" href=\"https:\/\/ubaldofernandes.com\/index.php\/news\/ubaldo-fernandes-incentiva-apoio-aos-idosos-na-declaracao-do-imposto-de-renda-2\/\" \/>\n<meta property=\"og:locale\" content=\"pt_BR\" \/>\n<meta property=\"og:type\" content=\"article\" \/>\n<meta property=\"og:title\" content=\"Ubaldo Fernandes incentiva apoio aos idosos na declara\u00e7\u00e3o do Imposto de Renda - Ubaldo Fernandes\" \/>\n<meta property=\"og:description\" content=\"De olho na import\u00e2ncia da solidariedade e da contribui\u00e7\u00e3o para o bem-estar da popula\u00e7\u00e3o idosa, o deputado estadual Ubaldo Fernandes (PSDB) lan\u00e7ou um apelo \u00e0 comunidade durante a sess\u00e3o da Assembleia Legislativa do Rio Grande do Norte (ALRN) nesta quinta-feira (11). Ubaldo Fernandes convocou os contribuintes que est\u00e3o prestes a fazer sua declara\u00e7\u00e3o do Imposto [&hellip;]\" \/>\n<meta property=\"og:url\" content=\"https:\/\/ubaldofernandes.com\/index.php\/news\/ubaldo-fernandes-incentiva-apoio-aos-idosos-na-declaracao-do-imposto-de-renda-2\/\" \/>\n<meta property=\"og:site_name\" content=\"Ubaldo Fernandes\" \/>\n<meta property=\"article:modified_time\" content=\"2024-04-15T15:00:56+00:00\" \/>\n<meta property=\"og:image\" content=\"https:\/\/ubaldofernandes.com\/wp-content\/uploads\/2024\/04\/Plenario-abril.jpg\" \/>\n\t<meta property=\"og:image:width\" content=\"1620\" \/>\n\t<meta property=\"og:image:height\" content=\"1080\" \/>\n\t<meta property=\"og:image:type\" content=\"image\/jpeg\" \/>\n<meta name=\"twitter:card\" content=\"summary_large_image\" \/>\n<meta name=\"twitter:label1\" content=\"Est. tempo de leitura\" \/>\n\t<meta name=\"twitter:data1\" content=\"1 minuto\" \/>\n<script type=\"application\/ld+json\" class=\"yoast-schema-graph\">{\"@context\":\"https:\/\/schema.org\",\"@graph\":[{\"@type\":\"WebPage\",\"@id\":\"https:\/\/ubaldofernandes.com\/index.php\/news\/ubaldo-fernandes-incentiva-apoio-aos-idosos-na-declaracao-do-imposto-de-renda-2\/\",\"url\":\"https:\/\/ubaldofernandes.com\/index.php\/news\/ubaldo-fernandes-incentiva-apoio-aos-idosos-na-declaracao-do-imposto-de-renda-2\/\",\"name\":\"Ubaldo Fernandes incentiva apoio aos idosos na declara\u00e7\u00e3o do Imposto de Renda - Ubaldo Fernandes\",\"isPartOf\":{\"@id\":\"https:\/\/ubaldofernandes.com\/#website\"},\"primaryImageOfPage\":{\"@id\":\"https:\/\/ubaldofernandes.com\/index.php\/news\/ubaldo-fernandes-incentiva-apoio-aos-idosos-na-declaracao-do-imposto-de-renda-2\/#primaryimage\"},\"image\":{\"@id\":\"https:\/\/ubaldofernandes.com\/index.php\/news\/ubaldo-fernandes-incentiva-apoio-aos-idosos-na-declaracao-do-imposto-de-renda-2\/#primaryimage\"},\"thumbnailUrl\":\"https:\/\/ubaldofernandes.com\/wp-content\/uploads\/2024\/04\/Plenario-abril.jpg\",\"datePublished\":\"2024-04-12T14:59:00+00:00\",\"dateModified\":\"2024-04-15T15:00:56+00:00\",\"breadcrumb\":{\"@id\":\"https:\/\/ubaldofernandes.com\/index.php\/news\/ubaldo-fernandes-incentiva-apoio-aos-idosos-na-declaracao-do-imposto-de-renda-2\/#breadcrumb\"},\"inLanguage\":\"pt-BR\",\"potentialAction\":[{\"@type\":\"ReadAction\",\"target\":[\"https:\/\/ubaldofernandes.com\/index.php\/news\/ubaldo-fernandes-incentiva-apoio-aos-idosos-na-declaracao-do-imposto-de-renda-2\/\"]}]},{\"@type\":\"ImageObject\",\"inLanguage\":\"pt-BR\",\"@id\":\"https:\/\/ubaldofernandes.com\/index.php\/news\/ubaldo-fernandes-incentiva-apoio-aos-idosos-na-declaracao-do-imposto-de-renda-2\/#primaryimage\",\"url\":\"https:\/\/ubaldofernandes.com\/wp-content\/uploads\/2024\/04\/Plenario-abril.jpg\",\"contentUrl\":\"https:\/\/ubaldofernandes.com\/wp-content\/uploads\/2024\/04\/Plenario-abril.jpg\",\"width\":1620,\"height\":1080},{\"@type\":\"BreadcrumbList\",\"@id\":\"https:\/\/ubaldofernandes.com\/index.php\/news\/ubaldo-fernandes-incentiva-apoio-aos-idosos-na-declaracao-do-imposto-de-renda-2\/#breadcrumb\",\"itemListElement\":[{\"@type\":\"ListItem\",\"position\":1,\"name\":\"In\u00edcio\",\"item\":\"https:\/\/ubaldofernandes.com\/\"},{\"@type\":\"ListItem\",\"position\":2,\"name\":\"Not\u00edcias\",\"item\":\"https:\/\/ubaldofernandes.com\/index.php\/news\/\"},{\"@type\":\"ListItem\",\"position\":3,\"name\":\"Ubaldo Fernandes incentiva apoio aos idosos na declara\u00e7\u00e3o do Imposto de Renda\"}]},{\"@type\":\"WebSite\",\"@id\":\"https:\/\/ubaldofernandes.com\/#website\",\"url\":\"https:\/\/ubaldofernandes.com\/\",\"name\":\"Ubaldo Fernandes\",\"description\":\"Deputado Estadual\",\"potentialAction\":[{\"@type\":\"SearchAction\",\"target\":{\"@type\":\"EntryPoint\",\"urlTemplate\":\"https:\/\/ubaldofernandes.com\/?s={search_term_string}\"},\"query-input\":{\"@type\":\"PropertyValueSpecification\",\"valueRequired\":true,\"valueName\":\"search_term_string\"}}],\"inLanguage\":\"pt-BR\"}]}<\/script>\n<!-- \/ Yoast SEO plugin. -->","yoast_head_json":{"title":"Ubaldo Fernandes incentiva apoio aos idosos na declara\u00e7\u00e3o do Imposto de Renda - Ubaldo Fernandes","robots":{"index":"index","follow":"follow","max-snippet":"max-snippet:-1","max-image-preview":"max-image-preview:large","max-video-preview":"max-video-preview:-1"},"canonical":"https:\/\/ubaldofernandes.com\/index.php\/news\/ubaldo-fernandes-incentiva-apoio-aos-idosos-na-declaracao-do-imposto-de-renda-2\/","og_locale":"pt_BR","og_type":"article","og_title":"Ubaldo Fernandes incentiva apoio aos idosos na declara\u00e7\u00e3o do Imposto de Renda - Ubaldo Fernandes","og_description":"De olho na import\u00e2ncia da solidariedade e da contribui\u00e7\u00e3o para o bem-estar da popula\u00e7\u00e3o idosa, o deputado estadual Ubaldo Fernandes (PSDB) lan\u00e7ou um apelo \u00e0 comunidade durante a sess\u00e3o da Assembleia Legislativa do Rio Grande do Norte (ALRN) nesta quinta-feira (11). Ubaldo Fernandes convocou os contribuintes que est\u00e3o prestes a fazer sua declara\u00e7\u00e3o do Imposto [&hellip;]","og_url":"https:\/\/ubaldofernandes.com\/index.php\/news\/ubaldo-fernandes-incentiva-apoio-aos-idosos-na-declaracao-do-imposto-de-renda-2\/","og_site_name":"Ubaldo Fernandes","article_modified_time":"2024-04-15T15:00:56+00:00","og_image":[{"width":1620,"height":1080,"url":"https:\/\/ubaldofernandes.com\/wp-content\/uploads\/2024\/04\/Plenario-abril.jpg","type":"image\/jpeg"}],"twitter_card":"summary_large_image","twitter_misc":{"Est. tempo de leitura":"1 minuto"},"schema":{"@context":"https:\/\/schema.org","@graph":[{"@type":"WebPage","@id":"https:\/\/ubaldofernandes.com\/index.php\/news\/ubaldo-fernandes-incentiva-apoio-aos-idosos-na-declaracao-do-imposto-de-renda-2\/","url":"https:\/\/ubaldofernandes.com\/index.php\/news\/ubaldo-fernandes-incentiva-apoio-aos-idosos-na-declaracao-do-imposto-de-renda-2\/","name":"Ubaldo Fernandes incentiva apoio aos idosos na declara\u00e7\u00e3o do Imposto de Renda - Ubaldo Fernandes","isPartOf":{"@id":"https:\/\/ubaldofernandes.com\/#website"},"primaryImageOfPage":{"@id":"https:\/\/ubaldofernandes.com\/index.php\/news\/ubaldo-fernandes-incentiva-apoio-aos-idosos-na-declaracao-do-imposto-de-renda-2\/#primaryimage"},"image":{"@id":"https:\/\/ubaldofernandes.com\/index.php\/news\/ubaldo-fernandes-incentiva-apoio-aos-idosos-na-declaracao-do-imposto-de-renda-2\/#primaryimage"},"thumbnailUrl":"https:\/\/ubaldofernandes.com\/wp-content\/uploads\/2024\/04\/Plenario-abril.jpg","datePublished":"2024-04-12T14:59:00+00:00","dateModified":"2024-04-15T15:00:56+00:00","breadcrumb":{"@id":"https:\/\/ubaldofernandes.com\/index.php\/news\/ubaldo-fernandes-incentiva-apoio-aos-idosos-na-declaracao-do-imposto-de-renda-2\/#breadcrumb"},"inLanguage":"pt-BR","potentialAction":[{"@type":"ReadAction","target":["https:\/\/ubaldofernandes.com\/index.php\/news\/ubaldo-fernandes-incentiva-apoio-aos-idosos-na-declaracao-do-imposto-de-renda-2\/"]}]},{"@type":"ImageObject","inLanguage":"pt-BR","@id":"https:\/\/ubaldofernandes.com\/index.php\/news\/ubaldo-fernandes-incentiva-apoio-aos-idosos-na-declaracao-do-imposto-de-renda-2\/#primaryimage","url":"https:\/\/ubaldofernandes.com\/wp-content\/uploads\/2024\/04\/Plenario-abril.jpg","contentUrl":"https:\/\/ubaldofernandes.com\/wp-content\/uploads\/2024\/04\/Plenario-abril.jpg","width":1620,"height":1080},{"@type":"BreadcrumbList","@id":"https:\/\/ubaldofernandes.com\/index.php\/news\/ubaldo-fernandes-incentiva-apoio-aos-idosos-na-declaracao-do-imposto-de-renda-2\/#breadcrumb","itemListElement":[{"@type":"ListItem","position":1,"name":"In\u00edcio","item":"https:\/\/ubaldofernandes.com\/"},{"@type":"ListItem","position":2,"name":"Not\u00edcias","item":"https:\/\/ubaldofernandes.com\/index.php\/news\/"},{"@type":"ListItem","position":3,"name":"Ubaldo Fernandes incentiva apoio aos idosos na declara\u00e7\u00e3o do Imposto de Renda"}]},{"@type":"WebSite","@id":"https:\/\/ubaldofernandes.com\/#website","url":"https:\/\/ubaldofernandes.com\/","name":"Ubaldo Fernandes","description":"Deputado Estadual","potentialAction":[{"@type":"SearchAction","target":{"@type":"EntryPoint","urlTemplate":"https:\/\/ubaldofernandes.com\/?s={search_term_string}"},"query-input":{"@type":"PropertyValueSpecification","valueRequired":true,"valueName":"search_term_string"}}],"inLanguage":"pt-BR"}]}},"_links":{"self":[{"href":"https:\/\/ubaldofernandes.com\/index.php\/wp-json\/wp\/v2\/news\/6494","targetHints":{"allow":["GET"]}}],"collection":[{"href":"https:\/\/ubaldofernandes.com\/index.php\/wp-json\/wp\/v2\/news"}],"about":[{"href":"https:\/\/ubaldofernandes.com\/index.php\/wp-json\/wp\/v2\/types\/news"}],"wp:featuredmedia":[{"embeddable":true,"href":"https:\/\/ubaldofernandes.com\/index.php\/wp-json\/wp\/v2\/media\/6475"}],"wp:attachment":[{"href":"https:\/\/ubaldofernandes.com\/index.php\/wp-json\/wp\/v2\/media?parent=6494"}],"curies":[{"name":"wp","href":"https:\/\/api.w.org\/{rel}","templated":true}]}}