{"id":6505,"date":"2024-04-09T14:17:00","date_gmt":"2024-04-09T17:17:00","guid":{"rendered":"https:\/\/ubaldofernandes.com\/?post_type=news&#038;p=6505"},"modified":"2024-04-15T12:19:40","modified_gmt":"2024-04-15T15:19:40","slug":"ubaldo-fernandes-defende-legislacao-ativa-para-preservar-direitos-das-pessoas-com-tea-3","status":"publish","type":"news","link":"https:\/\/ubaldofernandes.com\/index.php\/news\/ubaldo-fernandes-defende-legislacao-ativa-para-preservar-direitos-das-pessoas-com-tea-3\/","title":{"rendered":"Ubaldo Fernandes defende legisla\u00e7\u00e3o ativa para preservar direitos das pessoas com TEA"},"content":{"rendered":"\n<p>No discurso durante o hor\u00e1rio de l\u00edderes da sess\u00e3o plen\u00e1ria da Assembleia Legislativa, nesta manh\u00e3 (9), o deputado Ubaldo Fernandes (PSDB) refor\u00e7ou a necessidade de um arcabou\u00e7o de leis que preservem os direitos das pessoas com&nbsp; Transtorno do Espectro Autista (TEA).<\/p>\n\n\n\n<p>\u201cEstamos no m\u00eas de conscientiza\u00e7\u00e3o do autismo, v\u00e1rias mobiliza\u00e7\u00f5es est\u00e3o acontecendo para que a sociedade valorize e reconhe\u00e7a estas pessoas. E nosso mandato tem dado uma contribui\u00e7\u00e3o, buscando a inclus\u00e3o\u201d, afirmou.<\/p>\n\n\n\n<p>O deputado citou projeto de sua autoria que tramita na Casa e que disp\u00f5e sobre a cria\u00e7\u00e3o da \u201cSess\u00e3o Azul\u201d. Trata-se da proposi\u00e7\u00e3o para que as salas de cinema promovam mensalmente uma sess\u00e3o de cinema adaptada e exclusiva para as pessoas com TEA e seus familiares. \u201cSabemos que o Natal Shopping j\u00e1 tomou esta iniciativa e o parabenizamos, assim como outros cinemas que se propuserem ao mesmo\u201d, refor\u00e7ou.<\/p>\n\n\n\n<p>Outro projeto citado pelo parlamentar disp\u00f5e sobre a fixa\u00e7\u00e3o de penalidade administrativa \u00e0 pessoa ou agente p\u00fablico que discrimine ou fa\u00e7a qualquer forma de distin\u00e7\u00e3o, recusa, exclus\u00e3o ou coment\u00e1rios pejorativos com o objetivo de anular ou prejudicar o exerc\u00edcio do direito. \u201c\u00c9 preciso refor\u00e7ar as pol\u00edticas p\u00fablicas, ainda existe um longo caminho a percorrer, mas estamos engajados nesta luta\u201d, finalizou.<\/p>\n\n\n\n<p>Mat\u00e9ria publicada no <a href=\"https:\/\/blogdogeraldo.com\/ubaldo-fernandes-defende-legislacao-ativa-para-preservar-direitos-das-pessoas-com-tea\/\">Blog do Geraldo Oliveira<\/a>. <\/p>\n","protected":false},"featured_media":6504,"parent":0,"template":"","class_list":["post-6505","news","type-news","status-publish","has-post-thumbnail","hentry"],"acf":[],"yoast_head":"<!-- This site is optimized with the Yoast SEO plugin v24.6 - https:\/\/yoast.com\/wordpress\/plugins\/seo\/ -->\n<title>Ubaldo Fernandes defende legisla\u00e7\u00e3o ativa para preservar direitos das pessoas com TEA - Ubaldo Fernandes<\/title>\n<meta name=\"robots\" content=\"index, follow, max-snippet:-1, max-image-preview:large, max-video-preview:-1\" \/>\n<link rel=\"canonical\" href=\"https:\/\/ubaldofernandes.com\/index.php\/news\/ubaldo-fernandes-defende-legislacao-ativa-para-preservar-direitos-das-pessoas-com-tea-3\/\" \/>\n<meta property=\"og:locale\" content=\"pt_BR\" \/>\n<meta property=\"og:type\" content=\"article\" \/>\n<meta property=\"og:title\" content=\"Ubaldo Fernandes defende legisla\u00e7\u00e3o ativa para preservar direitos das pessoas com TEA - Ubaldo Fernandes\" \/>\n<meta property=\"og:description\" content=\"No discurso durante o hor\u00e1rio de l\u00edderes da sess\u00e3o plen\u00e1ria da Assembleia Legislativa, nesta manh\u00e3 (9), o deputado Ubaldo Fernandes (PSDB) refor\u00e7ou a necessidade de um arcabou\u00e7o de leis que preservem os direitos das pessoas com&nbsp; Transtorno do Espectro Autista (TEA). \u201cEstamos no m\u00eas de conscientiza\u00e7\u00e3o do autismo, v\u00e1rias mobiliza\u00e7\u00f5es est\u00e3o acontecendo para que a [&hellip;]\" \/>\n<meta property=\"og:url\" content=\"https:\/\/ubaldofernandes.com\/index.php\/news\/ubaldo-fernandes-defende-legislacao-ativa-para-preservar-direitos-das-pessoas-com-tea-3\/\" \/>\n<meta property=\"og:site_name\" content=\"Ubaldo Fernandes\" \/>\n<meta property=\"article:modified_time\" content=\"2024-04-15T15:19:40+00:00\" \/>\n<meta property=\"og:image\" content=\"https:\/\/ubaldofernandes.com\/wp-content\/uploads\/2024\/04\/Plenario-3.jpg\" \/>\n\t<meta property=\"og:image:width\" content=\"1600\" \/>\n\t<meta property=\"og:image:height\" content=\"1066\" \/>\n\t<meta property=\"og:image:type\" content=\"image\/jpeg\" \/>\n<meta name=\"twitter:card\" content=\"summary_large_image\" \/>\n<meta name=\"twitter:label1\" content=\"Est. tempo de leitura\" \/>\n\t<meta name=\"twitter:data1\" content=\"1 minuto\" \/>\n<script type=\"application\/ld+json\" class=\"yoast-schema-graph\">{\"@context\":\"https:\/\/schema.org\",\"@graph\":[{\"@type\":\"WebPage\",\"@id\":\"https:\/\/ubaldofernandes.com\/index.php\/news\/ubaldo-fernandes-defende-legislacao-ativa-para-preservar-direitos-das-pessoas-com-tea-3\/\",\"url\":\"https:\/\/ubaldofernandes.com\/index.php\/news\/ubaldo-fernandes-defende-legislacao-ativa-para-preservar-direitos-das-pessoas-com-tea-3\/\",\"name\":\"Ubaldo Fernandes defende legisla\u00e7\u00e3o ativa para preservar direitos das pessoas com TEA - Ubaldo Fernandes\",\"isPartOf\":{\"@id\":\"https:\/\/ubaldofernandes.com\/#website\"},\"primaryImageOfPage\":{\"@id\":\"https:\/\/ubaldofernandes.com\/index.php\/news\/ubaldo-fernandes-defende-legislacao-ativa-para-preservar-direitos-das-pessoas-com-tea-3\/#primaryimage\"},\"image\":{\"@id\":\"https:\/\/ubaldofernandes.com\/index.php\/news\/ubaldo-fernandes-defende-legislacao-ativa-para-preservar-direitos-das-pessoas-com-tea-3\/#primaryimage\"},\"thumbnailUrl\":\"https:\/\/ubaldofernandes.com\/wp-content\/uploads\/2024\/04\/Plenario-3.jpg\",\"datePublished\":\"2024-04-09T17:17:00+00:00\",\"dateModified\":\"2024-04-15T15:19:40+00:00\",\"breadcrumb\":{\"@id\":\"https:\/\/ubaldofernandes.com\/index.php\/news\/ubaldo-fernandes-defende-legislacao-ativa-para-preservar-direitos-das-pessoas-com-tea-3\/#breadcrumb\"},\"inLanguage\":\"pt-BR\",\"potentialAction\":[{\"@type\":\"ReadAction\",\"target\":[\"https:\/\/ubaldofernandes.com\/index.php\/news\/ubaldo-fernandes-defende-legislacao-ativa-para-preservar-direitos-das-pessoas-com-tea-3\/\"]}]},{\"@type\":\"ImageObject\",\"inLanguage\":\"pt-BR\",\"@id\":\"https:\/\/ubaldofernandes.com\/index.php\/news\/ubaldo-fernandes-defende-legislacao-ativa-para-preservar-direitos-das-pessoas-com-tea-3\/#primaryimage\",\"url\":\"https:\/\/ubaldofernandes.com\/wp-content\/uploads\/2024\/04\/Plenario-3.jpg\",\"contentUrl\":\"https:\/\/ubaldofernandes.com\/wp-content\/uploads\/2024\/04\/Plenario-3.jpg\",\"width\":1600,\"height\":1066},{\"@type\":\"BreadcrumbList\",\"@id\":\"https:\/\/ubaldofernandes.com\/index.php\/news\/ubaldo-fernandes-defende-legislacao-ativa-para-preservar-direitos-das-pessoas-com-tea-3\/#breadcrumb\",\"itemListElement\":[{\"@type\":\"ListItem\",\"position\":1,\"name\":\"In\u00edcio\",\"item\":\"https:\/\/ubaldofernandes.com\/\"},{\"@type\":\"ListItem\",\"position\":2,\"name\":\"Not\u00edcias\",\"item\":\"https:\/\/ubaldofernandes.com\/index.php\/news\/\"},{\"@type\":\"ListItem\",\"position\":3,\"name\":\"Ubaldo Fernandes defende legisla\u00e7\u00e3o ativa para preservar direitos das pessoas com TEA\"}]},{\"@type\":\"WebSite\",\"@id\":\"https:\/\/ubaldofernandes.com\/#website\",\"url\":\"https:\/\/ubaldofernandes.com\/\",\"name\":\"Ubaldo Fernandes\",\"description\":\"Deputado Estadual\",\"potentialAction\":[{\"@type\":\"SearchAction\",\"target\":{\"@type\":\"EntryPoint\",\"urlTemplate\":\"https:\/\/ubaldofernandes.com\/?s={search_term_string}\"},\"query-input\":{\"@type\":\"PropertyValueSpecification\",\"valueRequired\":true,\"valueName\":\"search_term_string\"}}],\"inLanguage\":\"pt-BR\"}]}<\/script>\n<!-- \/ Yoast SEO plugin. -->","yoast_head_json":{"title":"Ubaldo Fernandes defende legisla\u00e7\u00e3o ativa para preservar direitos das pessoas com TEA - Ubaldo Fernandes","robots":{"index":"index","follow":"follow","max-snippet":"max-snippet:-1","max-image-preview":"max-image-preview:large","max-video-preview":"max-video-preview:-1"},"canonical":"https:\/\/ubaldofernandes.com\/index.php\/news\/ubaldo-fernandes-defende-legislacao-ativa-para-preservar-direitos-das-pessoas-com-tea-3\/","og_locale":"pt_BR","og_type":"article","og_title":"Ubaldo Fernandes defende legisla\u00e7\u00e3o ativa para preservar direitos das pessoas com TEA - Ubaldo Fernandes","og_description":"No discurso durante o hor\u00e1rio de l\u00edderes da sess\u00e3o plen\u00e1ria da Assembleia Legislativa, nesta manh\u00e3 (9), o deputado Ubaldo Fernandes (PSDB) refor\u00e7ou a necessidade de um arcabou\u00e7o de leis que preservem os direitos das pessoas com&nbsp; Transtorno do Espectro Autista (TEA). \u201cEstamos no m\u00eas de conscientiza\u00e7\u00e3o do autismo, v\u00e1rias mobiliza\u00e7\u00f5es est\u00e3o acontecendo para que a [&hellip;]","og_url":"https:\/\/ubaldofernandes.com\/index.php\/news\/ubaldo-fernandes-defende-legislacao-ativa-para-preservar-direitos-das-pessoas-com-tea-3\/","og_site_name":"Ubaldo Fernandes","article_modified_time":"2024-04-15T15:19:40+00:00","og_image":[{"width":1600,"height":1066,"url":"https:\/\/ubaldofernandes.com\/wp-content\/uploads\/2024\/04\/Plenario-3.jpg","type":"image\/jpeg"}],"twitter_card":"summary_large_image","twitter_misc":{"Est. tempo de leitura":"1 minuto"},"schema":{"@context":"https:\/\/schema.org","@graph":[{"@type":"WebPage","@id":"https:\/\/ubaldofernandes.com\/index.php\/news\/ubaldo-fernandes-defende-legislacao-ativa-para-preservar-direitos-das-pessoas-com-tea-3\/","url":"https:\/\/ubaldofernandes.com\/index.php\/news\/ubaldo-fernandes-defende-legislacao-ativa-para-preservar-direitos-das-pessoas-com-tea-3\/","name":"Ubaldo Fernandes defende legisla\u00e7\u00e3o ativa para preservar direitos das pessoas com TEA - Ubaldo Fernandes","isPartOf":{"@id":"https:\/\/ubaldofernandes.com\/#website"},"primaryImageOfPage":{"@id":"https:\/\/ubaldofernandes.com\/index.php\/news\/ubaldo-fernandes-defende-legislacao-ativa-para-preservar-direitos-das-pessoas-com-tea-3\/#primaryimage"},"image":{"@id":"https:\/\/ubaldofernandes.com\/index.php\/news\/ubaldo-fernandes-defende-legislacao-ativa-para-preservar-direitos-das-pessoas-com-tea-3\/#primaryimage"},"thumbnailUrl":"https:\/\/ubaldofernandes.com\/wp-content\/uploads\/2024\/04\/Plenario-3.jpg","datePublished":"2024-04-09T17:17:00+00:00","dateModified":"2024-04-15T15:19:40+00:00","breadcrumb":{"@id":"https:\/\/ubaldofernandes.com\/index.php\/news\/ubaldo-fernandes-defende-legislacao-ativa-para-preservar-direitos-das-pessoas-com-tea-3\/#breadcrumb"},"inLanguage":"pt-BR","potentialAction":[{"@type":"ReadAction","target":["https:\/\/ubaldofernandes.com\/index.php\/news\/ubaldo-fernandes-defende-legislacao-ativa-para-preservar-direitos-das-pessoas-com-tea-3\/"]}]},{"@type":"ImageObject","inLanguage":"pt-BR","@id":"https:\/\/ubaldofernandes.com\/index.php\/news\/ubaldo-fernandes-defende-legislacao-ativa-para-preservar-direitos-das-pessoas-com-tea-3\/#primaryimage","url":"https:\/\/ubaldofernandes.com\/wp-content\/uploads\/2024\/04\/Plenario-3.jpg","contentUrl":"https:\/\/ubaldofernandes.com\/wp-content\/uploads\/2024\/04\/Plenario-3.jpg","width":1600,"height":1066},{"@type":"BreadcrumbList","@id":"https:\/\/ubaldofernandes.com\/index.php\/news\/ubaldo-fernandes-defende-legislacao-ativa-para-preservar-direitos-das-pessoas-com-tea-3\/#breadcrumb","itemListElement":[{"@type":"ListItem","position":1,"name":"In\u00edcio","item":"https:\/\/ubaldofernandes.com\/"},{"@type":"ListItem","position":2,"name":"Not\u00edcias","item":"https:\/\/ubaldofernandes.com\/index.php\/news\/"},{"@type":"ListItem","position":3,"name":"Ubaldo Fernandes defende legisla\u00e7\u00e3o ativa para preservar direitos das pessoas com TEA"}]},{"@type":"WebSite","@id":"https:\/\/ubaldofernandes.com\/#website","url":"https:\/\/ubaldofernandes.com\/","name":"Ubaldo Fernandes","description":"Deputado Estadual","potentialAction":[{"@type":"SearchAction","target":{"@type":"EntryPoint","urlTemplate":"https:\/\/ubaldofernandes.com\/?s={search_term_string}"},"query-input":{"@type":"PropertyValueSpecification","valueRequired":true,"valueName":"search_term_string"}}],"inLanguage":"pt-BR"}]}},"_links":{"self":[{"href":"https:\/\/ubaldofernandes.com\/index.php\/wp-json\/wp\/v2\/news\/6505","targetHints":{"allow":["GET"]}}],"collection":[{"href":"https:\/\/ubaldofernandes.com\/index.php\/wp-json\/wp\/v2\/news"}],"about":[{"href":"https:\/\/ubaldofernandes.com\/index.php\/wp-json\/wp\/v2\/types\/news"}],"wp:featuredmedia":[{"embeddable":true,"href":"https:\/\/ubaldofernandes.com\/index.php\/wp-json\/wp\/v2\/media\/6504"}],"wp:attachment":[{"href":"https:\/\/ubaldofernandes.com\/index.php\/wp-json\/wp\/v2\/media?parent=6505"}],"curies":[{"name":"wp","href":"https:\/\/api.w.org\/{rel}","templated":true}]}}