{"id":651,"date":"2020-05-29T19:57:17","date_gmt":"2020-05-29T22:57:17","guid":{"rendered":"https:\/\/ubaldofernandes.com\/?post_type=news&#038;p=651"},"modified":"2020-07-30T20:01:06","modified_gmt":"2020-07-30T23:01:06","slug":"ubaldo-fernandes-propoe-afixacao-de-cartazes-em-lojas-de-veiculos-informando-sobre-isencao-de-impostos-para-deficientes","status":"publish","type":"news","link":"https:\/\/ubaldofernandes.com\/index.php\/news\/ubaldo-fernandes-propoe-afixacao-de-cartazes-em-lojas-de-veiculos-informando-sobre-isencao-de-impostos-para-deficientes\/","title":{"rendered":"Ubaldo Fernandes prop\u00f5e afixa\u00e7\u00e3o de cartazes em lojas de ve\u00edculos informando sobre isen\u00e7\u00e3o de impostos para deficientes"},"content":{"rendered":"\n<p>Ser\u00e1 que os portadores de defici\u00eancia sabem de todas as isen\u00e7\u00f5es tribut\u00e1rias a que t\u00eam direito ao adquirir um ve\u00edculo? Pensando em informar melhor esse p\u00fablico, o deputado estadual\u00a0Ubaldo Fernandes\u00a0prop\u00f4s um projeto de lei que obriga as revendedoras e as concession\u00e1rias de ve\u00edculos instaladas em todo o estado do Rio Grande do Norte a afixar, em local de f\u00e1cil visualiza\u00e7\u00e3o, cartazes informando os consumidores sobre as isen\u00e7\u00f5es de impostos garantidos por lei \u00e0s pessoas com defici\u00eancia ou portadoras de enfermidade de car\u00e1ter irrevers\u00edvel.<\/p>\n\n\n\n<p>&#8220;As revendedoras de ve\u00edculos devem informar seus clientes sobre as isen\u00e7\u00f5es tribut\u00e1rias legais v\u00e1lidas para as compras por pessoas com defici\u00eancia f\u00edsica, auditiva, visual, mental severa ou profunda e ainda com autismo. A informa\u00e7\u00e3o deve ser feita por meio de cartazes fixados em locais vis\u00edveis aos funcion\u00e1rios e aos consumidores&#8221;, explica o parlamentar. S\u00e3o isen\u00e7\u00f5es em impostos como o Imposto sobre Produtos Industrializados (IPI), Imposto sobre Opera\u00e7\u00f5es Relativas \u00e0 Circula\u00e7\u00e3o de Mercadorias e Presta\u00e7\u00e3o de Servi\u00e7os de Transporte Interestadual e Intermunicipal e de Comunica\u00e7\u00e3o (ICMS) e demais tributos garantidos por lei \u00e0s pessoas com defici\u00eancia ou portadoras de enfermidade de car\u00e1ter irrevers\u00edvel.<\/p>\n\n\n\n<p>Depois de sancionada, essa lei prev\u00ea aplica\u00e7\u00e3o de advert\u00eancia, multa e at\u00e9 aplica\u00e7\u00f5es de penalidades previstas no C\u00f3digo de Defesa do Consumidor. &#8220;Com a\u00e7\u00f5es de divulga\u00e7\u00e3o desses direitos, trabalhamos para fortalecer a atitude em prol da inclus\u00e3o da pessoa com defici\u00eancia. S\u00e3o medidas simples que contribuem com o fortalecimento da autoestima e tamb\u00e9m abrem possibilidades de inclus\u00e3o profissional para esse p\u00fablico&#8221;, afirma\u00a0Ubaldo Fernandes.<\/p>\n\n\n\n<p>Mat\u00e9ria publicada no <a href=\"http:\/\/tangaraacontece.blogspot.com\/2020\/05\/tangaraenses-ubaldo-fernandes-propoe.html?m=1\">Blog Tangar\u00e1 Acontece<\/a>.<\/p>\n","protected":false},"featured_media":652,"parent":0,"template":"","class_list":["post-651","news","type-news","status-publish","has-post-thumbnail","hentry"],"acf":[],"yoast_head":"<!-- This site is optimized with the Yoast SEO plugin v24.6 - https:\/\/yoast.com\/wordpress\/plugins\/seo\/ -->\n<title>Ubaldo Fernandes prop\u00f5e afixa\u00e7\u00e3o de cartazes em lojas de ve\u00edculos informando sobre isen\u00e7\u00e3o de impostos para deficientes - Ubaldo Fernandes<\/title>\n<meta name=\"robots\" content=\"index, follow, max-snippet:-1, max-image-preview:large, max-video-preview:-1\" \/>\n<link rel=\"canonical\" href=\"https:\/\/ubaldofernandes.com\/index.php\/news\/ubaldo-fernandes-propoe-afixacao-de-cartazes-em-lojas-de-veiculos-informando-sobre-isencao-de-impostos-para-deficientes\/\" \/>\n<meta property=\"og:locale\" content=\"pt_BR\" \/>\n<meta property=\"og:type\" content=\"article\" \/>\n<meta property=\"og:title\" content=\"Ubaldo Fernandes prop\u00f5e afixa\u00e7\u00e3o de cartazes em lojas de ve\u00edculos informando sobre isen\u00e7\u00e3o de impostos para deficientes - Ubaldo Fernandes\" \/>\n<meta property=\"og:description\" content=\"Ser\u00e1 que os portadores de defici\u00eancia sabem de todas as isen\u00e7\u00f5es tribut\u00e1rias a que t\u00eam direito ao adquirir um ve\u00edculo? Pensando em informar melhor esse p\u00fablico, o deputado estadual\u00a0Ubaldo Fernandes\u00a0prop\u00f4s um projeto de lei que obriga as revendedoras e as concession\u00e1rias de ve\u00edculos instaladas em todo o estado do Rio Grande do Norte a afixar, [&hellip;]\" \/>\n<meta property=\"og:url\" content=\"https:\/\/ubaldofernandes.com\/index.php\/news\/ubaldo-fernandes-propoe-afixacao-de-cartazes-em-lojas-de-veiculos-informando-sobre-isencao-de-impostos-para-deficientes\/\" \/>\n<meta property=\"og:site_name\" content=\"Ubaldo Fernandes\" \/>\n<meta property=\"article:modified_time\" content=\"2020-07-30T23:01:06+00:00\" \/>\n<meta property=\"og:image\" content=\"https:\/\/ubaldofernandes.com\/wp-content\/uploads\/2020\/07\/tangara.jpg\" \/>\n\t<meta property=\"og:image:width\" content=\"280\" \/>\n\t<meta property=\"og:image:height\" content=\"187\" \/>\n\t<meta property=\"og:image:type\" content=\"image\/jpeg\" \/>\n<meta name=\"twitter:card\" content=\"summary_large_image\" \/>\n<meta name=\"twitter:label1\" content=\"Est. tempo de leitura\" \/>\n\t<meta name=\"twitter:data1\" content=\"2 minutos\" \/>\n<script type=\"application\/ld+json\" class=\"yoast-schema-graph\">{\"@context\":\"https:\/\/schema.org\",\"@graph\":[{\"@type\":\"WebPage\",\"@id\":\"https:\/\/ubaldofernandes.com\/index.php\/news\/ubaldo-fernandes-propoe-afixacao-de-cartazes-em-lojas-de-veiculos-informando-sobre-isencao-de-impostos-para-deficientes\/\",\"url\":\"https:\/\/ubaldofernandes.com\/index.php\/news\/ubaldo-fernandes-propoe-afixacao-de-cartazes-em-lojas-de-veiculos-informando-sobre-isencao-de-impostos-para-deficientes\/\",\"name\":\"Ubaldo Fernandes prop\u00f5e afixa\u00e7\u00e3o de cartazes em lojas de ve\u00edculos informando sobre isen\u00e7\u00e3o de impostos para deficientes - Ubaldo Fernandes\",\"isPartOf\":{\"@id\":\"https:\/\/ubaldofernandes.com\/#website\"},\"primaryImageOfPage\":{\"@id\":\"https:\/\/ubaldofernandes.com\/index.php\/news\/ubaldo-fernandes-propoe-afixacao-de-cartazes-em-lojas-de-veiculos-informando-sobre-isencao-de-impostos-para-deficientes\/#primaryimage\"},\"image\":{\"@id\":\"https:\/\/ubaldofernandes.com\/index.php\/news\/ubaldo-fernandes-propoe-afixacao-de-cartazes-em-lojas-de-veiculos-informando-sobre-isencao-de-impostos-para-deficientes\/#primaryimage\"},\"thumbnailUrl\":\"https:\/\/ubaldofernandes.com\/wp-content\/uploads\/2020\/07\/tangara.jpg\",\"datePublished\":\"2020-05-29T22:57:17+00:00\",\"dateModified\":\"2020-07-30T23:01:06+00:00\",\"breadcrumb\":{\"@id\":\"https:\/\/ubaldofernandes.com\/index.php\/news\/ubaldo-fernandes-propoe-afixacao-de-cartazes-em-lojas-de-veiculos-informando-sobre-isencao-de-impostos-para-deficientes\/#breadcrumb\"},\"inLanguage\":\"pt-BR\",\"potentialAction\":[{\"@type\":\"ReadAction\",\"target\":[\"https:\/\/ubaldofernandes.com\/index.php\/news\/ubaldo-fernandes-propoe-afixacao-de-cartazes-em-lojas-de-veiculos-informando-sobre-isencao-de-impostos-para-deficientes\/\"]}]},{\"@type\":\"ImageObject\",\"inLanguage\":\"pt-BR\",\"@id\":\"https:\/\/ubaldofernandes.com\/index.php\/news\/ubaldo-fernandes-propoe-afixacao-de-cartazes-em-lojas-de-veiculos-informando-sobre-isencao-de-impostos-para-deficientes\/#primaryimage\",\"url\":\"https:\/\/ubaldofernandes.com\/wp-content\/uploads\/2020\/07\/tangara.jpg\",\"contentUrl\":\"https:\/\/ubaldofernandes.com\/wp-content\/uploads\/2020\/07\/tangara.jpg\",\"width\":280,\"height\":187},{\"@type\":\"BreadcrumbList\",\"@id\":\"https:\/\/ubaldofernandes.com\/index.php\/news\/ubaldo-fernandes-propoe-afixacao-de-cartazes-em-lojas-de-veiculos-informando-sobre-isencao-de-impostos-para-deficientes\/#breadcrumb\",\"itemListElement\":[{\"@type\":\"ListItem\",\"position\":1,\"name\":\"In\u00edcio\",\"item\":\"https:\/\/ubaldofernandes.com\/\"},{\"@type\":\"ListItem\",\"position\":2,\"name\":\"Not\u00edcias\",\"item\":\"https:\/\/ubaldofernandes.com\/index.php\/news\/\"},{\"@type\":\"ListItem\",\"position\":3,\"name\":\"Ubaldo Fernandes prop\u00f5e afixa\u00e7\u00e3o de cartazes em lojas de ve\u00edculos informando sobre isen\u00e7\u00e3o de impostos para deficientes\"}]},{\"@type\":\"WebSite\",\"@id\":\"https:\/\/ubaldofernandes.com\/#website\",\"url\":\"https:\/\/ubaldofernandes.com\/\",\"name\":\"Ubaldo Fernandes\",\"description\":\"Deputado Estadual\",\"potentialAction\":[{\"@type\":\"SearchAction\",\"target\":{\"@type\":\"EntryPoint\",\"urlTemplate\":\"https:\/\/ubaldofernandes.com\/?s={search_term_string}\"},\"query-input\":{\"@type\":\"PropertyValueSpecification\",\"valueRequired\":true,\"valueName\":\"search_term_string\"}}],\"inLanguage\":\"pt-BR\"}]}<\/script>\n<!-- \/ Yoast SEO plugin. -->","yoast_head_json":{"title":"Ubaldo Fernandes prop\u00f5e afixa\u00e7\u00e3o de cartazes em lojas de ve\u00edculos informando sobre isen\u00e7\u00e3o de impostos para deficientes - Ubaldo Fernandes","robots":{"index":"index","follow":"follow","max-snippet":"max-snippet:-1","max-image-preview":"max-image-preview:large","max-video-preview":"max-video-preview:-1"},"canonical":"https:\/\/ubaldofernandes.com\/index.php\/news\/ubaldo-fernandes-propoe-afixacao-de-cartazes-em-lojas-de-veiculos-informando-sobre-isencao-de-impostos-para-deficientes\/","og_locale":"pt_BR","og_type":"article","og_title":"Ubaldo Fernandes prop\u00f5e afixa\u00e7\u00e3o de cartazes em lojas de ve\u00edculos informando sobre isen\u00e7\u00e3o de impostos para deficientes - Ubaldo Fernandes","og_description":"Ser\u00e1 que os portadores de defici\u00eancia sabem de todas as isen\u00e7\u00f5es tribut\u00e1rias a que t\u00eam direito ao adquirir um ve\u00edculo? Pensando em informar melhor esse p\u00fablico, o deputado estadual\u00a0Ubaldo Fernandes\u00a0prop\u00f4s um projeto de lei que obriga as revendedoras e as concession\u00e1rias de ve\u00edculos instaladas em todo o estado do Rio Grande do Norte a afixar, [&hellip;]","og_url":"https:\/\/ubaldofernandes.com\/index.php\/news\/ubaldo-fernandes-propoe-afixacao-de-cartazes-em-lojas-de-veiculos-informando-sobre-isencao-de-impostos-para-deficientes\/","og_site_name":"Ubaldo Fernandes","article_modified_time":"2020-07-30T23:01:06+00:00","og_image":[{"width":280,"height":187,"url":"https:\/\/ubaldofernandes.com\/wp-content\/uploads\/2020\/07\/tangara.jpg","type":"image\/jpeg"}],"twitter_card":"summary_large_image","twitter_misc":{"Est. tempo de leitura":"2 minutos"},"schema":{"@context":"https:\/\/schema.org","@graph":[{"@type":"WebPage","@id":"https:\/\/ubaldofernandes.com\/index.php\/news\/ubaldo-fernandes-propoe-afixacao-de-cartazes-em-lojas-de-veiculos-informando-sobre-isencao-de-impostos-para-deficientes\/","url":"https:\/\/ubaldofernandes.com\/index.php\/news\/ubaldo-fernandes-propoe-afixacao-de-cartazes-em-lojas-de-veiculos-informando-sobre-isencao-de-impostos-para-deficientes\/","name":"Ubaldo Fernandes prop\u00f5e afixa\u00e7\u00e3o de cartazes em lojas de ve\u00edculos informando sobre isen\u00e7\u00e3o de impostos para deficientes - Ubaldo Fernandes","isPartOf":{"@id":"https:\/\/ubaldofernandes.com\/#website"},"primaryImageOfPage":{"@id":"https:\/\/ubaldofernandes.com\/index.php\/news\/ubaldo-fernandes-propoe-afixacao-de-cartazes-em-lojas-de-veiculos-informando-sobre-isencao-de-impostos-para-deficientes\/#primaryimage"},"image":{"@id":"https:\/\/ubaldofernandes.com\/index.php\/news\/ubaldo-fernandes-propoe-afixacao-de-cartazes-em-lojas-de-veiculos-informando-sobre-isencao-de-impostos-para-deficientes\/#primaryimage"},"thumbnailUrl":"https:\/\/ubaldofernandes.com\/wp-content\/uploads\/2020\/07\/tangara.jpg","datePublished":"2020-05-29T22:57:17+00:00","dateModified":"2020-07-30T23:01:06+00:00","breadcrumb":{"@id":"https:\/\/ubaldofernandes.com\/index.php\/news\/ubaldo-fernandes-propoe-afixacao-de-cartazes-em-lojas-de-veiculos-informando-sobre-isencao-de-impostos-para-deficientes\/#breadcrumb"},"inLanguage":"pt-BR","potentialAction":[{"@type":"ReadAction","target":["https:\/\/ubaldofernandes.com\/index.php\/news\/ubaldo-fernandes-propoe-afixacao-de-cartazes-em-lojas-de-veiculos-informando-sobre-isencao-de-impostos-para-deficientes\/"]}]},{"@type":"ImageObject","inLanguage":"pt-BR","@id":"https:\/\/ubaldofernandes.com\/index.php\/news\/ubaldo-fernandes-propoe-afixacao-de-cartazes-em-lojas-de-veiculos-informando-sobre-isencao-de-impostos-para-deficientes\/#primaryimage","url":"https:\/\/ubaldofernandes.com\/wp-content\/uploads\/2020\/07\/tangara.jpg","contentUrl":"https:\/\/ubaldofernandes.com\/wp-content\/uploads\/2020\/07\/tangara.jpg","width":280,"height":187},{"@type":"BreadcrumbList","@id":"https:\/\/ubaldofernandes.com\/index.php\/news\/ubaldo-fernandes-propoe-afixacao-de-cartazes-em-lojas-de-veiculos-informando-sobre-isencao-de-impostos-para-deficientes\/#breadcrumb","itemListElement":[{"@type":"ListItem","position":1,"name":"In\u00edcio","item":"https:\/\/ubaldofernandes.com\/"},{"@type":"ListItem","position":2,"name":"Not\u00edcias","item":"https:\/\/ubaldofernandes.com\/index.php\/news\/"},{"@type":"ListItem","position":3,"name":"Ubaldo Fernandes prop\u00f5e afixa\u00e7\u00e3o de cartazes em lojas de ve\u00edculos informando sobre isen\u00e7\u00e3o de impostos para deficientes"}]},{"@type":"WebSite","@id":"https:\/\/ubaldofernandes.com\/#website","url":"https:\/\/ubaldofernandes.com\/","name":"Ubaldo Fernandes","description":"Deputado Estadual","potentialAction":[{"@type":"SearchAction","target":{"@type":"EntryPoint","urlTemplate":"https:\/\/ubaldofernandes.com\/?s={search_term_string}"},"query-input":{"@type":"PropertyValueSpecification","valueRequired":true,"valueName":"search_term_string"}}],"inLanguage":"pt-BR"}]}},"_links":{"self":[{"href":"https:\/\/ubaldofernandes.com\/index.php\/wp-json\/wp\/v2\/news\/651","targetHints":{"allow":["GET"]}}],"collection":[{"href":"https:\/\/ubaldofernandes.com\/index.php\/wp-json\/wp\/v2\/news"}],"about":[{"href":"https:\/\/ubaldofernandes.com\/index.php\/wp-json\/wp\/v2\/types\/news"}],"wp:featuredmedia":[{"embeddable":true,"href":"https:\/\/ubaldofernandes.com\/index.php\/wp-json\/wp\/v2\/media\/652"}],"wp:attachment":[{"href":"https:\/\/ubaldofernandes.com\/index.php\/wp-json\/wp\/v2\/media?parent=651"}],"curies":[{"name":"wp","href":"https:\/\/api.w.org\/{rel}","templated":true}]}}