{"id":6528,"date":"2024-04-24T09:13:00","date_gmt":"2024-04-24T12:13:00","guid":{"rendered":"https:\/\/ubaldofernandes.com\/?post_type=news&#038;p=6528"},"modified":"2024-04-25T14:23:10","modified_gmt":"2024-04-25T17:23:10","slug":"assembleia-aprova-lei-que-garante-10-das-vagas-em-concursos-para-pessoas-com-deficiencia","status":"publish","type":"news","link":"https:\/\/ubaldofernandes.com\/index.php\/news\/assembleia-aprova-lei-que-garante-10-das-vagas-em-concursos-para-pessoas-com-deficiencia\/","title":{"rendered":"Assembleia aprova lei que garante 10% das vagas em concursos para pessoas com defici\u00eancia"},"content":{"rendered":"\n<p>A Assembleia Legislativa do Rio Grande do Norte aprovou nesta ter\u00e7a-feira (23) um Projeto de Lei que assegura at\u00e9 10% de vagas nos concursos p\u00fablicos \u00e0s pessoas com defici\u00eancia. A mat\u00e9ria, de autoria do deputado estadual Ubaldo Fernandes (PSDB), foi aprovada por unanimidade. A mat\u00e9ria segue agora para a san\u00e7\u00e3o ou veto da governadora F\u00e1tima Bezerra (PT).<\/p>\n\n\n\n<p>\u201cA realidade do Rio Grande do Norte mostra um n\u00famero discrepante entre as pessoas com defici\u00eancia e a oferta de lugares que devem possuir os concursos p\u00fablicos estaduais para esse segmento da sociedade\u201d, disse o deputado. Segundos dados do IBGE, quase 10% da popula\u00e7\u00e3o do Estado apresenta alguma defici\u00eancia.<\/p>\n\n\n\n<p>Tamb\u00e9m foram aprovados na sess\u00e3o outros 9 projetos de iniciativa do deputado Ubaldo. Entre os principais est\u00e3o o que institui a Campanha \u201cOftalmologista na Escola\u201d e a fixa\u00e7\u00e3o de penalidades administrativas \u00e0s pessoas f\u00edsicas ou jur\u00eddicas e agentes p\u00fablicos que discriminem ao que possuem Transtorno do Espectro Autista no Estado.<\/p>\n\n\n\n<p>De autoria do presidente da Casa, deputado estadual Ezequiel Ferreira (PSDB), foi aprovada mat\u00e9ria que reconhece como Patrim\u00f4nio Cultural Imaterial do Estado a Filarm\u00f4nica \u201cMonsenhor Hon\u00f3rio\u201d, a Banda de M\u00fasica do munic\u00edpio de Macau. J\u00e1 por proposi\u00e7\u00e3o do deputado Gustavo Carvalho (PSDB), foi aprovada proposta que torna obrigat\u00f3ria a publica\u00e7\u00e3o, em s\u00edtio eletr\u00f4nico oficial, bem como no anexo da LDO, de informa\u00e7\u00f5es detalhadas a respeito das ren\u00fancias fiscais no RN.<\/p>\n\n\n\n<p>Os deputados estaduais ainda aprovaram um projeto de autoria do Poder Executivo que retifica valores nas tabelas de vencimentos constantes da Lei Complementar Estadual N\u00ba 698, de 22 de fevereiro de 2022.<\/p>\n\n\n\n<p>Mat\u00e9ria publicada no <a href=\"https:\/\/blogdobarreto.com.br\/assembleia-aprova-lei-que-garante-10-das-vagas-em-concursos-para-pessoas-com-deficiencia\/\">Blog do Barreto<\/a>. <\/p>\n","protected":false},"featured_media":6527,"parent":0,"template":"","class_list":["post-6528","news","type-news","status-publish","has-post-thumbnail","hentry"],"acf":[],"yoast_head":"<!-- This site is optimized with the Yoast SEO plugin v24.6 - https:\/\/yoast.com\/wordpress\/plugins\/seo\/ -->\n<title>Assembleia aprova lei que garante 10% das vagas em concursos para pessoas com defici\u00eancia - Ubaldo Fernandes<\/title>\n<meta name=\"robots\" content=\"index, follow, max-snippet:-1, max-image-preview:large, max-video-preview:-1\" \/>\n<link rel=\"canonical\" href=\"https:\/\/ubaldofernandes.com\/index.php\/news\/assembleia-aprova-lei-que-garante-10-das-vagas-em-concursos-para-pessoas-com-deficiencia\/\" \/>\n<meta property=\"og:locale\" content=\"pt_BR\" \/>\n<meta property=\"og:type\" content=\"article\" \/>\n<meta property=\"og:title\" content=\"Assembleia aprova lei que garante 10% das vagas em concursos para pessoas com defici\u00eancia - Ubaldo Fernandes\" \/>\n<meta property=\"og:description\" content=\"A Assembleia Legislativa do Rio Grande do Norte aprovou nesta ter\u00e7a-feira (23) um Projeto de Lei que assegura at\u00e9 10% de vagas nos concursos p\u00fablicos \u00e0s pessoas com defici\u00eancia. A mat\u00e9ria, de autoria do deputado estadual Ubaldo Fernandes (PSDB), foi aprovada por unanimidade. A mat\u00e9ria segue agora para a san\u00e7\u00e3o ou veto da governadora F\u00e1tima [&hellip;]\" \/>\n<meta property=\"og:url\" content=\"https:\/\/ubaldofernandes.com\/index.php\/news\/assembleia-aprova-lei-que-garante-10-das-vagas-em-concursos-para-pessoas-com-deficiencia\/\" \/>\n<meta property=\"og:site_name\" content=\"Ubaldo Fernandes\" \/>\n<meta property=\"article:modified_time\" content=\"2024-04-25T17:23:10+00:00\" \/>\n<meta property=\"og:image\" content=\"https:\/\/ubaldofernandes.com\/wp-content\/uploads\/2024\/04\/senadinho.jpeg\" \/>\n\t<meta property=\"og:image:width\" content=\"1600\" \/>\n\t<meta property=\"og:image:height\" content=\"1066\" \/>\n\t<meta property=\"og:image:type\" content=\"image\/jpeg\" \/>\n<meta name=\"twitter:card\" content=\"summary_large_image\" \/>\n<meta name=\"twitter:label1\" content=\"Est. tempo de leitura\" \/>\n\t<meta name=\"twitter:data1\" content=\"1 minuto\" \/>\n<script type=\"application\/ld+json\" class=\"yoast-schema-graph\">{\"@context\":\"https:\/\/schema.org\",\"@graph\":[{\"@type\":\"WebPage\",\"@id\":\"https:\/\/ubaldofernandes.com\/index.php\/news\/assembleia-aprova-lei-que-garante-10-das-vagas-em-concursos-para-pessoas-com-deficiencia\/\",\"url\":\"https:\/\/ubaldofernandes.com\/index.php\/news\/assembleia-aprova-lei-que-garante-10-das-vagas-em-concursos-para-pessoas-com-deficiencia\/\",\"name\":\"Assembleia aprova lei que garante 10% das vagas em concursos para pessoas com defici\u00eancia - Ubaldo Fernandes\",\"isPartOf\":{\"@id\":\"https:\/\/ubaldofernandes.com\/#website\"},\"primaryImageOfPage\":{\"@id\":\"https:\/\/ubaldofernandes.com\/index.php\/news\/assembleia-aprova-lei-que-garante-10-das-vagas-em-concursos-para-pessoas-com-deficiencia\/#primaryimage\"},\"image\":{\"@id\":\"https:\/\/ubaldofernandes.com\/index.php\/news\/assembleia-aprova-lei-que-garante-10-das-vagas-em-concursos-para-pessoas-com-deficiencia\/#primaryimage\"},\"thumbnailUrl\":\"https:\/\/ubaldofernandes.com\/wp-content\/uploads\/2024\/04\/senadinho.jpeg\",\"datePublished\":\"2024-04-24T12:13:00+00:00\",\"dateModified\":\"2024-04-25T17:23:10+00:00\",\"breadcrumb\":{\"@id\":\"https:\/\/ubaldofernandes.com\/index.php\/news\/assembleia-aprova-lei-que-garante-10-das-vagas-em-concursos-para-pessoas-com-deficiencia\/#breadcrumb\"},\"inLanguage\":\"pt-BR\",\"potentialAction\":[{\"@type\":\"ReadAction\",\"target\":[\"https:\/\/ubaldofernandes.com\/index.php\/news\/assembleia-aprova-lei-que-garante-10-das-vagas-em-concursos-para-pessoas-com-deficiencia\/\"]}]},{\"@type\":\"ImageObject\",\"inLanguage\":\"pt-BR\",\"@id\":\"https:\/\/ubaldofernandes.com\/index.php\/news\/assembleia-aprova-lei-que-garante-10-das-vagas-em-concursos-para-pessoas-com-deficiencia\/#primaryimage\",\"url\":\"https:\/\/ubaldofernandes.com\/wp-content\/uploads\/2024\/04\/senadinho.jpeg\",\"contentUrl\":\"https:\/\/ubaldofernandes.com\/wp-content\/uploads\/2024\/04\/senadinho.jpeg\",\"width\":1600,\"height\":1066},{\"@type\":\"BreadcrumbList\",\"@id\":\"https:\/\/ubaldofernandes.com\/index.php\/news\/assembleia-aprova-lei-que-garante-10-das-vagas-em-concursos-para-pessoas-com-deficiencia\/#breadcrumb\",\"itemListElement\":[{\"@type\":\"ListItem\",\"position\":1,\"name\":\"In\u00edcio\",\"item\":\"https:\/\/ubaldofernandes.com\/\"},{\"@type\":\"ListItem\",\"position\":2,\"name\":\"Not\u00edcias\",\"item\":\"https:\/\/ubaldofernandes.com\/index.php\/news\/\"},{\"@type\":\"ListItem\",\"position\":3,\"name\":\"Assembleia aprova lei que garante 10% das vagas em concursos para pessoas com defici\u00eancia\"}]},{\"@type\":\"WebSite\",\"@id\":\"https:\/\/ubaldofernandes.com\/#website\",\"url\":\"https:\/\/ubaldofernandes.com\/\",\"name\":\"Ubaldo Fernandes\",\"description\":\"Deputado Estadual\",\"potentialAction\":[{\"@type\":\"SearchAction\",\"target\":{\"@type\":\"EntryPoint\",\"urlTemplate\":\"https:\/\/ubaldofernandes.com\/?s={search_term_string}\"},\"query-input\":{\"@type\":\"PropertyValueSpecification\",\"valueRequired\":true,\"valueName\":\"search_term_string\"}}],\"inLanguage\":\"pt-BR\"}]}<\/script>\n<!-- \/ Yoast SEO plugin. -->","yoast_head_json":{"title":"Assembleia aprova lei que garante 10% das vagas em concursos para pessoas com defici\u00eancia - Ubaldo Fernandes","robots":{"index":"index","follow":"follow","max-snippet":"max-snippet:-1","max-image-preview":"max-image-preview:large","max-video-preview":"max-video-preview:-1"},"canonical":"https:\/\/ubaldofernandes.com\/index.php\/news\/assembleia-aprova-lei-que-garante-10-das-vagas-em-concursos-para-pessoas-com-deficiencia\/","og_locale":"pt_BR","og_type":"article","og_title":"Assembleia aprova lei que garante 10% das vagas em concursos para pessoas com defici\u00eancia - Ubaldo Fernandes","og_description":"A Assembleia Legislativa do Rio Grande do Norte aprovou nesta ter\u00e7a-feira (23) um Projeto de Lei que assegura at\u00e9 10% de vagas nos concursos p\u00fablicos \u00e0s pessoas com defici\u00eancia. A mat\u00e9ria, de autoria do deputado estadual Ubaldo Fernandes (PSDB), foi aprovada por unanimidade. A mat\u00e9ria segue agora para a san\u00e7\u00e3o ou veto da governadora F\u00e1tima [&hellip;]","og_url":"https:\/\/ubaldofernandes.com\/index.php\/news\/assembleia-aprova-lei-que-garante-10-das-vagas-em-concursos-para-pessoas-com-deficiencia\/","og_site_name":"Ubaldo Fernandes","article_modified_time":"2024-04-25T17:23:10+00:00","og_image":[{"width":1600,"height":1066,"url":"https:\/\/ubaldofernandes.com\/wp-content\/uploads\/2024\/04\/senadinho.jpeg","type":"image\/jpeg"}],"twitter_card":"summary_large_image","twitter_misc":{"Est. tempo de leitura":"1 minuto"},"schema":{"@context":"https:\/\/schema.org","@graph":[{"@type":"WebPage","@id":"https:\/\/ubaldofernandes.com\/index.php\/news\/assembleia-aprova-lei-que-garante-10-das-vagas-em-concursos-para-pessoas-com-deficiencia\/","url":"https:\/\/ubaldofernandes.com\/index.php\/news\/assembleia-aprova-lei-que-garante-10-das-vagas-em-concursos-para-pessoas-com-deficiencia\/","name":"Assembleia aprova lei que garante 10% das vagas em concursos para pessoas com defici\u00eancia - Ubaldo Fernandes","isPartOf":{"@id":"https:\/\/ubaldofernandes.com\/#website"},"primaryImageOfPage":{"@id":"https:\/\/ubaldofernandes.com\/index.php\/news\/assembleia-aprova-lei-que-garante-10-das-vagas-em-concursos-para-pessoas-com-deficiencia\/#primaryimage"},"image":{"@id":"https:\/\/ubaldofernandes.com\/index.php\/news\/assembleia-aprova-lei-que-garante-10-das-vagas-em-concursos-para-pessoas-com-deficiencia\/#primaryimage"},"thumbnailUrl":"https:\/\/ubaldofernandes.com\/wp-content\/uploads\/2024\/04\/senadinho.jpeg","datePublished":"2024-04-24T12:13:00+00:00","dateModified":"2024-04-25T17:23:10+00:00","breadcrumb":{"@id":"https:\/\/ubaldofernandes.com\/index.php\/news\/assembleia-aprova-lei-que-garante-10-das-vagas-em-concursos-para-pessoas-com-deficiencia\/#breadcrumb"},"inLanguage":"pt-BR","potentialAction":[{"@type":"ReadAction","target":["https:\/\/ubaldofernandes.com\/index.php\/news\/assembleia-aprova-lei-que-garante-10-das-vagas-em-concursos-para-pessoas-com-deficiencia\/"]}]},{"@type":"ImageObject","inLanguage":"pt-BR","@id":"https:\/\/ubaldofernandes.com\/index.php\/news\/assembleia-aprova-lei-que-garante-10-das-vagas-em-concursos-para-pessoas-com-deficiencia\/#primaryimage","url":"https:\/\/ubaldofernandes.com\/wp-content\/uploads\/2024\/04\/senadinho.jpeg","contentUrl":"https:\/\/ubaldofernandes.com\/wp-content\/uploads\/2024\/04\/senadinho.jpeg","width":1600,"height":1066},{"@type":"BreadcrumbList","@id":"https:\/\/ubaldofernandes.com\/index.php\/news\/assembleia-aprova-lei-que-garante-10-das-vagas-em-concursos-para-pessoas-com-deficiencia\/#breadcrumb","itemListElement":[{"@type":"ListItem","position":1,"name":"In\u00edcio","item":"https:\/\/ubaldofernandes.com\/"},{"@type":"ListItem","position":2,"name":"Not\u00edcias","item":"https:\/\/ubaldofernandes.com\/index.php\/news\/"},{"@type":"ListItem","position":3,"name":"Assembleia aprova lei que garante 10% das vagas em concursos para pessoas com defici\u00eancia"}]},{"@type":"WebSite","@id":"https:\/\/ubaldofernandes.com\/#website","url":"https:\/\/ubaldofernandes.com\/","name":"Ubaldo Fernandes","description":"Deputado Estadual","potentialAction":[{"@type":"SearchAction","target":{"@type":"EntryPoint","urlTemplate":"https:\/\/ubaldofernandes.com\/?s={search_term_string}"},"query-input":{"@type":"PropertyValueSpecification","valueRequired":true,"valueName":"search_term_string"}}],"inLanguage":"pt-BR"}]}},"_links":{"self":[{"href":"https:\/\/ubaldofernandes.com\/index.php\/wp-json\/wp\/v2\/news\/6528","targetHints":{"allow":["GET"]}}],"collection":[{"href":"https:\/\/ubaldofernandes.com\/index.php\/wp-json\/wp\/v2\/news"}],"about":[{"href":"https:\/\/ubaldofernandes.com\/index.php\/wp-json\/wp\/v2\/types\/news"}],"wp:featuredmedia":[{"embeddable":true,"href":"https:\/\/ubaldofernandes.com\/index.php\/wp-json\/wp\/v2\/media\/6527"}],"wp:attachment":[{"href":"https:\/\/ubaldofernandes.com\/index.php\/wp-json\/wp\/v2\/media?parent=6528"}],"curies":[{"name":"wp","href":"https:\/\/api.w.org\/{rel}","templated":true}]}}