{"id":655,"date":"2020-05-21T20:06:27","date_gmt":"2020-05-21T23:06:27","guid":{"rendered":"https:\/\/ubaldofernandes.com\/?post_type=news&#038;p=655"},"modified":"2020-07-30T20:09:27","modified_gmt":"2020-07-30T23:09:27","slug":"detran-rn-retoma-algumas-atividades-atendendo-pedido-do-deputado-ubaldo","status":"publish","type":"news","link":"https:\/\/ubaldofernandes.com\/index.php\/news\/detran-rn-retoma-algumas-atividades-atendendo-pedido-do-deputado-ubaldo\/","title":{"rendered":"Detran-RN retoma algumas atividades atendendo pedido do Deputado Ubaldo"},"content":{"rendered":"\n<p>Na noite da \u00faltima quarta-feira (20), a dire\u00e7\u00e3o do Departamento Estadual de Tr\u00e2nsito do Rio Grande do Norte (Detran-RN) emitiu a Portaria n\u00b0 407\/2020, regulamentando a retomada dos servi\u00e7os de transfer\u00eancia de propriedade e primeiro emplacamento, com vistoria externa diretamente nas concession\u00e1rias e lojas de vendas de ve\u00edculos. Essa a\u00e7\u00e3o foi comemorada pelo deputado estadual Ubaldo Fernandes, que na semana passada intermediou o di\u00e1logo entre representantes do Gabinete Civil, da Secretaria de Estado de Tributa\u00e7\u00e3o, das empresas concession\u00e1rias de ve\u00edculos e do sindicato dos despachantes do Rio Grande do Norte, que pediam \u00e0 volta de alguns servi\u00e7os fundamentais para a popula\u00e7\u00e3o e para a economia potiguar.<\/p>\n\n\n\n<p>&#8220;Recebemos os representantes dessas categorias, que vinham sofrendo com preju\u00edzos. E sabemos que a interrup\u00e7\u00e3o dos servi\u00e7os do Detran por muitos meses acarretaria o ac\u00famulo de processos e, com certeza, o caos na volta do atendimento. Pedimos que alguns servi\u00e7os fossem retomados com a cautela devida e a log\u00edstica necess\u00e1ria, preservando a sa\u00fade de funcion\u00e1rios e da popula\u00e7\u00e3o. Agradecemos ao Governo do Estado por ter conseguido esta solu\u00e7\u00e3o&#8221;, disse Ubaldo Fernandes.<\/p>\n\n\n\n<p>Por enquanto, o Detran-RN regulamentou, especialmente, o servi\u00e7o de transfer\u00eancia de propriedade e primeiro emplacamento com vistoria externa. Esse servi\u00e7o ser\u00e1 agendado e limitado ao m\u00e1ximo de oito por dia. Tamb\u00e9m ser\u00e3o observados todos os requisitos da Organiza\u00e7\u00e3o Mundial de Sa\u00fade (OMS) e da Secretaria Estadual de Sa\u00fade, a fim de evitar o cont\u00e1gio pelo coronav\u00edrus. O Detran avalia, ainda, novas formas de retomar outros atendimentos importantes para a popula\u00e7\u00e3o, como a retirada da Carteira Nacional de Habilita\u00e7\u00e3o (CNH) e sua renova\u00e7\u00e3o.<\/p>\n\n\n\n<p>Mat\u00e9ria publicada no <a href=\"https:\/\/www.rodrigogomesreporter.com.br\/2020\/05\/detran-rn-retoma-algumas-atividades.html\">Blog Rodrigo Gomes Rep\u00f3rter das Comunidades<\/a>.<\/p>\n","protected":false},"featured_media":656,"parent":0,"template":"","class_list":["post-655","news","type-news","status-publish","has-post-thumbnail","hentry"],"acf":[],"yoast_head":"<!-- This site is optimized with the Yoast SEO plugin v24.6 - https:\/\/yoast.com\/wordpress\/plugins\/seo\/ -->\n<title>Detran-RN retoma algumas atividades atendendo pedido do Deputado Ubaldo - Ubaldo Fernandes<\/title>\n<meta name=\"robots\" content=\"index, follow, max-snippet:-1, max-image-preview:large, max-video-preview:-1\" \/>\n<link rel=\"canonical\" href=\"https:\/\/ubaldofernandes.com\/index.php\/news\/detran-rn-retoma-algumas-atividades-atendendo-pedido-do-deputado-ubaldo\/\" \/>\n<meta property=\"og:locale\" content=\"pt_BR\" \/>\n<meta property=\"og:type\" content=\"article\" \/>\n<meta property=\"og:title\" content=\"Detran-RN retoma algumas atividades atendendo pedido do Deputado Ubaldo - Ubaldo Fernandes\" \/>\n<meta property=\"og:description\" content=\"Na noite da \u00faltima quarta-feira (20), a dire\u00e7\u00e3o do Departamento Estadual de Tr\u00e2nsito do Rio Grande do Norte (Detran-RN) emitiu a Portaria n\u00b0 407\/2020, regulamentando a retomada dos servi\u00e7os de transfer\u00eancia de propriedade e primeiro emplacamento, com vistoria externa diretamente nas concession\u00e1rias e lojas de vendas de ve\u00edculos. Essa a\u00e7\u00e3o foi comemorada pelo deputado estadual [&hellip;]\" \/>\n<meta property=\"og:url\" content=\"https:\/\/ubaldofernandes.com\/index.php\/news\/detran-rn-retoma-algumas-atividades-atendendo-pedido-do-deputado-ubaldo\/\" \/>\n<meta property=\"og:site_name\" content=\"Ubaldo Fernandes\" \/>\n<meta property=\"article:modified_time\" content=\"2020-07-30T23:09:27+00:00\" \/>\n<meta property=\"og:image\" content=\"https:\/\/ubaldofernandes.com\/wp-content\/uploads\/2020\/07\/rodrigo.jpeg\" \/>\n\t<meta property=\"og:image:width\" content=\"240\" \/>\n\t<meta property=\"og:image:height\" content=\"320\" \/>\n\t<meta property=\"og:image:type\" content=\"image\/jpeg\" \/>\n<meta name=\"twitter:card\" content=\"summary_large_image\" \/>\n<meta name=\"twitter:label1\" content=\"Est. tempo de leitura\" \/>\n\t<meta name=\"twitter:data1\" content=\"2 minutos\" \/>\n<script type=\"application\/ld+json\" class=\"yoast-schema-graph\">{\"@context\":\"https:\/\/schema.org\",\"@graph\":[{\"@type\":\"WebPage\",\"@id\":\"https:\/\/ubaldofernandes.com\/index.php\/news\/detran-rn-retoma-algumas-atividades-atendendo-pedido-do-deputado-ubaldo\/\",\"url\":\"https:\/\/ubaldofernandes.com\/index.php\/news\/detran-rn-retoma-algumas-atividades-atendendo-pedido-do-deputado-ubaldo\/\",\"name\":\"Detran-RN retoma algumas atividades atendendo pedido do Deputado Ubaldo - Ubaldo Fernandes\",\"isPartOf\":{\"@id\":\"https:\/\/ubaldofernandes.com\/#website\"},\"primaryImageOfPage\":{\"@id\":\"https:\/\/ubaldofernandes.com\/index.php\/news\/detran-rn-retoma-algumas-atividades-atendendo-pedido-do-deputado-ubaldo\/#primaryimage\"},\"image\":{\"@id\":\"https:\/\/ubaldofernandes.com\/index.php\/news\/detran-rn-retoma-algumas-atividades-atendendo-pedido-do-deputado-ubaldo\/#primaryimage\"},\"thumbnailUrl\":\"https:\/\/ubaldofernandes.com\/wp-content\/uploads\/2020\/07\/rodrigo.jpeg\",\"datePublished\":\"2020-05-21T23:06:27+00:00\",\"dateModified\":\"2020-07-30T23:09:27+00:00\",\"breadcrumb\":{\"@id\":\"https:\/\/ubaldofernandes.com\/index.php\/news\/detran-rn-retoma-algumas-atividades-atendendo-pedido-do-deputado-ubaldo\/#breadcrumb\"},\"inLanguage\":\"pt-BR\",\"potentialAction\":[{\"@type\":\"ReadAction\",\"target\":[\"https:\/\/ubaldofernandes.com\/index.php\/news\/detran-rn-retoma-algumas-atividades-atendendo-pedido-do-deputado-ubaldo\/\"]}]},{\"@type\":\"ImageObject\",\"inLanguage\":\"pt-BR\",\"@id\":\"https:\/\/ubaldofernandes.com\/index.php\/news\/detran-rn-retoma-algumas-atividades-atendendo-pedido-do-deputado-ubaldo\/#primaryimage\",\"url\":\"https:\/\/ubaldofernandes.com\/wp-content\/uploads\/2020\/07\/rodrigo.jpeg\",\"contentUrl\":\"https:\/\/ubaldofernandes.com\/wp-content\/uploads\/2020\/07\/rodrigo.jpeg\",\"width\":240,\"height\":320},{\"@type\":\"BreadcrumbList\",\"@id\":\"https:\/\/ubaldofernandes.com\/index.php\/news\/detran-rn-retoma-algumas-atividades-atendendo-pedido-do-deputado-ubaldo\/#breadcrumb\",\"itemListElement\":[{\"@type\":\"ListItem\",\"position\":1,\"name\":\"In\u00edcio\",\"item\":\"https:\/\/ubaldofernandes.com\/\"},{\"@type\":\"ListItem\",\"position\":2,\"name\":\"Not\u00edcias\",\"item\":\"https:\/\/ubaldofernandes.com\/index.php\/news\/\"},{\"@type\":\"ListItem\",\"position\":3,\"name\":\"Detran-RN retoma algumas atividades atendendo pedido do Deputado Ubaldo\"}]},{\"@type\":\"WebSite\",\"@id\":\"https:\/\/ubaldofernandes.com\/#website\",\"url\":\"https:\/\/ubaldofernandes.com\/\",\"name\":\"Ubaldo Fernandes\",\"description\":\"Deputado Estadual\",\"potentialAction\":[{\"@type\":\"SearchAction\",\"target\":{\"@type\":\"EntryPoint\",\"urlTemplate\":\"https:\/\/ubaldofernandes.com\/?s={search_term_string}\"},\"query-input\":{\"@type\":\"PropertyValueSpecification\",\"valueRequired\":true,\"valueName\":\"search_term_string\"}}],\"inLanguage\":\"pt-BR\"}]}<\/script>\n<!-- \/ Yoast SEO plugin. -->","yoast_head_json":{"title":"Detran-RN retoma algumas atividades atendendo pedido do Deputado Ubaldo - Ubaldo Fernandes","robots":{"index":"index","follow":"follow","max-snippet":"max-snippet:-1","max-image-preview":"max-image-preview:large","max-video-preview":"max-video-preview:-1"},"canonical":"https:\/\/ubaldofernandes.com\/index.php\/news\/detran-rn-retoma-algumas-atividades-atendendo-pedido-do-deputado-ubaldo\/","og_locale":"pt_BR","og_type":"article","og_title":"Detran-RN retoma algumas atividades atendendo pedido do Deputado Ubaldo - Ubaldo Fernandes","og_description":"Na noite da \u00faltima quarta-feira (20), a dire\u00e7\u00e3o do Departamento Estadual de Tr\u00e2nsito do Rio Grande do Norte (Detran-RN) emitiu a Portaria n\u00b0 407\/2020, regulamentando a retomada dos servi\u00e7os de transfer\u00eancia de propriedade e primeiro emplacamento, com vistoria externa diretamente nas concession\u00e1rias e lojas de vendas de ve\u00edculos. Essa a\u00e7\u00e3o foi comemorada pelo deputado estadual [&hellip;]","og_url":"https:\/\/ubaldofernandes.com\/index.php\/news\/detran-rn-retoma-algumas-atividades-atendendo-pedido-do-deputado-ubaldo\/","og_site_name":"Ubaldo Fernandes","article_modified_time":"2020-07-30T23:09:27+00:00","og_image":[{"width":240,"height":320,"url":"https:\/\/ubaldofernandes.com\/wp-content\/uploads\/2020\/07\/rodrigo.jpeg","type":"image\/jpeg"}],"twitter_card":"summary_large_image","twitter_misc":{"Est. tempo de leitura":"2 minutos"},"schema":{"@context":"https:\/\/schema.org","@graph":[{"@type":"WebPage","@id":"https:\/\/ubaldofernandes.com\/index.php\/news\/detran-rn-retoma-algumas-atividades-atendendo-pedido-do-deputado-ubaldo\/","url":"https:\/\/ubaldofernandes.com\/index.php\/news\/detran-rn-retoma-algumas-atividades-atendendo-pedido-do-deputado-ubaldo\/","name":"Detran-RN retoma algumas atividades atendendo pedido do Deputado Ubaldo - Ubaldo Fernandes","isPartOf":{"@id":"https:\/\/ubaldofernandes.com\/#website"},"primaryImageOfPage":{"@id":"https:\/\/ubaldofernandes.com\/index.php\/news\/detran-rn-retoma-algumas-atividades-atendendo-pedido-do-deputado-ubaldo\/#primaryimage"},"image":{"@id":"https:\/\/ubaldofernandes.com\/index.php\/news\/detran-rn-retoma-algumas-atividades-atendendo-pedido-do-deputado-ubaldo\/#primaryimage"},"thumbnailUrl":"https:\/\/ubaldofernandes.com\/wp-content\/uploads\/2020\/07\/rodrigo.jpeg","datePublished":"2020-05-21T23:06:27+00:00","dateModified":"2020-07-30T23:09:27+00:00","breadcrumb":{"@id":"https:\/\/ubaldofernandes.com\/index.php\/news\/detran-rn-retoma-algumas-atividades-atendendo-pedido-do-deputado-ubaldo\/#breadcrumb"},"inLanguage":"pt-BR","potentialAction":[{"@type":"ReadAction","target":["https:\/\/ubaldofernandes.com\/index.php\/news\/detran-rn-retoma-algumas-atividades-atendendo-pedido-do-deputado-ubaldo\/"]}]},{"@type":"ImageObject","inLanguage":"pt-BR","@id":"https:\/\/ubaldofernandes.com\/index.php\/news\/detran-rn-retoma-algumas-atividades-atendendo-pedido-do-deputado-ubaldo\/#primaryimage","url":"https:\/\/ubaldofernandes.com\/wp-content\/uploads\/2020\/07\/rodrigo.jpeg","contentUrl":"https:\/\/ubaldofernandes.com\/wp-content\/uploads\/2020\/07\/rodrigo.jpeg","width":240,"height":320},{"@type":"BreadcrumbList","@id":"https:\/\/ubaldofernandes.com\/index.php\/news\/detran-rn-retoma-algumas-atividades-atendendo-pedido-do-deputado-ubaldo\/#breadcrumb","itemListElement":[{"@type":"ListItem","position":1,"name":"In\u00edcio","item":"https:\/\/ubaldofernandes.com\/"},{"@type":"ListItem","position":2,"name":"Not\u00edcias","item":"https:\/\/ubaldofernandes.com\/index.php\/news\/"},{"@type":"ListItem","position":3,"name":"Detran-RN retoma algumas atividades atendendo pedido do Deputado Ubaldo"}]},{"@type":"WebSite","@id":"https:\/\/ubaldofernandes.com\/#website","url":"https:\/\/ubaldofernandes.com\/","name":"Ubaldo Fernandes","description":"Deputado Estadual","potentialAction":[{"@type":"SearchAction","target":{"@type":"EntryPoint","urlTemplate":"https:\/\/ubaldofernandes.com\/?s={search_term_string}"},"query-input":{"@type":"PropertyValueSpecification","valueRequired":true,"valueName":"search_term_string"}}],"inLanguage":"pt-BR"}]}},"_links":{"self":[{"href":"https:\/\/ubaldofernandes.com\/index.php\/wp-json\/wp\/v2\/news\/655","targetHints":{"allow":["GET"]}}],"collection":[{"href":"https:\/\/ubaldofernandes.com\/index.php\/wp-json\/wp\/v2\/news"}],"about":[{"href":"https:\/\/ubaldofernandes.com\/index.php\/wp-json\/wp\/v2\/types\/news"}],"wp:featuredmedia":[{"embeddable":true,"href":"https:\/\/ubaldofernandes.com\/index.php\/wp-json\/wp\/v2\/media\/656"}],"wp:attachment":[{"href":"https:\/\/ubaldofernandes.com\/index.php\/wp-json\/wp\/v2\/media?parent=655"}],"curies":[{"name":"wp","href":"https:\/\/api.w.org\/{rel}","templated":true}]}}