{"id":6597,"date":"2024-05-08T11:05:00","date_gmt":"2024-05-08T14:05:00","guid":{"rendered":"https:\/\/ubaldofernandes.com\/?post_type=news&#038;p=6597"},"modified":"2024-05-09T14:24:48","modified_gmt":"2024-05-09T17:24:48","slug":"ubaldo-fernandes-enaltece-evento-gastronomico-em-cerro-cora","status":"publish","type":"news","link":"https:\/\/ubaldofernandes.com\/index.php\/news\/ubaldo-fernandes-enaltece-evento-gastronomico-em-cerro-cora\/","title":{"rendered":"Ubaldo Fernandes enaltece evento gastron\u00f4mico em Cerro Cor\u00e1"},"content":{"rendered":"\n<p>Em pronunciamento durante a sess\u00e3o plen\u00e1ria desta ter\u00e7a-feira (7), na Assembleia Legislativa, o deputado Ubaldo Fernandes (PSDB) repercutiu participa\u00e7\u00e3o no Circuito Gastron\u00f4mico Sabores da Serra, em Cerro Cor\u00e1, no \u00faltimo final de semana. O parlamentar enalteceu o festival e destacou reuni\u00f5es com entidades representativas locais.<\/p>\n\n\n\n<p>\u201cParabenizo os munic\u00edpios envolvidos pelo grandioso evento em que a popula\u00e7\u00e3o potiguar se fez presente. Parab\u00e9ns tamb\u00e9m \u00e0 Associa\u00e7\u00e3o de Empreendedores do Turismo (Asture) da regi\u00e3o da Serra de Santana pela promo\u00e7\u00e3o do Circuito Gastron\u00f4mico\u201d, disse Ubaldo Fernandes.<\/p>\n\n\n\n<p>Tamb\u00e9m no munic\u00edpio, o deputado registrou reuni\u00f5es com entidade ligada ao atletismo e com o Centro Social Santa Zita, al\u00e9m de visita ao Centro de Artesanato da cidade.<\/p>\n\n\n\n<p>Ainda durante o pronunciamento, Ubaldo Fernandes cobrou ao Governo do Estado a recupera\u00e7\u00e3o da RN-120, que liga \u00e0 cidade de Parazinho. \u201cA rodovia que corta a \u00e1rea urbana da cidade precisa urgentemente do programa tapa-buraco face \u00e0s p\u00e9ssimas condi\u00e7\u00f5es de conserva\u00e7\u00e3o\u201d, alertou.<\/p>\n\n\n\n<p>Mat\u00e9ria publicada no Blog Elias Jornalista. <\/p>\n","protected":false},"featured_media":6598,"parent":0,"template":"","class_list":["post-6597","news","type-news","status-publish","has-post-thumbnail","hentry"],"acf":[],"yoast_head":"<!-- This site is optimized with the Yoast SEO plugin v24.6 - https:\/\/yoast.com\/wordpress\/plugins\/seo\/ -->\n<title>Ubaldo Fernandes enaltece evento gastron\u00f4mico em Cerro Cor\u00e1 - Ubaldo Fernandes<\/title>\n<meta name=\"robots\" content=\"index, follow, max-snippet:-1, max-image-preview:large, max-video-preview:-1\" \/>\n<link rel=\"canonical\" href=\"https:\/\/ubaldofernandes.com\/index.php\/news\/ubaldo-fernandes-enaltece-evento-gastronomico-em-cerro-cora\/\" \/>\n<meta property=\"og:locale\" content=\"pt_BR\" \/>\n<meta property=\"og:type\" content=\"article\" \/>\n<meta property=\"og:title\" content=\"Ubaldo Fernandes enaltece evento gastron\u00f4mico em Cerro Cor\u00e1 - Ubaldo Fernandes\" \/>\n<meta property=\"og:description\" content=\"Em pronunciamento durante a sess\u00e3o plen\u00e1ria desta ter\u00e7a-feira (7), na Assembleia Legislativa, o deputado Ubaldo Fernandes (PSDB) repercutiu participa\u00e7\u00e3o no Circuito Gastron\u00f4mico Sabores da Serra, em Cerro Cor\u00e1, no \u00faltimo final de semana. O parlamentar enalteceu o festival e destacou reuni\u00f5es com entidades representativas locais. \u201cParabenizo os munic\u00edpios envolvidos pelo grandioso evento em que a [&hellip;]\" \/>\n<meta property=\"og:url\" content=\"https:\/\/ubaldofernandes.com\/index.php\/news\/ubaldo-fernandes-enaltece-evento-gastronomico-em-cerro-cora\/\" \/>\n<meta property=\"og:site_name\" content=\"Ubaldo Fernandes\" \/>\n<meta property=\"article:modified_time\" content=\"2024-05-09T17:24:48+00:00\" \/>\n<meta property=\"og:image\" content=\"https:\/\/ubaldofernandes.com\/wp-content\/uploads\/2024\/05\/Ubaldo-Plenario.jpg\" \/>\n\t<meta property=\"og:image:width\" content=\"1620\" \/>\n\t<meta property=\"og:image:height\" content=\"1080\" \/>\n\t<meta property=\"og:image:type\" content=\"image\/jpeg\" \/>\n<meta name=\"twitter:card\" content=\"summary_large_image\" \/>\n<meta name=\"twitter:label1\" content=\"Est. tempo de leitura\" \/>\n\t<meta name=\"twitter:data1\" content=\"1 minuto\" \/>\n<script type=\"application\/ld+json\" class=\"yoast-schema-graph\">{\"@context\":\"https:\/\/schema.org\",\"@graph\":[{\"@type\":\"WebPage\",\"@id\":\"https:\/\/ubaldofernandes.com\/index.php\/news\/ubaldo-fernandes-enaltece-evento-gastronomico-em-cerro-cora\/\",\"url\":\"https:\/\/ubaldofernandes.com\/index.php\/news\/ubaldo-fernandes-enaltece-evento-gastronomico-em-cerro-cora\/\",\"name\":\"Ubaldo Fernandes enaltece evento gastron\u00f4mico em Cerro Cor\u00e1 - Ubaldo Fernandes\",\"isPartOf\":{\"@id\":\"https:\/\/ubaldofernandes.com\/#website\"},\"primaryImageOfPage\":{\"@id\":\"https:\/\/ubaldofernandes.com\/index.php\/news\/ubaldo-fernandes-enaltece-evento-gastronomico-em-cerro-cora\/#primaryimage\"},\"image\":{\"@id\":\"https:\/\/ubaldofernandes.com\/index.php\/news\/ubaldo-fernandes-enaltece-evento-gastronomico-em-cerro-cora\/#primaryimage\"},\"thumbnailUrl\":\"https:\/\/ubaldofernandes.com\/wp-content\/uploads\/2024\/05\/Ubaldo-Plenario.jpg\",\"datePublished\":\"2024-05-08T14:05:00+00:00\",\"dateModified\":\"2024-05-09T17:24:48+00:00\",\"breadcrumb\":{\"@id\":\"https:\/\/ubaldofernandes.com\/index.php\/news\/ubaldo-fernandes-enaltece-evento-gastronomico-em-cerro-cora\/#breadcrumb\"},\"inLanguage\":\"pt-BR\",\"potentialAction\":[{\"@type\":\"ReadAction\",\"target\":[\"https:\/\/ubaldofernandes.com\/index.php\/news\/ubaldo-fernandes-enaltece-evento-gastronomico-em-cerro-cora\/\"]}]},{\"@type\":\"ImageObject\",\"inLanguage\":\"pt-BR\",\"@id\":\"https:\/\/ubaldofernandes.com\/index.php\/news\/ubaldo-fernandes-enaltece-evento-gastronomico-em-cerro-cora\/#primaryimage\",\"url\":\"https:\/\/ubaldofernandes.com\/wp-content\/uploads\/2024\/05\/Ubaldo-Plenario.jpg\",\"contentUrl\":\"https:\/\/ubaldofernandes.com\/wp-content\/uploads\/2024\/05\/Ubaldo-Plenario.jpg\",\"width\":1620,\"height\":1080},{\"@type\":\"BreadcrumbList\",\"@id\":\"https:\/\/ubaldofernandes.com\/index.php\/news\/ubaldo-fernandes-enaltece-evento-gastronomico-em-cerro-cora\/#breadcrumb\",\"itemListElement\":[{\"@type\":\"ListItem\",\"position\":1,\"name\":\"In\u00edcio\",\"item\":\"https:\/\/ubaldofernandes.com\/\"},{\"@type\":\"ListItem\",\"position\":2,\"name\":\"Not\u00edcias\",\"item\":\"https:\/\/ubaldofernandes.com\/index.php\/news\/\"},{\"@type\":\"ListItem\",\"position\":3,\"name\":\"Ubaldo Fernandes enaltece evento gastron\u00f4mico em Cerro Cor\u00e1\"}]},{\"@type\":\"WebSite\",\"@id\":\"https:\/\/ubaldofernandes.com\/#website\",\"url\":\"https:\/\/ubaldofernandes.com\/\",\"name\":\"Ubaldo Fernandes\",\"description\":\"Deputado Estadual\",\"potentialAction\":[{\"@type\":\"SearchAction\",\"target\":{\"@type\":\"EntryPoint\",\"urlTemplate\":\"https:\/\/ubaldofernandes.com\/?s={search_term_string}\"},\"query-input\":{\"@type\":\"PropertyValueSpecification\",\"valueRequired\":true,\"valueName\":\"search_term_string\"}}],\"inLanguage\":\"pt-BR\"}]}<\/script>\n<!-- \/ Yoast SEO plugin. -->","yoast_head_json":{"title":"Ubaldo Fernandes enaltece evento gastron\u00f4mico em Cerro Cor\u00e1 - Ubaldo Fernandes","robots":{"index":"index","follow":"follow","max-snippet":"max-snippet:-1","max-image-preview":"max-image-preview:large","max-video-preview":"max-video-preview:-1"},"canonical":"https:\/\/ubaldofernandes.com\/index.php\/news\/ubaldo-fernandes-enaltece-evento-gastronomico-em-cerro-cora\/","og_locale":"pt_BR","og_type":"article","og_title":"Ubaldo Fernandes enaltece evento gastron\u00f4mico em Cerro Cor\u00e1 - Ubaldo Fernandes","og_description":"Em pronunciamento durante a sess\u00e3o plen\u00e1ria desta ter\u00e7a-feira (7), na Assembleia Legislativa, o deputado Ubaldo Fernandes (PSDB) repercutiu participa\u00e7\u00e3o no Circuito Gastron\u00f4mico Sabores da Serra, em Cerro Cor\u00e1, no \u00faltimo final de semana. O parlamentar enalteceu o festival e destacou reuni\u00f5es com entidades representativas locais. \u201cParabenizo os munic\u00edpios envolvidos pelo grandioso evento em que a [&hellip;]","og_url":"https:\/\/ubaldofernandes.com\/index.php\/news\/ubaldo-fernandes-enaltece-evento-gastronomico-em-cerro-cora\/","og_site_name":"Ubaldo Fernandes","article_modified_time":"2024-05-09T17:24:48+00:00","og_image":[{"width":1620,"height":1080,"url":"https:\/\/ubaldofernandes.com\/wp-content\/uploads\/2024\/05\/Ubaldo-Plenario.jpg","type":"image\/jpeg"}],"twitter_card":"summary_large_image","twitter_misc":{"Est. tempo de leitura":"1 minuto"},"schema":{"@context":"https:\/\/schema.org","@graph":[{"@type":"WebPage","@id":"https:\/\/ubaldofernandes.com\/index.php\/news\/ubaldo-fernandes-enaltece-evento-gastronomico-em-cerro-cora\/","url":"https:\/\/ubaldofernandes.com\/index.php\/news\/ubaldo-fernandes-enaltece-evento-gastronomico-em-cerro-cora\/","name":"Ubaldo Fernandes enaltece evento gastron\u00f4mico em Cerro Cor\u00e1 - Ubaldo Fernandes","isPartOf":{"@id":"https:\/\/ubaldofernandes.com\/#website"},"primaryImageOfPage":{"@id":"https:\/\/ubaldofernandes.com\/index.php\/news\/ubaldo-fernandes-enaltece-evento-gastronomico-em-cerro-cora\/#primaryimage"},"image":{"@id":"https:\/\/ubaldofernandes.com\/index.php\/news\/ubaldo-fernandes-enaltece-evento-gastronomico-em-cerro-cora\/#primaryimage"},"thumbnailUrl":"https:\/\/ubaldofernandes.com\/wp-content\/uploads\/2024\/05\/Ubaldo-Plenario.jpg","datePublished":"2024-05-08T14:05:00+00:00","dateModified":"2024-05-09T17:24:48+00:00","breadcrumb":{"@id":"https:\/\/ubaldofernandes.com\/index.php\/news\/ubaldo-fernandes-enaltece-evento-gastronomico-em-cerro-cora\/#breadcrumb"},"inLanguage":"pt-BR","potentialAction":[{"@type":"ReadAction","target":["https:\/\/ubaldofernandes.com\/index.php\/news\/ubaldo-fernandes-enaltece-evento-gastronomico-em-cerro-cora\/"]}]},{"@type":"ImageObject","inLanguage":"pt-BR","@id":"https:\/\/ubaldofernandes.com\/index.php\/news\/ubaldo-fernandes-enaltece-evento-gastronomico-em-cerro-cora\/#primaryimage","url":"https:\/\/ubaldofernandes.com\/wp-content\/uploads\/2024\/05\/Ubaldo-Plenario.jpg","contentUrl":"https:\/\/ubaldofernandes.com\/wp-content\/uploads\/2024\/05\/Ubaldo-Plenario.jpg","width":1620,"height":1080},{"@type":"BreadcrumbList","@id":"https:\/\/ubaldofernandes.com\/index.php\/news\/ubaldo-fernandes-enaltece-evento-gastronomico-em-cerro-cora\/#breadcrumb","itemListElement":[{"@type":"ListItem","position":1,"name":"In\u00edcio","item":"https:\/\/ubaldofernandes.com\/"},{"@type":"ListItem","position":2,"name":"Not\u00edcias","item":"https:\/\/ubaldofernandes.com\/index.php\/news\/"},{"@type":"ListItem","position":3,"name":"Ubaldo Fernandes enaltece evento gastron\u00f4mico em Cerro Cor\u00e1"}]},{"@type":"WebSite","@id":"https:\/\/ubaldofernandes.com\/#website","url":"https:\/\/ubaldofernandes.com\/","name":"Ubaldo Fernandes","description":"Deputado Estadual","potentialAction":[{"@type":"SearchAction","target":{"@type":"EntryPoint","urlTemplate":"https:\/\/ubaldofernandes.com\/?s={search_term_string}"},"query-input":{"@type":"PropertyValueSpecification","valueRequired":true,"valueName":"search_term_string"}}],"inLanguage":"pt-BR"}]}},"_links":{"self":[{"href":"https:\/\/ubaldofernandes.com\/index.php\/wp-json\/wp\/v2\/news\/6597","targetHints":{"allow":["GET"]}}],"collection":[{"href":"https:\/\/ubaldofernandes.com\/index.php\/wp-json\/wp\/v2\/news"}],"about":[{"href":"https:\/\/ubaldofernandes.com\/index.php\/wp-json\/wp\/v2\/types\/news"}],"wp:featuredmedia":[{"embeddable":true,"href":"https:\/\/ubaldofernandes.com\/index.php\/wp-json\/wp\/v2\/media\/6598"}],"wp:attachment":[{"href":"https:\/\/ubaldofernandes.com\/index.php\/wp-json\/wp\/v2\/media?parent=6597"}],"curies":[{"name":"wp","href":"https:\/\/api.w.org\/{rel}","templated":true}]}}