{"id":6601,"date":"2024-05-07T16:35:00","date_gmt":"2024-05-07T19:35:00","guid":{"rendered":"https:\/\/ubaldofernandes.com\/?post_type=news&#038;p=6601"},"modified":"2024-05-09T14:33:22","modified_gmt":"2024-05-09T17:33:22","slug":"lideres-comunitarios-do-rn-sao-homenageados-pela-assembleia-legislativa-2","status":"publish","type":"news","link":"https:\/\/ubaldofernandes.com\/index.php\/news\/lideres-comunitarios-do-rn-sao-homenageados-pela-assembleia-legislativa-2\/","title":{"rendered":"L\u00edderes Comunit\u00e1rios do RN s\u00e3o homenageados pela Assembleia Legislativa"},"content":{"rendered":"\n<p>A Assembleia Legislativa do Rio Grande do Norte realizou na manh\u00e3 desta segunda-feira (06) uma sess\u00e3o solene em homenagem ao Dia do L\u00edder Comunit\u00e1rio no Estado. O evento foi uma proposi\u00e7\u00e3o do deputado Ubaldo Fernandes (PSDB) e subscrito pelos deputados Teresinha Maia (PL), Divaneide Bas\u00edlio (PT) e Hermano Morais (PV). Um total de 14 lideran\u00e7as comunit\u00e1rias foram reconhecidas pelos seus servi\u00e7os prestados ao Rio Grande do Norte.<br>&nbsp;<br>\u201c\u00c9 com muita alegria que estamos aqui hoje para homenagear esse homens e mulheres que fazem a diferen\u00e7a na sociedade, lutando pelo bem coletivo e servindo de elo entre a popula\u00e7\u00e3o e o poder p\u00fablico. \u00c9 o l\u00edder comunit\u00e1rio com sua voca\u00e7\u00e3o, que luta e defende bravamente a popula\u00e7\u00e3o das suas comunidades e contribui com a cidadania. Essa \u00e9 nossa forma de agradecer a esses 14 cidad\u00e3os, que est\u00e3o representando centenas de outros l\u00edderes do nosso estado\u201d, disse.<\/p>\n\n\n\n<p>O deputado Ubaldo Fernandes tamb\u00e9m lembrou que come\u00e7ou como l\u00edder comunit\u00e1rio no bairro das Rocas, ainda na d\u00e9cada de 1980, e que essa atua\u00e7\u00e3o no movimento social o levou para o movimento pol\u00edtico em Natal e Rio Grande do Norte. A deputada Terezinha Maia tamb\u00e9m &nbsp;parabenizou os homenageados. \u201cO l\u00edder comunit\u00e1rio representa a base do nosso trabalho e nos ajuda no di\u00e1logo com a classe pol\u00edtica\u201d, disse.<\/p>\n\n\n\n<p>Representando os homenageados, a l\u00edder comunit\u00e1ria Juliana Gomes Alves, do Projeto Avan\u00e7a Santos Reis, agradeceu o reconhecimento e destacou a luta de mais de oito anos. \u201cQuero agradecer por reconhecer o meu trabalho e de todos aqui homenageados e que representam &nbsp;a luta de todo um povo, atuando nesse canal entre a comunidade, o poder p\u00fablico e seus representantes. Ao meu bairro, Santos Reis, agrade\u00e7o a confian\u00e7a e garanto que continuaremos com o nosso trabalho\u201d, afirmou.<\/p>\n\n\n\n<p>O diretor-geral da Conan e homenageado, \u00cdtalo Rocha, destacou a import\u00e2ncia da atua\u00e7\u00e3o desses agentes e pediu respeito \u00e0 luta comunit\u00e1ria. \u201cMuitas vezes quando chegamos em \u00f3rg\u00e3os p\u00fablicos, levando demandas do povo dos nossos bairros, n\u00e3o somos ouvidos ou levados a s\u00e9rio. Mas independente de qualquer coisa, o movimento comunit\u00e1rio vai resistir e n\u00e3o vai resistir ao grito dos autorit\u00e1rios\u201d, afirmou.<\/p>\n\n\n\n<p>O papel dos l\u00edderes comunit\u00e1rios na democracia participativa \u00e9 essencial, pois representam as necessidades e anseios das comunidades junto aos governos. Especialmente em \u00e1reas vulner\u00e1veis, sua atua\u00e7\u00e3o \u00e9 crucial para garantir acesso \u00e0s pol\u00edticas p\u00fablicas. &nbsp;No dia 5 de maio comemora-se o Dia Nacional do L\u00edder Comunit\u00e1rio.<br><br>Estiveram presentes na solenidade ainda o secret\u00e1rio adjunto do Gabinete Civil, Ivanilson de Souza Maia &#8211; representando o Governo do Estado; o ouvidor-geral do munic\u00edpio, S\u00e9rgio Alves dos Santos &#8211; representando a Prefeitura de Natal; o vereador Herbert Sena &#8211; representando a C\u00e2mara Municipal de Natal; o diretor-geral da Confedera\u00e7\u00e3o Nacional das Associa\u00e7\u00f5es de Moradores e Entidades Comunit\u00e1rias do Brasil, Italo Ricardo Leite Rocha, al\u00e9m de amigos e familiares dos homenageados.<\/p>\n\n\n\n<p><strong>Homenageados<\/strong><br>Diego Cajueiro Ara\u00fajo da Costa<br>Dinarte Torres Cruz<br>Edson Fernandes Gomes<br>Eliane Fernandes Silva Galv\u00e3o da Costa<br>Erinelson Silva de Morais<br>Ezequiel Borges de Morais<br>Ionillo Eder Ferreira Ribeiro<br>\u00cdtalo Ricardo Leite da Rocha<br>Jo\u00e3o Nunes Neto<br>Joaquim de Santana<br>Juliana Gomes Alves<br>Luciano Roberto do Nascimento<br>Marlene Nascimento Alves<br>Rosilane da Silva Aleixo<\/p>\n\n\n\n<p>Mat\u00e9ria publicada no <a href=\"https:\/\/fatorrrh.com.br\/2024\/05\/07\/lideres-comunitarios-do-rn-sao-homenageados-pela-assembleia-legislativa\/\">Blog Fator RH<\/a>. <\/p>\n","protected":false},"featured_media":6547,"parent":0,"template":"","class_list":["post-6601","news","type-news","status-publish","has-post-thumbnail","hentry"],"acf":[],"yoast_head":"<!-- This site is optimized with the Yoast SEO plugin v24.6 - https:\/\/yoast.com\/wordpress\/plugins\/seo\/ -->\n<title>L\u00edderes Comunit\u00e1rios do RN s\u00e3o homenageados pela Assembleia Legislativa - Ubaldo Fernandes<\/title>\n<meta name=\"robots\" content=\"index, follow, max-snippet:-1, max-image-preview:large, max-video-preview:-1\" \/>\n<link rel=\"canonical\" href=\"https:\/\/ubaldofernandes.com\/index.php\/news\/lideres-comunitarios-do-rn-sao-homenageados-pela-assembleia-legislativa-2\/\" \/>\n<meta property=\"og:locale\" content=\"pt_BR\" \/>\n<meta property=\"og:type\" content=\"article\" \/>\n<meta property=\"og:title\" content=\"L\u00edderes Comunit\u00e1rios do RN s\u00e3o homenageados pela Assembleia Legislativa - Ubaldo Fernandes\" \/>\n<meta property=\"og:description\" content=\"A Assembleia Legislativa do Rio Grande do Norte realizou na manh\u00e3 desta segunda-feira (06) uma sess\u00e3o solene em homenagem ao Dia do L\u00edder Comunit\u00e1rio no Estado. O evento foi uma proposi\u00e7\u00e3o do deputado Ubaldo Fernandes (PSDB) e subscrito pelos deputados Teresinha Maia (PL), Divaneide Bas\u00edlio (PT) e Hermano Morais (PV). Um total de 14 lideran\u00e7as [&hellip;]\" \/>\n<meta property=\"og:url\" content=\"https:\/\/ubaldofernandes.com\/index.php\/news\/lideres-comunitarios-do-rn-sao-homenageados-pela-assembleia-legislativa-2\/\" \/>\n<meta property=\"og:site_name\" content=\"Ubaldo Fernandes\" \/>\n<meta property=\"article:modified_time\" content=\"2024-05-09T17:33:22+00:00\" \/>\n<meta property=\"og:image\" content=\"https:\/\/ubaldofernandes.com\/wp-content\/uploads\/2024\/05\/2s6v6xONf6a1Cs3ijRBpGDImJDeL7pE75BEep17f-scaled.jpg\" \/>\n\t<meta property=\"og:image:width\" content=\"2560\" \/>\n\t<meta property=\"og:image:height\" content=\"1703\" \/>\n\t<meta property=\"og:image:type\" content=\"image\/jpeg\" \/>\n<meta name=\"twitter:card\" content=\"summary_large_image\" \/>\n<meta name=\"twitter:label1\" content=\"Est. tempo de leitura\" \/>\n\t<meta name=\"twitter:data1\" content=\"3 minutos\" \/>\n<script type=\"application\/ld+json\" class=\"yoast-schema-graph\">{\"@context\":\"https:\/\/schema.org\",\"@graph\":[{\"@type\":\"WebPage\",\"@id\":\"https:\/\/ubaldofernandes.com\/index.php\/news\/lideres-comunitarios-do-rn-sao-homenageados-pela-assembleia-legislativa-2\/\",\"url\":\"https:\/\/ubaldofernandes.com\/index.php\/news\/lideres-comunitarios-do-rn-sao-homenageados-pela-assembleia-legislativa-2\/\",\"name\":\"L\u00edderes Comunit\u00e1rios do RN s\u00e3o homenageados pela Assembleia Legislativa - Ubaldo Fernandes\",\"isPartOf\":{\"@id\":\"https:\/\/ubaldofernandes.com\/#website\"},\"primaryImageOfPage\":{\"@id\":\"https:\/\/ubaldofernandes.com\/index.php\/news\/lideres-comunitarios-do-rn-sao-homenageados-pela-assembleia-legislativa-2\/#primaryimage\"},\"image\":{\"@id\":\"https:\/\/ubaldofernandes.com\/index.php\/news\/lideres-comunitarios-do-rn-sao-homenageados-pela-assembleia-legislativa-2\/#primaryimage\"},\"thumbnailUrl\":\"https:\/\/ubaldofernandes.com\/wp-content\/uploads\/2024\/05\/2s6v6xONf6a1Cs3ijRBpGDImJDeL7pE75BEep17f-scaled.jpg\",\"datePublished\":\"2024-05-07T19:35:00+00:00\",\"dateModified\":\"2024-05-09T17:33:22+00:00\",\"breadcrumb\":{\"@id\":\"https:\/\/ubaldofernandes.com\/index.php\/news\/lideres-comunitarios-do-rn-sao-homenageados-pela-assembleia-legislativa-2\/#breadcrumb\"},\"inLanguage\":\"pt-BR\",\"potentialAction\":[{\"@type\":\"ReadAction\",\"target\":[\"https:\/\/ubaldofernandes.com\/index.php\/news\/lideres-comunitarios-do-rn-sao-homenageados-pela-assembleia-legislativa-2\/\"]}]},{\"@type\":\"ImageObject\",\"inLanguage\":\"pt-BR\",\"@id\":\"https:\/\/ubaldofernandes.com\/index.php\/news\/lideres-comunitarios-do-rn-sao-homenageados-pela-assembleia-legislativa-2\/#primaryimage\",\"url\":\"https:\/\/ubaldofernandes.com\/wp-content\/uploads\/2024\/05\/2s6v6xONf6a1Cs3ijRBpGDImJDeL7pE75BEep17f-scaled.jpg\",\"contentUrl\":\"https:\/\/ubaldofernandes.com\/wp-content\/uploads\/2024\/05\/2s6v6xONf6a1Cs3ijRBpGDImJDeL7pE75BEep17f-scaled.jpg\",\"width\":2560,\"height\":1703},{\"@type\":\"BreadcrumbList\",\"@id\":\"https:\/\/ubaldofernandes.com\/index.php\/news\/lideres-comunitarios-do-rn-sao-homenageados-pela-assembleia-legislativa-2\/#breadcrumb\",\"itemListElement\":[{\"@type\":\"ListItem\",\"position\":1,\"name\":\"In\u00edcio\",\"item\":\"https:\/\/ubaldofernandes.com\/\"},{\"@type\":\"ListItem\",\"position\":2,\"name\":\"Not\u00edcias\",\"item\":\"https:\/\/ubaldofernandes.com\/index.php\/news\/\"},{\"@type\":\"ListItem\",\"position\":3,\"name\":\"L\u00edderes Comunit\u00e1rios do RN s\u00e3o homenageados pela Assembleia Legislativa\"}]},{\"@type\":\"WebSite\",\"@id\":\"https:\/\/ubaldofernandes.com\/#website\",\"url\":\"https:\/\/ubaldofernandes.com\/\",\"name\":\"Ubaldo Fernandes\",\"description\":\"Deputado Estadual\",\"potentialAction\":[{\"@type\":\"SearchAction\",\"target\":{\"@type\":\"EntryPoint\",\"urlTemplate\":\"https:\/\/ubaldofernandes.com\/?s={search_term_string}\"},\"query-input\":{\"@type\":\"PropertyValueSpecification\",\"valueRequired\":true,\"valueName\":\"search_term_string\"}}],\"inLanguage\":\"pt-BR\"}]}<\/script>\n<!-- \/ Yoast SEO plugin. -->","yoast_head_json":{"title":"L\u00edderes Comunit\u00e1rios do RN s\u00e3o homenageados pela Assembleia Legislativa - Ubaldo Fernandes","robots":{"index":"index","follow":"follow","max-snippet":"max-snippet:-1","max-image-preview":"max-image-preview:large","max-video-preview":"max-video-preview:-1"},"canonical":"https:\/\/ubaldofernandes.com\/index.php\/news\/lideres-comunitarios-do-rn-sao-homenageados-pela-assembleia-legislativa-2\/","og_locale":"pt_BR","og_type":"article","og_title":"L\u00edderes Comunit\u00e1rios do RN s\u00e3o homenageados pela Assembleia Legislativa - Ubaldo Fernandes","og_description":"A Assembleia Legislativa do Rio Grande do Norte realizou na manh\u00e3 desta segunda-feira (06) uma sess\u00e3o solene em homenagem ao Dia do L\u00edder Comunit\u00e1rio no Estado. O evento foi uma proposi\u00e7\u00e3o do deputado Ubaldo Fernandes (PSDB) e subscrito pelos deputados Teresinha Maia (PL), Divaneide Bas\u00edlio (PT) e Hermano Morais (PV). Um total de 14 lideran\u00e7as [&hellip;]","og_url":"https:\/\/ubaldofernandes.com\/index.php\/news\/lideres-comunitarios-do-rn-sao-homenageados-pela-assembleia-legislativa-2\/","og_site_name":"Ubaldo Fernandes","article_modified_time":"2024-05-09T17:33:22+00:00","og_image":[{"width":2560,"height":1703,"url":"https:\/\/ubaldofernandes.com\/wp-content\/uploads\/2024\/05\/2s6v6xONf6a1Cs3ijRBpGDImJDeL7pE75BEep17f-scaled.jpg","type":"image\/jpeg"}],"twitter_card":"summary_large_image","twitter_misc":{"Est. tempo de leitura":"3 minutos"},"schema":{"@context":"https:\/\/schema.org","@graph":[{"@type":"WebPage","@id":"https:\/\/ubaldofernandes.com\/index.php\/news\/lideres-comunitarios-do-rn-sao-homenageados-pela-assembleia-legislativa-2\/","url":"https:\/\/ubaldofernandes.com\/index.php\/news\/lideres-comunitarios-do-rn-sao-homenageados-pela-assembleia-legislativa-2\/","name":"L\u00edderes Comunit\u00e1rios do RN s\u00e3o homenageados pela Assembleia Legislativa - Ubaldo Fernandes","isPartOf":{"@id":"https:\/\/ubaldofernandes.com\/#website"},"primaryImageOfPage":{"@id":"https:\/\/ubaldofernandes.com\/index.php\/news\/lideres-comunitarios-do-rn-sao-homenageados-pela-assembleia-legislativa-2\/#primaryimage"},"image":{"@id":"https:\/\/ubaldofernandes.com\/index.php\/news\/lideres-comunitarios-do-rn-sao-homenageados-pela-assembleia-legislativa-2\/#primaryimage"},"thumbnailUrl":"https:\/\/ubaldofernandes.com\/wp-content\/uploads\/2024\/05\/2s6v6xONf6a1Cs3ijRBpGDImJDeL7pE75BEep17f-scaled.jpg","datePublished":"2024-05-07T19:35:00+00:00","dateModified":"2024-05-09T17:33:22+00:00","breadcrumb":{"@id":"https:\/\/ubaldofernandes.com\/index.php\/news\/lideres-comunitarios-do-rn-sao-homenageados-pela-assembleia-legislativa-2\/#breadcrumb"},"inLanguage":"pt-BR","potentialAction":[{"@type":"ReadAction","target":["https:\/\/ubaldofernandes.com\/index.php\/news\/lideres-comunitarios-do-rn-sao-homenageados-pela-assembleia-legislativa-2\/"]}]},{"@type":"ImageObject","inLanguage":"pt-BR","@id":"https:\/\/ubaldofernandes.com\/index.php\/news\/lideres-comunitarios-do-rn-sao-homenageados-pela-assembleia-legislativa-2\/#primaryimage","url":"https:\/\/ubaldofernandes.com\/wp-content\/uploads\/2024\/05\/2s6v6xONf6a1Cs3ijRBpGDImJDeL7pE75BEep17f-scaled.jpg","contentUrl":"https:\/\/ubaldofernandes.com\/wp-content\/uploads\/2024\/05\/2s6v6xONf6a1Cs3ijRBpGDImJDeL7pE75BEep17f-scaled.jpg","width":2560,"height":1703},{"@type":"BreadcrumbList","@id":"https:\/\/ubaldofernandes.com\/index.php\/news\/lideres-comunitarios-do-rn-sao-homenageados-pela-assembleia-legislativa-2\/#breadcrumb","itemListElement":[{"@type":"ListItem","position":1,"name":"In\u00edcio","item":"https:\/\/ubaldofernandes.com\/"},{"@type":"ListItem","position":2,"name":"Not\u00edcias","item":"https:\/\/ubaldofernandes.com\/index.php\/news\/"},{"@type":"ListItem","position":3,"name":"L\u00edderes Comunit\u00e1rios do RN s\u00e3o homenageados pela Assembleia Legislativa"}]},{"@type":"WebSite","@id":"https:\/\/ubaldofernandes.com\/#website","url":"https:\/\/ubaldofernandes.com\/","name":"Ubaldo Fernandes","description":"Deputado Estadual","potentialAction":[{"@type":"SearchAction","target":{"@type":"EntryPoint","urlTemplate":"https:\/\/ubaldofernandes.com\/?s={search_term_string}"},"query-input":{"@type":"PropertyValueSpecification","valueRequired":true,"valueName":"search_term_string"}}],"inLanguage":"pt-BR"}]}},"_links":{"self":[{"href":"https:\/\/ubaldofernandes.com\/index.php\/wp-json\/wp\/v2\/news\/6601","targetHints":{"allow":["GET"]}}],"collection":[{"href":"https:\/\/ubaldofernandes.com\/index.php\/wp-json\/wp\/v2\/news"}],"about":[{"href":"https:\/\/ubaldofernandes.com\/index.php\/wp-json\/wp\/v2\/types\/news"}],"wp:featuredmedia":[{"embeddable":true,"href":"https:\/\/ubaldofernandes.com\/index.php\/wp-json\/wp\/v2\/media\/6547"}],"wp:attachment":[{"href":"https:\/\/ubaldofernandes.com\/index.php\/wp-json\/wp\/v2\/media?parent=6601"}],"curies":[{"name":"wp","href":"https:\/\/api.w.org\/{rel}","templated":true}]}}