{"id":6748,"date":"2024-06-04T13:07:00","date_gmt":"2024-06-04T16:07:00","guid":{"rendered":"https:\/\/ubaldofernandes.com\/?post_type=news&#038;p=6748"},"modified":"2024-06-06T14:09:34","modified_gmt":"2024-06-06T17:09:34","slug":"alrn-lei-garante-sinalizacao-tatil-e-sonora-em-elevadores-publicos-e-coletivos","status":"publish","type":"news","link":"https:\/\/ubaldofernandes.com\/index.php\/news\/alrn-lei-garante-sinalizacao-tatil-e-sonora-em-elevadores-publicos-e-coletivos\/","title":{"rendered":"ALRN: Lei garante sinaliza\u00e7\u00e3o t\u00e1til e sonora em elevadores p\u00fablicos e coletivos"},"content":{"rendered":"\n<p>Foi promulgada pelo Governo do Estado do Rio Grande do Norte a Lei n.\u00b0 11.772\/2024, de autoria do deputado Ubaldo Fernandes (PSDB), que estabelece a obrigatoriedade de sinaliza\u00e7\u00e3o t\u00e1til e sonora nos elevadores de edifica\u00e7\u00f5es de uso p\u00fablico ou coletivo.<\/p>\n\n\n\n<p>A medida visa garantir acessibilidade e seguran\u00e7a para pessoas com defici\u00eancia visual.<\/p>\n\n\n\n<p>Com a nova lei, os elevadores dever\u00e3o contar com sinaliza\u00e7\u00e3o sonora externa e interna, informando o andar e a dire\u00e7\u00e3o do movimento. Al\u00e9m disso, haver\u00e1 sinaliza\u00e7\u00e3o em Braille e t\u00e1til junto \u00e0s portas, assegurando que todos possam se locomover com mais autonomia e seguran\u00e7a.<\/p>\n\n\n\n<p>A legisla\u00e7\u00e3o especifica que a sinaliza\u00e7\u00e3o sonora deve informar em qual andar o usu\u00e1rio se encontra e a dire\u00e7\u00e3o do movimento do elevador. A sinaliza\u00e7\u00e3o em Braille ser\u00e1 situada junto \u00e0s botoeiras externas e internas, indicando os andares e dispositivos do equipamento. Adicionalmente, haver\u00e1 sinaliza\u00e7\u00e3o t\u00e1til de alerta e direcional junto \u00e0s portas dos elevadores.<\/p>\n\n\n\n<p>Os dispositivos de acessibilidade dever\u00e3o ser instalados conforme as normas t\u00e9cnicas da ABNT, e as empresas e administradoras respons\u00e1veis ter\u00e3o 36 meses para se adequarem \u00e0s novas exig\u00eancias. O descumprimento das normas acarretar\u00e1 advert\u00eancias e multas.<\/p>\n\n\n\n<p>\u201cEssa medida \u00e9 fundamental para garantir que todos os cidad\u00e3os, independentemente de suas condi\u00e7\u00f5es f\u00edsicas, possam acessar os servi\u00e7os e espa\u00e7os p\u00fablicos com seguran\u00e7a e dignidade,\u201d afirmou o deputado Ubaldo Fernandes.<\/p>\n\n\n\n<p>A nova lei, refor\u00e7a o parlamentar, representa um avan\u00e7o significativo na inclus\u00e3o social e na promo\u00e7\u00e3o da igualdade de oportunidades no Estado do Rio Grande do Norte, assegurando que pessoas com defici\u00eancia visual possam se deslocar de forma aut\u00f4noma e segura.<\/p>\n\n\n\n<p>Mat\u00e9ria publicada no <a href=\"https:\/\/pensenumanoticia.com.br\/alrn-lei-garante-sinalizacao-tatil-e-sonora-em-elevadores-publicos-e-coletivos\/\">Blog Pense Numa Not\u00edcia<\/a>.<\/p>\n","protected":false},"featured_media":6749,"parent":0,"template":"","class_list":["post-6748","news","type-news","status-publish","has-post-thumbnail","hentry"],"acf":[],"yoast_head":"<!-- This site is optimized with the Yoast SEO plugin v24.6 - https:\/\/yoast.com\/wordpress\/plugins\/seo\/ -->\n<title>ALRN: Lei garante sinaliza\u00e7\u00e3o t\u00e1til e sonora em elevadores p\u00fablicos e coletivos - Ubaldo Fernandes<\/title>\n<meta name=\"robots\" content=\"index, follow, max-snippet:-1, max-image-preview:large, max-video-preview:-1\" \/>\n<link rel=\"canonical\" href=\"https:\/\/ubaldofernandes.com\/index.php\/news\/alrn-lei-garante-sinalizacao-tatil-e-sonora-em-elevadores-publicos-e-coletivos\/\" \/>\n<meta property=\"og:locale\" content=\"pt_BR\" \/>\n<meta property=\"og:type\" content=\"article\" \/>\n<meta property=\"og:title\" content=\"ALRN: Lei garante sinaliza\u00e7\u00e3o t\u00e1til e sonora em elevadores p\u00fablicos e coletivos - Ubaldo Fernandes\" \/>\n<meta property=\"og:description\" content=\"Foi promulgada pelo Governo do Estado do Rio Grande do Norte a Lei n.\u00b0 11.772\/2024, de autoria do deputado Ubaldo Fernandes (PSDB), que estabelece a obrigatoriedade de sinaliza\u00e7\u00e3o t\u00e1til e sonora nos elevadores de edifica\u00e7\u00f5es de uso p\u00fablico ou coletivo. A medida visa garantir acessibilidade e seguran\u00e7a para pessoas com defici\u00eancia visual. Com a nova [&hellip;]\" \/>\n<meta property=\"og:url\" content=\"https:\/\/ubaldofernandes.com\/index.php\/news\/alrn-lei-garante-sinalizacao-tatil-e-sonora-em-elevadores-publicos-e-coletivos\/\" \/>\n<meta property=\"og:site_name\" content=\"Ubaldo Fernandes\" \/>\n<meta property=\"article:modified_time\" content=\"2024-06-06T17:09:34+00:00\" \/>\n<meta property=\"og:image\" content=\"https:\/\/ubaldofernandes.com\/wp-content\/uploads\/2024\/06\/alrn-ubaldo-1024x684-1.jpg\" \/>\n\t<meta property=\"og:image:width\" content=\"1024\" \/>\n\t<meta property=\"og:image:height\" content=\"684\" \/>\n\t<meta property=\"og:image:type\" content=\"image\/jpeg\" \/>\n<meta name=\"twitter:card\" content=\"summary_large_image\" \/>\n<meta name=\"twitter:label1\" content=\"Est. tempo de leitura\" \/>\n\t<meta name=\"twitter:data1\" content=\"2 minutos\" \/>\n<script type=\"application\/ld+json\" class=\"yoast-schema-graph\">{\"@context\":\"https:\/\/schema.org\",\"@graph\":[{\"@type\":\"WebPage\",\"@id\":\"https:\/\/ubaldofernandes.com\/index.php\/news\/alrn-lei-garante-sinalizacao-tatil-e-sonora-em-elevadores-publicos-e-coletivos\/\",\"url\":\"https:\/\/ubaldofernandes.com\/index.php\/news\/alrn-lei-garante-sinalizacao-tatil-e-sonora-em-elevadores-publicos-e-coletivos\/\",\"name\":\"ALRN: Lei garante sinaliza\u00e7\u00e3o t\u00e1til e sonora em elevadores p\u00fablicos e coletivos - Ubaldo Fernandes\",\"isPartOf\":{\"@id\":\"https:\/\/ubaldofernandes.com\/#website\"},\"primaryImageOfPage\":{\"@id\":\"https:\/\/ubaldofernandes.com\/index.php\/news\/alrn-lei-garante-sinalizacao-tatil-e-sonora-em-elevadores-publicos-e-coletivos\/#primaryimage\"},\"image\":{\"@id\":\"https:\/\/ubaldofernandes.com\/index.php\/news\/alrn-lei-garante-sinalizacao-tatil-e-sonora-em-elevadores-publicos-e-coletivos\/#primaryimage\"},\"thumbnailUrl\":\"https:\/\/ubaldofernandes.com\/wp-content\/uploads\/2024\/06\/alrn-ubaldo-1024x684-1.jpg\",\"datePublished\":\"2024-06-04T16:07:00+00:00\",\"dateModified\":\"2024-06-06T17:09:34+00:00\",\"breadcrumb\":{\"@id\":\"https:\/\/ubaldofernandes.com\/index.php\/news\/alrn-lei-garante-sinalizacao-tatil-e-sonora-em-elevadores-publicos-e-coletivos\/#breadcrumb\"},\"inLanguage\":\"pt-BR\",\"potentialAction\":[{\"@type\":\"ReadAction\",\"target\":[\"https:\/\/ubaldofernandes.com\/index.php\/news\/alrn-lei-garante-sinalizacao-tatil-e-sonora-em-elevadores-publicos-e-coletivos\/\"]}]},{\"@type\":\"ImageObject\",\"inLanguage\":\"pt-BR\",\"@id\":\"https:\/\/ubaldofernandes.com\/index.php\/news\/alrn-lei-garante-sinalizacao-tatil-e-sonora-em-elevadores-publicos-e-coletivos\/#primaryimage\",\"url\":\"https:\/\/ubaldofernandes.com\/wp-content\/uploads\/2024\/06\/alrn-ubaldo-1024x684-1.jpg\",\"contentUrl\":\"https:\/\/ubaldofernandes.com\/wp-content\/uploads\/2024\/06\/alrn-ubaldo-1024x684-1.jpg\",\"width\":1024,\"height\":684},{\"@type\":\"BreadcrumbList\",\"@id\":\"https:\/\/ubaldofernandes.com\/index.php\/news\/alrn-lei-garante-sinalizacao-tatil-e-sonora-em-elevadores-publicos-e-coletivos\/#breadcrumb\",\"itemListElement\":[{\"@type\":\"ListItem\",\"position\":1,\"name\":\"In\u00edcio\",\"item\":\"https:\/\/ubaldofernandes.com\/\"},{\"@type\":\"ListItem\",\"position\":2,\"name\":\"Not\u00edcias\",\"item\":\"https:\/\/ubaldofernandes.com\/index.php\/news\/\"},{\"@type\":\"ListItem\",\"position\":3,\"name\":\"ALRN: Lei garante sinaliza\u00e7\u00e3o t\u00e1til e sonora em elevadores p\u00fablicos e coletivos\"}]},{\"@type\":\"WebSite\",\"@id\":\"https:\/\/ubaldofernandes.com\/#website\",\"url\":\"https:\/\/ubaldofernandes.com\/\",\"name\":\"Ubaldo Fernandes\",\"description\":\"Deputado Estadual\",\"potentialAction\":[{\"@type\":\"SearchAction\",\"target\":{\"@type\":\"EntryPoint\",\"urlTemplate\":\"https:\/\/ubaldofernandes.com\/?s={search_term_string}\"},\"query-input\":{\"@type\":\"PropertyValueSpecification\",\"valueRequired\":true,\"valueName\":\"search_term_string\"}}],\"inLanguage\":\"pt-BR\"}]}<\/script>\n<!-- \/ Yoast SEO plugin. -->","yoast_head_json":{"title":"ALRN: Lei garante sinaliza\u00e7\u00e3o t\u00e1til e sonora em elevadores p\u00fablicos e coletivos - Ubaldo Fernandes","robots":{"index":"index","follow":"follow","max-snippet":"max-snippet:-1","max-image-preview":"max-image-preview:large","max-video-preview":"max-video-preview:-1"},"canonical":"https:\/\/ubaldofernandes.com\/index.php\/news\/alrn-lei-garante-sinalizacao-tatil-e-sonora-em-elevadores-publicos-e-coletivos\/","og_locale":"pt_BR","og_type":"article","og_title":"ALRN: Lei garante sinaliza\u00e7\u00e3o t\u00e1til e sonora em elevadores p\u00fablicos e coletivos - Ubaldo Fernandes","og_description":"Foi promulgada pelo Governo do Estado do Rio Grande do Norte a Lei n.\u00b0 11.772\/2024, de autoria do deputado Ubaldo Fernandes (PSDB), que estabelece a obrigatoriedade de sinaliza\u00e7\u00e3o t\u00e1til e sonora nos elevadores de edifica\u00e7\u00f5es de uso p\u00fablico ou coletivo. A medida visa garantir acessibilidade e seguran\u00e7a para pessoas com defici\u00eancia visual. Com a nova [&hellip;]","og_url":"https:\/\/ubaldofernandes.com\/index.php\/news\/alrn-lei-garante-sinalizacao-tatil-e-sonora-em-elevadores-publicos-e-coletivos\/","og_site_name":"Ubaldo Fernandes","article_modified_time":"2024-06-06T17:09:34+00:00","og_image":[{"width":1024,"height":684,"url":"https:\/\/ubaldofernandes.com\/wp-content\/uploads\/2024\/06\/alrn-ubaldo-1024x684-1.jpg","type":"image\/jpeg"}],"twitter_card":"summary_large_image","twitter_misc":{"Est. tempo de leitura":"2 minutos"},"schema":{"@context":"https:\/\/schema.org","@graph":[{"@type":"WebPage","@id":"https:\/\/ubaldofernandes.com\/index.php\/news\/alrn-lei-garante-sinalizacao-tatil-e-sonora-em-elevadores-publicos-e-coletivos\/","url":"https:\/\/ubaldofernandes.com\/index.php\/news\/alrn-lei-garante-sinalizacao-tatil-e-sonora-em-elevadores-publicos-e-coletivos\/","name":"ALRN: Lei garante sinaliza\u00e7\u00e3o t\u00e1til e sonora em elevadores p\u00fablicos e coletivos - Ubaldo Fernandes","isPartOf":{"@id":"https:\/\/ubaldofernandes.com\/#website"},"primaryImageOfPage":{"@id":"https:\/\/ubaldofernandes.com\/index.php\/news\/alrn-lei-garante-sinalizacao-tatil-e-sonora-em-elevadores-publicos-e-coletivos\/#primaryimage"},"image":{"@id":"https:\/\/ubaldofernandes.com\/index.php\/news\/alrn-lei-garante-sinalizacao-tatil-e-sonora-em-elevadores-publicos-e-coletivos\/#primaryimage"},"thumbnailUrl":"https:\/\/ubaldofernandes.com\/wp-content\/uploads\/2024\/06\/alrn-ubaldo-1024x684-1.jpg","datePublished":"2024-06-04T16:07:00+00:00","dateModified":"2024-06-06T17:09:34+00:00","breadcrumb":{"@id":"https:\/\/ubaldofernandes.com\/index.php\/news\/alrn-lei-garante-sinalizacao-tatil-e-sonora-em-elevadores-publicos-e-coletivos\/#breadcrumb"},"inLanguage":"pt-BR","potentialAction":[{"@type":"ReadAction","target":["https:\/\/ubaldofernandes.com\/index.php\/news\/alrn-lei-garante-sinalizacao-tatil-e-sonora-em-elevadores-publicos-e-coletivos\/"]}]},{"@type":"ImageObject","inLanguage":"pt-BR","@id":"https:\/\/ubaldofernandes.com\/index.php\/news\/alrn-lei-garante-sinalizacao-tatil-e-sonora-em-elevadores-publicos-e-coletivos\/#primaryimage","url":"https:\/\/ubaldofernandes.com\/wp-content\/uploads\/2024\/06\/alrn-ubaldo-1024x684-1.jpg","contentUrl":"https:\/\/ubaldofernandes.com\/wp-content\/uploads\/2024\/06\/alrn-ubaldo-1024x684-1.jpg","width":1024,"height":684},{"@type":"BreadcrumbList","@id":"https:\/\/ubaldofernandes.com\/index.php\/news\/alrn-lei-garante-sinalizacao-tatil-e-sonora-em-elevadores-publicos-e-coletivos\/#breadcrumb","itemListElement":[{"@type":"ListItem","position":1,"name":"In\u00edcio","item":"https:\/\/ubaldofernandes.com\/"},{"@type":"ListItem","position":2,"name":"Not\u00edcias","item":"https:\/\/ubaldofernandes.com\/index.php\/news\/"},{"@type":"ListItem","position":3,"name":"ALRN: Lei garante sinaliza\u00e7\u00e3o t\u00e1til e sonora em elevadores p\u00fablicos e coletivos"}]},{"@type":"WebSite","@id":"https:\/\/ubaldofernandes.com\/#website","url":"https:\/\/ubaldofernandes.com\/","name":"Ubaldo Fernandes","description":"Deputado Estadual","potentialAction":[{"@type":"SearchAction","target":{"@type":"EntryPoint","urlTemplate":"https:\/\/ubaldofernandes.com\/?s={search_term_string}"},"query-input":{"@type":"PropertyValueSpecification","valueRequired":true,"valueName":"search_term_string"}}],"inLanguage":"pt-BR"}]}},"_links":{"self":[{"href":"https:\/\/ubaldofernandes.com\/index.php\/wp-json\/wp\/v2\/news\/6748","targetHints":{"allow":["GET"]}}],"collection":[{"href":"https:\/\/ubaldofernandes.com\/index.php\/wp-json\/wp\/v2\/news"}],"about":[{"href":"https:\/\/ubaldofernandes.com\/index.php\/wp-json\/wp\/v2\/types\/news"}],"wp:featuredmedia":[{"embeddable":true,"href":"https:\/\/ubaldofernandes.com\/index.php\/wp-json\/wp\/v2\/media\/6749"}],"wp:attachment":[{"href":"https:\/\/ubaldofernandes.com\/index.php\/wp-json\/wp\/v2\/media?parent=6748"}],"curies":[{"name":"wp","href":"https:\/\/api.w.org\/{rel}","templated":true}]}}