{"id":6969,"date":"2024-07-31T17:07:00","date_gmt":"2024-07-31T20:07:00","guid":{"rendered":"https:\/\/ubaldofernandes.com\/?post_type=news&#038;p=6969"},"modified":"2024-08-05T15:27:20","modified_gmt":"2024-08-05T18:27:20","slug":"deputado-ubaldo-destaca-avancos-legislativos-e-acoes-comunitarias-2","status":"publish","type":"news","link":"https:\/\/ubaldofernandes.com\/index.php\/news\/deputado-ubaldo-destaca-avancos-legislativos-e-acoes-comunitarias-2\/","title":{"rendered":"Deputado Ubaldo destaca avan\u00e7os legislativos e a\u00e7\u00f5es comunit\u00e1rias"},"content":{"rendered":"\n<p>Em meio ao recesso legislativo da segunda quinzena de julho, o\u00a0<a href=\"https:\/\/agorarn.com.br\/ultimas\/ubaldo-audiencia-soluciona-alagamentos\/\">deputado estadual Ubaldo Fernandes\u00a0<\/a>destacou-se por um m\u00eas de grande produtividade, com avan\u00e7os significativos em v\u00e1rias \u00e1reas, desde a legisla\u00e7\u00e3o at\u00e9 o desenvolvimento comunit\u00e1rio e cultural. \u201cN\u00f3s n\u00e3o paramos. Tivemos um per\u00edodo de intensa atividade e realiza\u00e7\u00f5es, refor\u00e7ando nosso papel como um ativo defensor dos interesses das comunidades e da cultura potiguar\u201d, diz.<\/p>\n\n\n\n<p><strong>AVAN\u00c7OS LEGISLATIVOS<\/strong>. <\/p>\n\n\n\n<p>Na Comiss\u00e3o de Constitui\u00e7\u00e3o, Justi\u00e7a e Reda\u00e7\u00e3o, o deputado Ubaldo Fernandes obteve \u00eaxito na aprova\u00e7\u00e3o do Projeto de Lei n\u00ba 403\/2023, que cria o \u201cSelo AmigoPet\u201d, certificando estabelecimentos comerciais que aceitam animais de estima\u00e7\u00e3o. Al\u00e9m disso, foi aprovado tamb\u00e9m o Projeto de Lei n\u00ba 223\/2024, que reconhece a Associa\u00e7\u00e3o de Desenvolvimento Comunit\u00e1rio de S\u00edtio Luiza como de utilidade p\u00fablica estadual. Essa medida fortalecer\u00e1 o papel da associa\u00e7\u00e3o no desenvolvimento regional.<\/p>\n\n\n\n<p>A\u00a0<a rel=\"noreferrer noopener\" href=\"https:\/\/www.al.rn.leg.br\/\" target=\"_blank\">Assembleia Legislativa\u00a0<\/a>tamb\u00e9m aprovou mat\u00e9rias de iniciativa do Governo que o parlamentar faz quest\u00e3o de ressaltar que contribuiu, como a nova lei que elimina a cl\u00e1usula de barreira em concursos, garantindo que candidatos aprovados fora das vagas possam ser convocados conforme a necessidade do Estado. Al\u00e9m disso, tamb\u00e9m apoiou um projeto de lei complementar para valorizar e aprimorar as carreiras dos militares estaduais, promovendo justi\u00e7a e equidade para esses profissionais.<\/p>\n\n\n\n<p><strong>EMENDAS E INVESTIMENTOS<\/strong>. <\/p>\n\n\n\n<p>No in\u00edcio de julho, Ubaldo anunciou uma emenda de R$ 100 mil para o projeto \u201cNa Base da Bola\u201d em Macau, que promover\u00e1 futsal para jovens da regi\u00e3o. Fernandes tamb\u00e9m participou do 2\u00ba DigicomXP, no Teatro Riachuelo. \u201cTive prazer de subscrever o projeto de lei que regulamentou, em 2024, essa pr\u00e1tica esportiva. E, inclusive no pr\u00f3ximo ano \u2013 para dar sequ\u00eancia a essa parceria \u2013 vamos disponibilizar emenda parlamentar\u201d. Tamb\u00e9m apoiou a realiza\u00e7\u00e3o do 6\u00ba Motocross Trampolim da Vit\u00f3ria e anunciou R$ 170 mil em emendas para o capeamento asf\u00e1ltico de ruas em M\u00e3e Luiza. J\u00e1 a reforma da Quadra das Rocas est\u00e1 em fase final, gra\u00e7as a esfor\u00e7os conjuntos dele com o vereador Herberth Sena junto ao ex-senador Jean Paul Prates, que destinou a verba federal.<\/p>\n\n\n\n<p><strong>CULTURA E EVENTOS<\/strong>. <\/p>\n\n\n\n<p>No dia 25 de julho, o Teatro Alberto Maranh\u00e3o sediou o \u201cGrande Encontro do Brega\u201d, um ano ap\u00f3s a Lei de sua autoria que criou o Dia Estadual do Brega. Na ocasi\u00e3o, Ubaldo entregou o t\u00edtulo de cidad\u00e3o norte-rio-grandense ao cantor Jos\u00e9 Orlando. Vale frisar que em julho a Assembleia Legislativa aprovou a cria\u00e7\u00e3o da Secretaria de Estado de Cultura (Secult), que, segundo Ubaldo, marca um avan\u00e7o importante para a promo\u00e7\u00e3o da cultura potiguar.<\/p>\n\n\n\n<p><strong>ARTICULA\u00c7\u00d5ES E SOLU\u00c7\u00d5ES LOCAIS.<\/strong>\u00a0<\/p>\n\n\n\n<p>O deputado tamb\u00e9m esteve ativo em resolver quest\u00f5es locais, como os problemas de alagamentos na Comunidade Cavaco Chin\u00eas e a titula\u00e7\u00e3o de assentamentos em Flor\u00e2nia. Atuou junto ao DNIT para melhorar o acesso ao Instituto de Educa\u00e7\u00e3o do RN em Tangar\u00e1 e participou de v\u00e1rias reuni\u00f5es e audi\u00eancias com \u00f3rg\u00e3os p\u00fablicos para garantir solu\u00e7\u00f5es para quest\u00f5es regionais.<\/p>\n\n\n\n<p><strong>PARTICIPA\u00c7\u00c3O EM EVENTOS<\/strong>. <\/p>\n\n\n\n<p>Ubaldo Fernandes marcou presen\u00e7a em eventos importantes, como o arraial de Baixa do Meio em Guamar\u00e9, a Festa de Sant\u2019ana em Currais Novos, a 20\u00aa Caprifeira em Afonso Bezerra, e a Festa Jardim Junino em Jardim do Serid\u00f3. \u201cNossa presen\u00e7a nestes eventos destaca nosso compromisso com o desenvolvimento regional e a valoriza\u00e7\u00e3o das tradi\u00e7\u00f5es culturais\u201d.<\/p>\n\n\n\n<p>Mat\u00e9ria publicada no <a href=\"https:\/\/agorarn.com.br\/ultimas\/deputado-ubaldo-destaca-avancos-legislativos-e-acoes\/\">Portal Agora RN<\/a>. <\/p>\n","protected":false},"featured_media":6949,"parent":0,"template":"","class_list":["post-6969","news","type-news","status-publish","has-post-thumbnail","hentry"],"acf":[],"yoast_head":"<!-- This site is optimized with the Yoast SEO plugin v24.6 - https:\/\/yoast.com\/wordpress\/plugins\/seo\/ -->\n<title>Deputado Ubaldo destaca avan\u00e7os legislativos e a\u00e7\u00f5es comunit\u00e1rias - Ubaldo Fernandes<\/title>\n<meta name=\"robots\" content=\"index, follow, max-snippet:-1, max-image-preview:large, max-video-preview:-1\" \/>\n<link rel=\"canonical\" href=\"https:\/\/ubaldofernandes.com\/index.php\/news\/deputado-ubaldo-destaca-avancos-legislativos-e-acoes-comunitarias-2\/\" \/>\n<meta property=\"og:locale\" content=\"pt_BR\" \/>\n<meta property=\"og:type\" content=\"article\" \/>\n<meta property=\"og:title\" content=\"Deputado Ubaldo destaca avan\u00e7os legislativos e a\u00e7\u00f5es comunit\u00e1rias - Ubaldo Fernandes\" \/>\n<meta property=\"og:description\" content=\"Em meio ao recesso legislativo da segunda quinzena de julho, o\u00a0deputado estadual Ubaldo Fernandes\u00a0destacou-se por um m\u00eas de grande produtividade, com avan\u00e7os significativos em v\u00e1rias \u00e1reas, desde a legisla\u00e7\u00e3o at\u00e9 o desenvolvimento comunit\u00e1rio e cultural. \u201cN\u00f3s n\u00e3o paramos. Tivemos um per\u00edodo de intensa atividade e realiza\u00e7\u00f5es, refor\u00e7ando nosso papel como um ativo defensor dos interesses [&hellip;]\" \/>\n<meta property=\"og:url\" content=\"https:\/\/ubaldofernandes.com\/index.php\/news\/deputado-ubaldo-destaca-avancos-legislativos-e-acoes-comunitarias-2\/\" \/>\n<meta property=\"og:site_name\" content=\"Ubaldo Fernandes\" \/>\n<meta property=\"article:modified_time\" content=\"2024-08-05T18:27:20+00:00\" \/>\n<meta property=\"og:image\" content=\"https:\/\/ubaldofernandes.com\/wp-content\/uploads\/2024\/07\/WhatsApp-Image-2024-07-26-at-10.33.08-1-1.jpeg\" \/>\n\t<meta property=\"og:image:width\" content=\"1280\" \/>\n\t<meta property=\"og:image:height\" content=\"853\" \/>\n\t<meta property=\"og:image:type\" content=\"image\/jpeg\" \/>\n<meta name=\"twitter:card\" content=\"summary_large_image\" \/>\n<meta name=\"twitter:label1\" content=\"Est. tempo de leitura\" \/>\n\t<meta name=\"twitter:data1\" content=\"3 minutos\" \/>\n<script type=\"application\/ld+json\" class=\"yoast-schema-graph\">{\"@context\":\"https:\/\/schema.org\",\"@graph\":[{\"@type\":\"WebPage\",\"@id\":\"https:\/\/ubaldofernandes.com\/index.php\/news\/deputado-ubaldo-destaca-avancos-legislativos-e-acoes-comunitarias-2\/\",\"url\":\"https:\/\/ubaldofernandes.com\/index.php\/news\/deputado-ubaldo-destaca-avancos-legislativos-e-acoes-comunitarias-2\/\",\"name\":\"Deputado Ubaldo destaca avan\u00e7os legislativos e a\u00e7\u00f5es comunit\u00e1rias - Ubaldo Fernandes\",\"isPartOf\":{\"@id\":\"https:\/\/ubaldofernandes.com\/#website\"},\"primaryImageOfPage\":{\"@id\":\"https:\/\/ubaldofernandes.com\/index.php\/news\/deputado-ubaldo-destaca-avancos-legislativos-e-acoes-comunitarias-2\/#primaryimage\"},\"image\":{\"@id\":\"https:\/\/ubaldofernandes.com\/index.php\/news\/deputado-ubaldo-destaca-avancos-legislativos-e-acoes-comunitarias-2\/#primaryimage\"},\"thumbnailUrl\":\"https:\/\/ubaldofernandes.com\/wp-content\/uploads\/2024\/07\/WhatsApp-Image-2024-07-26-at-10.33.08-1-1.jpeg\",\"datePublished\":\"2024-07-31T20:07:00+00:00\",\"dateModified\":\"2024-08-05T18:27:20+00:00\",\"breadcrumb\":{\"@id\":\"https:\/\/ubaldofernandes.com\/index.php\/news\/deputado-ubaldo-destaca-avancos-legislativos-e-acoes-comunitarias-2\/#breadcrumb\"},\"inLanguage\":\"pt-BR\",\"potentialAction\":[{\"@type\":\"ReadAction\",\"target\":[\"https:\/\/ubaldofernandes.com\/index.php\/news\/deputado-ubaldo-destaca-avancos-legislativos-e-acoes-comunitarias-2\/\"]}]},{\"@type\":\"ImageObject\",\"inLanguage\":\"pt-BR\",\"@id\":\"https:\/\/ubaldofernandes.com\/index.php\/news\/deputado-ubaldo-destaca-avancos-legislativos-e-acoes-comunitarias-2\/#primaryimage\",\"url\":\"https:\/\/ubaldofernandes.com\/wp-content\/uploads\/2024\/07\/WhatsApp-Image-2024-07-26-at-10.33.08-1-1.jpeg\",\"contentUrl\":\"https:\/\/ubaldofernandes.com\/wp-content\/uploads\/2024\/07\/WhatsApp-Image-2024-07-26-at-10.33.08-1-1.jpeg\",\"width\":1280,\"height\":853},{\"@type\":\"BreadcrumbList\",\"@id\":\"https:\/\/ubaldofernandes.com\/index.php\/news\/deputado-ubaldo-destaca-avancos-legislativos-e-acoes-comunitarias-2\/#breadcrumb\",\"itemListElement\":[{\"@type\":\"ListItem\",\"position\":1,\"name\":\"In\u00edcio\",\"item\":\"https:\/\/ubaldofernandes.com\/\"},{\"@type\":\"ListItem\",\"position\":2,\"name\":\"Not\u00edcias\",\"item\":\"https:\/\/ubaldofernandes.com\/index.php\/news\/\"},{\"@type\":\"ListItem\",\"position\":3,\"name\":\"Deputado Ubaldo destaca avan\u00e7os legislativos e a\u00e7\u00f5es comunit\u00e1rias\"}]},{\"@type\":\"WebSite\",\"@id\":\"https:\/\/ubaldofernandes.com\/#website\",\"url\":\"https:\/\/ubaldofernandes.com\/\",\"name\":\"Ubaldo Fernandes\",\"description\":\"Deputado Estadual\",\"potentialAction\":[{\"@type\":\"SearchAction\",\"target\":{\"@type\":\"EntryPoint\",\"urlTemplate\":\"https:\/\/ubaldofernandes.com\/?s={search_term_string}\"},\"query-input\":{\"@type\":\"PropertyValueSpecification\",\"valueRequired\":true,\"valueName\":\"search_term_string\"}}],\"inLanguage\":\"pt-BR\"}]}<\/script>\n<!-- \/ Yoast SEO plugin. -->","yoast_head_json":{"title":"Deputado Ubaldo destaca avan\u00e7os legislativos e a\u00e7\u00f5es comunit\u00e1rias - Ubaldo Fernandes","robots":{"index":"index","follow":"follow","max-snippet":"max-snippet:-1","max-image-preview":"max-image-preview:large","max-video-preview":"max-video-preview:-1"},"canonical":"https:\/\/ubaldofernandes.com\/index.php\/news\/deputado-ubaldo-destaca-avancos-legislativos-e-acoes-comunitarias-2\/","og_locale":"pt_BR","og_type":"article","og_title":"Deputado Ubaldo destaca avan\u00e7os legislativos e a\u00e7\u00f5es comunit\u00e1rias - Ubaldo Fernandes","og_description":"Em meio ao recesso legislativo da segunda quinzena de julho, o\u00a0deputado estadual Ubaldo Fernandes\u00a0destacou-se por um m\u00eas de grande produtividade, com avan\u00e7os significativos em v\u00e1rias \u00e1reas, desde a legisla\u00e7\u00e3o at\u00e9 o desenvolvimento comunit\u00e1rio e cultural. \u201cN\u00f3s n\u00e3o paramos. Tivemos um per\u00edodo de intensa atividade e realiza\u00e7\u00f5es, refor\u00e7ando nosso papel como um ativo defensor dos interesses [&hellip;]","og_url":"https:\/\/ubaldofernandes.com\/index.php\/news\/deputado-ubaldo-destaca-avancos-legislativos-e-acoes-comunitarias-2\/","og_site_name":"Ubaldo Fernandes","article_modified_time":"2024-08-05T18:27:20+00:00","og_image":[{"width":1280,"height":853,"url":"https:\/\/ubaldofernandes.com\/wp-content\/uploads\/2024\/07\/WhatsApp-Image-2024-07-26-at-10.33.08-1-1.jpeg","type":"image\/jpeg"}],"twitter_card":"summary_large_image","twitter_misc":{"Est. tempo de leitura":"3 minutos"},"schema":{"@context":"https:\/\/schema.org","@graph":[{"@type":"WebPage","@id":"https:\/\/ubaldofernandes.com\/index.php\/news\/deputado-ubaldo-destaca-avancos-legislativos-e-acoes-comunitarias-2\/","url":"https:\/\/ubaldofernandes.com\/index.php\/news\/deputado-ubaldo-destaca-avancos-legislativos-e-acoes-comunitarias-2\/","name":"Deputado Ubaldo destaca avan\u00e7os legislativos e a\u00e7\u00f5es comunit\u00e1rias - Ubaldo Fernandes","isPartOf":{"@id":"https:\/\/ubaldofernandes.com\/#website"},"primaryImageOfPage":{"@id":"https:\/\/ubaldofernandes.com\/index.php\/news\/deputado-ubaldo-destaca-avancos-legislativos-e-acoes-comunitarias-2\/#primaryimage"},"image":{"@id":"https:\/\/ubaldofernandes.com\/index.php\/news\/deputado-ubaldo-destaca-avancos-legislativos-e-acoes-comunitarias-2\/#primaryimage"},"thumbnailUrl":"https:\/\/ubaldofernandes.com\/wp-content\/uploads\/2024\/07\/WhatsApp-Image-2024-07-26-at-10.33.08-1-1.jpeg","datePublished":"2024-07-31T20:07:00+00:00","dateModified":"2024-08-05T18:27:20+00:00","breadcrumb":{"@id":"https:\/\/ubaldofernandes.com\/index.php\/news\/deputado-ubaldo-destaca-avancos-legislativos-e-acoes-comunitarias-2\/#breadcrumb"},"inLanguage":"pt-BR","potentialAction":[{"@type":"ReadAction","target":["https:\/\/ubaldofernandes.com\/index.php\/news\/deputado-ubaldo-destaca-avancos-legislativos-e-acoes-comunitarias-2\/"]}]},{"@type":"ImageObject","inLanguage":"pt-BR","@id":"https:\/\/ubaldofernandes.com\/index.php\/news\/deputado-ubaldo-destaca-avancos-legislativos-e-acoes-comunitarias-2\/#primaryimage","url":"https:\/\/ubaldofernandes.com\/wp-content\/uploads\/2024\/07\/WhatsApp-Image-2024-07-26-at-10.33.08-1-1.jpeg","contentUrl":"https:\/\/ubaldofernandes.com\/wp-content\/uploads\/2024\/07\/WhatsApp-Image-2024-07-26-at-10.33.08-1-1.jpeg","width":1280,"height":853},{"@type":"BreadcrumbList","@id":"https:\/\/ubaldofernandes.com\/index.php\/news\/deputado-ubaldo-destaca-avancos-legislativos-e-acoes-comunitarias-2\/#breadcrumb","itemListElement":[{"@type":"ListItem","position":1,"name":"In\u00edcio","item":"https:\/\/ubaldofernandes.com\/"},{"@type":"ListItem","position":2,"name":"Not\u00edcias","item":"https:\/\/ubaldofernandes.com\/index.php\/news\/"},{"@type":"ListItem","position":3,"name":"Deputado Ubaldo destaca avan\u00e7os legislativos e a\u00e7\u00f5es comunit\u00e1rias"}]},{"@type":"WebSite","@id":"https:\/\/ubaldofernandes.com\/#website","url":"https:\/\/ubaldofernandes.com\/","name":"Ubaldo Fernandes","description":"Deputado Estadual","potentialAction":[{"@type":"SearchAction","target":{"@type":"EntryPoint","urlTemplate":"https:\/\/ubaldofernandes.com\/?s={search_term_string}"},"query-input":{"@type":"PropertyValueSpecification","valueRequired":true,"valueName":"search_term_string"}}],"inLanguage":"pt-BR"}]}},"_links":{"self":[{"href":"https:\/\/ubaldofernandes.com\/index.php\/wp-json\/wp\/v2\/news\/6969","targetHints":{"allow":["GET"]}}],"collection":[{"href":"https:\/\/ubaldofernandes.com\/index.php\/wp-json\/wp\/v2\/news"}],"about":[{"href":"https:\/\/ubaldofernandes.com\/index.php\/wp-json\/wp\/v2\/types\/news"}],"wp:featuredmedia":[{"embeddable":true,"href":"https:\/\/ubaldofernandes.com\/index.php\/wp-json\/wp\/v2\/media\/6949"}],"wp:attachment":[{"href":"https:\/\/ubaldofernandes.com\/index.php\/wp-json\/wp\/v2\/media?parent=6969"}],"curies":[{"name":"wp","href":"https:\/\/api.w.org\/{rel}","templated":true}]}}