{"id":6981,"date":"2024-08-08T21:15:00","date_gmt":"2024-08-09T00:15:00","guid":{"rendered":"https:\/\/ubaldofernandes.com\/?post_type=news&#038;p=6981"},"modified":"2024-08-12T14:22:47","modified_gmt":"2024-08-12T17:22:47","slug":"monsenhor-flavio-medeiros-e-homenageado-pela-assembleia-legislativa","status":"publish","type":"news","link":"https:\/\/ubaldofernandes.com\/index.php\/news\/monsenhor-flavio-medeiros-e-homenageado-pela-assembleia-legislativa\/","title":{"rendered":"Monsenhor Fl\u00e1vio Medeiros \u00e9 homenageado pela Assembleia Legislativa"},"content":{"rendered":"\n<p>A Assembleia Legislativa do Rio Grande do Norte homenageou o Monsenhor Fl\u00e1vio Medeiros com a Medalha do M\u00e9rito Legislativo.&nbsp;<\/p>\n\n\n\n<p>A entrega da medalha aconteceu hoje no Centro Pastoral C\u00f4nego Deoclides de Brito Diniz, na cidade de Acari.<\/p>\n\n\n\n<p>A medalha \u00e9 a mais alta honraria concedida pelo poder legislativo estadual.&nbsp;<\/p>\n\n\n\n<p>Monsenhor Fl\u00e1vio \u00e9 do clero da Arquidiocese de Natal, h\u00e1 v\u00e1rios anos reside em Roma e est\u00e1 a servi\u00e7o da Bas\u00edlica de S\u00e3o Pedro.<\/p>\n\n\n\n<p>\u00c9 uma pessoa diferenciada. Homenagem justa e merecida.<\/p>\n\n\n\n<p>Mat\u00e9ria publicada no <a href=\"https:\/\/gustavonegreiros.com.br\/2024\/8\/8\/monsenhor-flavio-medeiros-e-homenageado-pela-assembleia-legislativa\/135243\">Blog Gustavo Negreiros<\/a>.<\/p>\n","protected":false},"featured_media":6982,"parent":0,"template":"","class_list":["post-6981","news","type-news","status-publish","has-post-thumbnail","hentry"],"acf":[],"yoast_head":"<!-- This site is optimized with the Yoast SEO plugin v24.6 - https:\/\/yoast.com\/wordpress\/plugins\/seo\/ -->\n<title>Monsenhor Fl\u00e1vio Medeiros \u00e9 homenageado pela Assembleia Legislativa - Ubaldo Fernandes<\/title>\n<meta name=\"robots\" content=\"index, follow, max-snippet:-1, max-image-preview:large, max-video-preview:-1\" \/>\n<link rel=\"canonical\" href=\"https:\/\/ubaldofernandes.com\/index.php\/news\/monsenhor-flavio-medeiros-e-homenageado-pela-assembleia-legislativa\/\" \/>\n<meta property=\"og:locale\" content=\"pt_BR\" \/>\n<meta property=\"og:type\" content=\"article\" \/>\n<meta property=\"og:title\" content=\"Monsenhor Fl\u00e1vio Medeiros \u00e9 homenageado pela Assembleia Legislativa - Ubaldo Fernandes\" \/>\n<meta property=\"og:description\" content=\"A Assembleia Legislativa do Rio Grande do Norte homenageou o Monsenhor Fl\u00e1vio Medeiros com a Medalha do M\u00e9rito Legislativo.&nbsp; A entrega da medalha aconteceu hoje no Centro Pastoral C\u00f4nego Deoclides de Brito Diniz, na cidade de Acari. A medalha \u00e9 a mais alta honraria concedida pelo poder legislativo estadual.&nbsp; Monsenhor Fl\u00e1vio \u00e9 do clero da [&hellip;]\" \/>\n<meta property=\"og:url\" content=\"https:\/\/ubaldofernandes.com\/index.php\/news\/monsenhor-flavio-medeiros-e-homenageado-pela-assembleia-legislativa\/\" \/>\n<meta property=\"og:site_name\" content=\"Ubaldo Fernandes\" \/>\n<meta property=\"article:modified_time\" content=\"2024-08-12T17:22:47+00:00\" \/>\n<meta property=\"og:image\" content=\"https:\/\/ubaldofernandes.com\/wp-content\/uploads\/2024\/08\/Monsenhor.jpg\" \/>\n\t<meta property=\"og:image:width\" content=\"583\" \/>\n\t<meta property=\"og:image:height\" content=\"420\" \/>\n\t<meta property=\"og:image:type\" content=\"image\/jpeg\" \/>\n<meta name=\"twitter:card\" content=\"summary_large_image\" \/>\n<script type=\"application\/ld+json\" class=\"yoast-schema-graph\">{\"@context\":\"https:\/\/schema.org\",\"@graph\":[{\"@type\":\"WebPage\",\"@id\":\"https:\/\/ubaldofernandes.com\/index.php\/news\/monsenhor-flavio-medeiros-e-homenageado-pela-assembleia-legislativa\/\",\"url\":\"https:\/\/ubaldofernandes.com\/index.php\/news\/monsenhor-flavio-medeiros-e-homenageado-pela-assembleia-legislativa\/\",\"name\":\"Monsenhor Fl\u00e1vio Medeiros \u00e9 homenageado pela Assembleia Legislativa - Ubaldo Fernandes\",\"isPartOf\":{\"@id\":\"https:\/\/ubaldofernandes.com\/#website\"},\"primaryImageOfPage\":{\"@id\":\"https:\/\/ubaldofernandes.com\/index.php\/news\/monsenhor-flavio-medeiros-e-homenageado-pela-assembleia-legislativa\/#primaryimage\"},\"image\":{\"@id\":\"https:\/\/ubaldofernandes.com\/index.php\/news\/monsenhor-flavio-medeiros-e-homenageado-pela-assembleia-legislativa\/#primaryimage\"},\"thumbnailUrl\":\"https:\/\/ubaldofernandes.com\/wp-content\/uploads\/2024\/08\/Monsenhor.jpg\",\"datePublished\":\"2024-08-09T00:15:00+00:00\",\"dateModified\":\"2024-08-12T17:22:47+00:00\",\"breadcrumb\":{\"@id\":\"https:\/\/ubaldofernandes.com\/index.php\/news\/monsenhor-flavio-medeiros-e-homenageado-pela-assembleia-legislativa\/#breadcrumb\"},\"inLanguage\":\"pt-BR\",\"potentialAction\":[{\"@type\":\"ReadAction\",\"target\":[\"https:\/\/ubaldofernandes.com\/index.php\/news\/monsenhor-flavio-medeiros-e-homenageado-pela-assembleia-legislativa\/\"]}]},{\"@type\":\"ImageObject\",\"inLanguage\":\"pt-BR\",\"@id\":\"https:\/\/ubaldofernandes.com\/index.php\/news\/monsenhor-flavio-medeiros-e-homenageado-pela-assembleia-legislativa\/#primaryimage\",\"url\":\"https:\/\/ubaldofernandes.com\/wp-content\/uploads\/2024\/08\/Monsenhor.jpg\",\"contentUrl\":\"https:\/\/ubaldofernandes.com\/wp-content\/uploads\/2024\/08\/Monsenhor.jpg\",\"width\":583,\"height\":420},{\"@type\":\"BreadcrumbList\",\"@id\":\"https:\/\/ubaldofernandes.com\/index.php\/news\/monsenhor-flavio-medeiros-e-homenageado-pela-assembleia-legislativa\/#breadcrumb\",\"itemListElement\":[{\"@type\":\"ListItem\",\"position\":1,\"name\":\"In\u00edcio\",\"item\":\"https:\/\/ubaldofernandes.com\/\"},{\"@type\":\"ListItem\",\"position\":2,\"name\":\"Not\u00edcias\",\"item\":\"https:\/\/ubaldofernandes.com\/index.php\/news\/\"},{\"@type\":\"ListItem\",\"position\":3,\"name\":\"Monsenhor Fl\u00e1vio Medeiros \u00e9 homenageado pela Assembleia Legislativa\"}]},{\"@type\":\"WebSite\",\"@id\":\"https:\/\/ubaldofernandes.com\/#website\",\"url\":\"https:\/\/ubaldofernandes.com\/\",\"name\":\"Ubaldo Fernandes\",\"description\":\"Deputado Estadual\",\"potentialAction\":[{\"@type\":\"SearchAction\",\"target\":{\"@type\":\"EntryPoint\",\"urlTemplate\":\"https:\/\/ubaldofernandes.com\/?s={search_term_string}\"},\"query-input\":{\"@type\":\"PropertyValueSpecification\",\"valueRequired\":true,\"valueName\":\"search_term_string\"}}],\"inLanguage\":\"pt-BR\"}]}<\/script>\n<!-- \/ Yoast SEO plugin. -->","yoast_head_json":{"title":"Monsenhor Fl\u00e1vio Medeiros \u00e9 homenageado pela Assembleia Legislativa - Ubaldo Fernandes","robots":{"index":"index","follow":"follow","max-snippet":"max-snippet:-1","max-image-preview":"max-image-preview:large","max-video-preview":"max-video-preview:-1"},"canonical":"https:\/\/ubaldofernandes.com\/index.php\/news\/monsenhor-flavio-medeiros-e-homenageado-pela-assembleia-legislativa\/","og_locale":"pt_BR","og_type":"article","og_title":"Monsenhor Fl\u00e1vio Medeiros \u00e9 homenageado pela Assembleia Legislativa - Ubaldo Fernandes","og_description":"A Assembleia Legislativa do Rio Grande do Norte homenageou o Monsenhor Fl\u00e1vio Medeiros com a Medalha do M\u00e9rito Legislativo.&nbsp; A entrega da medalha aconteceu hoje no Centro Pastoral C\u00f4nego Deoclides de Brito Diniz, na cidade de Acari. A medalha \u00e9 a mais alta honraria concedida pelo poder legislativo estadual.&nbsp; Monsenhor Fl\u00e1vio \u00e9 do clero da [&hellip;]","og_url":"https:\/\/ubaldofernandes.com\/index.php\/news\/monsenhor-flavio-medeiros-e-homenageado-pela-assembleia-legislativa\/","og_site_name":"Ubaldo Fernandes","article_modified_time":"2024-08-12T17:22:47+00:00","og_image":[{"width":583,"height":420,"url":"https:\/\/ubaldofernandes.com\/wp-content\/uploads\/2024\/08\/Monsenhor.jpg","type":"image\/jpeg"}],"twitter_card":"summary_large_image","schema":{"@context":"https:\/\/schema.org","@graph":[{"@type":"WebPage","@id":"https:\/\/ubaldofernandes.com\/index.php\/news\/monsenhor-flavio-medeiros-e-homenageado-pela-assembleia-legislativa\/","url":"https:\/\/ubaldofernandes.com\/index.php\/news\/monsenhor-flavio-medeiros-e-homenageado-pela-assembleia-legislativa\/","name":"Monsenhor Fl\u00e1vio Medeiros \u00e9 homenageado pela Assembleia Legislativa - Ubaldo Fernandes","isPartOf":{"@id":"https:\/\/ubaldofernandes.com\/#website"},"primaryImageOfPage":{"@id":"https:\/\/ubaldofernandes.com\/index.php\/news\/monsenhor-flavio-medeiros-e-homenageado-pela-assembleia-legislativa\/#primaryimage"},"image":{"@id":"https:\/\/ubaldofernandes.com\/index.php\/news\/monsenhor-flavio-medeiros-e-homenageado-pela-assembleia-legislativa\/#primaryimage"},"thumbnailUrl":"https:\/\/ubaldofernandes.com\/wp-content\/uploads\/2024\/08\/Monsenhor.jpg","datePublished":"2024-08-09T00:15:00+00:00","dateModified":"2024-08-12T17:22:47+00:00","breadcrumb":{"@id":"https:\/\/ubaldofernandes.com\/index.php\/news\/monsenhor-flavio-medeiros-e-homenageado-pela-assembleia-legislativa\/#breadcrumb"},"inLanguage":"pt-BR","potentialAction":[{"@type":"ReadAction","target":["https:\/\/ubaldofernandes.com\/index.php\/news\/monsenhor-flavio-medeiros-e-homenageado-pela-assembleia-legislativa\/"]}]},{"@type":"ImageObject","inLanguage":"pt-BR","@id":"https:\/\/ubaldofernandes.com\/index.php\/news\/monsenhor-flavio-medeiros-e-homenageado-pela-assembleia-legislativa\/#primaryimage","url":"https:\/\/ubaldofernandes.com\/wp-content\/uploads\/2024\/08\/Monsenhor.jpg","contentUrl":"https:\/\/ubaldofernandes.com\/wp-content\/uploads\/2024\/08\/Monsenhor.jpg","width":583,"height":420},{"@type":"BreadcrumbList","@id":"https:\/\/ubaldofernandes.com\/index.php\/news\/monsenhor-flavio-medeiros-e-homenageado-pela-assembleia-legislativa\/#breadcrumb","itemListElement":[{"@type":"ListItem","position":1,"name":"In\u00edcio","item":"https:\/\/ubaldofernandes.com\/"},{"@type":"ListItem","position":2,"name":"Not\u00edcias","item":"https:\/\/ubaldofernandes.com\/index.php\/news\/"},{"@type":"ListItem","position":3,"name":"Monsenhor Fl\u00e1vio Medeiros \u00e9 homenageado pela Assembleia Legislativa"}]},{"@type":"WebSite","@id":"https:\/\/ubaldofernandes.com\/#website","url":"https:\/\/ubaldofernandes.com\/","name":"Ubaldo Fernandes","description":"Deputado Estadual","potentialAction":[{"@type":"SearchAction","target":{"@type":"EntryPoint","urlTemplate":"https:\/\/ubaldofernandes.com\/?s={search_term_string}"},"query-input":{"@type":"PropertyValueSpecification","valueRequired":true,"valueName":"search_term_string"}}],"inLanguage":"pt-BR"}]}},"_links":{"self":[{"href":"https:\/\/ubaldofernandes.com\/index.php\/wp-json\/wp\/v2\/news\/6981","targetHints":{"allow":["GET"]}}],"collection":[{"href":"https:\/\/ubaldofernandes.com\/index.php\/wp-json\/wp\/v2\/news"}],"about":[{"href":"https:\/\/ubaldofernandes.com\/index.php\/wp-json\/wp\/v2\/types\/news"}],"wp:featuredmedia":[{"embeddable":true,"href":"https:\/\/ubaldofernandes.com\/index.php\/wp-json\/wp\/v2\/media\/6982"}],"wp:attachment":[{"href":"https:\/\/ubaldofernandes.com\/index.php\/wp-json\/wp\/v2\/media?parent=6981"}],"curies":[{"name":"wp","href":"https:\/\/api.w.org\/{rel}","templated":true}]}}