{"id":6988,"date":"2024-08-14T13:20:00","date_gmt":"2024-08-14T16:20:00","guid":{"rendered":"https:\/\/ubaldofernandes.com\/?post_type=news&#038;p=6988"},"modified":"2024-08-22T15:16:25","modified_gmt":"2024-08-22T18:16:25","slug":"projeto-propoe-vagas-de-emprego-para-pessoas-em-situacao-de-rua-e-apatridas-em-empresas-que-recebam-incentivos-fiscais","status":"publish","type":"news","link":"https:\/\/ubaldofernandes.com\/index.php\/news\/projeto-propoe-vagas-de-emprego-para-pessoas-em-situacao-de-rua-e-apatridas-em-empresas-que-recebam-incentivos-fiscais\/","title":{"rendered":"Projeto prop\u00f5e vagas de emprego para pessoas em situa\u00e7\u00e3o de rua e ap\u00e1tridas, em empresas que recebam incentivos fiscais"},"content":{"rendered":"\n<p>Projetos de Lei do deputado&nbsp;<a href=\"https:\/\/www.rosaliearruda.com\/search?q=ubaldo+fernandes\">Ubaldo Fernandes<\/a>&nbsp;(PSDB) prop\u00f5em que as empresas privadas que recebam incentivos fiscais do Governo do RN e\/ou que mantenham conv\u00eanios, contratos ou parcerias com \u00f3rg\u00e3os do poder p\u00fablico estadual dever\u00e3o reservar, no m\u00ednimo, 5% (cinco por cento) de suas vagas de emprego para&nbsp;<a href=\"https:\/\/www.rosaliearruda.com\/search?q=situa%C3%A7%C3%A3o+de+rua\">pessoas em situa\u00e7\u00e3o de rua<\/a>&nbsp;e&nbsp;5% (cinco por cento)&nbsp;para&nbsp;<a href=\"https:\/\/www.rosaliearruda.com\/search?q=ap%C3%A1tridas\">refugiados e ap\u00e1tridas<\/a>.<\/p>\n\n\n\n<p>Segundo o deputado, o projeto de lei tem o objetivo de &#8220;ajudar as pessoas que est\u00e3o em situa\u00e7\u00e3o de rua a conseguirem um emprego e, assim, melhorar a condi\u00e7\u00e3o de suas vidas e fam\u00edlias&#8221;.<\/p>\n\n\n\n<p>Mat\u00e9ria publicada no <a href=\"https:\/\/www.rosaliearruda.com\/2024\/08\/projeto-propoe-5-de-vagas-de-emprego.html\">Blog Rosalie Arruda<\/a>. <\/p>\n\n\n\n<p><\/p>\n","protected":false},"featured_media":6989,"parent":0,"template":"","class_list":["post-6988","news","type-news","status-publish","has-post-thumbnail","hentry"],"acf":[],"yoast_head":"<!-- This site is optimized with the Yoast SEO plugin v24.6 - https:\/\/yoast.com\/wordpress\/plugins\/seo\/ -->\n<title>Projeto prop\u00f5e vagas de emprego para pessoas em situa\u00e7\u00e3o de rua e ap\u00e1tridas, em empresas que recebam incentivos fiscais - Ubaldo Fernandes<\/title>\n<meta name=\"robots\" content=\"index, follow, max-snippet:-1, max-image-preview:large, max-video-preview:-1\" \/>\n<link rel=\"canonical\" href=\"https:\/\/ubaldofernandes.com\/index.php\/news\/projeto-propoe-vagas-de-emprego-para-pessoas-em-situacao-de-rua-e-apatridas-em-empresas-que-recebam-incentivos-fiscais\/\" \/>\n<meta property=\"og:locale\" content=\"pt_BR\" \/>\n<meta property=\"og:type\" content=\"article\" \/>\n<meta property=\"og:title\" content=\"Projeto prop\u00f5e vagas de emprego para pessoas em situa\u00e7\u00e3o de rua e ap\u00e1tridas, em empresas que recebam incentivos fiscais - Ubaldo Fernandes\" \/>\n<meta property=\"og:description\" content=\"Projetos de Lei do deputado&nbsp;Ubaldo Fernandes&nbsp;(PSDB) prop\u00f5em que as empresas privadas que recebam incentivos fiscais do Governo do RN e\/ou que mantenham conv\u00eanios, contratos ou parcerias com \u00f3rg\u00e3os do poder p\u00fablico estadual dever\u00e3o reservar, no m\u00ednimo, 5% (cinco por cento) de suas vagas de emprego para&nbsp;pessoas em situa\u00e7\u00e3o de rua&nbsp;e&nbsp;5% (cinco por cento)&nbsp;para&nbsp;refugiados e ap\u00e1tridas. [&hellip;]\" \/>\n<meta property=\"og:url\" content=\"https:\/\/ubaldofernandes.com\/index.php\/news\/projeto-propoe-vagas-de-emprego-para-pessoas-em-situacao-de-rua-e-apatridas-em-empresas-que-recebam-incentivos-fiscais\/\" \/>\n<meta property=\"og:site_name\" content=\"Ubaldo Fernandes\" \/>\n<meta property=\"article:modified_time\" content=\"2024-08-22T18:16:25+00:00\" \/>\n<meta property=\"og:image\" content=\"https:\/\/ubaldofernandes.com\/wp-content\/uploads\/2024\/08\/WhatsApp-Image-2022-05-28-at-20.03.59-930x524-1.webp\" \/>\n\t<meta property=\"og:image:width\" content=\"930\" \/>\n\t<meta property=\"og:image:height\" content=\"524\" \/>\n\t<meta property=\"og:image:type\" content=\"image\/webp\" \/>\n<meta name=\"twitter:card\" content=\"summary_large_image\" \/>\n<meta name=\"twitter:label1\" content=\"Est. tempo de leitura\" \/>\n\t<meta name=\"twitter:data1\" content=\"1 minuto\" \/>\n<script type=\"application\/ld+json\" class=\"yoast-schema-graph\">{\"@context\":\"https:\/\/schema.org\",\"@graph\":[{\"@type\":\"WebPage\",\"@id\":\"https:\/\/ubaldofernandes.com\/index.php\/news\/projeto-propoe-vagas-de-emprego-para-pessoas-em-situacao-de-rua-e-apatridas-em-empresas-que-recebam-incentivos-fiscais\/\",\"url\":\"https:\/\/ubaldofernandes.com\/index.php\/news\/projeto-propoe-vagas-de-emprego-para-pessoas-em-situacao-de-rua-e-apatridas-em-empresas-que-recebam-incentivos-fiscais\/\",\"name\":\"Projeto prop\u00f5e vagas de emprego para pessoas em situa\u00e7\u00e3o de rua e ap\u00e1tridas, em empresas que recebam incentivos fiscais - Ubaldo Fernandes\",\"isPartOf\":{\"@id\":\"https:\/\/ubaldofernandes.com\/#website\"},\"primaryImageOfPage\":{\"@id\":\"https:\/\/ubaldofernandes.com\/index.php\/news\/projeto-propoe-vagas-de-emprego-para-pessoas-em-situacao-de-rua-e-apatridas-em-empresas-que-recebam-incentivos-fiscais\/#primaryimage\"},\"image\":{\"@id\":\"https:\/\/ubaldofernandes.com\/index.php\/news\/projeto-propoe-vagas-de-emprego-para-pessoas-em-situacao-de-rua-e-apatridas-em-empresas-que-recebam-incentivos-fiscais\/#primaryimage\"},\"thumbnailUrl\":\"https:\/\/ubaldofernandes.com\/wp-content\/uploads\/2024\/08\/WhatsApp-Image-2022-05-28-at-20.03.59-930x524-1.webp\",\"datePublished\":\"2024-08-14T16:20:00+00:00\",\"dateModified\":\"2024-08-22T18:16:25+00:00\",\"breadcrumb\":{\"@id\":\"https:\/\/ubaldofernandes.com\/index.php\/news\/projeto-propoe-vagas-de-emprego-para-pessoas-em-situacao-de-rua-e-apatridas-em-empresas-que-recebam-incentivos-fiscais\/#breadcrumb\"},\"inLanguage\":\"pt-BR\",\"potentialAction\":[{\"@type\":\"ReadAction\",\"target\":[\"https:\/\/ubaldofernandes.com\/index.php\/news\/projeto-propoe-vagas-de-emprego-para-pessoas-em-situacao-de-rua-e-apatridas-em-empresas-que-recebam-incentivos-fiscais\/\"]}]},{\"@type\":\"ImageObject\",\"inLanguage\":\"pt-BR\",\"@id\":\"https:\/\/ubaldofernandes.com\/index.php\/news\/projeto-propoe-vagas-de-emprego-para-pessoas-em-situacao-de-rua-e-apatridas-em-empresas-que-recebam-incentivos-fiscais\/#primaryimage\",\"url\":\"https:\/\/ubaldofernandes.com\/wp-content\/uploads\/2024\/08\/WhatsApp-Image-2022-05-28-at-20.03.59-930x524-1.webp\",\"contentUrl\":\"https:\/\/ubaldofernandes.com\/wp-content\/uploads\/2024\/08\/WhatsApp-Image-2022-05-28-at-20.03.59-930x524-1.webp\",\"width\":930,\"height\":524},{\"@type\":\"BreadcrumbList\",\"@id\":\"https:\/\/ubaldofernandes.com\/index.php\/news\/projeto-propoe-vagas-de-emprego-para-pessoas-em-situacao-de-rua-e-apatridas-em-empresas-que-recebam-incentivos-fiscais\/#breadcrumb\",\"itemListElement\":[{\"@type\":\"ListItem\",\"position\":1,\"name\":\"In\u00edcio\",\"item\":\"https:\/\/ubaldofernandes.com\/\"},{\"@type\":\"ListItem\",\"position\":2,\"name\":\"Not\u00edcias\",\"item\":\"https:\/\/ubaldofernandes.com\/index.php\/news\/\"},{\"@type\":\"ListItem\",\"position\":3,\"name\":\"Projeto prop\u00f5e vagas de emprego para pessoas em situa\u00e7\u00e3o de rua e ap\u00e1tridas, em empresas que recebam incentivos fiscais\"}]},{\"@type\":\"WebSite\",\"@id\":\"https:\/\/ubaldofernandes.com\/#website\",\"url\":\"https:\/\/ubaldofernandes.com\/\",\"name\":\"Ubaldo Fernandes\",\"description\":\"Deputado Estadual\",\"potentialAction\":[{\"@type\":\"SearchAction\",\"target\":{\"@type\":\"EntryPoint\",\"urlTemplate\":\"https:\/\/ubaldofernandes.com\/?s={search_term_string}\"},\"query-input\":{\"@type\":\"PropertyValueSpecification\",\"valueRequired\":true,\"valueName\":\"search_term_string\"}}],\"inLanguage\":\"pt-BR\"}]}<\/script>\n<!-- \/ Yoast SEO plugin. -->","yoast_head_json":{"title":"Projeto prop\u00f5e vagas de emprego para pessoas em situa\u00e7\u00e3o de rua e ap\u00e1tridas, em empresas que recebam incentivos fiscais - Ubaldo Fernandes","robots":{"index":"index","follow":"follow","max-snippet":"max-snippet:-1","max-image-preview":"max-image-preview:large","max-video-preview":"max-video-preview:-1"},"canonical":"https:\/\/ubaldofernandes.com\/index.php\/news\/projeto-propoe-vagas-de-emprego-para-pessoas-em-situacao-de-rua-e-apatridas-em-empresas-que-recebam-incentivos-fiscais\/","og_locale":"pt_BR","og_type":"article","og_title":"Projeto prop\u00f5e vagas de emprego para pessoas em situa\u00e7\u00e3o de rua e ap\u00e1tridas, em empresas que recebam incentivos fiscais - Ubaldo Fernandes","og_description":"Projetos de Lei do deputado&nbsp;Ubaldo Fernandes&nbsp;(PSDB) prop\u00f5em que as empresas privadas que recebam incentivos fiscais do Governo do RN e\/ou que mantenham conv\u00eanios, contratos ou parcerias com \u00f3rg\u00e3os do poder p\u00fablico estadual dever\u00e3o reservar, no m\u00ednimo, 5% (cinco por cento) de suas vagas de emprego para&nbsp;pessoas em situa\u00e7\u00e3o de rua&nbsp;e&nbsp;5% (cinco por cento)&nbsp;para&nbsp;refugiados e ap\u00e1tridas. [&hellip;]","og_url":"https:\/\/ubaldofernandes.com\/index.php\/news\/projeto-propoe-vagas-de-emprego-para-pessoas-em-situacao-de-rua-e-apatridas-em-empresas-que-recebam-incentivos-fiscais\/","og_site_name":"Ubaldo Fernandes","article_modified_time":"2024-08-22T18:16:25+00:00","og_image":[{"width":930,"height":524,"url":"https:\/\/ubaldofernandes.com\/wp-content\/uploads\/2024\/08\/WhatsApp-Image-2022-05-28-at-20.03.59-930x524-1.webp","type":"image\/webp"}],"twitter_card":"summary_large_image","twitter_misc":{"Est. tempo de leitura":"1 minuto"},"schema":{"@context":"https:\/\/schema.org","@graph":[{"@type":"WebPage","@id":"https:\/\/ubaldofernandes.com\/index.php\/news\/projeto-propoe-vagas-de-emprego-para-pessoas-em-situacao-de-rua-e-apatridas-em-empresas-que-recebam-incentivos-fiscais\/","url":"https:\/\/ubaldofernandes.com\/index.php\/news\/projeto-propoe-vagas-de-emprego-para-pessoas-em-situacao-de-rua-e-apatridas-em-empresas-que-recebam-incentivos-fiscais\/","name":"Projeto prop\u00f5e vagas de emprego para pessoas em situa\u00e7\u00e3o de rua e ap\u00e1tridas, em empresas que recebam incentivos fiscais - Ubaldo Fernandes","isPartOf":{"@id":"https:\/\/ubaldofernandes.com\/#website"},"primaryImageOfPage":{"@id":"https:\/\/ubaldofernandes.com\/index.php\/news\/projeto-propoe-vagas-de-emprego-para-pessoas-em-situacao-de-rua-e-apatridas-em-empresas-que-recebam-incentivos-fiscais\/#primaryimage"},"image":{"@id":"https:\/\/ubaldofernandes.com\/index.php\/news\/projeto-propoe-vagas-de-emprego-para-pessoas-em-situacao-de-rua-e-apatridas-em-empresas-que-recebam-incentivos-fiscais\/#primaryimage"},"thumbnailUrl":"https:\/\/ubaldofernandes.com\/wp-content\/uploads\/2024\/08\/WhatsApp-Image-2022-05-28-at-20.03.59-930x524-1.webp","datePublished":"2024-08-14T16:20:00+00:00","dateModified":"2024-08-22T18:16:25+00:00","breadcrumb":{"@id":"https:\/\/ubaldofernandes.com\/index.php\/news\/projeto-propoe-vagas-de-emprego-para-pessoas-em-situacao-de-rua-e-apatridas-em-empresas-que-recebam-incentivos-fiscais\/#breadcrumb"},"inLanguage":"pt-BR","potentialAction":[{"@type":"ReadAction","target":["https:\/\/ubaldofernandes.com\/index.php\/news\/projeto-propoe-vagas-de-emprego-para-pessoas-em-situacao-de-rua-e-apatridas-em-empresas-que-recebam-incentivos-fiscais\/"]}]},{"@type":"ImageObject","inLanguage":"pt-BR","@id":"https:\/\/ubaldofernandes.com\/index.php\/news\/projeto-propoe-vagas-de-emprego-para-pessoas-em-situacao-de-rua-e-apatridas-em-empresas-que-recebam-incentivos-fiscais\/#primaryimage","url":"https:\/\/ubaldofernandes.com\/wp-content\/uploads\/2024\/08\/WhatsApp-Image-2022-05-28-at-20.03.59-930x524-1.webp","contentUrl":"https:\/\/ubaldofernandes.com\/wp-content\/uploads\/2024\/08\/WhatsApp-Image-2022-05-28-at-20.03.59-930x524-1.webp","width":930,"height":524},{"@type":"BreadcrumbList","@id":"https:\/\/ubaldofernandes.com\/index.php\/news\/projeto-propoe-vagas-de-emprego-para-pessoas-em-situacao-de-rua-e-apatridas-em-empresas-que-recebam-incentivos-fiscais\/#breadcrumb","itemListElement":[{"@type":"ListItem","position":1,"name":"In\u00edcio","item":"https:\/\/ubaldofernandes.com\/"},{"@type":"ListItem","position":2,"name":"Not\u00edcias","item":"https:\/\/ubaldofernandes.com\/index.php\/news\/"},{"@type":"ListItem","position":3,"name":"Projeto prop\u00f5e vagas de emprego para pessoas em situa\u00e7\u00e3o de rua e ap\u00e1tridas, em empresas que recebam incentivos fiscais"}]},{"@type":"WebSite","@id":"https:\/\/ubaldofernandes.com\/#website","url":"https:\/\/ubaldofernandes.com\/","name":"Ubaldo Fernandes","description":"Deputado Estadual","potentialAction":[{"@type":"SearchAction","target":{"@type":"EntryPoint","urlTemplate":"https:\/\/ubaldofernandes.com\/?s={search_term_string}"},"query-input":{"@type":"PropertyValueSpecification","valueRequired":true,"valueName":"search_term_string"}}],"inLanguage":"pt-BR"}]}},"_links":{"self":[{"href":"https:\/\/ubaldofernandes.com\/index.php\/wp-json\/wp\/v2\/news\/6988","targetHints":{"allow":["GET"]}}],"collection":[{"href":"https:\/\/ubaldofernandes.com\/index.php\/wp-json\/wp\/v2\/news"}],"about":[{"href":"https:\/\/ubaldofernandes.com\/index.php\/wp-json\/wp\/v2\/types\/news"}],"wp:featuredmedia":[{"embeddable":true,"href":"https:\/\/ubaldofernandes.com\/index.php\/wp-json\/wp\/v2\/media\/6989"}],"wp:attachment":[{"href":"https:\/\/ubaldofernandes.com\/index.php\/wp-json\/wp\/v2\/media?parent=6988"}],"curies":[{"name":"wp","href":"https:\/\/api.w.org\/{rel}","templated":true}]}}