{"id":7051,"date":"2024-08-28T13:14:00","date_gmt":"2024-08-28T16:14:00","guid":{"rendered":"https:\/\/ubaldofernandes.com\/?post_type=news&#038;p=7051"},"modified":"2024-08-28T15:29:34","modified_gmt":"2024-08-28T18:29:34","slug":"ubaldo-pede-apoio-da-bancada-federal-para-indenizacoes-de-mutuarios-do-seguro-habitacional","status":"publish","type":"news","link":"https:\/\/ubaldofernandes.com\/index.php\/news\/ubaldo-pede-apoio-da-bancada-federal-para-indenizacoes-de-mutuarios-do-seguro-habitacional\/","title":{"rendered":"Ubaldo pede apoio da bancada federal para indeniza\u00e7\u00f5es de mutu\u00e1rios do seguro habitacional"},"content":{"rendered":"\n<p>O deputado Ubaldo Fernandes (PSDB) usou seu tempo durante a sess\u00e3o plen\u00e1ria desta quarta-feira (28) para discutir os resultados da audi\u00eancia p\u00fablica realizada ontem na Assembleia Legislativa do RN. O evento teve como foco a situa\u00e7\u00e3o dos mutu\u00e1rios do Seguro Habitacional do Sistema Financeiro de Habita\u00e7\u00e3o (SFH), que enfrentam problemas h\u00e1 mais de 15 anos devido \u00e0 falta de indeniza\u00e7\u00f5es.<\/p>\n\n\n\n<p>Ubaldo Fernandes ressaltou que quase 50 mil mutu\u00e1rios no estado, sendo cerca de 38 mil somente em Natal, aguardam indeniza\u00e7\u00f5es para reparar seus im\u00f3veis, que foram constru\u00eddos com materiais de baixa qualidade. Ele pediu o apoio da bancada federal do RN para apoiar projeto de lei em tramita\u00e7\u00e3o na C\u00e2mara dos Deputados, que visa garantir seguran\u00e7a jur\u00eddica e o direito \u00e0s indeniza\u00e7\u00f5es sem a necessidade de judicializa\u00e7\u00e3o.<\/p>\n\n\n\n<p>\u201cEssa \u00e9 uma pauta de abrang\u00eancia nacional, e devemos encaminhar a\u00e7\u00f5es para garantir que esses cidad\u00e3os tenham seus direitos respeitados\u201d, afirmou o deputado. Ubaldo enfatizou a necessidade de um esfor\u00e7o conjunto para resolver essa quest\u00e3o que afeta milhares de fam\u00edlias no estado e em todo o Brasil.<\/p>\n\n\n\n<p>Mat\u00e9ria publicada no <a href=\"https:\/\/blogafonte.com.br\/2024\/08\/28\/ubaldo-pede-apoio-da-bancada-federal-para-indenizacoes-de-mutuarios-do-seguro-habitacional\/\">Blog A Fonte<\/a>. <\/p>\n","protected":false},"featured_media":7052,"parent":0,"template":"","class_list":["post-7051","news","type-news","status-publish","has-post-thumbnail","hentry"],"acf":[],"yoast_head":"<!-- This site is optimized with the Yoast SEO plugin v24.6 - https:\/\/yoast.com\/wordpress\/plugins\/seo\/ -->\n<title>Ubaldo pede apoio da bancada federal para indeniza\u00e7\u00f5es de mutu\u00e1rios do seguro habitacional - Ubaldo Fernandes<\/title>\n<meta name=\"robots\" content=\"index, follow, max-snippet:-1, max-image-preview:large, max-video-preview:-1\" \/>\n<link rel=\"canonical\" href=\"https:\/\/ubaldofernandes.com\/index.php\/news\/ubaldo-pede-apoio-da-bancada-federal-para-indenizacoes-de-mutuarios-do-seguro-habitacional\/\" \/>\n<meta property=\"og:locale\" content=\"pt_BR\" \/>\n<meta property=\"og:type\" content=\"article\" \/>\n<meta property=\"og:title\" content=\"Ubaldo pede apoio da bancada federal para indeniza\u00e7\u00f5es de mutu\u00e1rios do seguro habitacional - Ubaldo Fernandes\" \/>\n<meta property=\"og:description\" content=\"O deputado Ubaldo Fernandes (PSDB) usou seu tempo durante a sess\u00e3o plen\u00e1ria desta quarta-feira (28) para discutir os resultados da audi\u00eancia p\u00fablica realizada ontem na Assembleia Legislativa do RN. O evento teve como foco a situa\u00e7\u00e3o dos mutu\u00e1rios do Seguro Habitacional do Sistema Financeiro de Habita\u00e7\u00e3o (SFH), que enfrentam problemas h\u00e1 mais de 15 anos [&hellip;]\" \/>\n<meta property=\"og:url\" content=\"https:\/\/ubaldofernandes.com\/index.php\/news\/ubaldo-pede-apoio-da-bancada-federal-para-indenizacoes-de-mutuarios-do-seguro-habitacional\/\" \/>\n<meta property=\"og:site_name\" content=\"Ubaldo Fernandes\" \/>\n<meta property=\"article:modified_time\" content=\"2024-08-28T18:29:34+00:00\" \/>\n<meta property=\"og:image\" content=\"https:\/\/ubaldofernandes.com\/wp-content\/uploads\/2024\/08\/PS6ZLr9yfBB8vaStDmR5uPAkOBiiotYL8jInacUP-scaled.jpg\" \/>\n\t<meta property=\"og:image:width\" content=\"2560\" \/>\n\t<meta property=\"og:image:height\" content=\"1707\" \/>\n\t<meta property=\"og:image:type\" content=\"image\/jpeg\" \/>\n<meta name=\"twitter:card\" content=\"summary_large_image\" \/>\n<meta name=\"twitter:label1\" content=\"Est. tempo de leitura\" \/>\n\t<meta name=\"twitter:data1\" content=\"1 minuto\" \/>\n<script type=\"application\/ld+json\" class=\"yoast-schema-graph\">{\"@context\":\"https:\/\/schema.org\",\"@graph\":[{\"@type\":\"WebPage\",\"@id\":\"https:\/\/ubaldofernandes.com\/index.php\/news\/ubaldo-pede-apoio-da-bancada-federal-para-indenizacoes-de-mutuarios-do-seguro-habitacional\/\",\"url\":\"https:\/\/ubaldofernandes.com\/index.php\/news\/ubaldo-pede-apoio-da-bancada-federal-para-indenizacoes-de-mutuarios-do-seguro-habitacional\/\",\"name\":\"Ubaldo pede apoio da bancada federal para indeniza\u00e7\u00f5es de mutu\u00e1rios do seguro habitacional - Ubaldo Fernandes\",\"isPartOf\":{\"@id\":\"https:\/\/ubaldofernandes.com\/#website\"},\"primaryImageOfPage\":{\"@id\":\"https:\/\/ubaldofernandes.com\/index.php\/news\/ubaldo-pede-apoio-da-bancada-federal-para-indenizacoes-de-mutuarios-do-seguro-habitacional\/#primaryimage\"},\"image\":{\"@id\":\"https:\/\/ubaldofernandes.com\/index.php\/news\/ubaldo-pede-apoio-da-bancada-federal-para-indenizacoes-de-mutuarios-do-seguro-habitacional\/#primaryimage\"},\"thumbnailUrl\":\"https:\/\/ubaldofernandes.com\/wp-content\/uploads\/2024\/08\/PS6ZLr9yfBB8vaStDmR5uPAkOBiiotYL8jInacUP-scaled.jpg\",\"datePublished\":\"2024-08-28T16:14:00+00:00\",\"dateModified\":\"2024-08-28T18:29:34+00:00\",\"breadcrumb\":{\"@id\":\"https:\/\/ubaldofernandes.com\/index.php\/news\/ubaldo-pede-apoio-da-bancada-federal-para-indenizacoes-de-mutuarios-do-seguro-habitacional\/#breadcrumb\"},\"inLanguage\":\"pt-BR\",\"potentialAction\":[{\"@type\":\"ReadAction\",\"target\":[\"https:\/\/ubaldofernandes.com\/index.php\/news\/ubaldo-pede-apoio-da-bancada-federal-para-indenizacoes-de-mutuarios-do-seguro-habitacional\/\"]}]},{\"@type\":\"ImageObject\",\"inLanguage\":\"pt-BR\",\"@id\":\"https:\/\/ubaldofernandes.com\/index.php\/news\/ubaldo-pede-apoio-da-bancada-federal-para-indenizacoes-de-mutuarios-do-seguro-habitacional\/#primaryimage\",\"url\":\"https:\/\/ubaldofernandes.com\/wp-content\/uploads\/2024\/08\/PS6ZLr9yfBB8vaStDmR5uPAkOBiiotYL8jInacUP-scaled.jpg\",\"contentUrl\":\"https:\/\/ubaldofernandes.com\/wp-content\/uploads\/2024\/08\/PS6ZLr9yfBB8vaStDmR5uPAkOBiiotYL8jInacUP-scaled.jpg\",\"width\":2560,\"height\":1707},{\"@type\":\"BreadcrumbList\",\"@id\":\"https:\/\/ubaldofernandes.com\/index.php\/news\/ubaldo-pede-apoio-da-bancada-federal-para-indenizacoes-de-mutuarios-do-seguro-habitacional\/#breadcrumb\",\"itemListElement\":[{\"@type\":\"ListItem\",\"position\":1,\"name\":\"In\u00edcio\",\"item\":\"https:\/\/ubaldofernandes.com\/\"},{\"@type\":\"ListItem\",\"position\":2,\"name\":\"Not\u00edcias\",\"item\":\"https:\/\/ubaldofernandes.com\/index.php\/news\/\"},{\"@type\":\"ListItem\",\"position\":3,\"name\":\"Ubaldo pede apoio da bancada federal para indeniza\u00e7\u00f5es de mutu\u00e1rios do seguro habitacional\"}]},{\"@type\":\"WebSite\",\"@id\":\"https:\/\/ubaldofernandes.com\/#website\",\"url\":\"https:\/\/ubaldofernandes.com\/\",\"name\":\"Ubaldo Fernandes\",\"description\":\"Deputado Estadual\",\"potentialAction\":[{\"@type\":\"SearchAction\",\"target\":{\"@type\":\"EntryPoint\",\"urlTemplate\":\"https:\/\/ubaldofernandes.com\/?s={search_term_string}\"},\"query-input\":{\"@type\":\"PropertyValueSpecification\",\"valueRequired\":true,\"valueName\":\"search_term_string\"}}],\"inLanguage\":\"pt-BR\"}]}<\/script>\n<!-- \/ Yoast SEO plugin. -->","yoast_head_json":{"title":"Ubaldo pede apoio da bancada federal para indeniza\u00e7\u00f5es de mutu\u00e1rios do seguro habitacional - Ubaldo Fernandes","robots":{"index":"index","follow":"follow","max-snippet":"max-snippet:-1","max-image-preview":"max-image-preview:large","max-video-preview":"max-video-preview:-1"},"canonical":"https:\/\/ubaldofernandes.com\/index.php\/news\/ubaldo-pede-apoio-da-bancada-federal-para-indenizacoes-de-mutuarios-do-seguro-habitacional\/","og_locale":"pt_BR","og_type":"article","og_title":"Ubaldo pede apoio da bancada federal para indeniza\u00e7\u00f5es de mutu\u00e1rios do seguro habitacional - Ubaldo Fernandes","og_description":"O deputado Ubaldo Fernandes (PSDB) usou seu tempo durante a sess\u00e3o plen\u00e1ria desta quarta-feira (28) para discutir os resultados da audi\u00eancia p\u00fablica realizada ontem na Assembleia Legislativa do RN. O evento teve como foco a situa\u00e7\u00e3o dos mutu\u00e1rios do Seguro Habitacional do Sistema Financeiro de Habita\u00e7\u00e3o (SFH), que enfrentam problemas h\u00e1 mais de 15 anos [&hellip;]","og_url":"https:\/\/ubaldofernandes.com\/index.php\/news\/ubaldo-pede-apoio-da-bancada-federal-para-indenizacoes-de-mutuarios-do-seguro-habitacional\/","og_site_name":"Ubaldo Fernandes","article_modified_time":"2024-08-28T18:29:34+00:00","og_image":[{"width":2560,"height":1707,"url":"https:\/\/ubaldofernandes.com\/wp-content\/uploads\/2024\/08\/PS6ZLr9yfBB8vaStDmR5uPAkOBiiotYL8jInacUP-scaled.jpg","type":"image\/jpeg"}],"twitter_card":"summary_large_image","twitter_misc":{"Est. tempo de leitura":"1 minuto"},"schema":{"@context":"https:\/\/schema.org","@graph":[{"@type":"WebPage","@id":"https:\/\/ubaldofernandes.com\/index.php\/news\/ubaldo-pede-apoio-da-bancada-federal-para-indenizacoes-de-mutuarios-do-seguro-habitacional\/","url":"https:\/\/ubaldofernandes.com\/index.php\/news\/ubaldo-pede-apoio-da-bancada-federal-para-indenizacoes-de-mutuarios-do-seguro-habitacional\/","name":"Ubaldo pede apoio da bancada federal para indeniza\u00e7\u00f5es de mutu\u00e1rios do seguro habitacional - Ubaldo Fernandes","isPartOf":{"@id":"https:\/\/ubaldofernandes.com\/#website"},"primaryImageOfPage":{"@id":"https:\/\/ubaldofernandes.com\/index.php\/news\/ubaldo-pede-apoio-da-bancada-federal-para-indenizacoes-de-mutuarios-do-seguro-habitacional\/#primaryimage"},"image":{"@id":"https:\/\/ubaldofernandes.com\/index.php\/news\/ubaldo-pede-apoio-da-bancada-federal-para-indenizacoes-de-mutuarios-do-seguro-habitacional\/#primaryimage"},"thumbnailUrl":"https:\/\/ubaldofernandes.com\/wp-content\/uploads\/2024\/08\/PS6ZLr9yfBB8vaStDmR5uPAkOBiiotYL8jInacUP-scaled.jpg","datePublished":"2024-08-28T16:14:00+00:00","dateModified":"2024-08-28T18:29:34+00:00","breadcrumb":{"@id":"https:\/\/ubaldofernandes.com\/index.php\/news\/ubaldo-pede-apoio-da-bancada-federal-para-indenizacoes-de-mutuarios-do-seguro-habitacional\/#breadcrumb"},"inLanguage":"pt-BR","potentialAction":[{"@type":"ReadAction","target":["https:\/\/ubaldofernandes.com\/index.php\/news\/ubaldo-pede-apoio-da-bancada-federal-para-indenizacoes-de-mutuarios-do-seguro-habitacional\/"]}]},{"@type":"ImageObject","inLanguage":"pt-BR","@id":"https:\/\/ubaldofernandes.com\/index.php\/news\/ubaldo-pede-apoio-da-bancada-federal-para-indenizacoes-de-mutuarios-do-seguro-habitacional\/#primaryimage","url":"https:\/\/ubaldofernandes.com\/wp-content\/uploads\/2024\/08\/PS6ZLr9yfBB8vaStDmR5uPAkOBiiotYL8jInacUP-scaled.jpg","contentUrl":"https:\/\/ubaldofernandes.com\/wp-content\/uploads\/2024\/08\/PS6ZLr9yfBB8vaStDmR5uPAkOBiiotYL8jInacUP-scaled.jpg","width":2560,"height":1707},{"@type":"BreadcrumbList","@id":"https:\/\/ubaldofernandes.com\/index.php\/news\/ubaldo-pede-apoio-da-bancada-federal-para-indenizacoes-de-mutuarios-do-seguro-habitacional\/#breadcrumb","itemListElement":[{"@type":"ListItem","position":1,"name":"In\u00edcio","item":"https:\/\/ubaldofernandes.com\/"},{"@type":"ListItem","position":2,"name":"Not\u00edcias","item":"https:\/\/ubaldofernandes.com\/index.php\/news\/"},{"@type":"ListItem","position":3,"name":"Ubaldo pede apoio da bancada federal para indeniza\u00e7\u00f5es de mutu\u00e1rios do seguro habitacional"}]},{"@type":"WebSite","@id":"https:\/\/ubaldofernandes.com\/#website","url":"https:\/\/ubaldofernandes.com\/","name":"Ubaldo Fernandes","description":"Deputado Estadual","potentialAction":[{"@type":"SearchAction","target":{"@type":"EntryPoint","urlTemplate":"https:\/\/ubaldofernandes.com\/?s={search_term_string}"},"query-input":{"@type":"PropertyValueSpecification","valueRequired":true,"valueName":"search_term_string"}}],"inLanguage":"pt-BR"}]}},"_links":{"self":[{"href":"https:\/\/ubaldofernandes.com\/index.php\/wp-json\/wp\/v2\/news\/7051","targetHints":{"allow":["GET"]}}],"collection":[{"href":"https:\/\/ubaldofernandes.com\/index.php\/wp-json\/wp\/v2\/news"}],"about":[{"href":"https:\/\/ubaldofernandes.com\/index.php\/wp-json\/wp\/v2\/types\/news"}],"wp:featuredmedia":[{"embeddable":true,"href":"https:\/\/ubaldofernandes.com\/index.php\/wp-json\/wp\/v2\/media\/7052"}],"wp:attachment":[{"href":"https:\/\/ubaldofernandes.com\/index.php\/wp-json\/wp\/v2\/media?parent=7051"}],"curies":[{"name":"wp","href":"https:\/\/api.w.org\/{rel}","templated":true}]}}