{"id":7109,"date":"2024-09-24T13:35:00","date_gmt":"2024-09-24T16:35:00","guid":{"rendered":"https:\/\/ubaldofernandes.com\/?post_type=news&#038;p=7109"},"modified":"2024-09-29T19:45:19","modified_gmt":"2024-09-29T22:45:19","slug":"alrn","status":"publish","type":"news","link":"https:\/\/ubaldofernandes.com\/index.php\/news\/alrn\/","title":{"rendered":"Ubaldo Fernandes chama a aten\u00e7\u00e3o para situa\u00e7\u00e3o do Hospital dos Pescadores"},"content":{"rendered":"\n<p>O deputado Ubaldo Fernandes (PSDB) chamou a aten\u00e7\u00e3o nesta ter\u00e7a-feira (24) para a situa\u00e7\u00e3o do Hospital do Pescadores, no bairro das Rocas, zona leste de Natal. De acordo com o parlamentar, a unidade sofre com a falta de medicamentos e materiais b\u00e1sicos para atendimento \u00e0 popula\u00e7\u00e3o.&nbsp;<\/p>\n\n\n\n<p>\u201c\u00c9 muito grave a situa\u00e7\u00e3o atual do Hospital dos Pescadores. Recebi in\u00fameras den\u00fancias e pude constatar presencialmente hoje, em visita \u00e0 unidade, o cen\u00e1rio de desrespeito ali vivenciado. Um caos total e uma neglig\u00eancia por parte da prefeitura municipal com essa unidade de sa\u00fade t\u00e3o importante para o natalense, sobretudo os moradores dos bairros das Rocas, Santos Reis, Bras\u00edlia Teimosa e Praia do Meio\u201d, relatou Ubaldo.<\/p>\n\n\n\n<p>O deputado questionou a gest\u00e3o da Prefeitura de Natal e cobrou medidas para regularizar o abastecimento do hospital. \u201cN\u00e3o quero acreditar que isso esteja ocorrendo em um final de administra\u00e7\u00e3o. N\u00e3o est\u00e3o abastecendo um dos principais hospitais mantidos pela prefeitura. Se chegar algum paciente grave hoje para atendimento na unidade, ser\u00e1 em v\u00e3o. \u00c9 preciso respeitar o povo natalense. N\u00e3o \u00e9 culpa do hospital ou de seus funcion\u00e1rios. Pe\u00e7o sensibilidade aos \u00f3rg\u00e3os competentes\u201d, concluiu.<\/p>\n\n\n\n<p>Mat\u00e9ria publicada no <a href=\"https:\/\/blogdopassaro.com.br\/ubaldo-fernandes-chama-a-atencao-para-situacao-do-hospital-dos-pescadores\/\">Blog do P\u00e1ssaro<\/a>. <\/p>\n","protected":false},"featured_media":7108,"parent":0,"template":"","class_list":["post-7109","news","type-news","status-publish","has-post-thumbnail","hentry"],"acf":[],"yoast_head":"<!-- This site is optimized with the Yoast SEO plugin v24.6 - https:\/\/yoast.com\/wordpress\/plugins\/seo\/ -->\n<title>Ubaldo Fernandes chama a aten\u00e7\u00e3o para situa\u00e7\u00e3o do Hospital dos Pescadores - Ubaldo Fernandes<\/title>\n<meta name=\"robots\" content=\"index, follow, max-snippet:-1, max-image-preview:large, max-video-preview:-1\" \/>\n<link rel=\"canonical\" href=\"https:\/\/ubaldofernandes.com\/index.php\/news\/alrn\/\" \/>\n<meta property=\"og:locale\" content=\"pt_BR\" \/>\n<meta property=\"og:type\" content=\"article\" \/>\n<meta property=\"og:title\" content=\"Ubaldo Fernandes chama a aten\u00e7\u00e3o para situa\u00e7\u00e3o do Hospital dos Pescadores - Ubaldo Fernandes\" \/>\n<meta property=\"og:description\" content=\"O deputado Ubaldo Fernandes (PSDB) chamou a aten\u00e7\u00e3o nesta ter\u00e7a-feira (24) para a situa\u00e7\u00e3o do Hospital do Pescadores, no bairro das Rocas, zona leste de Natal. De acordo com o parlamentar, a unidade sofre com a falta de medicamentos e materiais b\u00e1sicos para atendimento \u00e0 popula\u00e7\u00e3o.&nbsp; \u201c\u00c9 muito grave a situa\u00e7\u00e3o atual do Hospital dos [&hellip;]\" \/>\n<meta property=\"og:url\" content=\"https:\/\/ubaldofernandes.com\/index.php\/news\/alrn\/\" \/>\n<meta property=\"og:site_name\" content=\"Ubaldo Fernandes\" \/>\n<meta property=\"article:modified_time\" content=\"2024-09-29T22:45:19+00:00\" \/>\n<meta property=\"og:image\" content=\"https:\/\/ubaldofernandes.com\/wp-content\/uploads\/2024\/09\/hospital-pescadores.jpg\" \/>\n\t<meta property=\"og:image:width\" content=\"2560\" \/>\n\t<meta property=\"og:image:height\" content=\"1706\" \/>\n\t<meta property=\"og:image:type\" content=\"image\/jpeg\" \/>\n<meta name=\"twitter:card\" content=\"summary_large_image\" \/>\n<meta name=\"twitter:label1\" content=\"Est. tempo de leitura\" \/>\n\t<meta name=\"twitter:data1\" content=\"1 minuto\" \/>\n<script type=\"application\/ld+json\" class=\"yoast-schema-graph\">{\"@context\":\"https:\/\/schema.org\",\"@graph\":[{\"@type\":\"WebPage\",\"@id\":\"https:\/\/ubaldofernandes.com\/index.php\/news\/alrn\/\",\"url\":\"https:\/\/ubaldofernandes.com\/index.php\/news\/alrn\/\",\"name\":\"Ubaldo Fernandes chama a aten\u00e7\u00e3o para situa\u00e7\u00e3o do Hospital dos Pescadores - Ubaldo Fernandes\",\"isPartOf\":{\"@id\":\"https:\/\/ubaldofernandes.com\/#website\"},\"primaryImageOfPage\":{\"@id\":\"https:\/\/ubaldofernandes.com\/index.php\/news\/alrn\/#primaryimage\"},\"image\":{\"@id\":\"https:\/\/ubaldofernandes.com\/index.php\/news\/alrn\/#primaryimage\"},\"thumbnailUrl\":\"https:\/\/ubaldofernandes.com\/wp-content\/uploads\/2024\/09\/hospital-pescadores.jpg\",\"datePublished\":\"2024-09-24T16:35:00+00:00\",\"dateModified\":\"2024-09-29T22:45:19+00:00\",\"breadcrumb\":{\"@id\":\"https:\/\/ubaldofernandes.com\/index.php\/news\/alrn\/#breadcrumb\"},\"inLanguage\":\"pt-BR\",\"potentialAction\":[{\"@type\":\"ReadAction\",\"target\":[\"https:\/\/ubaldofernandes.com\/index.php\/news\/alrn\/\"]}]},{\"@type\":\"ImageObject\",\"inLanguage\":\"pt-BR\",\"@id\":\"https:\/\/ubaldofernandes.com\/index.php\/news\/alrn\/#primaryimage\",\"url\":\"https:\/\/ubaldofernandes.com\/wp-content\/uploads\/2024\/09\/hospital-pescadores.jpg\",\"contentUrl\":\"https:\/\/ubaldofernandes.com\/wp-content\/uploads\/2024\/09\/hospital-pescadores.jpg\",\"width\":2560,\"height\":1706},{\"@type\":\"BreadcrumbList\",\"@id\":\"https:\/\/ubaldofernandes.com\/index.php\/news\/alrn\/#breadcrumb\",\"itemListElement\":[{\"@type\":\"ListItem\",\"position\":1,\"name\":\"In\u00edcio\",\"item\":\"https:\/\/ubaldofernandes.com\/\"},{\"@type\":\"ListItem\",\"position\":2,\"name\":\"Not\u00edcias\",\"item\":\"https:\/\/ubaldofernandes.com\/index.php\/news\/\"},{\"@type\":\"ListItem\",\"position\":3,\"name\":\"Ubaldo Fernandes chama a aten\u00e7\u00e3o para situa\u00e7\u00e3o do Hospital dos Pescadores\"}]},{\"@type\":\"WebSite\",\"@id\":\"https:\/\/ubaldofernandes.com\/#website\",\"url\":\"https:\/\/ubaldofernandes.com\/\",\"name\":\"Ubaldo Fernandes\",\"description\":\"Deputado Estadual\",\"potentialAction\":[{\"@type\":\"SearchAction\",\"target\":{\"@type\":\"EntryPoint\",\"urlTemplate\":\"https:\/\/ubaldofernandes.com\/?s={search_term_string}\"},\"query-input\":{\"@type\":\"PropertyValueSpecification\",\"valueRequired\":true,\"valueName\":\"search_term_string\"}}],\"inLanguage\":\"pt-BR\"}]}<\/script>\n<!-- \/ Yoast SEO plugin. -->","yoast_head_json":{"title":"Ubaldo Fernandes chama a aten\u00e7\u00e3o para situa\u00e7\u00e3o do Hospital dos Pescadores - Ubaldo Fernandes","robots":{"index":"index","follow":"follow","max-snippet":"max-snippet:-1","max-image-preview":"max-image-preview:large","max-video-preview":"max-video-preview:-1"},"canonical":"https:\/\/ubaldofernandes.com\/index.php\/news\/alrn\/","og_locale":"pt_BR","og_type":"article","og_title":"Ubaldo Fernandes chama a aten\u00e7\u00e3o para situa\u00e7\u00e3o do Hospital dos Pescadores - Ubaldo Fernandes","og_description":"O deputado Ubaldo Fernandes (PSDB) chamou a aten\u00e7\u00e3o nesta ter\u00e7a-feira (24) para a situa\u00e7\u00e3o do Hospital do Pescadores, no bairro das Rocas, zona leste de Natal. De acordo com o parlamentar, a unidade sofre com a falta de medicamentos e materiais b\u00e1sicos para atendimento \u00e0 popula\u00e7\u00e3o.&nbsp; \u201c\u00c9 muito grave a situa\u00e7\u00e3o atual do Hospital dos [&hellip;]","og_url":"https:\/\/ubaldofernandes.com\/index.php\/news\/alrn\/","og_site_name":"Ubaldo Fernandes","article_modified_time":"2024-09-29T22:45:19+00:00","og_image":[{"width":2560,"height":1706,"url":"https:\/\/ubaldofernandes.com\/wp-content\/uploads\/2024\/09\/hospital-pescadores.jpg","type":"image\/jpeg"}],"twitter_card":"summary_large_image","twitter_misc":{"Est. tempo de leitura":"1 minuto"},"schema":{"@context":"https:\/\/schema.org","@graph":[{"@type":"WebPage","@id":"https:\/\/ubaldofernandes.com\/index.php\/news\/alrn\/","url":"https:\/\/ubaldofernandes.com\/index.php\/news\/alrn\/","name":"Ubaldo Fernandes chama a aten\u00e7\u00e3o para situa\u00e7\u00e3o do Hospital dos Pescadores - Ubaldo Fernandes","isPartOf":{"@id":"https:\/\/ubaldofernandes.com\/#website"},"primaryImageOfPage":{"@id":"https:\/\/ubaldofernandes.com\/index.php\/news\/alrn\/#primaryimage"},"image":{"@id":"https:\/\/ubaldofernandes.com\/index.php\/news\/alrn\/#primaryimage"},"thumbnailUrl":"https:\/\/ubaldofernandes.com\/wp-content\/uploads\/2024\/09\/hospital-pescadores.jpg","datePublished":"2024-09-24T16:35:00+00:00","dateModified":"2024-09-29T22:45:19+00:00","breadcrumb":{"@id":"https:\/\/ubaldofernandes.com\/index.php\/news\/alrn\/#breadcrumb"},"inLanguage":"pt-BR","potentialAction":[{"@type":"ReadAction","target":["https:\/\/ubaldofernandes.com\/index.php\/news\/alrn\/"]}]},{"@type":"ImageObject","inLanguage":"pt-BR","@id":"https:\/\/ubaldofernandes.com\/index.php\/news\/alrn\/#primaryimage","url":"https:\/\/ubaldofernandes.com\/wp-content\/uploads\/2024\/09\/hospital-pescadores.jpg","contentUrl":"https:\/\/ubaldofernandes.com\/wp-content\/uploads\/2024\/09\/hospital-pescadores.jpg","width":2560,"height":1706},{"@type":"BreadcrumbList","@id":"https:\/\/ubaldofernandes.com\/index.php\/news\/alrn\/#breadcrumb","itemListElement":[{"@type":"ListItem","position":1,"name":"In\u00edcio","item":"https:\/\/ubaldofernandes.com\/"},{"@type":"ListItem","position":2,"name":"Not\u00edcias","item":"https:\/\/ubaldofernandes.com\/index.php\/news\/"},{"@type":"ListItem","position":3,"name":"Ubaldo Fernandes chama a aten\u00e7\u00e3o para situa\u00e7\u00e3o do Hospital dos Pescadores"}]},{"@type":"WebSite","@id":"https:\/\/ubaldofernandes.com\/#website","url":"https:\/\/ubaldofernandes.com\/","name":"Ubaldo Fernandes","description":"Deputado Estadual","potentialAction":[{"@type":"SearchAction","target":{"@type":"EntryPoint","urlTemplate":"https:\/\/ubaldofernandes.com\/?s={search_term_string}"},"query-input":{"@type":"PropertyValueSpecification","valueRequired":true,"valueName":"search_term_string"}}],"inLanguage":"pt-BR"}]}},"_links":{"self":[{"href":"https:\/\/ubaldofernandes.com\/index.php\/wp-json\/wp\/v2\/news\/7109","targetHints":{"allow":["GET"]}}],"collection":[{"href":"https:\/\/ubaldofernandes.com\/index.php\/wp-json\/wp\/v2\/news"}],"about":[{"href":"https:\/\/ubaldofernandes.com\/index.php\/wp-json\/wp\/v2\/types\/news"}],"wp:featuredmedia":[{"embeddable":true,"href":"https:\/\/ubaldofernandes.com\/index.php\/wp-json\/wp\/v2\/media\/7108"}],"wp:attachment":[{"href":"https:\/\/ubaldofernandes.com\/index.php\/wp-json\/wp\/v2\/media?parent=7109"}],"curies":[{"name":"wp","href":"https:\/\/api.w.org\/{rel}","templated":true}]}}