{"id":7126,"date":"2024-09-25T11:34:00","date_gmt":"2024-09-25T14:34:00","guid":{"rendered":"https:\/\/ubaldofernandes.com\/?post_type=news&#038;p=7126"},"modified":"2024-10-07T11:47:52","modified_gmt":"2024-10-07T14:47:52","slug":"ubaldo-fernandes-reforca-demandas-por-obras-viarias-e-melhorias-no-porto-de-natal","status":"publish","type":"news","link":"https:\/\/ubaldofernandes.com\/index.php\/news\/ubaldo-fernandes-reforca-demandas-por-obras-viarias-e-melhorias-no-porto-de-natal\/","title":{"rendered":"Ubaldo Fernandes refor\u00e7a demandas por obras vi\u00e1rias e melhorias no Porto de Natal"},"content":{"rendered":"\n<p>Nesta quarta-feira (25), durante o hor\u00e1rio destinado aos oradores na Assembleia Legislativa do RN, o deputado estadual Ubaldo Fernandes (PSDB) iniciou seu discurso parabenizando o Departamento de Estradas de Rodagem (DER) pelos trabalhos de recupera\u00e7\u00e3o das rodovias no estado. Ele aproveitou a ocasi\u00e3o para reiterar seu pedido de recapeamento asf\u00e1ltico na Avenida Litor\u00e2nea, que liga a Redinha Velha ao munic\u00edpio de Extremoz. Segundo o parlamentar, interven\u00e7\u00f5es j\u00e1 foram realizadas no local, por\u00e9m houve afundamento na pista, o que tem causado preju\u00edzos aos motoristas e moradores que trafegam pela regi\u00e3o. Ele destacou ainda que a recupera\u00e7\u00e3o da RN que conecta Natal a Extremoz est\u00e1 em andamento.<\/p>\n\n\n\n<p>Em seguida, Ubaldo abordou o cancelamento da visita dos ministros Renan Filho (Transportes) e Silvio Costa Filho (Portos e Aeroportos), que estava prevista para a capital potiguar. O parlamentar, no entanto, manifestou otimismo e afirmou que aguarda a vinda dos ministros em breve, na expectativa de que sejam anunciadas novas obras importantes para o estado, principalmente nas proximidades da Ponte Newton Navarro, onde espera que as defensas sejam concretizadas. O deputado salientou que essa interven\u00e7\u00e3o \u00e9 essencial para garantir maior seguran\u00e7a na \u00e1rea.<\/p>\n\n\n\n<p>Ubaldo Fernandes tamb\u00e9m mencionou sua expectativa pelo an\u00fancio de um conv\u00eanio que possa licitar obras no Porto de Natal, como a dragagem e a instala\u00e7\u00e3o de scanners. &#8220;Nosso sonho \u00e9 que o Porto de Natal volte a operar com sua capacidade plena e de forma normalizada&#8221;, concluiu.<\/p>\n\n\n\n<p>Mat\u00e9ria publicada no <a href=\"https:\/\/blogdopassaro.com.br\/ubaldo-fernandes-reforca-demandas-por-obras-viarias-e-melhorias-no-porto-de-natal\/#google_vignette\">Blog do P\u00e1ssaro<\/a>. <\/p>\n","protected":false},"featured_media":7127,"parent":0,"template":"","class_list":["post-7126","news","type-news","status-publish","has-post-thumbnail","hentry"],"acf":[],"yoast_head":"<!-- This site is optimized with the Yoast SEO plugin v24.6 - https:\/\/yoast.com\/wordpress\/plugins\/seo\/ -->\n<title>Ubaldo Fernandes refor\u00e7a demandas por obras vi\u00e1rias e melhorias no Porto de Natal - Ubaldo Fernandes<\/title>\n<meta name=\"robots\" content=\"index, follow, max-snippet:-1, max-image-preview:large, max-video-preview:-1\" \/>\n<link rel=\"canonical\" href=\"https:\/\/ubaldofernandes.com\/index.php\/news\/ubaldo-fernandes-reforca-demandas-por-obras-viarias-e-melhorias-no-porto-de-natal\/\" \/>\n<meta property=\"og:locale\" content=\"pt_BR\" \/>\n<meta property=\"og:type\" content=\"article\" \/>\n<meta property=\"og:title\" content=\"Ubaldo Fernandes refor\u00e7a demandas por obras vi\u00e1rias e melhorias no Porto de Natal - Ubaldo Fernandes\" \/>\n<meta property=\"og:description\" content=\"Nesta quarta-feira (25), durante o hor\u00e1rio destinado aos oradores na Assembleia Legislativa do RN, o deputado estadual Ubaldo Fernandes (PSDB) iniciou seu discurso parabenizando o Departamento de Estradas de Rodagem (DER) pelos trabalhos de recupera\u00e7\u00e3o das rodovias no estado. Ele aproveitou a ocasi\u00e3o para reiterar seu pedido de recapeamento asf\u00e1ltico na Avenida Litor\u00e2nea, que liga [&hellip;]\" \/>\n<meta property=\"og:url\" content=\"https:\/\/ubaldofernandes.com\/index.php\/news\/ubaldo-fernandes-reforca-demandas-por-obras-viarias-e-melhorias-no-porto-de-natal\/\" \/>\n<meta property=\"og:site_name\" content=\"Ubaldo Fernandes\" \/>\n<meta property=\"article:modified_time\" content=\"2024-10-07T14:47:52+00:00\" \/>\n<meta property=\"og:image\" content=\"https:\/\/ubaldofernandes.com\/wp-content\/uploads\/2024\/10\/noticia-2509.jpg\" \/>\n\t<meta property=\"og:image:width\" content=\"1620\" \/>\n\t<meta property=\"og:image:height\" content=\"1080\" \/>\n\t<meta property=\"og:image:type\" content=\"image\/jpeg\" \/>\n<meta name=\"twitter:card\" content=\"summary_large_image\" \/>\n<meta name=\"twitter:label1\" content=\"Est. tempo de leitura\" \/>\n\t<meta name=\"twitter:data1\" content=\"1 minuto\" \/>\n<script type=\"application\/ld+json\" class=\"yoast-schema-graph\">{\"@context\":\"https:\/\/schema.org\",\"@graph\":[{\"@type\":\"WebPage\",\"@id\":\"https:\/\/ubaldofernandes.com\/index.php\/news\/ubaldo-fernandes-reforca-demandas-por-obras-viarias-e-melhorias-no-porto-de-natal\/\",\"url\":\"https:\/\/ubaldofernandes.com\/index.php\/news\/ubaldo-fernandes-reforca-demandas-por-obras-viarias-e-melhorias-no-porto-de-natal\/\",\"name\":\"Ubaldo Fernandes refor\u00e7a demandas por obras vi\u00e1rias e melhorias no Porto de Natal - Ubaldo Fernandes\",\"isPartOf\":{\"@id\":\"https:\/\/ubaldofernandes.com\/#website\"},\"primaryImageOfPage\":{\"@id\":\"https:\/\/ubaldofernandes.com\/index.php\/news\/ubaldo-fernandes-reforca-demandas-por-obras-viarias-e-melhorias-no-porto-de-natal\/#primaryimage\"},\"image\":{\"@id\":\"https:\/\/ubaldofernandes.com\/index.php\/news\/ubaldo-fernandes-reforca-demandas-por-obras-viarias-e-melhorias-no-porto-de-natal\/#primaryimage\"},\"thumbnailUrl\":\"https:\/\/ubaldofernandes.com\/wp-content\/uploads\/2024\/10\/noticia-2509.jpg\",\"datePublished\":\"2024-09-25T14:34:00+00:00\",\"dateModified\":\"2024-10-07T14:47:52+00:00\",\"breadcrumb\":{\"@id\":\"https:\/\/ubaldofernandes.com\/index.php\/news\/ubaldo-fernandes-reforca-demandas-por-obras-viarias-e-melhorias-no-porto-de-natal\/#breadcrumb\"},\"inLanguage\":\"pt-BR\",\"potentialAction\":[{\"@type\":\"ReadAction\",\"target\":[\"https:\/\/ubaldofernandes.com\/index.php\/news\/ubaldo-fernandes-reforca-demandas-por-obras-viarias-e-melhorias-no-porto-de-natal\/\"]}]},{\"@type\":\"ImageObject\",\"inLanguage\":\"pt-BR\",\"@id\":\"https:\/\/ubaldofernandes.com\/index.php\/news\/ubaldo-fernandes-reforca-demandas-por-obras-viarias-e-melhorias-no-porto-de-natal\/#primaryimage\",\"url\":\"https:\/\/ubaldofernandes.com\/wp-content\/uploads\/2024\/10\/noticia-2509.jpg\",\"contentUrl\":\"https:\/\/ubaldofernandes.com\/wp-content\/uploads\/2024\/10\/noticia-2509.jpg\",\"width\":1620,\"height\":1080},{\"@type\":\"BreadcrumbList\",\"@id\":\"https:\/\/ubaldofernandes.com\/index.php\/news\/ubaldo-fernandes-reforca-demandas-por-obras-viarias-e-melhorias-no-porto-de-natal\/#breadcrumb\",\"itemListElement\":[{\"@type\":\"ListItem\",\"position\":1,\"name\":\"In\u00edcio\",\"item\":\"https:\/\/ubaldofernandes.com\/\"},{\"@type\":\"ListItem\",\"position\":2,\"name\":\"Not\u00edcias\",\"item\":\"https:\/\/ubaldofernandes.com\/index.php\/news\/\"},{\"@type\":\"ListItem\",\"position\":3,\"name\":\"Ubaldo Fernandes refor\u00e7a demandas por obras vi\u00e1rias e melhorias no Porto de Natal\"}]},{\"@type\":\"WebSite\",\"@id\":\"https:\/\/ubaldofernandes.com\/#website\",\"url\":\"https:\/\/ubaldofernandes.com\/\",\"name\":\"Ubaldo Fernandes\",\"description\":\"Deputado Estadual\",\"potentialAction\":[{\"@type\":\"SearchAction\",\"target\":{\"@type\":\"EntryPoint\",\"urlTemplate\":\"https:\/\/ubaldofernandes.com\/?s={search_term_string}\"},\"query-input\":{\"@type\":\"PropertyValueSpecification\",\"valueRequired\":true,\"valueName\":\"search_term_string\"}}],\"inLanguage\":\"pt-BR\"}]}<\/script>\n<!-- \/ Yoast SEO plugin. -->","yoast_head_json":{"title":"Ubaldo Fernandes refor\u00e7a demandas por obras vi\u00e1rias e melhorias no Porto de Natal - Ubaldo Fernandes","robots":{"index":"index","follow":"follow","max-snippet":"max-snippet:-1","max-image-preview":"max-image-preview:large","max-video-preview":"max-video-preview:-1"},"canonical":"https:\/\/ubaldofernandes.com\/index.php\/news\/ubaldo-fernandes-reforca-demandas-por-obras-viarias-e-melhorias-no-porto-de-natal\/","og_locale":"pt_BR","og_type":"article","og_title":"Ubaldo Fernandes refor\u00e7a demandas por obras vi\u00e1rias e melhorias no Porto de Natal - Ubaldo Fernandes","og_description":"Nesta quarta-feira (25), durante o hor\u00e1rio destinado aos oradores na Assembleia Legislativa do RN, o deputado estadual Ubaldo Fernandes (PSDB) iniciou seu discurso parabenizando o Departamento de Estradas de Rodagem (DER) pelos trabalhos de recupera\u00e7\u00e3o das rodovias no estado. Ele aproveitou a ocasi\u00e3o para reiterar seu pedido de recapeamento asf\u00e1ltico na Avenida Litor\u00e2nea, que liga [&hellip;]","og_url":"https:\/\/ubaldofernandes.com\/index.php\/news\/ubaldo-fernandes-reforca-demandas-por-obras-viarias-e-melhorias-no-porto-de-natal\/","og_site_name":"Ubaldo Fernandes","article_modified_time":"2024-10-07T14:47:52+00:00","og_image":[{"width":1620,"height":1080,"url":"https:\/\/ubaldofernandes.com\/wp-content\/uploads\/2024\/10\/noticia-2509.jpg","type":"image\/jpeg"}],"twitter_card":"summary_large_image","twitter_misc":{"Est. tempo de leitura":"1 minuto"},"schema":{"@context":"https:\/\/schema.org","@graph":[{"@type":"WebPage","@id":"https:\/\/ubaldofernandes.com\/index.php\/news\/ubaldo-fernandes-reforca-demandas-por-obras-viarias-e-melhorias-no-porto-de-natal\/","url":"https:\/\/ubaldofernandes.com\/index.php\/news\/ubaldo-fernandes-reforca-demandas-por-obras-viarias-e-melhorias-no-porto-de-natal\/","name":"Ubaldo Fernandes refor\u00e7a demandas por obras vi\u00e1rias e melhorias no Porto de Natal - Ubaldo Fernandes","isPartOf":{"@id":"https:\/\/ubaldofernandes.com\/#website"},"primaryImageOfPage":{"@id":"https:\/\/ubaldofernandes.com\/index.php\/news\/ubaldo-fernandes-reforca-demandas-por-obras-viarias-e-melhorias-no-porto-de-natal\/#primaryimage"},"image":{"@id":"https:\/\/ubaldofernandes.com\/index.php\/news\/ubaldo-fernandes-reforca-demandas-por-obras-viarias-e-melhorias-no-porto-de-natal\/#primaryimage"},"thumbnailUrl":"https:\/\/ubaldofernandes.com\/wp-content\/uploads\/2024\/10\/noticia-2509.jpg","datePublished":"2024-09-25T14:34:00+00:00","dateModified":"2024-10-07T14:47:52+00:00","breadcrumb":{"@id":"https:\/\/ubaldofernandes.com\/index.php\/news\/ubaldo-fernandes-reforca-demandas-por-obras-viarias-e-melhorias-no-porto-de-natal\/#breadcrumb"},"inLanguage":"pt-BR","potentialAction":[{"@type":"ReadAction","target":["https:\/\/ubaldofernandes.com\/index.php\/news\/ubaldo-fernandes-reforca-demandas-por-obras-viarias-e-melhorias-no-porto-de-natal\/"]}]},{"@type":"ImageObject","inLanguage":"pt-BR","@id":"https:\/\/ubaldofernandes.com\/index.php\/news\/ubaldo-fernandes-reforca-demandas-por-obras-viarias-e-melhorias-no-porto-de-natal\/#primaryimage","url":"https:\/\/ubaldofernandes.com\/wp-content\/uploads\/2024\/10\/noticia-2509.jpg","contentUrl":"https:\/\/ubaldofernandes.com\/wp-content\/uploads\/2024\/10\/noticia-2509.jpg","width":1620,"height":1080},{"@type":"BreadcrumbList","@id":"https:\/\/ubaldofernandes.com\/index.php\/news\/ubaldo-fernandes-reforca-demandas-por-obras-viarias-e-melhorias-no-porto-de-natal\/#breadcrumb","itemListElement":[{"@type":"ListItem","position":1,"name":"In\u00edcio","item":"https:\/\/ubaldofernandes.com\/"},{"@type":"ListItem","position":2,"name":"Not\u00edcias","item":"https:\/\/ubaldofernandes.com\/index.php\/news\/"},{"@type":"ListItem","position":3,"name":"Ubaldo Fernandes refor\u00e7a demandas por obras vi\u00e1rias e melhorias no Porto de Natal"}]},{"@type":"WebSite","@id":"https:\/\/ubaldofernandes.com\/#website","url":"https:\/\/ubaldofernandes.com\/","name":"Ubaldo Fernandes","description":"Deputado Estadual","potentialAction":[{"@type":"SearchAction","target":{"@type":"EntryPoint","urlTemplate":"https:\/\/ubaldofernandes.com\/?s={search_term_string}"},"query-input":{"@type":"PropertyValueSpecification","valueRequired":true,"valueName":"search_term_string"}}],"inLanguage":"pt-BR"}]}},"_links":{"self":[{"href":"https:\/\/ubaldofernandes.com\/index.php\/wp-json\/wp\/v2\/news\/7126","targetHints":{"allow":["GET"]}}],"collection":[{"href":"https:\/\/ubaldofernandes.com\/index.php\/wp-json\/wp\/v2\/news"}],"about":[{"href":"https:\/\/ubaldofernandes.com\/index.php\/wp-json\/wp\/v2\/types\/news"}],"wp:featuredmedia":[{"embeddable":true,"href":"https:\/\/ubaldofernandes.com\/index.php\/wp-json\/wp\/v2\/media\/7127"}],"wp:attachment":[{"href":"https:\/\/ubaldofernandes.com\/index.php\/wp-json\/wp\/v2\/media?parent=7126"}],"curies":[{"name":"wp","href":"https:\/\/api.w.org\/{rel}","templated":true}]}}