{"id":7166,"date":"2024-10-07T17:06:00","date_gmt":"2024-10-07T20:06:00","guid":{"rendered":"https:\/\/ubaldofernandes.com\/?post_type=news&#038;p=7166"},"modified":"2024-10-08T14:09:30","modified_gmt":"2024-10-08T17:09:30","slug":"eribaldo-medeiros-consegue-se-reeleger-pela-rede-com-apoio-de-ubaldo-fernandes","status":"publish","type":"news","link":"https:\/\/ubaldofernandes.com\/index.php\/news\/eribaldo-medeiros-consegue-se-reeleger-pela-rede-com-apoio-de-ubaldo-fernandes\/","title":{"rendered":"Eribaldo Medeiros consegue se reeleger pela Rede com apoio de Ubaldo Fernandes"},"content":{"rendered":"\n<p>A rede conseguiu eleger um vereador em Natal. Alias, reeleger: Eribaldo Medeiros conquistou 4.135 votos e se garantiu por mais 4 anos na C\u00e2mara.&nbsp;<\/p>\n\n\n\n<p>Nascido em Tangar\u00e1 em 03 de Outubro de 1971, filho de Dona Terezinha e Seu Martins, Eribaldo chegou em Natal no ano de 1985 e come\u00e7ou sua trajet\u00f3ria como comerci\u00e1rio.&nbsp;<\/p>\n\n\n\n<p>Morador das Rocas, na zona Leste da capital potiguar, abra\u00e7ou as causas sociais, militando politicamente nos bastidores das campanhas. Foi parceiro de Ubaldo Fernandes em boa parte da campanha.\u00a0<\/p>\n\n\n\n<p>Mat\u00e9ria publicada no <a href=\"https:\/\/gustavonegreiros.com.br\/2024\/10\/7\/eribaldo-medeiros-consegue-se-reeleger-pela-rede-com-apoio-de-ubaldo-fernandes\/137869\">Blog de Gustavo Negreiros<\/a>. <\/p>\n","protected":false},"featured_media":7167,"parent":0,"template":"","class_list":["post-7166","news","type-news","status-publish","has-post-thumbnail","hentry"],"acf":[],"yoast_head":"<!-- This site is optimized with the Yoast SEO plugin v24.6 - https:\/\/yoast.com\/wordpress\/plugins\/seo\/ -->\n<title>Eribaldo Medeiros consegue se reeleger pela Rede com apoio de Ubaldo Fernandes - Ubaldo Fernandes<\/title>\n<meta name=\"robots\" content=\"index, follow, max-snippet:-1, max-image-preview:large, max-video-preview:-1\" \/>\n<link rel=\"canonical\" href=\"https:\/\/ubaldofernandes.com\/index.php\/news\/eribaldo-medeiros-consegue-se-reeleger-pela-rede-com-apoio-de-ubaldo-fernandes\/\" \/>\n<meta property=\"og:locale\" content=\"pt_BR\" \/>\n<meta property=\"og:type\" content=\"article\" \/>\n<meta property=\"og:title\" content=\"Eribaldo Medeiros consegue se reeleger pela Rede com apoio de Ubaldo Fernandes - Ubaldo Fernandes\" \/>\n<meta property=\"og:description\" content=\"A rede conseguiu eleger um vereador em Natal. Alias, reeleger: Eribaldo Medeiros conquistou 4.135 votos e se garantiu por mais 4 anos na C\u00e2mara.&nbsp; Nascido em Tangar\u00e1 em 03 de Outubro de 1971, filho de Dona Terezinha e Seu Martins, Eribaldo chegou em Natal no ano de 1985 e come\u00e7ou sua trajet\u00f3ria como comerci\u00e1rio.&nbsp; Morador [&hellip;]\" \/>\n<meta property=\"og:url\" content=\"https:\/\/ubaldofernandes.com\/index.php\/news\/eribaldo-medeiros-consegue-se-reeleger-pela-rede-com-apoio-de-ubaldo-fernandes\/\" \/>\n<meta property=\"og:site_name\" content=\"Ubaldo Fernandes\" \/>\n<meta property=\"article:modified_time\" content=\"2024-10-08T17:09:30+00:00\" \/>\n<meta property=\"og:image\" content=\"https:\/\/ubaldofernandes.com\/wp-content\/uploads\/2024\/10\/Eribaldo.jpg\" \/>\n\t<meta property=\"og:image:width\" content=\"562\" \/>\n\t<meta property=\"og:image:height\" content=\"516\" \/>\n\t<meta property=\"og:image:type\" content=\"image\/jpeg\" \/>\n<meta name=\"twitter:card\" content=\"summary_large_image\" \/>\n<script type=\"application\/ld+json\" class=\"yoast-schema-graph\">{\"@context\":\"https:\/\/schema.org\",\"@graph\":[{\"@type\":\"WebPage\",\"@id\":\"https:\/\/ubaldofernandes.com\/index.php\/news\/eribaldo-medeiros-consegue-se-reeleger-pela-rede-com-apoio-de-ubaldo-fernandes\/\",\"url\":\"https:\/\/ubaldofernandes.com\/index.php\/news\/eribaldo-medeiros-consegue-se-reeleger-pela-rede-com-apoio-de-ubaldo-fernandes\/\",\"name\":\"Eribaldo Medeiros consegue se reeleger pela Rede com apoio de Ubaldo Fernandes - Ubaldo Fernandes\",\"isPartOf\":{\"@id\":\"https:\/\/ubaldofernandes.com\/#website\"},\"primaryImageOfPage\":{\"@id\":\"https:\/\/ubaldofernandes.com\/index.php\/news\/eribaldo-medeiros-consegue-se-reeleger-pela-rede-com-apoio-de-ubaldo-fernandes\/#primaryimage\"},\"image\":{\"@id\":\"https:\/\/ubaldofernandes.com\/index.php\/news\/eribaldo-medeiros-consegue-se-reeleger-pela-rede-com-apoio-de-ubaldo-fernandes\/#primaryimage\"},\"thumbnailUrl\":\"https:\/\/ubaldofernandes.com\/wp-content\/uploads\/2024\/10\/Eribaldo.jpg\",\"datePublished\":\"2024-10-07T20:06:00+00:00\",\"dateModified\":\"2024-10-08T17:09:30+00:00\",\"breadcrumb\":{\"@id\":\"https:\/\/ubaldofernandes.com\/index.php\/news\/eribaldo-medeiros-consegue-se-reeleger-pela-rede-com-apoio-de-ubaldo-fernandes\/#breadcrumb\"},\"inLanguage\":\"pt-BR\",\"potentialAction\":[{\"@type\":\"ReadAction\",\"target\":[\"https:\/\/ubaldofernandes.com\/index.php\/news\/eribaldo-medeiros-consegue-se-reeleger-pela-rede-com-apoio-de-ubaldo-fernandes\/\"]}]},{\"@type\":\"ImageObject\",\"inLanguage\":\"pt-BR\",\"@id\":\"https:\/\/ubaldofernandes.com\/index.php\/news\/eribaldo-medeiros-consegue-se-reeleger-pela-rede-com-apoio-de-ubaldo-fernandes\/#primaryimage\",\"url\":\"https:\/\/ubaldofernandes.com\/wp-content\/uploads\/2024\/10\/Eribaldo.jpg\",\"contentUrl\":\"https:\/\/ubaldofernandes.com\/wp-content\/uploads\/2024\/10\/Eribaldo.jpg\",\"width\":562,\"height\":516},{\"@type\":\"BreadcrumbList\",\"@id\":\"https:\/\/ubaldofernandes.com\/index.php\/news\/eribaldo-medeiros-consegue-se-reeleger-pela-rede-com-apoio-de-ubaldo-fernandes\/#breadcrumb\",\"itemListElement\":[{\"@type\":\"ListItem\",\"position\":1,\"name\":\"In\u00edcio\",\"item\":\"https:\/\/ubaldofernandes.com\/\"},{\"@type\":\"ListItem\",\"position\":2,\"name\":\"Not\u00edcias\",\"item\":\"https:\/\/ubaldofernandes.com\/index.php\/news\/\"},{\"@type\":\"ListItem\",\"position\":3,\"name\":\"Eribaldo Medeiros consegue se reeleger pela Rede com apoio de Ubaldo Fernandes\"}]},{\"@type\":\"WebSite\",\"@id\":\"https:\/\/ubaldofernandes.com\/#website\",\"url\":\"https:\/\/ubaldofernandes.com\/\",\"name\":\"Ubaldo Fernandes\",\"description\":\"Deputado Estadual\",\"potentialAction\":[{\"@type\":\"SearchAction\",\"target\":{\"@type\":\"EntryPoint\",\"urlTemplate\":\"https:\/\/ubaldofernandes.com\/?s={search_term_string}\"},\"query-input\":{\"@type\":\"PropertyValueSpecification\",\"valueRequired\":true,\"valueName\":\"search_term_string\"}}],\"inLanguage\":\"pt-BR\"}]}<\/script>\n<!-- \/ Yoast SEO plugin. -->","yoast_head_json":{"title":"Eribaldo Medeiros consegue se reeleger pela Rede com apoio de Ubaldo Fernandes - Ubaldo Fernandes","robots":{"index":"index","follow":"follow","max-snippet":"max-snippet:-1","max-image-preview":"max-image-preview:large","max-video-preview":"max-video-preview:-1"},"canonical":"https:\/\/ubaldofernandes.com\/index.php\/news\/eribaldo-medeiros-consegue-se-reeleger-pela-rede-com-apoio-de-ubaldo-fernandes\/","og_locale":"pt_BR","og_type":"article","og_title":"Eribaldo Medeiros consegue se reeleger pela Rede com apoio de Ubaldo Fernandes - Ubaldo Fernandes","og_description":"A rede conseguiu eleger um vereador em Natal. Alias, reeleger: Eribaldo Medeiros conquistou 4.135 votos e se garantiu por mais 4 anos na C\u00e2mara.&nbsp; Nascido em Tangar\u00e1 em 03 de Outubro de 1971, filho de Dona Terezinha e Seu Martins, Eribaldo chegou em Natal no ano de 1985 e come\u00e7ou sua trajet\u00f3ria como comerci\u00e1rio.&nbsp; Morador [&hellip;]","og_url":"https:\/\/ubaldofernandes.com\/index.php\/news\/eribaldo-medeiros-consegue-se-reeleger-pela-rede-com-apoio-de-ubaldo-fernandes\/","og_site_name":"Ubaldo Fernandes","article_modified_time":"2024-10-08T17:09:30+00:00","og_image":[{"width":562,"height":516,"url":"https:\/\/ubaldofernandes.com\/wp-content\/uploads\/2024\/10\/Eribaldo.jpg","type":"image\/jpeg"}],"twitter_card":"summary_large_image","schema":{"@context":"https:\/\/schema.org","@graph":[{"@type":"WebPage","@id":"https:\/\/ubaldofernandes.com\/index.php\/news\/eribaldo-medeiros-consegue-se-reeleger-pela-rede-com-apoio-de-ubaldo-fernandes\/","url":"https:\/\/ubaldofernandes.com\/index.php\/news\/eribaldo-medeiros-consegue-se-reeleger-pela-rede-com-apoio-de-ubaldo-fernandes\/","name":"Eribaldo Medeiros consegue se reeleger pela Rede com apoio de Ubaldo Fernandes - Ubaldo Fernandes","isPartOf":{"@id":"https:\/\/ubaldofernandes.com\/#website"},"primaryImageOfPage":{"@id":"https:\/\/ubaldofernandes.com\/index.php\/news\/eribaldo-medeiros-consegue-se-reeleger-pela-rede-com-apoio-de-ubaldo-fernandes\/#primaryimage"},"image":{"@id":"https:\/\/ubaldofernandes.com\/index.php\/news\/eribaldo-medeiros-consegue-se-reeleger-pela-rede-com-apoio-de-ubaldo-fernandes\/#primaryimage"},"thumbnailUrl":"https:\/\/ubaldofernandes.com\/wp-content\/uploads\/2024\/10\/Eribaldo.jpg","datePublished":"2024-10-07T20:06:00+00:00","dateModified":"2024-10-08T17:09:30+00:00","breadcrumb":{"@id":"https:\/\/ubaldofernandes.com\/index.php\/news\/eribaldo-medeiros-consegue-se-reeleger-pela-rede-com-apoio-de-ubaldo-fernandes\/#breadcrumb"},"inLanguage":"pt-BR","potentialAction":[{"@type":"ReadAction","target":["https:\/\/ubaldofernandes.com\/index.php\/news\/eribaldo-medeiros-consegue-se-reeleger-pela-rede-com-apoio-de-ubaldo-fernandes\/"]}]},{"@type":"ImageObject","inLanguage":"pt-BR","@id":"https:\/\/ubaldofernandes.com\/index.php\/news\/eribaldo-medeiros-consegue-se-reeleger-pela-rede-com-apoio-de-ubaldo-fernandes\/#primaryimage","url":"https:\/\/ubaldofernandes.com\/wp-content\/uploads\/2024\/10\/Eribaldo.jpg","contentUrl":"https:\/\/ubaldofernandes.com\/wp-content\/uploads\/2024\/10\/Eribaldo.jpg","width":562,"height":516},{"@type":"BreadcrumbList","@id":"https:\/\/ubaldofernandes.com\/index.php\/news\/eribaldo-medeiros-consegue-se-reeleger-pela-rede-com-apoio-de-ubaldo-fernandes\/#breadcrumb","itemListElement":[{"@type":"ListItem","position":1,"name":"In\u00edcio","item":"https:\/\/ubaldofernandes.com\/"},{"@type":"ListItem","position":2,"name":"Not\u00edcias","item":"https:\/\/ubaldofernandes.com\/index.php\/news\/"},{"@type":"ListItem","position":3,"name":"Eribaldo Medeiros consegue se reeleger pela Rede com apoio de Ubaldo Fernandes"}]},{"@type":"WebSite","@id":"https:\/\/ubaldofernandes.com\/#website","url":"https:\/\/ubaldofernandes.com\/","name":"Ubaldo Fernandes","description":"Deputado Estadual","potentialAction":[{"@type":"SearchAction","target":{"@type":"EntryPoint","urlTemplate":"https:\/\/ubaldofernandes.com\/?s={search_term_string}"},"query-input":{"@type":"PropertyValueSpecification","valueRequired":true,"valueName":"search_term_string"}}],"inLanguage":"pt-BR"}]}},"_links":{"self":[{"href":"https:\/\/ubaldofernandes.com\/index.php\/wp-json\/wp\/v2\/news\/7166","targetHints":{"allow":["GET"]}}],"collection":[{"href":"https:\/\/ubaldofernandes.com\/index.php\/wp-json\/wp\/v2\/news"}],"about":[{"href":"https:\/\/ubaldofernandes.com\/index.php\/wp-json\/wp\/v2\/types\/news"}],"wp:featuredmedia":[{"embeddable":true,"href":"https:\/\/ubaldofernandes.com\/index.php\/wp-json\/wp\/v2\/media\/7167"}],"wp:attachment":[{"href":"https:\/\/ubaldofernandes.com\/index.php\/wp-json\/wp\/v2\/media?parent=7166"}],"curies":[{"name":"wp","href":"https:\/\/api.w.org\/{rel}","templated":true}]}}