{"id":7180,"date":"2024-10-15T13:55:00","date_gmt":"2024-10-15T16:55:00","guid":{"rendered":"https:\/\/ubaldofernandes.com\/?post_type=news&#038;p=7180"},"modified":"2024-10-18T11:58:26","modified_gmt":"2024-10-18T14:58:26","slug":"ubaldo-fernandes-exalta-importancia-de-cafe-filho-para-historia-politica-do-rn","status":"publish","type":"news","link":"https:\/\/ubaldofernandes.com\/index.php\/news\/ubaldo-fernandes-exalta-importancia-de-cafe-filho-para-historia-politica-do-rn\/","title":{"rendered":"Ubaldo Fernandes exalta import\u00e2ncia de Caf\u00e9 Filho para hist\u00f3ria pol\u00edtica do RN"},"content":{"rendered":"\n<p>A atua\u00e7\u00e3o do ex-presidente Caf\u00e9 Filho foi o destaque no pronunciamento do deputado Ubaldo Fernandes (PSDB). Na sess\u00e3o plen\u00e1ria da Assembleia Legislativa nesta ter\u00e7a-feira (15), o deputado destacou a hist\u00f3ria do potiguar, que est\u00e1 sendo homenageado com uma exposi\u00e7\u00e3o no Sal\u00e3o Nobre da Casa, aberta oficialmente ontem.<\/p>\n\n\n\n<p>&#8220;Tive muito orgulho de presenciar ontem a solenidade, na qual familiares do ex-presidente se fizeram presentes e doaram parte do seu acervo ao nosso Memorial. Caf\u00e9 Filho iniciou sua hist\u00f3ria no movimento sindical nas Rocas, com o sindicato dos portu\u00e1rios e tamb\u00e9m dos pescadores e chegou a galgar espa\u00e7os na pol\u00edtica do RN. Foi candidato a vereador e ocupou o cargo n\u00famero um da pol\u00edtica, como presidente do Pa\u00eds&#8221;, disse Ubaldo.<\/p>\n\n\n\n<p>Ubaldo citou que Caf\u00e9 Filho abra\u00e7ava as causas do proletariado. &#8220;E talvez por isso a elite n\u00e3o consentiu a sua ascens\u00e3o e renega a hist\u00f3ria desse grande homem, que trouxe obras importantes, como o pr\u00e9dio do Hospital dos Pescadores, o pr\u00e9dio do antigo Ipase, da antiga rodovi\u00e1ria, ruas pavimentadas e contribuiu muito com a hist\u00f3ria da nossa cidade, do RN e do Pa\u00eds&#8221;, afirmou.<\/p>\n\n\n\n<p>Mat\u00e9ria publicada no <a href=\"https:\/\/www.alexsilvaassu.com.br\/2024\/10\/ubaldo-fernandes-exalta-importancia-de.html\">Blog Alex Silva<\/a>. <\/p>\n","protected":false},"featured_media":7181,"parent":0,"template":"","class_list":["post-7180","news","type-news","status-publish","has-post-thumbnail","hentry"],"acf":[],"yoast_head":"<!-- This site is optimized with the Yoast SEO plugin v24.6 - https:\/\/yoast.com\/wordpress\/plugins\/seo\/ -->\n<title>Ubaldo Fernandes exalta import\u00e2ncia de Caf\u00e9 Filho para hist\u00f3ria pol\u00edtica do RN - Ubaldo Fernandes<\/title>\n<meta name=\"robots\" content=\"index, follow, max-snippet:-1, max-image-preview:large, max-video-preview:-1\" \/>\n<link rel=\"canonical\" href=\"https:\/\/ubaldofernandes.com\/index.php\/news\/ubaldo-fernandes-exalta-importancia-de-cafe-filho-para-historia-politica-do-rn\/\" \/>\n<meta property=\"og:locale\" content=\"pt_BR\" \/>\n<meta property=\"og:type\" content=\"article\" \/>\n<meta property=\"og:title\" content=\"Ubaldo Fernandes exalta import\u00e2ncia de Caf\u00e9 Filho para hist\u00f3ria pol\u00edtica do RN - Ubaldo Fernandes\" \/>\n<meta property=\"og:description\" content=\"A atua\u00e7\u00e3o do ex-presidente Caf\u00e9 Filho foi o destaque no pronunciamento do deputado Ubaldo Fernandes (PSDB). Na sess\u00e3o plen\u00e1ria da Assembleia Legislativa nesta ter\u00e7a-feira (15), o deputado destacou a hist\u00f3ria do potiguar, que est\u00e1 sendo homenageado com uma exposi\u00e7\u00e3o no Sal\u00e3o Nobre da Casa, aberta oficialmente ontem. &#8220;Tive muito orgulho de presenciar ontem a solenidade, [&hellip;]\" \/>\n<meta property=\"og:url\" content=\"https:\/\/ubaldofernandes.com\/index.php\/news\/ubaldo-fernandes-exalta-importancia-de-cafe-filho-para-historia-politica-do-rn\/\" \/>\n<meta property=\"og:site_name\" content=\"Ubaldo Fernandes\" \/>\n<meta property=\"article:modified_time\" content=\"2024-10-18T14:58:26+00:00\" \/>\n<meta property=\"og:image\" content=\"https:\/\/ubaldofernandes.com\/wp-content\/uploads\/2024\/10\/unnamed-3.jpg\" \/>\n\t<meta property=\"og:image:width\" content=\"1280\" \/>\n\t<meta property=\"og:image:height\" content=\"853\" \/>\n\t<meta property=\"og:image:type\" content=\"image\/jpeg\" \/>\n<meta name=\"twitter:card\" content=\"summary_large_image\" \/>\n<meta name=\"twitter:label1\" content=\"Est. tempo de leitura\" \/>\n\t<meta name=\"twitter:data1\" content=\"1 minuto\" \/>\n<script type=\"application\/ld+json\" class=\"yoast-schema-graph\">{\"@context\":\"https:\/\/schema.org\",\"@graph\":[{\"@type\":\"WebPage\",\"@id\":\"https:\/\/ubaldofernandes.com\/index.php\/news\/ubaldo-fernandes-exalta-importancia-de-cafe-filho-para-historia-politica-do-rn\/\",\"url\":\"https:\/\/ubaldofernandes.com\/index.php\/news\/ubaldo-fernandes-exalta-importancia-de-cafe-filho-para-historia-politica-do-rn\/\",\"name\":\"Ubaldo Fernandes exalta import\u00e2ncia de Caf\u00e9 Filho para hist\u00f3ria pol\u00edtica do RN - Ubaldo Fernandes\",\"isPartOf\":{\"@id\":\"https:\/\/ubaldofernandes.com\/#website\"},\"primaryImageOfPage\":{\"@id\":\"https:\/\/ubaldofernandes.com\/index.php\/news\/ubaldo-fernandes-exalta-importancia-de-cafe-filho-para-historia-politica-do-rn\/#primaryimage\"},\"image\":{\"@id\":\"https:\/\/ubaldofernandes.com\/index.php\/news\/ubaldo-fernandes-exalta-importancia-de-cafe-filho-para-historia-politica-do-rn\/#primaryimage\"},\"thumbnailUrl\":\"https:\/\/ubaldofernandes.com\/wp-content\/uploads\/2024\/10\/unnamed-3.jpg\",\"datePublished\":\"2024-10-15T16:55:00+00:00\",\"dateModified\":\"2024-10-18T14:58:26+00:00\",\"breadcrumb\":{\"@id\":\"https:\/\/ubaldofernandes.com\/index.php\/news\/ubaldo-fernandes-exalta-importancia-de-cafe-filho-para-historia-politica-do-rn\/#breadcrumb\"},\"inLanguage\":\"pt-BR\",\"potentialAction\":[{\"@type\":\"ReadAction\",\"target\":[\"https:\/\/ubaldofernandes.com\/index.php\/news\/ubaldo-fernandes-exalta-importancia-de-cafe-filho-para-historia-politica-do-rn\/\"]}]},{\"@type\":\"ImageObject\",\"inLanguage\":\"pt-BR\",\"@id\":\"https:\/\/ubaldofernandes.com\/index.php\/news\/ubaldo-fernandes-exalta-importancia-de-cafe-filho-para-historia-politica-do-rn\/#primaryimage\",\"url\":\"https:\/\/ubaldofernandes.com\/wp-content\/uploads\/2024\/10\/unnamed-3.jpg\",\"contentUrl\":\"https:\/\/ubaldofernandes.com\/wp-content\/uploads\/2024\/10\/unnamed-3.jpg\",\"width\":1280,\"height\":853},{\"@type\":\"BreadcrumbList\",\"@id\":\"https:\/\/ubaldofernandes.com\/index.php\/news\/ubaldo-fernandes-exalta-importancia-de-cafe-filho-para-historia-politica-do-rn\/#breadcrumb\",\"itemListElement\":[{\"@type\":\"ListItem\",\"position\":1,\"name\":\"In\u00edcio\",\"item\":\"https:\/\/ubaldofernandes.com\/\"},{\"@type\":\"ListItem\",\"position\":2,\"name\":\"Not\u00edcias\",\"item\":\"https:\/\/ubaldofernandes.com\/index.php\/news\/\"},{\"@type\":\"ListItem\",\"position\":3,\"name\":\"Ubaldo Fernandes exalta import\u00e2ncia de Caf\u00e9 Filho para hist\u00f3ria pol\u00edtica do RN\"}]},{\"@type\":\"WebSite\",\"@id\":\"https:\/\/ubaldofernandes.com\/#website\",\"url\":\"https:\/\/ubaldofernandes.com\/\",\"name\":\"Ubaldo Fernandes\",\"description\":\"Deputado Estadual\",\"potentialAction\":[{\"@type\":\"SearchAction\",\"target\":{\"@type\":\"EntryPoint\",\"urlTemplate\":\"https:\/\/ubaldofernandes.com\/?s={search_term_string}\"},\"query-input\":{\"@type\":\"PropertyValueSpecification\",\"valueRequired\":true,\"valueName\":\"search_term_string\"}}],\"inLanguage\":\"pt-BR\"}]}<\/script>\n<!-- \/ Yoast SEO plugin. -->","yoast_head_json":{"title":"Ubaldo Fernandes exalta import\u00e2ncia de Caf\u00e9 Filho para hist\u00f3ria pol\u00edtica do RN - Ubaldo Fernandes","robots":{"index":"index","follow":"follow","max-snippet":"max-snippet:-1","max-image-preview":"max-image-preview:large","max-video-preview":"max-video-preview:-1"},"canonical":"https:\/\/ubaldofernandes.com\/index.php\/news\/ubaldo-fernandes-exalta-importancia-de-cafe-filho-para-historia-politica-do-rn\/","og_locale":"pt_BR","og_type":"article","og_title":"Ubaldo Fernandes exalta import\u00e2ncia de Caf\u00e9 Filho para hist\u00f3ria pol\u00edtica do RN - Ubaldo Fernandes","og_description":"A atua\u00e7\u00e3o do ex-presidente Caf\u00e9 Filho foi o destaque no pronunciamento do deputado Ubaldo Fernandes (PSDB). Na sess\u00e3o plen\u00e1ria da Assembleia Legislativa nesta ter\u00e7a-feira (15), o deputado destacou a hist\u00f3ria do potiguar, que est\u00e1 sendo homenageado com uma exposi\u00e7\u00e3o no Sal\u00e3o Nobre da Casa, aberta oficialmente ontem. &#8220;Tive muito orgulho de presenciar ontem a solenidade, [&hellip;]","og_url":"https:\/\/ubaldofernandes.com\/index.php\/news\/ubaldo-fernandes-exalta-importancia-de-cafe-filho-para-historia-politica-do-rn\/","og_site_name":"Ubaldo Fernandes","article_modified_time":"2024-10-18T14:58:26+00:00","og_image":[{"width":1280,"height":853,"url":"https:\/\/ubaldofernandes.com\/wp-content\/uploads\/2024\/10\/unnamed-3.jpg","type":"image\/jpeg"}],"twitter_card":"summary_large_image","twitter_misc":{"Est. tempo de leitura":"1 minuto"},"schema":{"@context":"https:\/\/schema.org","@graph":[{"@type":"WebPage","@id":"https:\/\/ubaldofernandes.com\/index.php\/news\/ubaldo-fernandes-exalta-importancia-de-cafe-filho-para-historia-politica-do-rn\/","url":"https:\/\/ubaldofernandes.com\/index.php\/news\/ubaldo-fernandes-exalta-importancia-de-cafe-filho-para-historia-politica-do-rn\/","name":"Ubaldo Fernandes exalta import\u00e2ncia de Caf\u00e9 Filho para hist\u00f3ria pol\u00edtica do RN - Ubaldo Fernandes","isPartOf":{"@id":"https:\/\/ubaldofernandes.com\/#website"},"primaryImageOfPage":{"@id":"https:\/\/ubaldofernandes.com\/index.php\/news\/ubaldo-fernandes-exalta-importancia-de-cafe-filho-para-historia-politica-do-rn\/#primaryimage"},"image":{"@id":"https:\/\/ubaldofernandes.com\/index.php\/news\/ubaldo-fernandes-exalta-importancia-de-cafe-filho-para-historia-politica-do-rn\/#primaryimage"},"thumbnailUrl":"https:\/\/ubaldofernandes.com\/wp-content\/uploads\/2024\/10\/unnamed-3.jpg","datePublished":"2024-10-15T16:55:00+00:00","dateModified":"2024-10-18T14:58:26+00:00","breadcrumb":{"@id":"https:\/\/ubaldofernandes.com\/index.php\/news\/ubaldo-fernandes-exalta-importancia-de-cafe-filho-para-historia-politica-do-rn\/#breadcrumb"},"inLanguage":"pt-BR","potentialAction":[{"@type":"ReadAction","target":["https:\/\/ubaldofernandes.com\/index.php\/news\/ubaldo-fernandes-exalta-importancia-de-cafe-filho-para-historia-politica-do-rn\/"]}]},{"@type":"ImageObject","inLanguage":"pt-BR","@id":"https:\/\/ubaldofernandes.com\/index.php\/news\/ubaldo-fernandes-exalta-importancia-de-cafe-filho-para-historia-politica-do-rn\/#primaryimage","url":"https:\/\/ubaldofernandes.com\/wp-content\/uploads\/2024\/10\/unnamed-3.jpg","contentUrl":"https:\/\/ubaldofernandes.com\/wp-content\/uploads\/2024\/10\/unnamed-3.jpg","width":1280,"height":853},{"@type":"BreadcrumbList","@id":"https:\/\/ubaldofernandes.com\/index.php\/news\/ubaldo-fernandes-exalta-importancia-de-cafe-filho-para-historia-politica-do-rn\/#breadcrumb","itemListElement":[{"@type":"ListItem","position":1,"name":"In\u00edcio","item":"https:\/\/ubaldofernandes.com\/"},{"@type":"ListItem","position":2,"name":"Not\u00edcias","item":"https:\/\/ubaldofernandes.com\/index.php\/news\/"},{"@type":"ListItem","position":3,"name":"Ubaldo Fernandes exalta import\u00e2ncia de Caf\u00e9 Filho para hist\u00f3ria pol\u00edtica do RN"}]},{"@type":"WebSite","@id":"https:\/\/ubaldofernandes.com\/#website","url":"https:\/\/ubaldofernandes.com\/","name":"Ubaldo Fernandes","description":"Deputado Estadual","potentialAction":[{"@type":"SearchAction","target":{"@type":"EntryPoint","urlTemplate":"https:\/\/ubaldofernandes.com\/?s={search_term_string}"},"query-input":{"@type":"PropertyValueSpecification","valueRequired":true,"valueName":"search_term_string"}}],"inLanguage":"pt-BR"}]}},"_links":{"self":[{"href":"https:\/\/ubaldofernandes.com\/index.php\/wp-json\/wp\/v2\/news\/7180","targetHints":{"allow":["GET"]}}],"collection":[{"href":"https:\/\/ubaldofernandes.com\/index.php\/wp-json\/wp\/v2\/news"}],"about":[{"href":"https:\/\/ubaldofernandes.com\/index.php\/wp-json\/wp\/v2\/types\/news"}],"wp:featuredmedia":[{"embeddable":true,"href":"https:\/\/ubaldofernandes.com\/index.php\/wp-json\/wp\/v2\/media\/7181"}],"wp:attachment":[{"href":"https:\/\/ubaldofernandes.com\/index.php\/wp-json\/wp\/v2\/media?parent=7180"}],"curies":[{"name":"wp","href":"https:\/\/api.w.org\/{rel}","templated":true}]}}