{"id":7202,"date":"2024-10-23T02:15:00","date_gmt":"2024-10-23T05:15:00","guid":{"rendered":"https:\/\/ubaldofernandes.com\/?post_type=news&#038;p=7202"},"modified":"2024-10-30T15:16:07","modified_gmt":"2024-10-30T18:16:07","slug":"ubaldo-pede-apoio-a-bancada-federal-contra-mudancas-na-lei-que-afetam-portuarios","status":"publish","type":"news","link":"https:\/\/ubaldofernandes.com\/index.php\/news\/ubaldo-pede-apoio-a-bancada-federal-contra-mudancas-na-lei-que-afetam-portuarios\/","title":{"rendered":"Ubaldo pede apoio \u00e0 bancada federal contra mudan\u00e7as na Lei que afetam portu\u00e1rios"},"content":{"rendered":"\n<p>As altera\u00e7\u00f5es previstas na Lei dos Portos (Lei 12.815\/2013), em tramita\u00e7\u00e3o na C\u00e2mara Federal, provocou o pronunciamento do Ubaldo Fernandes (PSDB) na manh\u00e3 desta ter\u00e7a-feira (22), na Assembleia Legislativa do RN. Defendendo a categoria dos portu\u00e1rios, Ubaldo pediu apoio da bancada federal potiguar para se pronunciarem contr\u00e1rios \u00e0 proposta.<\/p>\n\n\n\n<p>\u201cEsse projeto de lei gera dificuldades das categorias dos portu\u00e1rios, estivadores e conferencistas por falta de estabilidade. O projeto, que est\u00e1 na C\u00e2mara Federal, vai acabar com a exclusividade dessa categoria\u201d, explicou.<\/p>\n\n\n\n<p>O parlamentar disse ainda que a categoria \u00e9 uma m\u00e3o de obra qualificada e \u201cse a lei for aprovada, a classe deixa de ser exclusividade e o Porto de Natal pode contratar qualquer empresa para atuar, tirando o emprego de quem est\u00e1 ali h\u00e1 d\u00e9cadas\u201d.<\/p>\n\n\n\n<p>Ubaldo Fernandes finalizou destacando a import\u00e2ncia da Bancada Federal do RN se unir contr\u00e1ria \u00e0 proposta.<\/p>\n\n\n\n<p>Mat\u00e9ria publicada no <a href=\"https:\/\/costabrancanews.com\/ubaldo-pede-apoio-a-bancada-federal-contra-mudancas-na-lei-que-afetam-portuarios\/\">Blog Costa Branca News<\/a>. <\/p>\n","protected":false},"featured_media":7203,"parent":0,"template":"","class_list":["post-7202","news","type-news","status-publish","has-post-thumbnail","hentry"],"acf":[],"yoast_head":"<!-- This site is optimized with the Yoast SEO plugin v24.6 - https:\/\/yoast.com\/wordpress\/plugins\/seo\/ -->\n<title>Ubaldo pede apoio \u00e0 bancada federal contra mudan\u00e7as na Lei que afetam portu\u00e1rios - Ubaldo Fernandes<\/title>\n<meta name=\"robots\" content=\"index, follow, max-snippet:-1, max-image-preview:large, max-video-preview:-1\" \/>\n<link rel=\"canonical\" href=\"https:\/\/ubaldofernandes.com\/index.php\/news\/ubaldo-pede-apoio-a-bancada-federal-contra-mudancas-na-lei-que-afetam-portuarios\/\" \/>\n<meta property=\"og:locale\" content=\"pt_BR\" \/>\n<meta property=\"og:type\" content=\"article\" \/>\n<meta property=\"og:title\" content=\"Ubaldo pede apoio \u00e0 bancada federal contra mudan\u00e7as na Lei que afetam portu\u00e1rios - Ubaldo Fernandes\" \/>\n<meta property=\"og:description\" content=\"As altera\u00e7\u00f5es previstas na Lei dos Portos (Lei 12.815\/2013), em tramita\u00e7\u00e3o na C\u00e2mara Federal, provocou o pronunciamento do Ubaldo Fernandes (PSDB) na manh\u00e3 desta ter\u00e7a-feira (22), na Assembleia Legislativa do RN. Defendendo a categoria dos portu\u00e1rios, Ubaldo pediu apoio da bancada federal potiguar para se pronunciarem contr\u00e1rios \u00e0 proposta. \u201cEsse projeto de lei gera dificuldades [&hellip;]\" \/>\n<meta property=\"og:url\" content=\"https:\/\/ubaldofernandes.com\/index.php\/news\/ubaldo-pede-apoio-a-bancada-federal-contra-mudancas-na-lei-que-afetam-portuarios\/\" \/>\n<meta property=\"og:site_name\" content=\"Ubaldo Fernandes\" \/>\n<meta property=\"article:modified_time\" content=\"2024-10-30T18:16:07+00:00\" \/>\n<meta property=\"og:image\" content=\"https:\/\/ubaldofernandes.com\/wp-content\/uploads\/2024\/10\/nPy4KCXe2kRHdCUAorv4lwHdKoWQz59gzCz49s1U.jpg\" \/>\n\t<meta property=\"og:image:width\" content=\"1600\" \/>\n\t<meta property=\"og:image:height\" content=\"1066\" \/>\n\t<meta property=\"og:image:type\" content=\"image\/jpeg\" \/>\n<meta name=\"twitter:card\" content=\"summary_large_image\" \/>\n<meta name=\"twitter:label1\" content=\"Est. tempo de leitura\" \/>\n\t<meta name=\"twitter:data1\" content=\"1 minuto\" \/>\n<script type=\"application\/ld+json\" class=\"yoast-schema-graph\">{\"@context\":\"https:\/\/schema.org\",\"@graph\":[{\"@type\":\"WebPage\",\"@id\":\"https:\/\/ubaldofernandes.com\/index.php\/news\/ubaldo-pede-apoio-a-bancada-federal-contra-mudancas-na-lei-que-afetam-portuarios\/\",\"url\":\"https:\/\/ubaldofernandes.com\/index.php\/news\/ubaldo-pede-apoio-a-bancada-federal-contra-mudancas-na-lei-que-afetam-portuarios\/\",\"name\":\"Ubaldo pede apoio \u00e0 bancada federal contra mudan\u00e7as na Lei que afetam portu\u00e1rios - Ubaldo Fernandes\",\"isPartOf\":{\"@id\":\"https:\/\/ubaldofernandes.com\/#website\"},\"primaryImageOfPage\":{\"@id\":\"https:\/\/ubaldofernandes.com\/index.php\/news\/ubaldo-pede-apoio-a-bancada-federal-contra-mudancas-na-lei-que-afetam-portuarios\/#primaryimage\"},\"image\":{\"@id\":\"https:\/\/ubaldofernandes.com\/index.php\/news\/ubaldo-pede-apoio-a-bancada-federal-contra-mudancas-na-lei-que-afetam-portuarios\/#primaryimage\"},\"thumbnailUrl\":\"https:\/\/ubaldofernandes.com\/wp-content\/uploads\/2024\/10\/nPy4KCXe2kRHdCUAorv4lwHdKoWQz59gzCz49s1U.jpg\",\"datePublished\":\"2024-10-23T05:15:00+00:00\",\"dateModified\":\"2024-10-30T18:16:07+00:00\",\"breadcrumb\":{\"@id\":\"https:\/\/ubaldofernandes.com\/index.php\/news\/ubaldo-pede-apoio-a-bancada-federal-contra-mudancas-na-lei-que-afetam-portuarios\/#breadcrumb\"},\"inLanguage\":\"pt-BR\",\"potentialAction\":[{\"@type\":\"ReadAction\",\"target\":[\"https:\/\/ubaldofernandes.com\/index.php\/news\/ubaldo-pede-apoio-a-bancada-federal-contra-mudancas-na-lei-que-afetam-portuarios\/\"]}]},{\"@type\":\"ImageObject\",\"inLanguage\":\"pt-BR\",\"@id\":\"https:\/\/ubaldofernandes.com\/index.php\/news\/ubaldo-pede-apoio-a-bancada-federal-contra-mudancas-na-lei-que-afetam-portuarios\/#primaryimage\",\"url\":\"https:\/\/ubaldofernandes.com\/wp-content\/uploads\/2024\/10\/nPy4KCXe2kRHdCUAorv4lwHdKoWQz59gzCz49s1U.jpg\",\"contentUrl\":\"https:\/\/ubaldofernandes.com\/wp-content\/uploads\/2024\/10\/nPy4KCXe2kRHdCUAorv4lwHdKoWQz59gzCz49s1U.jpg\",\"width\":1600,\"height\":1066},{\"@type\":\"BreadcrumbList\",\"@id\":\"https:\/\/ubaldofernandes.com\/index.php\/news\/ubaldo-pede-apoio-a-bancada-federal-contra-mudancas-na-lei-que-afetam-portuarios\/#breadcrumb\",\"itemListElement\":[{\"@type\":\"ListItem\",\"position\":1,\"name\":\"In\u00edcio\",\"item\":\"https:\/\/ubaldofernandes.com\/\"},{\"@type\":\"ListItem\",\"position\":2,\"name\":\"Not\u00edcias\",\"item\":\"https:\/\/ubaldofernandes.com\/index.php\/news\/\"},{\"@type\":\"ListItem\",\"position\":3,\"name\":\"Ubaldo pede apoio \u00e0 bancada federal contra mudan\u00e7as na Lei que afetam portu\u00e1rios\"}]},{\"@type\":\"WebSite\",\"@id\":\"https:\/\/ubaldofernandes.com\/#website\",\"url\":\"https:\/\/ubaldofernandes.com\/\",\"name\":\"Ubaldo Fernandes\",\"description\":\"Deputado Estadual\",\"potentialAction\":[{\"@type\":\"SearchAction\",\"target\":{\"@type\":\"EntryPoint\",\"urlTemplate\":\"https:\/\/ubaldofernandes.com\/?s={search_term_string}\"},\"query-input\":{\"@type\":\"PropertyValueSpecification\",\"valueRequired\":true,\"valueName\":\"search_term_string\"}}],\"inLanguage\":\"pt-BR\"}]}<\/script>\n<!-- \/ Yoast SEO plugin. -->","yoast_head_json":{"title":"Ubaldo pede apoio \u00e0 bancada federal contra mudan\u00e7as na Lei que afetam portu\u00e1rios - Ubaldo Fernandes","robots":{"index":"index","follow":"follow","max-snippet":"max-snippet:-1","max-image-preview":"max-image-preview:large","max-video-preview":"max-video-preview:-1"},"canonical":"https:\/\/ubaldofernandes.com\/index.php\/news\/ubaldo-pede-apoio-a-bancada-federal-contra-mudancas-na-lei-que-afetam-portuarios\/","og_locale":"pt_BR","og_type":"article","og_title":"Ubaldo pede apoio \u00e0 bancada federal contra mudan\u00e7as na Lei que afetam portu\u00e1rios - Ubaldo Fernandes","og_description":"As altera\u00e7\u00f5es previstas na Lei dos Portos (Lei 12.815\/2013), em tramita\u00e7\u00e3o na C\u00e2mara Federal, provocou o pronunciamento do Ubaldo Fernandes (PSDB) na manh\u00e3 desta ter\u00e7a-feira (22), na Assembleia Legislativa do RN. Defendendo a categoria dos portu\u00e1rios, Ubaldo pediu apoio da bancada federal potiguar para se pronunciarem contr\u00e1rios \u00e0 proposta. \u201cEsse projeto de lei gera dificuldades [&hellip;]","og_url":"https:\/\/ubaldofernandes.com\/index.php\/news\/ubaldo-pede-apoio-a-bancada-federal-contra-mudancas-na-lei-que-afetam-portuarios\/","og_site_name":"Ubaldo Fernandes","article_modified_time":"2024-10-30T18:16:07+00:00","og_image":[{"width":1600,"height":1066,"url":"https:\/\/ubaldofernandes.com\/wp-content\/uploads\/2024\/10\/nPy4KCXe2kRHdCUAorv4lwHdKoWQz59gzCz49s1U.jpg","type":"image\/jpeg"}],"twitter_card":"summary_large_image","twitter_misc":{"Est. tempo de leitura":"1 minuto"},"schema":{"@context":"https:\/\/schema.org","@graph":[{"@type":"WebPage","@id":"https:\/\/ubaldofernandes.com\/index.php\/news\/ubaldo-pede-apoio-a-bancada-federal-contra-mudancas-na-lei-que-afetam-portuarios\/","url":"https:\/\/ubaldofernandes.com\/index.php\/news\/ubaldo-pede-apoio-a-bancada-federal-contra-mudancas-na-lei-que-afetam-portuarios\/","name":"Ubaldo pede apoio \u00e0 bancada federal contra mudan\u00e7as na Lei que afetam portu\u00e1rios - Ubaldo Fernandes","isPartOf":{"@id":"https:\/\/ubaldofernandes.com\/#website"},"primaryImageOfPage":{"@id":"https:\/\/ubaldofernandes.com\/index.php\/news\/ubaldo-pede-apoio-a-bancada-federal-contra-mudancas-na-lei-que-afetam-portuarios\/#primaryimage"},"image":{"@id":"https:\/\/ubaldofernandes.com\/index.php\/news\/ubaldo-pede-apoio-a-bancada-federal-contra-mudancas-na-lei-que-afetam-portuarios\/#primaryimage"},"thumbnailUrl":"https:\/\/ubaldofernandes.com\/wp-content\/uploads\/2024\/10\/nPy4KCXe2kRHdCUAorv4lwHdKoWQz59gzCz49s1U.jpg","datePublished":"2024-10-23T05:15:00+00:00","dateModified":"2024-10-30T18:16:07+00:00","breadcrumb":{"@id":"https:\/\/ubaldofernandes.com\/index.php\/news\/ubaldo-pede-apoio-a-bancada-federal-contra-mudancas-na-lei-que-afetam-portuarios\/#breadcrumb"},"inLanguage":"pt-BR","potentialAction":[{"@type":"ReadAction","target":["https:\/\/ubaldofernandes.com\/index.php\/news\/ubaldo-pede-apoio-a-bancada-federal-contra-mudancas-na-lei-que-afetam-portuarios\/"]}]},{"@type":"ImageObject","inLanguage":"pt-BR","@id":"https:\/\/ubaldofernandes.com\/index.php\/news\/ubaldo-pede-apoio-a-bancada-federal-contra-mudancas-na-lei-que-afetam-portuarios\/#primaryimage","url":"https:\/\/ubaldofernandes.com\/wp-content\/uploads\/2024\/10\/nPy4KCXe2kRHdCUAorv4lwHdKoWQz59gzCz49s1U.jpg","contentUrl":"https:\/\/ubaldofernandes.com\/wp-content\/uploads\/2024\/10\/nPy4KCXe2kRHdCUAorv4lwHdKoWQz59gzCz49s1U.jpg","width":1600,"height":1066},{"@type":"BreadcrumbList","@id":"https:\/\/ubaldofernandes.com\/index.php\/news\/ubaldo-pede-apoio-a-bancada-federal-contra-mudancas-na-lei-que-afetam-portuarios\/#breadcrumb","itemListElement":[{"@type":"ListItem","position":1,"name":"In\u00edcio","item":"https:\/\/ubaldofernandes.com\/"},{"@type":"ListItem","position":2,"name":"Not\u00edcias","item":"https:\/\/ubaldofernandes.com\/index.php\/news\/"},{"@type":"ListItem","position":3,"name":"Ubaldo pede apoio \u00e0 bancada federal contra mudan\u00e7as na Lei que afetam portu\u00e1rios"}]},{"@type":"WebSite","@id":"https:\/\/ubaldofernandes.com\/#website","url":"https:\/\/ubaldofernandes.com\/","name":"Ubaldo Fernandes","description":"Deputado Estadual","potentialAction":[{"@type":"SearchAction","target":{"@type":"EntryPoint","urlTemplate":"https:\/\/ubaldofernandes.com\/?s={search_term_string}"},"query-input":{"@type":"PropertyValueSpecification","valueRequired":true,"valueName":"search_term_string"}}],"inLanguage":"pt-BR"}]}},"_links":{"self":[{"href":"https:\/\/ubaldofernandes.com\/index.php\/wp-json\/wp\/v2\/news\/7202","targetHints":{"allow":["GET"]}}],"collection":[{"href":"https:\/\/ubaldofernandes.com\/index.php\/wp-json\/wp\/v2\/news"}],"about":[{"href":"https:\/\/ubaldofernandes.com\/index.php\/wp-json\/wp\/v2\/types\/news"}],"wp:featuredmedia":[{"embeddable":true,"href":"https:\/\/ubaldofernandes.com\/index.php\/wp-json\/wp\/v2\/media\/7203"}],"wp:attachment":[{"href":"https:\/\/ubaldofernandes.com\/index.php\/wp-json\/wp\/v2\/media?parent=7202"}],"curies":[{"name":"wp","href":"https:\/\/api.w.org\/{rel}","templated":true}]}}