{"id":7214,"date":"2024-10-31T15:06:00","date_gmt":"2024-10-31T18:06:00","guid":{"rendered":"https:\/\/ubaldofernandes.com\/?post_type=news&#038;p=7214"},"modified":"2024-11-04T15:08:40","modified_gmt":"2024-11-04T18:08:40","slug":"deputado-ubaldo-fernandes-fala-sobre-os-avancos-na-comunidade-do-cavaco-chines","status":"publish","type":"news","link":"https:\/\/ubaldofernandes.com\/index.php\/news\/deputado-ubaldo-fernandes-fala-sobre-os-avancos-na-comunidade-do-cavaco-chines\/","title":{"rendered":"Deputado Ubaldo Fernandes fala sobre os avan\u00e7os na Comunidade do Cavaco Chin\u00eas"},"content":{"rendered":"\n<p>Durante a sess\u00e3o ordin\u00e1ria desta quinta-feira (31), o deputado Ubaldo Fernandes (PSDB) abordou os desafios enfrentados pela comunidade do Cavaco Chin\u00eas, que sofreu severamente com os alagamentos causados pelas chuvas no in\u00edcio do ano.<\/p>\n\n\n\n<p>O parlamentar relatou que muitos moradores foram for\u00e7ados a abandonar suas casas devido \u00e0 situa\u00e7\u00e3o cr\u00edtica.<\/p>\n\n\n\n<p>Ubaldo destacou a a\u00e7\u00e3o do Minist\u00e9rio P\u00fablico, que foi acionado sob sua articula\u00e7\u00e3o, em resposta \u00e0 neglig\u00eancia percebida por parte da prefeitura de Natal. \u201cFoi elaborado um termo de ajustamento de conduta entre o Minist\u00e9rio P\u00fablico, o Governo do Estado e a comunidade para buscar uma solu\u00e7\u00e3o para o problema\u201d, explicou.<\/p>\n\n\n\n<p>O deputado tamb\u00e9m informou que a situa\u00e7\u00e3o foi amenizada e que os moradores j\u00e1 est\u00e3o retornando \u00e0s suas resid\u00eancias. No entanto, ele enfatizou que a luta n\u00e3o termina a\u00ed. \u201cAgora, vamos trabalhar por um programa de reurbaniza\u00e7\u00e3o e reestrutura\u00e7\u00e3o dos im\u00f3veis daquela comunidade\u201d, afirmou.<\/p>\n\n\n\n<p>O parlamentar reafirmou seu compromisso com a comunidade, assegurando que \u201cs\u00f3 sossegaremos quando n\u00e3o houver mais nenhuma amea\u00e7a de que problemas como este voltem a acontecer\u201d, comprometeu-se.<\/p>\n\n\n\n<p>Mat\u00e9ria publicada no <a href=\"https:\/\/www.blogdobelo.com.br\/1912\/\">Blog do Bello<\/a>. <\/p>\n","protected":false},"featured_media":7213,"parent":0,"template":"","class_list":["post-7214","news","type-news","status-publish","has-post-thumbnail","hentry"],"acf":[],"yoast_head":"<!-- This site is optimized with the Yoast SEO plugin v24.6 - https:\/\/yoast.com\/wordpress\/plugins\/seo\/ -->\n<title>Deputado Ubaldo Fernandes fala sobre os avan\u00e7os na Comunidade do Cavaco Chin\u00eas - Ubaldo Fernandes<\/title>\n<meta name=\"robots\" content=\"index, follow, max-snippet:-1, max-image-preview:large, max-video-preview:-1\" \/>\n<link rel=\"canonical\" href=\"https:\/\/ubaldofernandes.com\/index.php\/news\/deputado-ubaldo-fernandes-fala-sobre-os-avancos-na-comunidade-do-cavaco-chines\/\" \/>\n<meta property=\"og:locale\" content=\"pt_BR\" \/>\n<meta property=\"og:type\" content=\"article\" \/>\n<meta property=\"og:title\" content=\"Deputado Ubaldo Fernandes fala sobre os avan\u00e7os na Comunidade do Cavaco Chin\u00eas - Ubaldo Fernandes\" \/>\n<meta property=\"og:description\" content=\"Durante a sess\u00e3o ordin\u00e1ria desta quinta-feira (31), o deputado Ubaldo Fernandes (PSDB) abordou os desafios enfrentados pela comunidade do Cavaco Chin\u00eas, que sofreu severamente com os alagamentos causados pelas chuvas no in\u00edcio do ano. O parlamentar relatou que muitos moradores foram for\u00e7ados a abandonar suas casas devido \u00e0 situa\u00e7\u00e3o cr\u00edtica. Ubaldo destacou a a\u00e7\u00e3o do [&hellip;]\" \/>\n<meta property=\"og:url\" content=\"https:\/\/ubaldofernandes.com\/index.php\/news\/deputado-ubaldo-fernandes-fala-sobre-os-avancos-na-comunidade-do-cavaco-chines\/\" \/>\n<meta property=\"og:site_name\" content=\"Ubaldo Fernandes\" \/>\n<meta property=\"article:modified_time\" content=\"2024-11-04T18:08:40+00:00\" \/>\n<meta property=\"og:image\" content=\"https:\/\/ubaldofernandes.com\/wp-content\/uploads\/2024\/11\/LQqBpRCeYZhnOVRWBvGR8qzZDD3NOKPyZYKEFzDF.jpg\" \/>\n\t<meta property=\"og:image:width\" content=\"2560\" \/>\n\t<meta property=\"og:image:height\" content=\"1706\" \/>\n\t<meta property=\"og:image:type\" content=\"image\/jpeg\" \/>\n<meta name=\"twitter:card\" content=\"summary_large_image\" \/>\n<meta name=\"twitter:label1\" content=\"Est. tempo de leitura\" \/>\n\t<meta name=\"twitter:data1\" content=\"1 minuto\" \/>\n<script type=\"application\/ld+json\" class=\"yoast-schema-graph\">{\"@context\":\"https:\/\/schema.org\",\"@graph\":[{\"@type\":\"WebPage\",\"@id\":\"https:\/\/ubaldofernandes.com\/index.php\/news\/deputado-ubaldo-fernandes-fala-sobre-os-avancos-na-comunidade-do-cavaco-chines\/\",\"url\":\"https:\/\/ubaldofernandes.com\/index.php\/news\/deputado-ubaldo-fernandes-fala-sobre-os-avancos-na-comunidade-do-cavaco-chines\/\",\"name\":\"Deputado Ubaldo Fernandes fala sobre os avan\u00e7os na Comunidade do Cavaco Chin\u00eas - Ubaldo Fernandes\",\"isPartOf\":{\"@id\":\"https:\/\/ubaldofernandes.com\/#website\"},\"primaryImageOfPage\":{\"@id\":\"https:\/\/ubaldofernandes.com\/index.php\/news\/deputado-ubaldo-fernandes-fala-sobre-os-avancos-na-comunidade-do-cavaco-chines\/#primaryimage\"},\"image\":{\"@id\":\"https:\/\/ubaldofernandes.com\/index.php\/news\/deputado-ubaldo-fernandes-fala-sobre-os-avancos-na-comunidade-do-cavaco-chines\/#primaryimage\"},\"thumbnailUrl\":\"https:\/\/ubaldofernandes.com\/wp-content\/uploads\/2024\/11\/LQqBpRCeYZhnOVRWBvGR8qzZDD3NOKPyZYKEFzDF.jpg\",\"datePublished\":\"2024-10-31T18:06:00+00:00\",\"dateModified\":\"2024-11-04T18:08:40+00:00\",\"breadcrumb\":{\"@id\":\"https:\/\/ubaldofernandes.com\/index.php\/news\/deputado-ubaldo-fernandes-fala-sobre-os-avancos-na-comunidade-do-cavaco-chines\/#breadcrumb\"},\"inLanguage\":\"pt-BR\",\"potentialAction\":[{\"@type\":\"ReadAction\",\"target\":[\"https:\/\/ubaldofernandes.com\/index.php\/news\/deputado-ubaldo-fernandes-fala-sobre-os-avancos-na-comunidade-do-cavaco-chines\/\"]}]},{\"@type\":\"ImageObject\",\"inLanguage\":\"pt-BR\",\"@id\":\"https:\/\/ubaldofernandes.com\/index.php\/news\/deputado-ubaldo-fernandes-fala-sobre-os-avancos-na-comunidade-do-cavaco-chines\/#primaryimage\",\"url\":\"https:\/\/ubaldofernandes.com\/wp-content\/uploads\/2024\/11\/LQqBpRCeYZhnOVRWBvGR8qzZDD3NOKPyZYKEFzDF.jpg\",\"contentUrl\":\"https:\/\/ubaldofernandes.com\/wp-content\/uploads\/2024\/11\/LQqBpRCeYZhnOVRWBvGR8qzZDD3NOKPyZYKEFzDF.jpg\",\"width\":2560,\"height\":1706},{\"@type\":\"BreadcrumbList\",\"@id\":\"https:\/\/ubaldofernandes.com\/index.php\/news\/deputado-ubaldo-fernandes-fala-sobre-os-avancos-na-comunidade-do-cavaco-chines\/#breadcrumb\",\"itemListElement\":[{\"@type\":\"ListItem\",\"position\":1,\"name\":\"In\u00edcio\",\"item\":\"https:\/\/ubaldofernandes.com\/\"},{\"@type\":\"ListItem\",\"position\":2,\"name\":\"Not\u00edcias\",\"item\":\"https:\/\/ubaldofernandes.com\/index.php\/news\/\"},{\"@type\":\"ListItem\",\"position\":3,\"name\":\"Deputado Ubaldo Fernandes fala sobre os avan\u00e7os na Comunidade do Cavaco Chin\u00eas\"}]},{\"@type\":\"WebSite\",\"@id\":\"https:\/\/ubaldofernandes.com\/#website\",\"url\":\"https:\/\/ubaldofernandes.com\/\",\"name\":\"Ubaldo Fernandes\",\"description\":\"Deputado Estadual\",\"potentialAction\":[{\"@type\":\"SearchAction\",\"target\":{\"@type\":\"EntryPoint\",\"urlTemplate\":\"https:\/\/ubaldofernandes.com\/?s={search_term_string}\"},\"query-input\":{\"@type\":\"PropertyValueSpecification\",\"valueRequired\":true,\"valueName\":\"search_term_string\"}}],\"inLanguage\":\"pt-BR\"}]}<\/script>\n<!-- \/ Yoast SEO plugin. -->","yoast_head_json":{"title":"Deputado Ubaldo Fernandes fala sobre os avan\u00e7os na Comunidade do Cavaco Chin\u00eas - Ubaldo Fernandes","robots":{"index":"index","follow":"follow","max-snippet":"max-snippet:-1","max-image-preview":"max-image-preview:large","max-video-preview":"max-video-preview:-1"},"canonical":"https:\/\/ubaldofernandes.com\/index.php\/news\/deputado-ubaldo-fernandes-fala-sobre-os-avancos-na-comunidade-do-cavaco-chines\/","og_locale":"pt_BR","og_type":"article","og_title":"Deputado Ubaldo Fernandes fala sobre os avan\u00e7os na Comunidade do Cavaco Chin\u00eas - Ubaldo Fernandes","og_description":"Durante a sess\u00e3o ordin\u00e1ria desta quinta-feira (31), o deputado Ubaldo Fernandes (PSDB) abordou os desafios enfrentados pela comunidade do Cavaco Chin\u00eas, que sofreu severamente com os alagamentos causados pelas chuvas no in\u00edcio do ano. O parlamentar relatou que muitos moradores foram for\u00e7ados a abandonar suas casas devido \u00e0 situa\u00e7\u00e3o cr\u00edtica. Ubaldo destacou a a\u00e7\u00e3o do [&hellip;]","og_url":"https:\/\/ubaldofernandes.com\/index.php\/news\/deputado-ubaldo-fernandes-fala-sobre-os-avancos-na-comunidade-do-cavaco-chines\/","og_site_name":"Ubaldo Fernandes","article_modified_time":"2024-11-04T18:08:40+00:00","og_image":[{"width":2560,"height":1706,"url":"https:\/\/ubaldofernandes.com\/wp-content\/uploads\/2024\/11\/LQqBpRCeYZhnOVRWBvGR8qzZDD3NOKPyZYKEFzDF.jpg","type":"image\/jpeg"}],"twitter_card":"summary_large_image","twitter_misc":{"Est. tempo de leitura":"1 minuto"},"schema":{"@context":"https:\/\/schema.org","@graph":[{"@type":"WebPage","@id":"https:\/\/ubaldofernandes.com\/index.php\/news\/deputado-ubaldo-fernandes-fala-sobre-os-avancos-na-comunidade-do-cavaco-chines\/","url":"https:\/\/ubaldofernandes.com\/index.php\/news\/deputado-ubaldo-fernandes-fala-sobre-os-avancos-na-comunidade-do-cavaco-chines\/","name":"Deputado Ubaldo Fernandes fala sobre os avan\u00e7os na Comunidade do Cavaco Chin\u00eas - Ubaldo Fernandes","isPartOf":{"@id":"https:\/\/ubaldofernandes.com\/#website"},"primaryImageOfPage":{"@id":"https:\/\/ubaldofernandes.com\/index.php\/news\/deputado-ubaldo-fernandes-fala-sobre-os-avancos-na-comunidade-do-cavaco-chines\/#primaryimage"},"image":{"@id":"https:\/\/ubaldofernandes.com\/index.php\/news\/deputado-ubaldo-fernandes-fala-sobre-os-avancos-na-comunidade-do-cavaco-chines\/#primaryimage"},"thumbnailUrl":"https:\/\/ubaldofernandes.com\/wp-content\/uploads\/2024\/11\/LQqBpRCeYZhnOVRWBvGR8qzZDD3NOKPyZYKEFzDF.jpg","datePublished":"2024-10-31T18:06:00+00:00","dateModified":"2024-11-04T18:08:40+00:00","breadcrumb":{"@id":"https:\/\/ubaldofernandes.com\/index.php\/news\/deputado-ubaldo-fernandes-fala-sobre-os-avancos-na-comunidade-do-cavaco-chines\/#breadcrumb"},"inLanguage":"pt-BR","potentialAction":[{"@type":"ReadAction","target":["https:\/\/ubaldofernandes.com\/index.php\/news\/deputado-ubaldo-fernandes-fala-sobre-os-avancos-na-comunidade-do-cavaco-chines\/"]}]},{"@type":"ImageObject","inLanguage":"pt-BR","@id":"https:\/\/ubaldofernandes.com\/index.php\/news\/deputado-ubaldo-fernandes-fala-sobre-os-avancos-na-comunidade-do-cavaco-chines\/#primaryimage","url":"https:\/\/ubaldofernandes.com\/wp-content\/uploads\/2024\/11\/LQqBpRCeYZhnOVRWBvGR8qzZDD3NOKPyZYKEFzDF.jpg","contentUrl":"https:\/\/ubaldofernandes.com\/wp-content\/uploads\/2024\/11\/LQqBpRCeYZhnOVRWBvGR8qzZDD3NOKPyZYKEFzDF.jpg","width":2560,"height":1706},{"@type":"BreadcrumbList","@id":"https:\/\/ubaldofernandes.com\/index.php\/news\/deputado-ubaldo-fernandes-fala-sobre-os-avancos-na-comunidade-do-cavaco-chines\/#breadcrumb","itemListElement":[{"@type":"ListItem","position":1,"name":"In\u00edcio","item":"https:\/\/ubaldofernandes.com\/"},{"@type":"ListItem","position":2,"name":"Not\u00edcias","item":"https:\/\/ubaldofernandes.com\/index.php\/news\/"},{"@type":"ListItem","position":3,"name":"Deputado Ubaldo Fernandes fala sobre os avan\u00e7os na Comunidade do Cavaco Chin\u00eas"}]},{"@type":"WebSite","@id":"https:\/\/ubaldofernandes.com\/#website","url":"https:\/\/ubaldofernandes.com\/","name":"Ubaldo Fernandes","description":"Deputado Estadual","potentialAction":[{"@type":"SearchAction","target":{"@type":"EntryPoint","urlTemplate":"https:\/\/ubaldofernandes.com\/?s={search_term_string}"},"query-input":{"@type":"PropertyValueSpecification","valueRequired":true,"valueName":"search_term_string"}}],"inLanguage":"pt-BR"}]}},"_links":{"self":[{"href":"https:\/\/ubaldofernandes.com\/index.php\/wp-json\/wp\/v2\/news\/7214","targetHints":{"allow":["GET"]}}],"collection":[{"href":"https:\/\/ubaldofernandes.com\/index.php\/wp-json\/wp\/v2\/news"}],"about":[{"href":"https:\/\/ubaldofernandes.com\/index.php\/wp-json\/wp\/v2\/types\/news"}],"wp:featuredmedia":[{"embeddable":true,"href":"https:\/\/ubaldofernandes.com\/index.php\/wp-json\/wp\/v2\/media\/7213"}],"wp:attachment":[{"href":"https:\/\/ubaldofernandes.com\/index.php\/wp-json\/wp\/v2\/media?parent=7214"}],"curies":[{"name":"wp","href":"https:\/\/api.w.org\/{rel}","templated":true}]}}