{"id":7244,"date":"2024-11-12T16:00:00","date_gmt":"2024-11-12T19:00:00","guid":{"rendered":"https:\/\/ubaldofernandes.com\/?post_type=news&#038;p=7244"},"modified":"2024-11-14T12:26:58","modified_gmt":"2024-11-14T15:26:58","slug":"ubaldo-apoia-2o-encontro-de-lideres-comunitarios-de-natal-que-acontecera-em-dezembro-2","status":"publish","type":"news","link":"https:\/\/ubaldofernandes.com\/index.php\/news\/ubaldo-apoia-2o-encontro-de-lideres-comunitarios-de-natal-que-acontecera-em-dezembro-2\/","title":{"rendered":"Ubaldo apoia 2\u00ba Encontro de L\u00edderes Comunit\u00e1rios de Natal que acontecer\u00e1 em dezembro"},"content":{"rendered":"\n<p>Ex-presidente de Conselho Comunit\u00e1rio com forte atua\u00e7\u00e3o nos movimentos populares, o deputado estadual Ubaldo Fernandes recebeu, nesta ter\u00e7a-feira, 12, representantes do Movimento Comunit\u00e1rio de Natal para discutir o planejamento do 2\u00ba Encontro de L\u00edderes Comunit\u00e1rios, que acontecer\u00e1 em dezembro de 2024, em local a ser definido e divulgado nos pr\u00f3ximos dias.&nbsp;<\/p>\n\n\n\n<p>O evento, que se tornou uma refer\u00eancia para os l\u00edderes comunit\u00e1rios da capital potiguar, marca o encerramento das atividades do movimento ao longo do ano. Durante a reuni\u00e3o, Ubaldo Fernandes reafirmou seu apoio ao evento e destacou a import\u00e2ncia do movimento, composto por l\u00edderes comunit\u00e1rios das zonas norte, sul, oeste e leste de Natal.&nbsp;<\/p>\n\n\n\n<p>&#8220;\u00c9 um grande prazer poder contribuir para esse evento, que mobiliza homens e mulheres comprometidos com suas comunidades, sempre trabalhando pelo bem comum. Nosso mandato est\u00e1 \u00e0 disposi\u00e7\u00e3o para fortalecer essa parceria e colaborar com o sucesso dessa iniciativa&#8221;, afirmou o deputado.<\/p>\n\n\n\n<p>Betinho Alves, um dos representantes do movimento, destacou que o encontro deste ano ser\u00e1 realizado no dia 14 de dezembro e contar\u00e1 com uma programa\u00e7\u00e3o voltada para o fortalecimento das redes de apoio comunit\u00e1rio e troca de experi\u00eancias entre os l\u00edderes das quatro regi\u00f5es da cidade. Eles agradeceram ao parlamentar pelo apoio e compromisso com o movimento popular de Natal.<\/p>\n\n\n\n<p>O 2\u00ba Encontro de L\u00edderes Comunit\u00e1rios de Natal promete reunir dezenas de representantes para discutir as conquistas e desafios enfrentados ao longo do ano, al\u00e9m de promover uma integra\u00e7\u00e3o entre as diferentes \u00e1reas da cidade. O evento, que j\u00e1 foi realizado em anos anteriores com grande sucesso, busca fortalecer o trabalho dos l\u00edderes comunit\u00e1rios e ampliar o di\u00e1logo entre o poder p\u00fablico e as comunidades.<\/p>\n\n\n\n<p>Mat\u00e9ria publicada no <a href=\"https:\/\/www.alexsilvaassu.com.br\/2024\/11\/ubaldo-apoia-2-encontro-de-lideres.html\">Blog Alex Silva<\/a>. <\/p>\n","protected":false},"featured_media":7243,"parent":0,"template":"","class_list":["post-7244","news","type-news","status-publish","has-post-thumbnail","hentry"],"acf":[],"yoast_head":"<!-- This site is optimized with the Yoast SEO plugin v24.6 - https:\/\/yoast.com\/wordpress\/plugins\/seo\/ -->\n<title>Ubaldo apoia 2\u00ba Encontro de L\u00edderes Comunit\u00e1rios de Natal que acontecer\u00e1 em dezembro - Ubaldo Fernandes<\/title>\n<meta name=\"robots\" content=\"index, follow, max-snippet:-1, max-image-preview:large, max-video-preview:-1\" \/>\n<link rel=\"canonical\" href=\"https:\/\/ubaldofernandes.com\/index.php\/news\/ubaldo-apoia-2o-encontro-de-lideres-comunitarios-de-natal-que-acontecera-em-dezembro-2\/\" \/>\n<meta property=\"og:locale\" content=\"pt_BR\" \/>\n<meta property=\"og:type\" content=\"article\" \/>\n<meta property=\"og:title\" content=\"Ubaldo apoia 2\u00ba Encontro de L\u00edderes Comunit\u00e1rios de Natal que acontecer\u00e1 em dezembro - Ubaldo Fernandes\" \/>\n<meta property=\"og:description\" content=\"Ex-presidente de Conselho Comunit\u00e1rio com forte atua\u00e7\u00e3o nos movimentos populares, o deputado estadual Ubaldo Fernandes recebeu, nesta ter\u00e7a-feira, 12, representantes do Movimento Comunit\u00e1rio de Natal para discutir o planejamento do 2\u00ba Encontro de L\u00edderes Comunit\u00e1rios, que acontecer\u00e1 em dezembro de 2024, em local a ser definido e divulgado nos pr\u00f3ximos dias.&nbsp; O evento, que se [&hellip;]\" \/>\n<meta property=\"og:url\" content=\"https:\/\/ubaldofernandes.com\/index.php\/news\/ubaldo-apoia-2o-encontro-de-lideres-comunitarios-de-natal-que-acontecera-em-dezembro-2\/\" \/>\n<meta property=\"og:site_name\" content=\"Ubaldo Fernandes\" \/>\n<meta property=\"article:modified_time\" content=\"2024-11-14T15:26:58+00:00\" \/>\n<meta property=\"og:image\" content=\"https:\/\/ubaldofernandes.com\/wp-content\/uploads\/2024\/11\/WhatsApp-Image-2024-11-12-at-20.43.55-1-scaled.jpeg\" \/>\n\t<meta property=\"og:image:width\" content=\"2560\" \/>\n\t<meta property=\"og:image:height\" content=\"1441\" \/>\n\t<meta property=\"og:image:type\" content=\"image\/jpeg\" \/>\n<meta name=\"twitter:card\" content=\"summary_large_image\" \/>\n<meta name=\"twitter:label1\" content=\"Est. tempo de leitura\" \/>\n\t<meta name=\"twitter:data1\" content=\"2 minutos\" \/>\n<script type=\"application\/ld+json\" class=\"yoast-schema-graph\">{\"@context\":\"https:\/\/schema.org\",\"@graph\":[{\"@type\":\"WebPage\",\"@id\":\"https:\/\/ubaldofernandes.com\/index.php\/news\/ubaldo-apoia-2o-encontro-de-lideres-comunitarios-de-natal-que-acontecera-em-dezembro-2\/\",\"url\":\"https:\/\/ubaldofernandes.com\/index.php\/news\/ubaldo-apoia-2o-encontro-de-lideres-comunitarios-de-natal-que-acontecera-em-dezembro-2\/\",\"name\":\"Ubaldo apoia 2\u00ba Encontro de L\u00edderes Comunit\u00e1rios de Natal que acontecer\u00e1 em dezembro - Ubaldo Fernandes\",\"isPartOf\":{\"@id\":\"https:\/\/ubaldofernandes.com\/#website\"},\"primaryImageOfPage\":{\"@id\":\"https:\/\/ubaldofernandes.com\/index.php\/news\/ubaldo-apoia-2o-encontro-de-lideres-comunitarios-de-natal-que-acontecera-em-dezembro-2\/#primaryimage\"},\"image\":{\"@id\":\"https:\/\/ubaldofernandes.com\/index.php\/news\/ubaldo-apoia-2o-encontro-de-lideres-comunitarios-de-natal-que-acontecera-em-dezembro-2\/#primaryimage\"},\"thumbnailUrl\":\"https:\/\/ubaldofernandes.com\/wp-content\/uploads\/2024\/11\/WhatsApp-Image-2024-11-12-at-20.43.55-1-scaled.jpeg\",\"datePublished\":\"2024-11-12T19:00:00+00:00\",\"dateModified\":\"2024-11-14T15:26:58+00:00\",\"breadcrumb\":{\"@id\":\"https:\/\/ubaldofernandes.com\/index.php\/news\/ubaldo-apoia-2o-encontro-de-lideres-comunitarios-de-natal-que-acontecera-em-dezembro-2\/#breadcrumb\"},\"inLanguage\":\"pt-BR\",\"potentialAction\":[{\"@type\":\"ReadAction\",\"target\":[\"https:\/\/ubaldofernandes.com\/index.php\/news\/ubaldo-apoia-2o-encontro-de-lideres-comunitarios-de-natal-que-acontecera-em-dezembro-2\/\"]}]},{\"@type\":\"ImageObject\",\"inLanguage\":\"pt-BR\",\"@id\":\"https:\/\/ubaldofernandes.com\/index.php\/news\/ubaldo-apoia-2o-encontro-de-lideres-comunitarios-de-natal-que-acontecera-em-dezembro-2\/#primaryimage\",\"url\":\"https:\/\/ubaldofernandes.com\/wp-content\/uploads\/2024\/11\/WhatsApp-Image-2024-11-12-at-20.43.55-1-scaled.jpeg\",\"contentUrl\":\"https:\/\/ubaldofernandes.com\/wp-content\/uploads\/2024\/11\/WhatsApp-Image-2024-11-12-at-20.43.55-1-scaled.jpeg\",\"width\":2560,\"height\":1441},{\"@type\":\"BreadcrumbList\",\"@id\":\"https:\/\/ubaldofernandes.com\/index.php\/news\/ubaldo-apoia-2o-encontro-de-lideres-comunitarios-de-natal-que-acontecera-em-dezembro-2\/#breadcrumb\",\"itemListElement\":[{\"@type\":\"ListItem\",\"position\":1,\"name\":\"In\u00edcio\",\"item\":\"https:\/\/ubaldofernandes.com\/\"},{\"@type\":\"ListItem\",\"position\":2,\"name\":\"Not\u00edcias\",\"item\":\"https:\/\/ubaldofernandes.com\/index.php\/news\/\"},{\"@type\":\"ListItem\",\"position\":3,\"name\":\"Ubaldo apoia 2\u00ba Encontro de L\u00edderes Comunit\u00e1rios de Natal que acontecer\u00e1 em dezembro\"}]},{\"@type\":\"WebSite\",\"@id\":\"https:\/\/ubaldofernandes.com\/#website\",\"url\":\"https:\/\/ubaldofernandes.com\/\",\"name\":\"Ubaldo Fernandes\",\"description\":\"Deputado Estadual\",\"potentialAction\":[{\"@type\":\"SearchAction\",\"target\":{\"@type\":\"EntryPoint\",\"urlTemplate\":\"https:\/\/ubaldofernandes.com\/?s={search_term_string}\"},\"query-input\":{\"@type\":\"PropertyValueSpecification\",\"valueRequired\":true,\"valueName\":\"search_term_string\"}}],\"inLanguage\":\"pt-BR\"}]}<\/script>\n<!-- \/ Yoast SEO plugin. -->","yoast_head_json":{"title":"Ubaldo apoia 2\u00ba Encontro de L\u00edderes Comunit\u00e1rios de Natal que acontecer\u00e1 em dezembro - Ubaldo Fernandes","robots":{"index":"index","follow":"follow","max-snippet":"max-snippet:-1","max-image-preview":"max-image-preview:large","max-video-preview":"max-video-preview:-1"},"canonical":"https:\/\/ubaldofernandes.com\/index.php\/news\/ubaldo-apoia-2o-encontro-de-lideres-comunitarios-de-natal-que-acontecera-em-dezembro-2\/","og_locale":"pt_BR","og_type":"article","og_title":"Ubaldo apoia 2\u00ba Encontro de L\u00edderes Comunit\u00e1rios de Natal que acontecer\u00e1 em dezembro - Ubaldo Fernandes","og_description":"Ex-presidente de Conselho Comunit\u00e1rio com forte atua\u00e7\u00e3o nos movimentos populares, o deputado estadual Ubaldo Fernandes recebeu, nesta ter\u00e7a-feira, 12, representantes do Movimento Comunit\u00e1rio de Natal para discutir o planejamento do 2\u00ba Encontro de L\u00edderes Comunit\u00e1rios, que acontecer\u00e1 em dezembro de 2024, em local a ser definido e divulgado nos pr\u00f3ximos dias.&nbsp; O evento, que se [&hellip;]","og_url":"https:\/\/ubaldofernandes.com\/index.php\/news\/ubaldo-apoia-2o-encontro-de-lideres-comunitarios-de-natal-que-acontecera-em-dezembro-2\/","og_site_name":"Ubaldo Fernandes","article_modified_time":"2024-11-14T15:26:58+00:00","og_image":[{"width":2560,"height":1441,"url":"https:\/\/ubaldofernandes.com\/wp-content\/uploads\/2024\/11\/WhatsApp-Image-2024-11-12-at-20.43.55-1-scaled.jpeg","type":"image\/jpeg"}],"twitter_card":"summary_large_image","twitter_misc":{"Est. tempo de leitura":"2 minutos"},"schema":{"@context":"https:\/\/schema.org","@graph":[{"@type":"WebPage","@id":"https:\/\/ubaldofernandes.com\/index.php\/news\/ubaldo-apoia-2o-encontro-de-lideres-comunitarios-de-natal-que-acontecera-em-dezembro-2\/","url":"https:\/\/ubaldofernandes.com\/index.php\/news\/ubaldo-apoia-2o-encontro-de-lideres-comunitarios-de-natal-que-acontecera-em-dezembro-2\/","name":"Ubaldo apoia 2\u00ba Encontro de L\u00edderes Comunit\u00e1rios de Natal que acontecer\u00e1 em dezembro - Ubaldo Fernandes","isPartOf":{"@id":"https:\/\/ubaldofernandes.com\/#website"},"primaryImageOfPage":{"@id":"https:\/\/ubaldofernandes.com\/index.php\/news\/ubaldo-apoia-2o-encontro-de-lideres-comunitarios-de-natal-que-acontecera-em-dezembro-2\/#primaryimage"},"image":{"@id":"https:\/\/ubaldofernandes.com\/index.php\/news\/ubaldo-apoia-2o-encontro-de-lideres-comunitarios-de-natal-que-acontecera-em-dezembro-2\/#primaryimage"},"thumbnailUrl":"https:\/\/ubaldofernandes.com\/wp-content\/uploads\/2024\/11\/WhatsApp-Image-2024-11-12-at-20.43.55-1-scaled.jpeg","datePublished":"2024-11-12T19:00:00+00:00","dateModified":"2024-11-14T15:26:58+00:00","breadcrumb":{"@id":"https:\/\/ubaldofernandes.com\/index.php\/news\/ubaldo-apoia-2o-encontro-de-lideres-comunitarios-de-natal-que-acontecera-em-dezembro-2\/#breadcrumb"},"inLanguage":"pt-BR","potentialAction":[{"@type":"ReadAction","target":["https:\/\/ubaldofernandes.com\/index.php\/news\/ubaldo-apoia-2o-encontro-de-lideres-comunitarios-de-natal-que-acontecera-em-dezembro-2\/"]}]},{"@type":"ImageObject","inLanguage":"pt-BR","@id":"https:\/\/ubaldofernandes.com\/index.php\/news\/ubaldo-apoia-2o-encontro-de-lideres-comunitarios-de-natal-que-acontecera-em-dezembro-2\/#primaryimage","url":"https:\/\/ubaldofernandes.com\/wp-content\/uploads\/2024\/11\/WhatsApp-Image-2024-11-12-at-20.43.55-1-scaled.jpeg","contentUrl":"https:\/\/ubaldofernandes.com\/wp-content\/uploads\/2024\/11\/WhatsApp-Image-2024-11-12-at-20.43.55-1-scaled.jpeg","width":2560,"height":1441},{"@type":"BreadcrumbList","@id":"https:\/\/ubaldofernandes.com\/index.php\/news\/ubaldo-apoia-2o-encontro-de-lideres-comunitarios-de-natal-que-acontecera-em-dezembro-2\/#breadcrumb","itemListElement":[{"@type":"ListItem","position":1,"name":"In\u00edcio","item":"https:\/\/ubaldofernandes.com\/"},{"@type":"ListItem","position":2,"name":"Not\u00edcias","item":"https:\/\/ubaldofernandes.com\/index.php\/news\/"},{"@type":"ListItem","position":3,"name":"Ubaldo apoia 2\u00ba Encontro de L\u00edderes Comunit\u00e1rios de Natal que acontecer\u00e1 em dezembro"}]},{"@type":"WebSite","@id":"https:\/\/ubaldofernandes.com\/#website","url":"https:\/\/ubaldofernandes.com\/","name":"Ubaldo Fernandes","description":"Deputado Estadual","potentialAction":[{"@type":"SearchAction","target":{"@type":"EntryPoint","urlTemplate":"https:\/\/ubaldofernandes.com\/?s={search_term_string}"},"query-input":{"@type":"PropertyValueSpecification","valueRequired":true,"valueName":"search_term_string"}}],"inLanguage":"pt-BR"}]}},"_links":{"self":[{"href":"https:\/\/ubaldofernandes.com\/index.php\/wp-json\/wp\/v2\/news\/7244","targetHints":{"allow":["GET"]}}],"collection":[{"href":"https:\/\/ubaldofernandes.com\/index.php\/wp-json\/wp\/v2\/news"}],"about":[{"href":"https:\/\/ubaldofernandes.com\/index.php\/wp-json\/wp\/v2\/types\/news"}],"wp:featuredmedia":[{"embeddable":true,"href":"https:\/\/ubaldofernandes.com\/index.php\/wp-json\/wp\/v2\/media\/7243"}],"wp:attachment":[{"href":"https:\/\/ubaldofernandes.com\/index.php\/wp-json\/wp\/v2\/media?parent=7244"}],"curies":[{"name":"wp","href":"https:\/\/api.w.org\/{rel}","templated":true}]}}