{"id":7246,"date":"2024-11-14T10:30:00","date_gmt":"2024-11-14T13:30:00","guid":{"rendered":"https:\/\/ubaldofernandes.com\/?post_type=news&#038;p=7246"},"modified":"2024-11-14T12:32:18","modified_gmt":"2024-11-14T15:32:18","slug":"assembleia-do-rn-aprova-lei-que-preve-acoes-educativas-para-prevenir-e-combater-golpes-ciberneticos","status":"publish","type":"news","link":"https:\/\/ubaldofernandes.com\/index.php\/news\/assembleia-do-rn-aprova-lei-que-preve-acoes-educativas-para-prevenir-e-combater-golpes-ciberneticos\/","title":{"rendered":"Assembleia do RN aprova lei que prev\u00ea a\u00e7\u00f5es educativas para prevenir e combater golpes cibern\u00e9ticos"},"content":{"rendered":"\n<p>A Assembleia Legislativa do Rio Grande do Norte aprovou um projeto de lei que institui a&nbsp;<strong>Pol\u00edtica Estadual de Combate \u00e0s Fraudes Virtuais e aos Delitos Cibern\u00e9ticos no Estado<\/strong>. O projeto, de autoria do deputado estadual Ubaldo Fernandes (PSDB), agora segue para san\u00e7\u00e3o ou veto da governadora F\u00e1tima Bezerra (PT).<\/p>\n\n\n\n<p>A nova legisla\u00e7\u00e3o tem como objetivo&nbsp;<strong>fortalecer a seguran\u00e7a digital no RN<\/strong>, criando&nbsp;<strong>medidas preventivas e punitivas contra fraudes virtuais e crimes cibern\u00e9ticos<\/strong>, que t\u00eam se tornado uma crescente preocupa\u00e7\u00e3o no mundo contempor\u00e2neo. A proposta visa, ainda, integrar esfor\u00e7os entre os poderes p\u00fablicos, a sociedade civil, for\u00e7as de seguran\u00e7a e empresas de tecnologia para proteger os cidad\u00e3os potiguares e suas informa\u00e7\u00f5es pessoais.<\/p>\n\n\n\n<p>A Pol\u00edtica Estadual de Combate \u00e0s Fraudes Virtuais e aos Delitos Cibern\u00e9ticos, conforme o texto aprovado, prev\u00ea&nbsp;<strong>a\u00e7\u00f5es como a conscientiza\u00e7\u00e3o da popula\u00e7\u00e3o sobre os riscos da internet<\/strong>, o incentivo \u00e0 den\u00fancia de crimes cibern\u00e9ticos, o fortalecimento das capacidades dos \u00f3rg\u00e3os de seguran\u00e7a p\u00fablica, al\u00e9m de incentivar parcerias com universidades e empresas para o desenvolvimento de solu\u00e7\u00f5es tecnol\u00f3gicas inovadoras.<\/p>\n\n\n\n<p>O&nbsp;<strong>deputado Ubaldo Fernandes, autor do projeto<\/strong>, comemorou a aprova\u00e7\u00e3o e destacou a import\u00e2ncia da medida para a prote\u00e7\u00e3o dos cidad\u00e3os potiguares.<\/p>\n\n\n\n<p>\u201cEsta \u00e9 uma vit\u00f3ria importante para a seguran\u00e7a digital no Rio Grande do Norte. O aumento das fraudes virtuais exige respostas r\u00e1pidas e eficazes. Com essa lei, damos um passo significativo para proteger nossa popula\u00e7\u00e3o e combater a criminalidade digital de forma mais integrada e eficiente\u201d, afirmou o parlamentar.<\/p>\n\n\n\n<h2 class=\"wp-block-heading\">Implementa\u00e7\u00e3o da lei<\/h2>\n\n\n\n<p>Pela lei, o Poder Executivo estadual poder\u00e1 firmar&nbsp;<strong>parcerias com universidades, centros de pesquisa e empresas de tecnologia<\/strong>&nbsp;para o desenvolvimento de solu\u00e7\u00f5es e projetos voltados \u00e0 seguran\u00e7a cibern\u00e9tica. Al\u00e9m disso, a execu\u00e7\u00e3o das a\u00e7\u00f5es previstas na lei ser\u00e1 feita com base em recursos or\u00e7ament\u00e1rios pr\u00f3prios, com suplementa\u00e7\u00e3o, se necess\u00e1rio.<\/p>\n\n\n\n<p>Com a aprova\u00e7\u00e3o do projeto, o\u00a0RN se posiciona como um dos primeiros estados a criar uma pol\u00edtica p\u00fablica estruturada para combater as fraudes digitais e proteger a privacidade dos cidad\u00e3os. A legisla\u00e7\u00e3o entra em vigor assim que for sancionada pela governadora do Estado. \u201c\u00c9 um marco para a seguran\u00e7a digital no Rio Grande do Norte e um avan\u00e7o importante para o enfrentamento das amea\u00e7as cibern\u00e9ticas, que crescem exponencialmente a cada ano em todo o mundo\u201d, finaliza o deputado.<\/p>\n\n\n\n<p>Mat\u00e9ria publicada no <a href=\"https:\/\/98fmnatal.com.br\/ultimas\/assembleia-do-rn-aprova-lei-que-preve-acoes-educativas-para-prevenir-e-combater-golpes-ciberneticos\/266694\/\">Portal 98 FM<\/a>.<\/p>\n","protected":false},"featured_media":7213,"parent":0,"template":"","class_list":["post-7246","news","type-news","status-publish","has-post-thumbnail","hentry"],"acf":[],"yoast_head":"<!-- This site is optimized with the Yoast SEO plugin v24.6 - https:\/\/yoast.com\/wordpress\/plugins\/seo\/ -->\n<title>Assembleia do RN aprova lei que prev\u00ea a\u00e7\u00f5es educativas para prevenir e combater golpes cibern\u00e9ticos - Ubaldo Fernandes<\/title>\n<meta name=\"robots\" content=\"index, follow, max-snippet:-1, max-image-preview:large, max-video-preview:-1\" \/>\n<link rel=\"canonical\" href=\"https:\/\/ubaldofernandes.com\/index.php\/news\/assembleia-do-rn-aprova-lei-que-preve-acoes-educativas-para-prevenir-e-combater-golpes-ciberneticos\/\" \/>\n<meta property=\"og:locale\" content=\"pt_BR\" \/>\n<meta property=\"og:type\" content=\"article\" \/>\n<meta property=\"og:title\" content=\"Assembleia do RN aprova lei que prev\u00ea a\u00e7\u00f5es educativas para prevenir e combater golpes cibern\u00e9ticos - Ubaldo Fernandes\" \/>\n<meta property=\"og:description\" content=\"A Assembleia Legislativa do Rio Grande do Norte aprovou um projeto de lei que institui a&nbsp;Pol\u00edtica Estadual de Combate \u00e0s Fraudes Virtuais e aos Delitos Cibern\u00e9ticos no Estado. O projeto, de autoria do deputado estadual Ubaldo Fernandes (PSDB), agora segue para san\u00e7\u00e3o ou veto da governadora F\u00e1tima Bezerra (PT). A nova legisla\u00e7\u00e3o tem como objetivo&nbsp;fortalecer [&hellip;]\" \/>\n<meta property=\"og:url\" content=\"https:\/\/ubaldofernandes.com\/index.php\/news\/assembleia-do-rn-aprova-lei-que-preve-acoes-educativas-para-prevenir-e-combater-golpes-ciberneticos\/\" \/>\n<meta property=\"og:site_name\" content=\"Ubaldo Fernandes\" \/>\n<meta property=\"article:modified_time\" content=\"2024-11-14T15:32:18+00:00\" \/>\n<meta property=\"og:image\" content=\"https:\/\/ubaldofernandes.com\/wp-content\/uploads\/2024\/11\/LQqBpRCeYZhnOVRWBvGR8qzZDD3NOKPyZYKEFzDF.jpg\" \/>\n\t<meta property=\"og:image:width\" content=\"2560\" \/>\n\t<meta property=\"og:image:height\" content=\"1706\" \/>\n\t<meta property=\"og:image:type\" content=\"image\/jpeg\" \/>\n<meta name=\"twitter:card\" content=\"summary_large_image\" \/>\n<meta name=\"twitter:label1\" content=\"Est. tempo de leitura\" \/>\n\t<meta name=\"twitter:data1\" content=\"2 minutos\" \/>\n<script type=\"application\/ld+json\" class=\"yoast-schema-graph\">{\"@context\":\"https:\/\/schema.org\",\"@graph\":[{\"@type\":\"WebPage\",\"@id\":\"https:\/\/ubaldofernandes.com\/index.php\/news\/assembleia-do-rn-aprova-lei-que-preve-acoes-educativas-para-prevenir-e-combater-golpes-ciberneticos\/\",\"url\":\"https:\/\/ubaldofernandes.com\/index.php\/news\/assembleia-do-rn-aprova-lei-que-preve-acoes-educativas-para-prevenir-e-combater-golpes-ciberneticos\/\",\"name\":\"Assembleia do RN aprova lei que prev\u00ea a\u00e7\u00f5es educativas para prevenir e combater golpes cibern\u00e9ticos - Ubaldo Fernandes\",\"isPartOf\":{\"@id\":\"https:\/\/ubaldofernandes.com\/#website\"},\"primaryImageOfPage\":{\"@id\":\"https:\/\/ubaldofernandes.com\/index.php\/news\/assembleia-do-rn-aprova-lei-que-preve-acoes-educativas-para-prevenir-e-combater-golpes-ciberneticos\/#primaryimage\"},\"image\":{\"@id\":\"https:\/\/ubaldofernandes.com\/index.php\/news\/assembleia-do-rn-aprova-lei-que-preve-acoes-educativas-para-prevenir-e-combater-golpes-ciberneticos\/#primaryimage\"},\"thumbnailUrl\":\"https:\/\/ubaldofernandes.com\/wp-content\/uploads\/2024\/11\/LQqBpRCeYZhnOVRWBvGR8qzZDD3NOKPyZYKEFzDF.jpg\",\"datePublished\":\"2024-11-14T13:30:00+00:00\",\"dateModified\":\"2024-11-14T15:32:18+00:00\",\"breadcrumb\":{\"@id\":\"https:\/\/ubaldofernandes.com\/index.php\/news\/assembleia-do-rn-aprova-lei-que-preve-acoes-educativas-para-prevenir-e-combater-golpes-ciberneticos\/#breadcrumb\"},\"inLanguage\":\"pt-BR\",\"potentialAction\":[{\"@type\":\"ReadAction\",\"target\":[\"https:\/\/ubaldofernandes.com\/index.php\/news\/assembleia-do-rn-aprova-lei-que-preve-acoes-educativas-para-prevenir-e-combater-golpes-ciberneticos\/\"]}]},{\"@type\":\"ImageObject\",\"inLanguage\":\"pt-BR\",\"@id\":\"https:\/\/ubaldofernandes.com\/index.php\/news\/assembleia-do-rn-aprova-lei-que-preve-acoes-educativas-para-prevenir-e-combater-golpes-ciberneticos\/#primaryimage\",\"url\":\"https:\/\/ubaldofernandes.com\/wp-content\/uploads\/2024\/11\/LQqBpRCeYZhnOVRWBvGR8qzZDD3NOKPyZYKEFzDF.jpg\",\"contentUrl\":\"https:\/\/ubaldofernandes.com\/wp-content\/uploads\/2024\/11\/LQqBpRCeYZhnOVRWBvGR8qzZDD3NOKPyZYKEFzDF.jpg\",\"width\":2560,\"height\":1706},{\"@type\":\"BreadcrumbList\",\"@id\":\"https:\/\/ubaldofernandes.com\/index.php\/news\/assembleia-do-rn-aprova-lei-que-preve-acoes-educativas-para-prevenir-e-combater-golpes-ciberneticos\/#breadcrumb\",\"itemListElement\":[{\"@type\":\"ListItem\",\"position\":1,\"name\":\"In\u00edcio\",\"item\":\"https:\/\/ubaldofernandes.com\/\"},{\"@type\":\"ListItem\",\"position\":2,\"name\":\"Not\u00edcias\",\"item\":\"https:\/\/ubaldofernandes.com\/index.php\/news\/\"},{\"@type\":\"ListItem\",\"position\":3,\"name\":\"Assembleia do RN aprova lei que prev\u00ea a\u00e7\u00f5es educativas para prevenir e combater golpes cibern\u00e9ticos\"}]},{\"@type\":\"WebSite\",\"@id\":\"https:\/\/ubaldofernandes.com\/#website\",\"url\":\"https:\/\/ubaldofernandes.com\/\",\"name\":\"Ubaldo Fernandes\",\"description\":\"Deputado Estadual\",\"potentialAction\":[{\"@type\":\"SearchAction\",\"target\":{\"@type\":\"EntryPoint\",\"urlTemplate\":\"https:\/\/ubaldofernandes.com\/?s={search_term_string}\"},\"query-input\":{\"@type\":\"PropertyValueSpecification\",\"valueRequired\":true,\"valueName\":\"search_term_string\"}}],\"inLanguage\":\"pt-BR\"}]}<\/script>\n<!-- \/ Yoast SEO plugin. -->","yoast_head_json":{"title":"Assembleia do RN aprova lei que prev\u00ea a\u00e7\u00f5es educativas para prevenir e combater golpes cibern\u00e9ticos - Ubaldo Fernandes","robots":{"index":"index","follow":"follow","max-snippet":"max-snippet:-1","max-image-preview":"max-image-preview:large","max-video-preview":"max-video-preview:-1"},"canonical":"https:\/\/ubaldofernandes.com\/index.php\/news\/assembleia-do-rn-aprova-lei-que-preve-acoes-educativas-para-prevenir-e-combater-golpes-ciberneticos\/","og_locale":"pt_BR","og_type":"article","og_title":"Assembleia do RN aprova lei que prev\u00ea a\u00e7\u00f5es educativas para prevenir e combater golpes cibern\u00e9ticos - Ubaldo Fernandes","og_description":"A Assembleia Legislativa do Rio Grande do Norte aprovou um projeto de lei que institui a&nbsp;Pol\u00edtica Estadual de Combate \u00e0s Fraudes Virtuais e aos Delitos Cibern\u00e9ticos no Estado. O projeto, de autoria do deputado estadual Ubaldo Fernandes (PSDB), agora segue para san\u00e7\u00e3o ou veto da governadora F\u00e1tima Bezerra (PT). A nova legisla\u00e7\u00e3o tem como objetivo&nbsp;fortalecer [&hellip;]","og_url":"https:\/\/ubaldofernandes.com\/index.php\/news\/assembleia-do-rn-aprova-lei-que-preve-acoes-educativas-para-prevenir-e-combater-golpes-ciberneticos\/","og_site_name":"Ubaldo Fernandes","article_modified_time":"2024-11-14T15:32:18+00:00","og_image":[{"width":2560,"height":1706,"url":"https:\/\/ubaldofernandes.com\/wp-content\/uploads\/2024\/11\/LQqBpRCeYZhnOVRWBvGR8qzZDD3NOKPyZYKEFzDF.jpg","type":"image\/jpeg"}],"twitter_card":"summary_large_image","twitter_misc":{"Est. tempo de leitura":"2 minutos"},"schema":{"@context":"https:\/\/schema.org","@graph":[{"@type":"WebPage","@id":"https:\/\/ubaldofernandes.com\/index.php\/news\/assembleia-do-rn-aprova-lei-que-preve-acoes-educativas-para-prevenir-e-combater-golpes-ciberneticos\/","url":"https:\/\/ubaldofernandes.com\/index.php\/news\/assembleia-do-rn-aprova-lei-que-preve-acoes-educativas-para-prevenir-e-combater-golpes-ciberneticos\/","name":"Assembleia do RN aprova lei que prev\u00ea a\u00e7\u00f5es educativas para prevenir e combater golpes cibern\u00e9ticos - Ubaldo Fernandes","isPartOf":{"@id":"https:\/\/ubaldofernandes.com\/#website"},"primaryImageOfPage":{"@id":"https:\/\/ubaldofernandes.com\/index.php\/news\/assembleia-do-rn-aprova-lei-que-preve-acoes-educativas-para-prevenir-e-combater-golpes-ciberneticos\/#primaryimage"},"image":{"@id":"https:\/\/ubaldofernandes.com\/index.php\/news\/assembleia-do-rn-aprova-lei-que-preve-acoes-educativas-para-prevenir-e-combater-golpes-ciberneticos\/#primaryimage"},"thumbnailUrl":"https:\/\/ubaldofernandes.com\/wp-content\/uploads\/2024\/11\/LQqBpRCeYZhnOVRWBvGR8qzZDD3NOKPyZYKEFzDF.jpg","datePublished":"2024-11-14T13:30:00+00:00","dateModified":"2024-11-14T15:32:18+00:00","breadcrumb":{"@id":"https:\/\/ubaldofernandes.com\/index.php\/news\/assembleia-do-rn-aprova-lei-que-preve-acoes-educativas-para-prevenir-e-combater-golpes-ciberneticos\/#breadcrumb"},"inLanguage":"pt-BR","potentialAction":[{"@type":"ReadAction","target":["https:\/\/ubaldofernandes.com\/index.php\/news\/assembleia-do-rn-aprova-lei-que-preve-acoes-educativas-para-prevenir-e-combater-golpes-ciberneticos\/"]}]},{"@type":"ImageObject","inLanguage":"pt-BR","@id":"https:\/\/ubaldofernandes.com\/index.php\/news\/assembleia-do-rn-aprova-lei-que-preve-acoes-educativas-para-prevenir-e-combater-golpes-ciberneticos\/#primaryimage","url":"https:\/\/ubaldofernandes.com\/wp-content\/uploads\/2024\/11\/LQqBpRCeYZhnOVRWBvGR8qzZDD3NOKPyZYKEFzDF.jpg","contentUrl":"https:\/\/ubaldofernandes.com\/wp-content\/uploads\/2024\/11\/LQqBpRCeYZhnOVRWBvGR8qzZDD3NOKPyZYKEFzDF.jpg","width":2560,"height":1706},{"@type":"BreadcrumbList","@id":"https:\/\/ubaldofernandes.com\/index.php\/news\/assembleia-do-rn-aprova-lei-que-preve-acoes-educativas-para-prevenir-e-combater-golpes-ciberneticos\/#breadcrumb","itemListElement":[{"@type":"ListItem","position":1,"name":"In\u00edcio","item":"https:\/\/ubaldofernandes.com\/"},{"@type":"ListItem","position":2,"name":"Not\u00edcias","item":"https:\/\/ubaldofernandes.com\/index.php\/news\/"},{"@type":"ListItem","position":3,"name":"Assembleia do RN aprova lei que prev\u00ea a\u00e7\u00f5es educativas para prevenir e combater golpes cibern\u00e9ticos"}]},{"@type":"WebSite","@id":"https:\/\/ubaldofernandes.com\/#website","url":"https:\/\/ubaldofernandes.com\/","name":"Ubaldo Fernandes","description":"Deputado Estadual","potentialAction":[{"@type":"SearchAction","target":{"@type":"EntryPoint","urlTemplate":"https:\/\/ubaldofernandes.com\/?s={search_term_string}"},"query-input":{"@type":"PropertyValueSpecification","valueRequired":true,"valueName":"search_term_string"}}],"inLanguage":"pt-BR"}]}},"_links":{"self":[{"href":"https:\/\/ubaldofernandes.com\/index.php\/wp-json\/wp\/v2\/news\/7246","targetHints":{"allow":["GET"]}}],"collection":[{"href":"https:\/\/ubaldofernandes.com\/index.php\/wp-json\/wp\/v2\/news"}],"about":[{"href":"https:\/\/ubaldofernandes.com\/index.php\/wp-json\/wp\/v2\/types\/news"}],"wp:featuredmedia":[{"embeddable":true,"href":"https:\/\/ubaldofernandes.com\/index.php\/wp-json\/wp\/v2\/media\/7213"}],"wp:attachment":[{"href":"https:\/\/ubaldofernandes.com\/index.php\/wp-json\/wp\/v2\/media?parent=7246"}],"curies":[{"name":"wp","href":"https:\/\/api.w.org\/{rel}","templated":true}]}}