{"id":7283,"date":"2024-11-26T14:16:00","date_gmt":"2024-11-26T17:16:00","guid":{"rendered":"https:\/\/ubaldofernandes.com\/?post_type=news&#038;p=7283"},"modified":"2024-11-27T14:17:38","modified_gmt":"2024-11-27T17:17:38","slug":"aprovado-na-ccj-projeto-de-lei-que-obriga-aeroportos-a-informar-direitos-dos-passageiros-2","status":"publish","type":"news","link":"https:\/\/ubaldofernandes.com\/index.php\/news\/aprovado-na-ccj-projeto-de-lei-que-obriga-aeroportos-a-informar-direitos-dos-passageiros-2\/","title":{"rendered":"&#8220;Aprovado na CCJ Projeto de Lei que Obriga Aeroportos a Informar Direitos dos Passageiros&#8221;"},"content":{"rendered":"\n<p>Nesta ter\u00e7a-feira, 26 de novembro, foi aprovado na Comiss\u00e3o de Constitui\u00e7\u00e3o, Justi\u00e7a e Reda\u00e7\u00e3o (CCJ) da Assembleia Legislativa do Rio Grande do Norte o Projeto de Lei n\u00ba 123\/2024, que estabelece a obrigatoriedade dos aeroportos do estado em fixar, em locais de f\u00e1cil visualiza\u00e7\u00e3o, placas ou cartazes informando os direitos dos passageiros em casos de atrasos e cancelamentos de voos.<br>\u00a0<br>A proposta \u00e9 de autoria do deputado estadual Ubaldo Fernandes e tem como objetivo garantir maior transpar\u00eancia e apoio aos passageiros, fornecendo informa\u00e7\u00f5es claras sobre assist\u00eancia material, reembolso, reacomoda\u00e7\u00e3o e canais de comunica\u00e7\u00e3o para registro de queixas. A iniciativa visa minimizar os transtornos causados por imprevistos no transporte a\u00e9reo, promovendo uma rela\u00e7\u00e3o mais equilibrada entre consumidores e empresas a\u00e9reas.<br>\u00a0<br>Ap\u00f3s a aprova\u00e7\u00e3o na CCJ, o projeto segue para o plen\u00e1rio da Assembleia Legislativa, onde ser\u00e1 votado em breve. Caso aprovada, e depois sancionada ou promulgada, a nova lei ir\u00e1 estabelecer um prazo de 120 dias para os aeroportos se adaptarem \u00e0s novas normas, com penalidades previstas para o descumprimento das disposi\u00e7\u00f5es.<br>\u00a0<br>&#8220;Este projeto \u00e9 uma importante medida para garantir que os passageiros saibam exatamente quais s\u00e3o os seus direitos em momentos de imprevistos. N\u00e3o podemos deixar que a falta de informa\u00e7\u00e3o prejudique ainda mais quem depende dos servi\u00e7os a\u00e9reos&#8221;, afirmou o deputado Ubaldo Fernandes.<\/p>\n\n\n\n<p>Mat\u00e9ria publicada no <a href=\"https:\/\/www.blogdobelo.com.br\/2422\/\">Blog do Belo<\/a>.<\/p>\n","protected":false},"featured_media":7281,"parent":0,"template":"","class_list":["post-7283","news","type-news","status-publish","has-post-thumbnail","hentry"],"acf":[],"yoast_head":"<!-- This site is optimized with the Yoast SEO plugin v24.6 - https:\/\/yoast.com\/wordpress\/plugins\/seo\/ -->\n<title>&quot;Aprovado na CCJ Projeto de Lei que Obriga Aeroportos a Informar Direitos dos Passageiros&quot; - Ubaldo Fernandes<\/title>\n<meta name=\"robots\" content=\"index, follow, max-snippet:-1, max-image-preview:large, max-video-preview:-1\" \/>\n<link rel=\"canonical\" href=\"https:\/\/ubaldofernandes.com\/index.php\/news\/aprovado-na-ccj-projeto-de-lei-que-obriga-aeroportos-a-informar-direitos-dos-passageiros-2\/\" \/>\n<meta property=\"og:locale\" content=\"pt_BR\" \/>\n<meta property=\"og:type\" content=\"article\" \/>\n<meta property=\"og:title\" content=\"&quot;Aprovado na CCJ Projeto de Lei que Obriga Aeroportos a Informar Direitos dos Passageiros&quot; - Ubaldo Fernandes\" \/>\n<meta property=\"og:description\" content=\"Nesta ter\u00e7a-feira, 26 de novembro, foi aprovado na Comiss\u00e3o de Constitui\u00e7\u00e3o, Justi\u00e7a e Reda\u00e7\u00e3o (CCJ) da Assembleia Legislativa do Rio Grande do Norte o Projeto de Lei n\u00ba 123\/2024, que estabelece a obrigatoriedade dos aeroportos do estado em fixar, em locais de f\u00e1cil visualiza\u00e7\u00e3o, placas ou cartazes informando os direitos dos passageiros em casos de [&hellip;]\" \/>\n<meta property=\"og:url\" content=\"https:\/\/ubaldofernandes.com\/index.php\/news\/aprovado-na-ccj-projeto-de-lei-que-obriga-aeroportos-a-informar-direitos-dos-passageiros-2\/\" \/>\n<meta property=\"og:site_name\" content=\"Ubaldo Fernandes\" \/>\n<meta property=\"article:modified_time\" content=\"2024-11-27T17:17:38+00:00\" \/>\n<meta property=\"og:image\" content=\"https:\/\/ubaldofernandes.com\/wp-content\/uploads\/2024\/11\/WhatsApp-Image-2024-11-26-at-15.56.06-1-scaled.jpeg\" \/>\n\t<meta property=\"og:image:width\" content=\"2560\" \/>\n\t<meta property=\"og:image:height\" content=\"1707\" \/>\n\t<meta property=\"og:image:type\" content=\"image\/jpeg\" \/>\n<meta name=\"twitter:card\" content=\"summary_large_image\" \/>\n<meta name=\"twitter:label1\" content=\"Est. tempo de leitura\" \/>\n\t<meta name=\"twitter:data1\" content=\"1 minuto\" \/>\n<script type=\"application\/ld+json\" class=\"yoast-schema-graph\">{\"@context\":\"https:\/\/schema.org\",\"@graph\":[{\"@type\":\"WebPage\",\"@id\":\"https:\/\/ubaldofernandes.com\/index.php\/news\/aprovado-na-ccj-projeto-de-lei-que-obriga-aeroportos-a-informar-direitos-dos-passageiros-2\/\",\"url\":\"https:\/\/ubaldofernandes.com\/index.php\/news\/aprovado-na-ccj-projeto-de-lei-que-obriga-aeroportos-a-informar-direitos-dos-passageiros-2\/\",\"name\":\"\\\"Aprovado na CCJ Projeto de Lei que Obriga Aeroportos a Informar Direitos dos Passageiros\\\" - Ubaldo Fernandes\",\"isPartOf\":{\"@id\":\"https:\/\/ubaldofernandes.com\/#website\"},\"primaryImageOfPage\":{\"@id\":\"https:\/\/ubaldofernandes.com\/index.php\/news\/aprovado-na-ccj-projeto-de-lei-que-obriga-aeroportos-a-informar-direitos-dos-passageiros-2\/#primaryimage\"},\"image\":{\"@id\":\"https:\/\/ubaldofernandes.com\/index.php\/news\/aprovado-na-ccj-projeto-de-lei-que-obriga-aeroportos-a-informar-direitos-dos-passageiros-2\/#primaryimage\"},\"thumbnailUrl\":\"https:\/\/ubaldofernandes.com\/wp-content\/uploads\/2024\/11\/WhatsApp-Image-2024-11-26-at-15.56.06-1-scaled.jpeg\",\"datePublished\":\"2024-11-26T17:16:00+00:00\",\"dateModified\":\"2024-11-27T17:17:38+00:00\",\"breadcrumb\":{\"@id\":\"https:\/\/ubaldofernandes.com\/index.php\/news\/aprovado-na-ccj-projeto-de-lei-que-obriga-aeroportos-a-informar-direitos-dos-passageiros-2\/#breadcrumb\"},\"inLanguage\":\"pt-BR\",\"potentialAction\":[{\"@type\":\"ReadAction\",\"target\":[\"https:\/\/ubaldofernandes.com\/index.php\/news\/aprovado-na-ccj-projeto-de-lei-que-obriga-aeroportos-a-informar-direitos-dos-passageiros-2\/\"]}]},{\"@type\":\"ImageObject\",\"inLanguage\":\"pt-BR\",\"@id\":\"https:\/\/ubaldofernandes.com\/index.php\/news\/aprovado-na-ccj-projeto-de-lei-que-obriga-aeroportos-a-informar-direitos-dos-passageiros-2\/#primaryimage\",\"url\":\"https:\/\/ubaldofernandes.com\/wp-content\/uploads\/2024\/11\/WhatsApp-Image-2024-11-26-at-15.56.06-1-scaled.jpeg\",\"contentUrl\":\"https:\/\/ubaldofernandes.com\/wp-content\/uploads\/2024\/11\/WhatsApp-Image-2024-11-26-at-15.56.06-1-scaled.jpeg\",\"width\":2560,\"height\":1707},{\"@type\":\"BreadcrumbList\",\"@id\":\"https:\/\/ubaldofernandes.com\/index.php\/news\/aprovado-na-ccj-projeto-de-lei-que-obriga-aeroportos-a-informar-direitos-dos-passageiros-2\/#breadcrumb\",\"itemListElement\":[{\"@type\":\"ListItem\",\"position\":1,\"name\":\"In\u00edcio\",\"item\":\"https:\/\/ubaldofernandes.com\/\"},{\"@type\":\"ListItem\",\"position\":2,\"name\":\"Not\u00edcias\",\"item\":\"https:\/\/ubaldofernandes.com\/index.php\/news\/\"},{\"@type\":\"ListItem\",\"position\":3,\"name\":\"&#8220;Aprovado na CCJ Projeto de Lei que Obriga Aeroportos a Informar Direitos dos Passageiros&#8221;\"}]},{\"@type\":\"WebSite\",\"@id\":\"https:\/\/ubaldofernandes.com\/#website\",\"url\":\"https:\/\/ubaldofernandes.com\/\",\"name\":\"Ubaldo Fernandes\",\"description\":\"Deputado Estadual\",\"potentialAction\":[{\"@type\":\"SearchAction\",\"target\":{\"@type\":\"EntryPoint\",\"urlTemplate\":\"https:\/\/ubaldofernandes.com\/?s={search_term_string}\"},\"query-input\":{\"@type\":\"PropertyValueSpecification\",\"valueRequired\":true,\"valueName\":\"search_term_string\"}}],\"inLanguage\":\"pt-BR\"}]}<\/script>\n<!-- \/ Yoast SEO plugin. -->","yoast_head_json":{"title":"\"Aprovado na CCJ Projeto de Lei que Obriga Aeroportos a Informar Direitos dos Passageiros\" - Ubaldo Fernandes","robots":{"index":"index","follow":"follow","max-snippet":"max-snippet:-1","max-image-preview":"max-image-preview:large","max-video-preview":"max-video-preview:-1"},"canonical":"https:\/\/ubaldofernandes.com\/index.php\/news\/aprovado-na-ccj-projeto-de-lei-que-obriga-aeroportos-a-informar-direitos-dos-passageiros-2\/","og_locale":"pt_BR","og_type":"article","og_title":"\"Aprovado na CCJ Projeto de Lei que Obriga Aeroportos a Informar Direitos dos Passageiros\" - Ubaldo Fernandes","og_description":"Nesta ter\u00e7a-feira, 26 de novembro, foi aprovado na Comiss\u00e3o de Constitui\u00e7\u00e3o, Justi\u00e7a e Reda\u00e7\u00e3o (CCJ) da Assembleia Legislativa do Rio Grande do Norte o Projeto de Lei n\u00ba 123\/2024, que estabelece a obrigatoriedade dos aeroportos do estado em fixar, em locais de f\u00e1cil visualiza\u00e7\u00e3o, placas ou cartazes informando os direitos dos passageiros em casos de [&hellip;]","og_url":"https:\/\/ubaldofernandes.com\/index.php\/news\/aprovado-na-ccj-projeto-de-lei-que-obriga-aeroportos-a-informar-direitos-dos-passageiros-2\/","og_site_name":"Ubaldo Fernandes","article_modified_time":"2024-11-27T17:17:38+00:00","og_image":[{"width":2560,"height":1707,"url":"https:\/\/ubaldofernandes.com\/wp-content\/uploads\/2024\/11\/WhatsApp-Image-2024-11-26-at-15.56.06-1-scaled.jpeg","type":"image\/jpeg"}],"twitter_card":"summary_large_image","twitter_misc":{"Est. tempo de leitura":"1 minuto"},"schema":{"@context":"https:\/\/schema.org","@graph":[{"@type":"WebPage","@id":"https:\/\/ubaldofernandes.com\/index.php\/news\/aprovado-na-ccj-projeto-de-lei-que-obriga-aeroportos-a-informar-direitos-dos-passageiros-2\/","url":"https:\/\/ubaldofernandes.com\/index.php\/news\/aprovado-na-ccj-projeto-de-lei-que-obriga-aeroportos-a-informar-direitos-dos-passageiros-2\/","name":"\"Aprovado na CCJ Projeto de Lei que Obriga Aeroportos a Informar Direitos dos Passageiros\" - Ubaldo Fernandes","isPartOf":{"@id":"https:\/\/ubaldofernandes.com\/#website"},"primaryImageOfPage":{"@id":"https:\/\/ubaldofernandes.com\/index.php\/news\/aprovado-na-ccj-projeto-de-lei-que-obriga-aeroportos-a-informar-direitos-dos-passageiros-2\/#primaryimage"},"image":{"@id":"https:\/\/ubaldofernandes.com\/index.php\/news\/aprovado-na-ccj-projeto-de-lei-que-obriga-aeroportos-a-informar-direitos-dos-passageiros-2\/#primaryimage"},"thumbnailUrl":"https:\/\/ubaldofernandes.com\/wp-content\/uploads\/2024\/11\/WhatsApp-Image-2024-11-26-at-15.56.06-1-scaled.jpeg","datePublished":"2024-11-26T17:16:00+00:00","dateModified":"2024-11-27T17:17:38+00:00","breadcrumb":{"@id":"https:\/\/ubaldofernandes.com\/index.php\/news\/aprovado-na-ccj-projeto-de-lei-que-obriga-aeroportos-a-informar-direitos-dos-passageiros-2\/#breadcrumb"},"inLanguage":"pt-BR","potentialAction":[{"@type":"ReadAction","target":["https:\/\/ubaldofernandes.com\/index.php\/news\/aprovado-na-ccj-projeto-de-lei-que-obriga-aeroportos-a-informar-direitos-dos-passageiros-2\/"]}]},{"@type":"ImageObject","inLanguage":"pt-BR","@id":"https:\/\/ubaldofernandes.com\/index.php\/news\/aprovado-na-ccj-projeto-de-lei-que-obriga-aeroportos-a-informar-direitos-dos-passageiros-2\/#primaryimage","url":"https:\/\/ubaldofernandes.com\/wp-content\/uploads\/2024\/11\/WhatsApp-Image-2024-11-26-at-15.56.06-1-scaled.jpeg","contentUrl":"https:\/\/ubaldofernandes.com\/wp-content\/uploads\/2024\/11\/WhatsApp-Image-2024-11-26-at-15.56.06-1-scaled.jpeg","width":2560,"height":1707},{"@type":"BreadcrumbList","@id":"https:\/\/ubaldofernandes.com\/index.php\/news\/aprovado-na-ccj-projeto-de-lei-que-obriga-aeroportos-a-informar-direitos-dos-passageiros-2\/#breadcrumb","itemListElement":[{"@type":"ListItem","position":1,"name":"In\u00edcio","item":"https:\/\/ubaldofernandes.com\/"},{"@type":"ListItem","position":2,"name":"Not\u00edcias","item":"https:\/\/ubaldofernandes.com\/index.php\/news\/"},{"@type":"ListItem","position":3,"name":"&#8220;Aprovado na CCJ Projeto de Lei que Obriga Aeroportos a Informar Direitos dos Passageiros&#8221;"}]},{"@type":"WebSite","@id":"https:\/\/ubaldofernandes.com\/#website","url":"https:\/\/ubaldofernandes.com\/","name":"Ubaldo Fernandes","description":"Deputado Estadual","potentialAction":[{"@type":"SearchAction","target":{"@type":"EntryPoint","urlTemplate":"https:\/\/ubaldofernandes.com\/?s={search_term_string}"},"query-input":{"@type":"PropertyValueSpecification","valueRequired":true,"valueName":"search_term_string"}}],"inLanguage":"pt-BR"}]}},"_links":{"self":[{"href":"https:\/\/ubaldofernandes.com\/index.php\/wp-json\/wp\/v2\/news\/7283","targetHints":{"allow":["GET"]}}],"collection":[{"href":"https:\/\/ubaldofernandes.com\/index.php\/wp-json\/wp\/v2\/news"}],"about":[{"href":"https:\/\/ubaldofernandes.com\/index.php\/wp-json\/wp\/v2\/types\/news"}],"wp:featuredmedia":[{"embeddable":true,"href":"https:\/\/ubaldofernandes.com\/index.php\/wp-json\/wp\/v2\/media\/7281"}],"wp:attachment":[{"href":"https:\/\/ubaldofernandes.com\/index.php\/wp-json\/wp\/v2\/media?parent=7283"}],"curies":[{"name":"wp","href":"https:\/\/api.w.org\/{rel}","templated":true}]}}