{"id":7299,"date":"2024-12-10T12:26:00","date_gmt":"2024-12-10T15:26:00","guid":{"rendered":"https:\/\/ubaldofernandes.com\/?post_type=news&#038;p=7299"},"modified":"2024-12-11T20:19:41","modified_gmt":"2024-12-11T23:19:41","slug":"ubaldo-fernandes-busca-avancos-para-a-seguranca-e-saude-do-potiguar-2","status":"publish","type":"news","link":"https:\/\/ubaldofernandes.com\/index.php\/news\/ubaldo-fernandes-busca-avancos-para-a-seguranca-e-saude-do-potiguar-2\/","title":{"rendered":"Ubaldo Fernandes busca avan\u00e7os para a seguran\u00e7a e sa\u00fade do potiguar"},"content":{"rendered":"\n<p>Nesta ter\u00e7a-feira, 10 de dezembro, a Comiss\u00e3o de Constitui\u00e7\u00e3o, Justi\u00e7a e Reda\u00e7\u00e3o, da\u00a0Assembleia Legislativa do Rio Grande do Norte, aprovou dois projetos de lei de autoria do Deputado Ubaldo Fernandes, que visam melhorar a seguran\u00e7a da popula\u00e7\u00e3o e o bem-estar das mulheres no Estado. Essas iniciativas em breve ser\u00e3o apreciadas em plen\u00e1rio.<\/p>\n\n\n\n<p>O Projeto de Lei n\u00ba 281\/2024, que institui a Pol\u00edtica Estadual de Seguran\u00e7a de Barragens (PESB), busca garantir a seguran\u00e7a das barragens e a prote\u00e7\u00e3o das comunidades e do meio ambiente. A proposta estabelece a\u00e7\u00f5es de preven\u00e7\u00e3o, fiscaliza\u00e7\u00e3o e monitoramento das barragens, desde o planejamento at\u00e9 a desativa\u00e7\u00e3o. Al\u00e9m disso, define a responsabilidade dos agentes p\u00fablicos e privados na manuten\u00e7\u00e3o da seguran\u00e7a das barragens, com a obrigatoriedade de planos de seguran\u00e7a e inspe\u00e7\u00f5es peri\u00f3dicas. O projeto visa proteger vidas, os recursos h\u00eddricos e o meio ambiente, com medidas eficazes e fiscaliza\u00e7\u00e3o rigorosa.<\/p>\n\n\n\n<p>J\u00e1 o Projeto de Lei n\u00ba 497\/2024, que cria a Campanha Estadual de Apoio \u00e0 Mulher Mastectomizada, tem como objetivo proporcionar um suporte integral \u00e0s mulheres que passaram por mastectomia, oferecendo n\u00e3o apenas tratamento m\u00e9dico, mas tamb\u00e9m apoio psicol\u00f3gico e social. A campanha incluir\u00e1 mutir\u00f5es de avalia\u00e7\u00e3o m\u00e9dica, apoio psicossocial, e a capacita\u00e7\u00e3o cont\u00ednua dos profissionais de sa\u00fade para um atendimento humanizado. O projeto visa fortalecer a autoestima das mulheres, promover sua reintegra\u00e7\u00e3o social e garantir uma sa\u00fade mais digna e humanizada, com a possibilidade de conv\u00eanios para ampliar a execu\u00e7\u00e3o das a\u00e7\u00f5es.<\/p>\n\n\n\n<p>O parlamentar, desde j\u00e1, refor\u00e7a o pedido de apoio dos parlamentares para a aprova\u00e7\u00e3o desses projetos, que refletem seu compromisso com a sa\u00fade e bem-estar da popula\u00e7\u00e3o do Rio Grande do Norte. \u201cA aprova\u00e7\u00e3o dessas propostas \u00e9 um passo fundamental para garantir a seguran\u00e7a das barragens e o apoio integral \u00e0s mulheres mastectomizadas. S\u00e3o duas quest\u00f5es de extrema relev\u00e2ncia para a nossa popula\u00e7\u00e3o, e tenho certeza de que, com o apoio dos colegas deputados, conseguiremos transformar essas iniciativas em realidade para todos os potiguares.\u201d<\/p>\n\n\n\n<p>Mat\u00e9ria publicada no <a href=\"https:\/\/agorarn.com.br\/ultimas\/ubaldo-fernandes-avancos-saude-potiguar\/\">Portal Agora RN<\/a>. <\/p>\n","protected":false},"featured_media":7298,"parent":0,"template":"","class_list":["post-7299","news","type-news","status-publish","has-post-thumbnail","hentry"],"acf":[],"yoast_head":"<!-- This site is optimized with the Yoast SEO plugin v24.6 - https:\/\/yoast.com\/wordpress\/plugins\/seo\/ -->\n<title>Ubaldo Fernandes busca avan\u00e7os para a seguran\u00e7a e sa\u00fade do potiguar - Ubaldo Fernandes<\/title>\n<meta name=\"robots\" content=\"index, follow, max-snippet:-1, max-image-preview:large, max-video-preview:-1\" \/>\n<link rel=\"canonical\" href=\"https:\/\/ubaldofernandes.com\/index.php\/news\/ubaldo-fernandes-busca-avancos-para-a-seguranca-e-saude-do-potiguar-2\/\" \/>\n<meta property=\"og:locale\" content=\"pt_BR\" \/>\n<meta property=\"og:type\" content=\"article\" \/>\n<meta property=\"og:title\" content=\"Ubaldo Fernandes busca avan\u00e7os para a seguran\u00e7a e sa\u00fade do potiguar - Ubaldo Fernandes\" \/>\n<meta property=\"og:description\" content=\"Nesta ter\u00e7a-feira, 10 de dezembro, a Comiss\u00e3o de Constitui\u00e7\u00e3o, Justi\u00e7a e Reda\u00e7\u00e3o, da\u00a0Assembleia Legislativa do Rio Grande do Norte, aprovou dois projetos de lei de autoria do Deputado Ubaldo Fernandes, que visam melhorar a seguran\u00e7a da popula\u00e7\u00e3o e o bem-estar das mulheres no Estado. Essas iniciativas em breve ser\u00e3o apreciadas em plen\u00e1rio. O Projeto de [&hellip;]\" \/>\n<meta property=\"og:url\" content=\"https:\/\/ubaldofernandes.com\/index.php\/news\/ubaldo-fernandes-busca-avancos-para-a-seguranca-e-saude-do-potiguar-2\/\" \/>\n<meta property=\"og:site_name\" content=\"Ubaldo Fernandes\" \/>\n<meta property=\"article:modified_time\" content=\"2024-12-11T23:19:41+00:00\" \/>\n<meta property=\"og:image\" content=\"https:\/\/ubaldofernandes.com\/wp-content\/uploads\/2024\/12\/img-20241210-wa1597-1536x1024-1.jpg\" \/>\n\t<meta property=\"og:image:width\" content=\"1536\" \/>\n\t<meta property=\"og:image:height\" content=\"1024\" \/>\n\t<meta property=\"og:image:type\" content=\"image\/jpeg\" \/>\n<meta name=\"twitter:card\" content=\"summary_large_image\" \/>\n<meta name=\"twitter:label1\" content=\"Est. tempo de leitura\" \/>\n\t<meta name=\"twitter:data1\" content=\"2 minutos\" \/>\n<script type=\"application\/ld+json\" class=\"yoast-schema-graph\">{\"@context\":\"https:\/\/schema.org\",\"@graph\":[{\"@type\":\"WebPage\",\"@id\":\"https:\/\/ubaldofernandes.com\/index.php\/news\/ubaldo-fernandes-busca-avancos-para-a-seguranca-e-saude-do-potiguar-2\/\",\"url\":\"https:\/\/ubaldofernandes.com\/index.php\/news\/ubaldo-fernandes-busca-avancos-para-a-seguranca-e-saude-do-potiguar-2\/\",\"name\":\"Ubaldo Fernandes busca avan\u00e7os para a seguran\u00e7a e sa\u00fade do potiguar - Ubaldo Fernandes\",\"isPartOf\":{\"@id\":\"https:\/\/ubaldofernandes.com\/#website\"},\"primaryImageOfPage\":{\"@id\":\"https:\/\/ubaldofernandes.com\/index.php\/news\/ubaldo-fernandes-busca-avancos-para-a-seguranca-e-saude-do-potiguar-2\/#primaryimage\"},\"image\":{\"@id\":\"https:\/\/ubaldofernandes.com\/index.php\/news\/ubaldo-fernandes-busca-avancos-para-a-seguranca-e-saude-do-potiguar-2\/#primaryimage\"},\"thumbnailUrl\":\"https:\/\/ubaldofernandes.com\/wp-content\/uploads\/2024\/12\/img-20241210-wa1597-1536x1024-1.jpg\",\"datePublished\":\"2024-12-10T15:26:00+00:00\",\"dateModified\":\"2024-12-11T23:19:41+00:00\",\"breadcrumb\":{\"@id\":\"https:\/\/ubaldofernandes.com\/index.php\/news\/ubaldo-fernandes-busca-avancos-para-a-seguranca-e-saude-do-potiguar-2\/#breadcrumb\"},\"inLanguage\":\"pt-BR\",\"potentialAction\":[{\"@type\":\"ReadAction\",\"target\":[\"https:\/\/ubaldofernandes.com\/index.php\/news\/ubaldo-fernandes-busca-avancos-para-a-seguranca-e-saude-do-potiguar-2\/\"]}]},{\"@type\":\"ImageObject\",\"inLanguage\":\"pt-BR\",\"@id\":\"https:\/\/ubaldofernandes.com\/index.php\/news\/ubaldo-fernandes-busca-avancos-para-a-seguranca-e-saude-do-potiguar-2\/#primaryimage\",\"url\":\"https:\/\/ubaldofernandes.com\/wp-content\/uploads\/2024\/12\/img-20241210-wa1597-1536x1024-1.jpg\",\"contentUrl\":\"https:\/\/ubaldofernandes.com\/wp-content\/uploads\/2024\/12\/img-20241210-wa1597-1536x1024-1.jpg\",\"width\":1536,\"height\":1024},{\"@type\":\"BreadcrumbList\",\"@id\":\"https:\/\/ubaldofernandes.com\/index.php\/news\/ubaldo-fernandes-busca-avancos-para-a-seguranca-e-saude-do-potiguar-2\/#breadcrumb\",\"itemListElement\":[{\"@type\":\"ListItem\",\"position\":1,\"name\":\"In\u00edcio\",\"item\":\"https:\/\/ubaldofernandes.com\/\"},{\"@type\":\"ListItem\",\"position\":2,\"name\":\"Not\u00edcias\",\"item\":\"https:\/\/ubaldofernandes.com\/index.php\/news\/\"},{\"@type\":\"ListItem\",\"position\":3,\"name\":\"Ubaldo Fernandes busca avan\u00e7os para a seguran\u00e7a e sa\u00fade do potiguar\"}]},{\"@type\":\"WebSite\",\"@id\":\"https:\/\/ubaldofernandes.com\/#website\",\"url\":\"https:\/\/ubaldofernandes.com\/\",\"name\":\"Ubaldo Fernandes\",\"description\":\"Deputado Estadual\",\"potentialAction\":[{\"@type\":\"SearchAction\",\"target\":{\"@type\":\"EntryPoint\",\"urlTemplate\":\"https:\/\/ubaldofernandes.com\/?s={search_term_string}\"},\"query-input\":{\"@type\":\"PropertyValueSpecification\",\"valueRequired\":true,\"valueName\":\"search_term_string\"}}],\"inLanguage\":\"pt-BR\"}]}<\/script>\n<!-- \/ Yoast SEO plugin. -->","yoast_head_json":{"title":"Ubaldo Fernandes busca avan\u00e7os para a seguran\u00e7a e sa\u00fade do potiguar - Ubaldo Fernandes","robots":{"index":"index","follow":"follow","max-snippet":"max-snippet:-1","max-image-preview":"max-image-preview:large","max-video-preview":"max-video-preview:-1"},"canonical":"https:\/\/ubaldofernandes.com\/index.php\/news\/ubaldo-fernandes-busca-avancos-para-a-seguranca-e-saude-do-potiguar-2\/","og_locale":"pt_BR","og_type":"article","og_title":"Ubaldo Fernandes busca avan\u00e7os para a seguran\u00e7a e sa\u00fade do potiguar - Ubaldo Fernandes","og_description":"Nesta ter\u00e7a-feira, 10 de dezembro, a Comiss\u00e3o de Constitui\u00e7\u00e3o, Justi\u00e7a e Reda\u00e7\u00e3o, da\u00a0Assembleia Legislativa do Rio Grande do Norte, aprovou dois projetos de lei de autoria do Deputado Ubaldo Fernandes, que visam melhorar a seguran\u00e7a da popula\u00e7\u00e3o e o bem-estar das mulheres no Estado. Essas iniciativas em breve ser\u00e3o apreciadas em plen\u00e1rio. O Projeto de [&hellip;]","og_url":"https:\/\/ubaldofernandes.com\/index.php\/news\/ubaldo-fernandes-busca-avancos-para-a-seguranca-e-saude-do-potiguar-2\/","og_site_name":"Ubaldo Fernandes","article_modified_time":"2024-12-11T23:19:41+00:00","og_image":[{"width":1536,"height":1024,"url":"https:\/\/ubaldofernandes.com\/wp-content\/uploads\/2024\/12\/img-20241210-wa1597-1536x1024-1.jpg","type":"image\/jpeg"}],"twitter_card":"summary_large_image","twitter_misc":{"Est. tempo de leitura":"2 minutos"},"schema":{"@context":"https:\/\/schema.org","@graph":[{"@type":"WebPage","@id":"https:\/\/ubaldofernandes.com\/index.php\/news\/ubaldo-fernandes-busca-avancos-para-a-seguranca-e-saude-do-potiguar-2\/","url":"https:\/\/ubaldofernandes.com\/index.php\/news\/ubaldo-fernandes-busca-avancos-para-a-seguranca-e-saude-do-potiguar-2\/","name":"Ubaldo Fernandes busca avan\u00e7os para a seguran\u00e7a e sa\u00fade do potiguar - Ubaldo Fernandes","isPartOf":{"@id":"https:\/\/ubaldofernandes.com\/#website"},"primaryImageOfPage":{"@id":"https:\/\/ubaldofernandes.com\/index.php\/news\/ubaldo-fernandes-busca-avancos-para-a-seguranca-e-saude-do-potiguar-2\/#primaryimage"},"image":{"@id":"https:\/\/ubaldofernandes.com\/index.php\/news\/ubaldo-fernandes-busca-avancos-para-a-seguranca-e-saude-do-potiguar-2\/#primaryimage"},"thumbnailUrl":"https:\/\/ubaldofernandes.com\/wp-content\/uploads\/2024\/12\/img-20241210-wa1597-1536x1024-1.jpg","datePublished":"2024-12-10T15:26:00+00:00","dateModified":"2024-12-11T23:19:41+00:00","breadcrumb":{"@id":"https:\/\/ubaldofernandes.com\/index.php\/news\/ubaldo-fernandes-busca-avancos-para-a-seguranca-e-saude-do-potiguar-2\/#breadcrumb"},"inLanguage":"pt-BR","potentialAction":[{"@type":"ReadAction","target":["https:\/\/ubaldofernandes.com\/index.php\/news\/ubaldo-fernandes-busca-avancos-para-a-seguranca-e-saude-do-potiguar-2\/"]}]},{"@type":"ImageObject","inLanguage":"pt-BR","@id":"https:\/\/ubaldofernandes.com\/index.php\/news\/ubaldo-fernandes-busca-avancos-para-a-seguranca-e-saude-do-potiguar-2\/#primaryimage","url":"https:\/\/ubaldofernandes.com\/wp-content\/uploads\/2024\/12\/img-20241210-wa1597-1536x1024-1.jpg","contentUrl":"https:\/\/ubaldofernandes.com\/wp-content\/uploads\/2024\/12\/img-20241210-wa1597-1536x1024-1.jpg","width":1536,"height":1024},{"@type":"BreadcrumbList","@id":"https:\/\/ubaldofernandes.com\/index.php\/news\/ubaldo-fernandes-busca-avancos-para-a-seguranca-e-saude-do-potiguar-2\/#breadcrumb","itemListElement":[{"@type":"ListItem","position":1,"name":"In\u00edcio","item":"https:\/\/ubaldofernandes.com\/"},{"@type":"ListItem","position":2,"name":"Not\u00edcias","item":"https:\/\/ubaldofernandes.com\/index.php\/news\/"},{"@type":"ListItem","position":3,"name":"Ubaldo Fernandes busca avan\u00e7os para a seguran\u00e7a e sa\u00fade do potiguar"}]},{"@type":"WebSite","@id":"https:\/\/ubaldofernandes.com\/#website","url":"https:\/\/ubaldofernandes.com\/","name":"Ubaldo Fernandes","description":"Deputado Estadual","potentialAction":[{"@type":"SearchAction","target":{"@type":"EntryPoint","urlTemplate":"https:\/\/ubaldofernandes.com\/?s={search_term_string}"},"query-input":{"@type":"PropertyValueSpecification","valueRequired":true,"valueName":"search_term_string"}}],"inLanguage":"pt-BR"}]}},"_links":{"self":[{"href":"https:\/\/ubaldofernandes.com\/index.php\/wp-json\/wp\/v2\/news\/7299","targetHints":{"allow":["GET"]}}],"collection":[{"href":"https:\/\/ubaldofernandes.com\/index.php\/wp-json\/wp\/v2\/news"}],"about":[{"href":"https:\/\/ubaldofernandes.com\/index.php\/wp-json\/wp\/v2\/types\/news"}],"wp:featuredmedia":[{"embeddable":true,"href":"https:\/\/ubaldofernandes.com\/index.php\/wp-json\/wp\/v2\/media\/7298"}],"wp:attachment":[{"href":"https:\/\/ubaldofernandes.com\/index.php\/wp-json\/wp\/v2\/media?parent=7299"}],"curies":[{"name":"wp","href":"https:\/\/api.w.org\/{rel}","templated":true}]}}