{"id":7318,"date":"2024-12-10T11:27:00","date_gmt":"2024-12-10T14:27:00","guid":{"rendered":"https:\/\/ubaldofernandes.com\/?post_type=news&#038;p=7318"},"modified":"2024-12-11T21:31:28","modified_gmt":"2024-12-12T00:31:28","slug":"alrn-ubaldo-fernandes-sugere-contrato-emergencial-para-tirar-ruas-de-natal-da-escuridao","status":"publish","type":"news","link":"https:\/\/ubaldofernandes.com\/index.php\/news\/alrn-ubaldo-fernandes-sugere-contrato-emergencial-para-tirar-ruas-de-natal-da-escuridao\/","title":{"rendered":"ALRN: Ubaldo Fernandes Sugere Contrato Emergencial Para Tirar Ruas de Natal da Escurid\u00e3o"},"content":{"rendered":"\n<p>O deputado estadual Ubaldo Fernandes (PSDB) demonstrou sua preocupa\u00e7\u00e3o com a quantidade de ruas localizadas em Natal, com o registro de l\u00e2mpadas de postes queimadas. O parlamentar sugeriu que a Prefeitura de Natal, por meio da Secretaria Municipal de Servi\u00e7os Urbanos (Semsur), realize um contrato emergencial para tirar as ruas da capital da escurid\u00e3o.<br><br><strong>&#8220;A maior reivindica\u00e7\u00e3o que ouvimos agora em Natal \u00e9 sobre a reposi\u00e7\u00e3o de l\u00e2mpadas queimadas. A cidade est\u00e1 escura. A Prefeitura fez um contrato para comprar e repor todas as l\u00e2mpadas de led, uma iniciativa louv\u00e1vel, mas esqueceram de fazer licita\u00e7\u00e3o para repor as l\u00e2mpadas queimadas dos postes&#8221;,<\/strong>\u00a0disse o deputado. Ubaldo alertou que as ruas escuras acabam contribuindo para o aumento da criminalidade.\u00a0<br><br>O parlamentar ainda destacou a import\u00e2ncia de uma lei de sua autoria que cria a Pol\u00edtica P\u00fablica de Monitoramento e Acompanhamento da Bacia H\u00eddrica do RN. A medida permitir\u00e1 ao Governo regulamentar todos os a\u00e7udes, barragens e pontes do estado, equipamentos que hoje, em sua maioria, est\u00e3o localizados em propriedades privadas.<\/p>\n\n\n\n<p>Mat\u00e9ria publicada no <a href=\"https:\/\/www.focosertanejo.blog.br\/2024\/12\/alrn-ubaldo-fernandes-sugere-contrato.html\">Blog Foco Sertanejo<\/a>. <\/p>\n","protected":false},"featured_media":7319,"parent":0,"template":"","class_list":["post-7318","news","type-news","status-publish","has-post-thumbnail","hentry"],"acf":[],"yoast_head":"<!-- This site is optimized with the Yoast SEO plugin v24.6 - https:\/\/yoast.com\/wordpress\/plugins\/seo\/ -->\n<title>ALRN: Ubaldo Fernandes Sugere Contrato Emergencial Para Tirar Ruas de Natal da Escurid\u00e3o - Ubaldo Fernandes<\/title>\n<meta name=\"robots\" content=\"index, follow, max-snippet:-1, max-image-preview:large, max-video-preview:-1\" \/>\n<link rel=\"canonical\" href=\"https:\/\/ubaldofernandes.com\/index.php\/news\/alrn-ubaldo-fernandes-sugere-contrato-emergencial-para-tirar-ruas-de-natal-da-escuridao\/\" \/>\n<meta property=\"og:locale\" content=\"pt_BR\" \/>\n<meta property=\"og:type\" content=\"article\" \/>\n<meta property=\"og:title\" content=\"ALRN: Ubaldo Fernandes Sugere Contrato Emergencial Para Tirar Ruas de Natal da Escurid\u00e3o - Ubaldo Fernandes\" \/>\n<meta property=\"og:description\" content=\"O deputado estadual Ubaldo Fernandes (PSDB) demonstrou sua preocupa\u00e7\u00e3o com a quantidade de ruas localizadas em Natal, com o registro de l\u00e2mpadas de postes queimadas. O parlamentar sugeriu que a Prefeitura de Natal, por meio da Secretaria Municipal de Servi\u00e7os Urbanos (Semsur), realize um contrato emergencial para tirar as ruas da capital da escurid\u00e3o. &#8220;A [&hellip;]\" \/>\n<meta property=\"og:url\" content=\"https:\/\/ubaldofernandes.com\/index.php\/news\/alrn-ubaldo-fernandes-sugere-contrato-emergencial-para-tirar-ruas-de-natal-da-escuridao\/\" \/>\n<meta property=\"og:site_name\" content=\"Ubaldo Fernandes\" \/>\n<meta property=\"article:modified_time\" content=\"2024-12-12T00:31:28+00:00\" \/>\n<meta property=\"og:image\" content=\"https:\/\/ubaldofernandes.com\/wp-content\/uploads\/2024\/12\/KPVW9b7GhkwPAZ95FtRYcsEfmUFs3TMVOGR9Yggi.jpg\" \/>\n\t<meta property=\"og:image:width\" content=\"1599\" \/>\n\t<meta property=\"og:image:height\" content=\"1066\" \/>\n\t<meta property=\"og:image:type\" content=\"image\/jpeg\" \/>\n<meta name=\"twitter:card\" content=\"summary_large_image\" \/>\n<meta name=\"twitter:label1\" content=\"Est. tempo de leitura\" \/>\n\t<meta name=\"twitter:data1\" content=\"1 minuto\" \/>\n<script type=\"application\/ld+json\" class=\"yoast-schema-graph\">{\"@context\":\"https:\/\/schema.org\",\"@graph\":[{\"@type\":\"WebPage\",\"@id\":\"https:\/\/ubaldofernandes.com\/index.php\/news\/alrn-ubaldo-fernandes-sugere-contrato-emergencial-para-tirar-ruas-de-natal-da-escuridao\/\",\"url\":\"https:\/\/ubaldofernandes.com\/index.php\/news\/alrn-ubaldo-fernandes-sugere-contrato-emergencial-para-tirar-ruas-de-natal-da-escuridao\/\",\"name\":\"ALRN: Ubaldo Fernandes Sugere Contrato Emergencial Para Tirar Ruas de Natal da Escurid\u00e3o - Ubaldo Fernandes\",\"isPartOf\":{\"@id\":\"https:\/\/ubaldofernandes.com\/#website\"},\"primaryImageOfPage\":{\"@id\":\"https:\/\/ubaldofernandes.com\/index.php\/news\/alrn-ubaldo-fernandes-sugere-contrato-emergencial-para-tirar-ruas-de-natal-da-escuridao\/#primaryimage\"},\"image\":{\"@id\":\"https:\/\/ubaldofernandes.com\/index.php\/news\/alrn-ubaldo-fernandes-sugere-contrato-emergencial-para-tirar-ruas-de-natal-da-escuridao\/#primaryimage\"},\"thumbnailUrl\":\"https:\/\/ubaldofernandes.com\/wp-content\/uploads\/2024\/12\/KPVW9b7GhkwPAZ95FtRYcsEfmUFs3TMVOGR9Yggi.jpg\",\"datePublished\":\"2024-12-10T14:27:00+00:00\",\"dateModified\":\"2024-12-12T00:31:28+00:00\",\"breadcrumb\":{\"@id\":\"https:\/\/ubaldofernandes.com\/index.php\/news\/alrn-ubaldo-fernandes-sugere-contrato-emergencial-para-tirar-ruas-de-natal-da-escuridao\/#breadcrumb\"},\"inLanguage\":\"pt-BR\",\"potentialAction\":[{\"@type\":\"ReadAction\",\"target\":[\"https:\/\/ubaldofernandes.com\/index.php\/news\/alrn-ubaldo-fernandes-sugere-contrato-emergencial-para-tirar-ruas-de-natal-da-escuridao\/\"]}]},{\"@type\":\"ImageObject\",\"inLanguage\":\"pt-BR\",\"@id\":\"https:\/\/ubaldofernandes.com\/index.php\/news\/alrn-ubaldo-fernandes-sugere-contrato-emergencial-para-tirar-ruas-de-natal-da-escuridao\/#primaryimage\",\"url\":\"https:\/\/ubaldofernandes.com\/wp-content\/uploads\/2024\/12\/KPVW9b7GhkwPAZ95FtRYcsEfmUFs3TMVOGR9Yggi.jpg\",\"contentUrl\":\"https:\/\/ubaldofernandes.com\/wp-content\/uploads\/2024\/12\/KPVW9b7GhkwPAZ95FtRYcsEfmUFs3TMVOGR9Yggi.jpg\",\"width\":1599,\"height\":1066},{\"@type\":\"BreadcrumbList\",\"@id\":\"https:\/\/ubaldofernandes.com\/index.php\/news\/alrn-ubaldo-fernandes-sugere-contrato-emergencial-para-tirar-ruas-de-natal-da-escuridao\/#breadcrumb\",\"itemListElement\":[{\"@type\":\"ListItem\",\"position\":1,\"name\":\"In\u00edcio\",\"item\":\"https:\/\/ubaldofernandes.com\/\"},{\"@type\":\"ListItem\",\"position\":2,\"name\":\"Not\u00edcias\",\"item\":\"https:\/\/ubaldofernandes.com\/index.php\/news\/\"},{\"@type\":\"ListItem\",\"position\":3,\"name\":\"ALRN: Ubaldo Fernandes Sugere Contrato Emergencial Para Tirar Ruas de Natal da Escurid\u00e3o\"}]},{\"@type\":\"WebSite\",\"@id\":\"https:\/\/ubaldofernandes.com\/#website\",\"url\":\"https:\/\/ubaldofernandes.com\/\",\"name\":\"Ubaldo Fernandes\",\"description\":\"Deputado Estadual\",\"potentialAction\":[{\"@type\":\"SearchAction\",\"target\":{\"@type\":\"EntryPoint\",\"urlTemplate\":\"https:\/\/ubaldofernandes.com\/?s={search_term_string}\"},\"query-input\":{\"@type\":\"PropertyValueSpecification\",\"valueRequired\":true,\"valueName\":\"search_term_string\"}}],\"inLanguage\":\"pt-BR\"}]}<\/script>\n<!-- \/ Yoast SEO plugin. -->","yoast_head_json":{"title":"ALRN: Ubaldo Fernandes Sugere Contrato Emergencial Para Tirar Ruas de Natal da Escurid\u00e3o - Ubaldo Fernandes","robots":{"index":"index","follow":"follow","max-snippet":"max-snippet:-1","max-image-preview":"max-image-preview:large","max-video-preview":"max-video-preview:-1"},"canonical":"https:\/\/ubaldofernandes.com\/index.php\/news\/alrn-ubaldo-fernandes-sugere-contrato-emergencial-para-tirar-ruas-de-natal-da-escuridao\/","og_locale":"pt_BR","og_type":"article","og_title":"ALRN: Ubaldo Fernandes Sugere Contrato Emergencial Para Tirar Ruas de Natal da Escurid\u00e3o - Ubaldo Fernandes","og_description":"O deputado estadual Ubaldo Fernandes (PSDB) demonstrou sua preocupa\u00e7\u00e3o com a quantidade de ruas localizadas em Natal, com o registro de l\u00e2mpadas de postes queimadas. O parlamentar sugeriu que a Prefeitura de Natal, por meio da Secretaria Municipal de Servi\u00e7os Urbanos (Semsur), realize um contrato emergencial para tirar as ruas da capital da escurid\u00e3o. &#8220;A [&hellip;]","og_url":"https:\/\/ubaldofernandes.com\/index.php\/news\/alrn-ubaldo-fernandes-sugere-contrato-emergencial-para-tirar-ruas-de-natal-da-escuridao\/","og_site_name":"Ubaldo Fernandes","article_modified_time":"2024-12-12T00:31:28+00:00","og_image":[{"width":1599,"height":1066,"url":"https:\/\/ubaldofernandes.com\/wp-content\/uploads\/2024\/12\/KPVW9b7GhkwPAZ95FtRYcsEfmUFs3TMVOGR9Yggi.jpg","type":"image\/jpeg"}],"twitter_card":"summary_large_image","twitter_misc":{"Est. tempo de leitura":"1 minuto"},"schema":{"@context":"https:\/\/schema.org","@graph":[{"@type":"WebPage","@id":"https:\/\/ubaldofernandes.com\/index.php\/news\/alrn-ubaldo-fernandes-sugere-contrato-emergencial-para-tirar-ruas-de-natal-da-escuridao\/","url":"https:\/\/ubaldofernandes.com\/index.php\/news\/alrn-ubaldo-fernandes-sugere-contrato-emergencial-para-tirar-ruas-de-natal-da-escuridao\/","name":"ALRN: Ubaldo Fernandes Sugere Contrato Emergencial Para Tirar Ruas de Natal da Escurid\u00e3o - Ubaldo Fernandes","isPartOf":{"@id":"https:\/\/ubaldofernandes.com\/#website"},"primaryImageOfPage":{"@id":"https:\/\/ubaldofernandes.com\/index.php\/news\/alrn-ubaldo-fernandes-sugere-contrato-emergencial-para-tirar-ruas-de-natal-da-escuridao\/#primaryimage"},"image":{"@id":"https:\/\/ubaldofernandes.com\/index.php\/news\/alrn-ubaldo-fernandes-sugere-contrato-emergencial-para-tirar-ruas-de-natal-da-escuridao\/#primaryimage"},"thumbnailUrl":"https:\/\/ubaldofernandes.com\/wp-content\/uploads\/2024\/12\/KPVW9b7GhkwPAZ95FtRYcsEfmUFs3TMVOGR9Yggi.jpg","datePublished":"2024-12-10T14:27:00+00:00","dateModified":"2024-12-12T00:31:28+00:00","breadcrumb":{"@id":"https:\/\/ubaldofernandes.com\/index.php\/news\/alrn-ubaldo-fernandes-sugere-contrato-emergencial-para-tirar-ruas-de-natal-da-escuridao\/#breadcrumb"},"inLanguage":"pt-BR","potentialAction":[{"@type":"ReadAction","target":["https:\/\/ubaldofernandes.com\/index.php\/news\/alrn-ubaldo-fernandes-sugere-contrato-emergencial-para-tirar-ruas-de-natal-da-escuridao\/"]}]},{"@type":"ImageObject","inLanguage":"pt-BR","@id":"https:\/\/ubaldofernandes.com\/index.php\/news\/alrn-ubaldo-fernandes-sugere-contrato-emergencial-para-tirar-ruas-de-natal-da-escuridao\/#primaryimage","url":"https:\/\/ubaldofernandes.com\/wp-content\/uploads\/2024\/12\/KPVW9b7GhkwPAZ95FtRYcsEfmUFs3TMVOGR9Yggi.jpg","contentUrl":"https:\/\/ubaldofernandes.com\/wp-content\/uploads\/2024\/12\/KPVW9b7GhkwPAZ95FtRYcsEfmUFs3TMVOGR9Yggi.jpg","width":1599,"height":1066},{"@type":"BreadcrumbList","@id":"https:\/\/ubaldofernandes.com\/index.php\/news\/alrn-ubaldo-fernandes-sugere-contrato-emergencial-para-tirar-ruas-de-natal-da-escuridao\/#breadcrumb","itemListElement":[{"@type":"ListItem","position":1,"name":"In\u00edcio","item":"https:\/\/ubaldofernandes.com\/"},{"@type":"ListItem","position":2,"name":"Not\u00edcias","item":"https:\/\/ubaldofernandes.com\/index.php\/news\/"},{"@type":"ListItem","position":3,"name":"ALRN: Ubaldo Fernandes Sugere Contrato Emergencial Para Tirar Ruas de Natal da Escurid\u00e3o"}]},{"@type":"WebSite","@id":"https:\/\/ubaldofernandes.com\/#website","url":"https:\/\/ubaldofernandes.com\/","name":"Ubaldo Fernandes","description":"Deputado Estadual","potentialAction":[{"@type":"SearchAction","target":{"@type":"EntryPoint","urlTemplate":"https:\/\/ubaldofernandes.com\/?s={search_term_string}"},"query-input":{"@type":"PropertyValueSpecification","valueRequired":true,"valueName":"search_term_string"}}],"inLanguage":"pt-BR"}]}},"_links":{"self":[{"href":"https:\/\/ubaldofernandes.com\/index.php\/wp-json\/wp\/v2\/news\/7318","targetHints":{"allow":["GET"]}}],"collection":[{"href":"https:\/\/ubaldofernandes.com\/index.php\/wp-json\/wp\/v2\/news"}],"about":[{"href":"https:\/\/ubaldofernandes.com\/index.php\/wp-json\/wp\/v2\/types\/news"}],"wp:featuredmedia":[{"embeddable":true,"href":"https:\/\/ubaldofernandes.com\/index.php\/wp-json\/wp\/v2\/media\/7319"}],"wp:attachment":[{"href":"https:\/\/ubaldofernandes.com\/index.php\/wp-json\/wp\/v2\/media?parent=7318"}],"curies":[{"name":"wp","href":"https:\/\/api.w.org\/{rel}","templated":true}]}}