{"id":7336,"date":"2024-12-18T20:12:00","date_gmt":"2024-12-18T23:12:00","guid":{"rendered":"https:\/\/ubaldofernandes.com\/?post_type=news&#038;p=7336"},"modified":"2024-12-19T11:25:13","modified_gmt":"2024-12-19T14:25:13","slug":"ubaldo-celebra-entrega-do-iern-tangara-simbolo-de-transformacao-para-o-trairi","status":"publish","type":"news","link":"https:\/\/ubaldofernandes.com\/index.php\/news\/ubaldo-celebra-entrega-do-iern-tangara-simbolo-de-transformacao-para-o-trairi\/","title":{"rendered":"Ubaldo celebra entrega do IERN Tangar\u00e1: &#8220;S\u00edmbolo de transforma\u00e7\u00e3o para o Trairi&#8221;"},"content":{"rendered":"\n<p>O deputado estadual Ubaldo Fernandes celebrou nesta quarta-feira (18) a t\u00e3o esperada inaugura\u00e7\u00e3o do campus do Instituto Educacional do Rio Grande do Norte (IERN) em Tangar\u00e1, um marco para o munic\u00edpio e para toda a regi\u00e3o do Trairi. Durante a solenidade de entrega, o parlamentar destacou a import\u00e2ncia da obra, resultado de anos de empenho e articula\u00e7\u00e3o junto \u00e0 governadora F\u00e1tima Bezerra e lideran\u00e7as locais, como o prefeito Augusto Alves.<\/p>\n\n\n\n<p>&#8220;Hoje \u00e9 um dia de realiza\u00e7\u00e3o e de gratid\u00e3o! Estamos celebrando a entrega de um sonho que se tornou realidade ap\u00f3s uma longa caminhada. O IERN Tangar\u00e1 \u00e9 mais do que um pr\u00e9dio; \u00e9 um s\u00edmbolo de transforma\u00e7\u00e3o, esperan\u00e7a e oportunidade para os jovens do Trairi&#8221;, declarou.<\/p>\n\n\n\n<p>A inaugura\u00e7\u00e3o do campus marca o encerramento de um ciclo iniciado em 2021, quando, al\u00e9m de viabilizar a reforma do Terminal Rodovi\u00e1rio da cidade com recursos de emenda parlamentar, Ubaldo acompanhou a apresenta\u00e7\u00e3o do projeto arquitet\u00f4nico do IERN pela governadora. Em 2022, outro momento decisivo ocorreu com a assinatura da Ordem de Servi\u00e7o para a constru\u00e7\u00e3o do campus, consolidando o compromisso com a educa\u00e7\u00e3o e o desenvolvimento regional.<\/p>\n\n\n\n<p>Mat\u00e9ria publicada no <a href=\"https:\/\/blogdopassaro.com.br\/ubaldo-celebra-entrega-do-iern-tangara-simbolo-de-transformacao-para-o-trairi\/\">Blog do P\u00e1ssaro<\/a>. <\/p>\n","protected":false},"featured_media":7337,"parent":0,"template":"","class_list":["post-7336","news","type-news","status-publish","has-post-thumbnail","hentry"],"acf":[],"yoast_head":"<!-- This site is optimized with the Yoast SEO plugin v24.6 - https:\/\/yoast.com\/wordpress\/plugins\/seo\/ -->\n<title>Ubaldo celebra entrega do IERN Tangar\u00e1: &quot;S\u00edmbolo de transforma\u00e7\u00e3o para o Trairi&quot; - Ubaldo Fernandes<\/title>\n<meta name=\"robots\" content=\"index, follow, max-snippet:-1, max-image-preview:large, max-video-preview:-1\" \/>\n<link rel=\"canonical\" href=\"https:\/\/ubaldofernandes.com\/index.php\/news\/ubaldo-celebra-entrega-do-iern-tangara-simbolo-de-transformacao-para-o-trairi\/\" \/>\n<meta property=\"og:locale\" content=\"pt_BR\" \/>\n<meta property=\"og:type\" content=\"article\" \/>\n<meta property=\"og:title\" content=\"Ubaldo celebra entrega do IERN Tangar\u00e1: &quot;S\u00edmbolo de transforma\u00e7\u00e3o para o Trairi&quot; - Ubaldo Fernandes\" \/>\n<meta property=\"og:description\" content=\"O deputado estadual Ubaldo Fernandes celebrou nesta quarta-feira (18) a t\u00e3o esperada inaugura\u00e7\u00e3o do campus do Instituto Educacional do Rio Grande do Norte (IERN) em Tangar\u00e1, um marco para o munic\u00edpio e para toda a regi\u00e3o do Trairi. Durante a solenidade de entrega, o parlamentar destacou a import\u00e2ncia da obra, resultado de anos de empenho [&hellip;]\" \/>\n<meta property=\"og:url\" content=\"https:\/\/ubaldofernandes.com\/index.php\/news\/ubaldo-celebra-entrega-do-iern-tangara-simbolo-de-transformacao-para-o-trairi\/\" \/>\n<meta property=\"og:site_name\" content=\"Ubaldo Fernandes\" \/>\n<meta property=\"article:modified_time\" content=\"2024-12-19T14:25:13+00:00\" \/>\n<meta property=\"og:image\" content=\"https:\/\/ubaldofernandes.com\/wp-content\/uploads\/2024\/12\/img-20241218-wa4507-1536x1152-1.jpg\" \/>\n\t<meta property=\"og:image:width\" content=\"1536\" \/>\n\t<meta property=\"og:image:height\" content=\"1152\" \/>\n\t<meta property=\"og:image:type\" content=\"image\/jpeg\" \/>\n<meta name=\"twitter:card\" content=\"summary_large_image\" \/>\n<meta name=\"twitter:label1\" content=\"Est. tempo de leitura\" \/>\n\t<meta name=\"twitter:data1\" content=\"1 minuto\" \/>\n<script type=\"application\/ld+json\" class=\"yoast-schema-graph\">{\"@context\":\"https:\/\/schema.org\",\"@graph\":[{\"@type\":\"WebPage\",\"@id\":\"https:\/\/ubaldofernandes.com\/index.php\/news\/ubaldo-celebra-entrega-do-iern-tangara-simbolo-de-transformacao-para-o-trairi\/\",\"url\":\"https:\/\/ubaldofernandes.com\/index.php\/news\/ubaldo-celebra-entrega-do-iern-tangara-simbolo-de-transformacao-para-o-trairi\/\",\"name\":\"Ubaldo celebra entrega do IERN Tangar\u00e1: \\\"S\u00edmbolo de transforma\u00e7\u00e3o para o Trairi\\\" - Ubaldo Fernandes\",\"isPartOf\":{\"@id\":\"https:\/\/ubaldofernandes.com\/#website\"},\"primaryImageOfPage\":{\"@id\":\"https:\/\/ubaldofernandes.com\/index.php\/news\/ubaldo-celebra-entrega-do-iern-tangara-simbolo-de-transformacao-para-o-trairi\/#primaryimage\"},\"image\":{\"@id\":\"https:\/\/ubaldofernandes.com\/index.php\/news\/ubaldo-celebra-entrega-do-iern-tangara-simbolo-de-transformacao-para-o-trairi\/#primaryimage\"},\"thumbnailUrl\":\"https:\/\/ubaldofernandes.com\/wp-content\/uploads\/2024\/12\/img-20241218-wa4507-1536x1152-1.jpg\",\"datePublished\":\"2024-12-18T23:12:00+00:00\",\"dateModified\":\"2024-12-19T14:25:13+00:00\",\"breadcrumb\":{\"@id\":\"https:\/\/ubaldofernandes.com\/index.php\/news\/ubaldo-celebra-entrega-do-iern-tangara-simbolo-de-transformacao-para-o-trairi\/#breadcrumb\"},\"inLanguage\":\"pt-BR\",\"potentialAction\":[{\"@type\":\"ReadAction\",\"target\":[\"https:\/\/ubaldofernandes.com\/index.php\/news\/ubaldo-celebra-entrega-do-iern-tangara-simbolo-de-transformacao-para-o-trairi\/\"]}]},{\"@type\":\"ImageObject\",\"inLanguage\":\"pt-BR\",\"@id\":\"https:\/\/ubaldofernandes.com\/index.php\/news\/ubaldo-celebra-entrega-do-iern-tangara-simbolo-de-transformacao-para-o-trairi\/#primaryimage\",\"url\":\"https:\/\/ubaldofernandes.com\/wp-content\/uploads\/2024\/12\/img-20241218-wa4507-1536x1152-1.jpg\",\"contentUrl\":\"https:\/\/ubaldofernandes.com\/wp-content\/uploads\/2024\/12\/img-20241218-wa4507-1536x1152-1.jpg\",\"width\":1536,\"height\":1152},{\"@type\":\"BreadcrumbList\",\"@id\":\"https:\/\/ubaldofernandes.com\/index.php\/news\/ubaldo-celebra-entrega-do-iern-tangara-simbolo-de-transformacao-para-o-trairi\/#breadcrumb\",\"itemListElement\":[{\"@type\":\"ListItem\",\"position\":1,\"name\":\"In\u00edcio\",\"item\":\"https:\/\/ubaldofernandes.com\/\"},{\"@type\":\"ListItem\",\"position\":2,\"name\":\"Not\u00edcias\",\"item\":\"https:\/\/ubaldofernandes.com\/index.php\/news\/\"},{\"@type\":\"ListItem\",\"position\":3,\"name\":\"Ubaldo celebra entrega do IERN Tangar\u00e1: &#8220;S\u00edmbolo de transforma\u00e7\u00e3o para o Trairi&#8221;\"}]},{\"@type\":\"WebSite\",\"@id\":\"https:\/\/ubaldofernandes.com\/#website\",\"url\":\"https:\/\/ubaldofernandes.com\/\",\"name\":\"Ubaldo Fernandes\",\"description\":\"Deputado Estadual\",\"potentialAction\":[{\"@type\":\"SearchAction\",\"target\":{\"@type\":\"EntryPoint\",\"urlTemplate\":\"https:\/\/ubaldofernandes.com\/?s={search_term_string}\"},\"query-input\":{\"@type\":\"PropertyValueSpecification\",\"valueRequired\":true,\"valueName\":\"search_term_string\"}}],\"inLanguage\":\"pt-BR\"}]}<\/script>\n<!-- \/ Yoast SEO plugin. -->","yoast_head_json":{"title":"Ubaldo celebra entrega do IERN Tangar\u00e1: \"S\u00edmbolo de transforma\u00e7\u00e3o para o Trairi\" - Ubaldo Fernandes","robots":{"index":"index","follow":"follow","max-snippet":"max-snippet:-1","max-image-preview":"max-image-preview:large","max-video-preview":"max-video-preview:-1"},"canonical":"https:\/\/ubaldofernandes.com\/index.php\/news\/ubaldo-celebra-entrega-do-iern-tangara-simbolo-de-transformacao-para-o-trairi\/","og_locale":"pt_BR","og_type":"article","og_title":"Ubaldo celebra entrega do IERN Tangar\u00e1: \"S\u00edmbolo de transforma\u00e7\u00e3o para o Trairi\" - Ubaldo Fernandes","og_description":"O deputado estadual Ubaldo Fernandes celebrou nesta quarta-feira (18) a t\u00e3o esperada inaugura\u00e7\u00e3o do campus do Instituto Educacional do Rio Grande do Norte (IERN) em Tangar\u00e1, um marco para o munic\u00edpio e para toda a regi\u00e3o do Trairi. Durante a solenidade de entrega, o parlamentar destacou a import\u00e2ncia da obra, resultado de anos de empenho [&hellip;]","og_url":"https:\/\/ubaldofernandes.com\/index.php\/news\/ubaldo-celebra-entrega-do-iern-tangara-simbolo-de-transformacao-para-o-trairi\/","og_site_name":"Ubaldo Fernandes","article_modified_time":"2024-12-19T14:25:13+00:00","og_image":[{"width":1536,"height":1152,"url":"https:\/\/ubaldofernandes.com\/wp-content\/uploads\/2024\/12\/img-20241218-wa4507-1536x1152-1.jpg","type":"image\/jpeg"}],"twitter_card":"summary_large_image","twitter_misc":{"Est. tempo de leitura":"1 minuto"},"schema":{"@context":"https:\/\/schema.org","@graph":[{"@type":"WebPage","@id":"https:\/\/ubaldofernandes.com\/index.php\/news\/ubaldo-celebra-entrega-do-iern-tangara-simbolo-de-transformacao-para-o-trairi\/","url":"https:\/\/ubaldofernandes.com\/index.php\/news\/ubaldo-celebra-entrega-do-iern-tangara-simbolo-de-transformacao-para-o-trairi\/","name":"Ubaldo celebra entrega do IERN Tangar\u00e1: \"S\u00edmbolo de transforma\u00e7\u00e3o para o Trairi\" - Ubaldo Fernandes","isPartOf":{"@id":"https:\/\/ubaldofernandes.com\/#website"},"primaryImageOfPage":{"@id":"https:\/\/ubaldofernandes.com\/index.php\/news\/ubaldo-celebra-entrega-do-iern-tangara-simbolo-de-transformacao-para-o-trairi\/#primaryimage"},"image":{"@id":"https:\/\/ubaldofernandes.com\/index.php\/news\/ubaldo-celebra-entrega-do-iern-tangara-simbolo-de-transformacao-para-o-trairi\/#primaryimage"},"thumbnailUrl":"https:\/\/ubaldofernandes.com\/wp-content\/uploads\/2024\/12\/img-20241218-wa4507-1536x1152-1.jpg","datePublished":"2024-12-18T23:12:00+00:00","dateModified":"2024-12-19T14:25:13+00:00","breadcrumb":{"@id":"https:\/\/ubaldofernandes.com\/index.php\/news\/ubaldo-celebra-entrega-do-iern-tangara-simbolo-de-transformacao-para-o-trairi\/#breadcrumb"},"inLanguage":"pt-BR","potentialAction":[{"@type":"ReadAction","target":["https:\/\/ubaldofernandes.com\/index.php\/news\/ubaldo-celebra-entrega-do-iern-tangara-simbolo-de-transformacao-para-o-trairi\/"]}]},{"@type":"ImageObject","inLanguage":"pt-BR","@id":"https:\/\/ubaldofernandes.com\/index.php\/news\/ubaldo-celebra-entrega-do-iern-tangara-simbolo-de-transformacao-para-o-trairi\/#primaryimage","url":"https:\/\/ubaldofernandes.com\/wp-content\/uploads\/2024\/12\/img-20241218-wa4507-1536x1152-1.jpg","contentUrl":"https:\/\/ubaldofernandes.com\/wp-content\/uploads\/2024\/12\/img-20241218-wa4507-1536x1152-1.jpg","width":1536,"height":1152},{"@type":"BreadcrumbList","@id":"https:\/\/ubaldofernandes.com\/index.php\/news\/ubaldo-celebra-entrega-do-iern-tangara-simbolo-de-transformacao-para-o-trairi\/#breadcrumb","itemListElement":[{"@type":"ListItem","position":1,"name":"In\u00edcio","item":"https:\/\/ubaldofernandes.com\/"},{"@type":"ListItem","position":2,"name":"Not\u00edcias","item":"https:\/\/ubaldofernandes.com\/index.php\/news\/"},{"@type":"ListItem","position":3,"name":"Ubaldo celebra entrega do IERN Tangar\u00e1: &#8220;S\u00edmbolo de transforma\u00e7\u00e3o para o Trairi&#8221;"}]},{"@type":"WebSite","@id":"https:\/\/ubaldofernandes.com\/#website","url":"https:\/\/ubaldofernandes.com\/","name":"Ubaldo Fernandes","description":"Deputado Estadual","potentialAction":[{"@type":"SearchAction","target":{"@type":"EntryPoint","urlTemplate":"https:\/\/ubaldofernandes.com\/?s={search_term_string}"},"query-input":{"@type":"PropertyValueSpecification","valueRequired":true,"valueName":"search_term_string"}}],"inLanguage":"pt-BR"}]}},"_links":{"self":[{"href":"https:\/\/ubaldofernandes.com\/index.php\/wp-json\/wp\/v2\/news\/7336","targetHints":{"allow":["GET"]}}],"collection":[{"href":"https:\/\/ubaldofernandes.com\/index.php\/wp-json\/wp\/v2\/news"}],"about":[{"href":"https:\/\/ubaldofernandes.com\/index.php\/wp-json\/wp\/v2\/types\/news"}],"wp:featuredmedia":[{"embeddable":true,"href":"https:\/\/ubaldofernandes.com\/index.php\/wp-json\/wp\/v2\/media\/7337"}],"wp:attachment":[{"href":"https:\/\/ubaldofernandes.com\/index.php\/wp-json\/wp\/v2\/media?parent=7336"}],"curies":[{"name":"wp","href":"https:\/\/api.w.org\/{rel}","templated":true}]}}