{"id":7339,"date":"2024-12-19T13:06:00","date_gmt":"2024-12-19T16:06:00","guid":{"rendered":"https:\/\/ubaldofernandes.com\/?post_type=news&#038;p=7339"},"modified":"2024-12-26T11:09:23","modified_gmt":"2024-12-26T14:09:23","slug":"ubaldo-fernandes-homenageia-jarbas-bezerra-com-medalha-do-merito-legislativo-da-alern","status":"publish","type":"news","link":"https:\/\/ubaldofernandes.com\/index.php\/news\/ubaldo-fernandes-homenageia-jarbas-bezerra-com-medalha-do-merito-legislativo-da-alern\/","title":{"rendered":"Ubaldo Fernandes Homenageia Jarbas Bezerra com Medalha do M\u00e9rito Legislativo da ALERN"},"content":{"rendered":"\n<p>Durante a cerim\u00f4nia de entrega das Medalhas do M\u00e9rito Legislativo, realizada na manh\u00e3 desta ter\u00e7a-feira (17) na Assembleia Legislativa do Rio Grande do Norte (ALRN), um momento especial foi dedicado \u00e0 homenagem de Ubaldo Fernandes ao juiz de direito Dr. Jarbas Bezerra, que recebeu a Medalha do M\u00e9rito Legislativo.&nbsp;<\/p>\n\n\n\n<p>A solenidade, que contou com a presen\u00e7a de 27 personalidades agraciadas por suas contribui\u00e7\u00f5es em diferentes \u00e1reas do estado, foi marcada por discursos emocionados e expressivos reconhecimentos.<\/p>\n\n\n\n<p>Ubaldo Fernandes, que fez a entrega da medalha a Jarbas Bezerra, destacou a import\u00e2ncia do homenageado para a sociedade potiguar, enaltecendo sua trajet\u00f3ria exemplar no campo jur\u00eddico e educacional.&nbsp;<\/p>\n\n\n\n<p>&#8220;Jarbas Bezerra n\u00e3o \u00e9 apenas um jurista de renome, mas um educador que transformou sua experi\u00eancia em a\u00e7\u00f5es concretas para o desenvolvimento da cidadania e da justi\u00e7a no nosso estado&#8221;, afirmou, ressaltando a relev\u00e2ncia das contribui\u00e7\u00f5es de Bezerra para o fortalecimento da sociedade.<\/p>\n\n\n\n<p>Dr. Jarbas Bezerra, que possui uma carreira de 34 anos no Judici\u00e1rio do Rio Grande do Norte, foi reconhecido por seu trabalho como juiz de direito, promotor de justi\u00e7a, e acad\u00eamico. Al\u00e9m disso, ele \u00e9 autor de livros nas \u00e1reas de direito penal e eleitoral e criador do programa Setembro Cidad\u00e3o e do Programa Brasileiro de Educa\u00e7\u00e3o Cidad\u00e3 (PROBEC). Seu impacto na educa\u00e7\u00e3o e cidadania \u00e9 refletido na cria\u00e7\u00e3o da Teoria Jur\u00eddica Universal da Cidadania (TEJUC), um marco importante para o entendimento da cidadania como uma ci\u00eancia.<\/p>\n\n\n\n<p>A entrega das medalhas simboliza o reconhecimento do Poder Legislativo a cidad\u00e3os que, como Jarbas Bezerra, com talento e \u00e9tica, t\u00eam contribu\u00eddo para o progresso do estado. A cerim\u00f4nia reafirma o compromisso da ALRN com a valoriza\u00e7\u00e3o dos cidad\u00e3os que, com suas a\u00e7\u00f5es, fazem a diferen\u00e7a na sociedade potiguar, fortalecendo a justi\u00e7a, a educa\u00e7\u00e3o e a cidadania.<\/p>\n\n\n\n<p>HOMENAGEADOS 2024<\/p>\n\n\n\n<p>M\u00c9RITO LEGISLATIVO<\/p>\n\n\n\n<p>Adriana Cavalcanti M. Faustino (Galeno Torquato)<\/p>\n\n\n\n<p>Eduardo Nantes Bolsonaro (Coronel Azevedo)<\/p>\n\n\n\n<p>Fernando Fernandes de Oliveira (Tomba Farias)<\/p>\n\n\n\n<p>Gustavo R\u00e9gio T. Fernandes (Taveira J\u00fanior)<\/p>\n\n\n\n<p>Jarbas Ant\u00f4nio da Silva Bezerra (Ubaldo Fernandes)<\/p>\n\n\n\n<p>Judas Tadeu Alves dos Santos (Nelter Queiroz)<\/p>\n\n\n\n<p>Kleber de Carvalho Bezerra (Gustavo Carvalho)<\/p>\n\n\n\n<p>Paulo Eduardo da Costa Freire (Luiz Eduardo)<\/p>\n\n\n\n<p>Tarc\u00edsio Costa (Vivaldo Costa)<\/p>\n\n\n\n<p>Zenaide Maia C. Pereira dos Santos (Terezinha Maia)<\/p>\n\n\n\n<p>M\u00c9RITO SOCIAL MARIA DO C\u00c9U FERNANDES&nbsp;<\/p>\n\n\n\n<p>Berenice Capux\u00fa de Ara\u00fajo Roque (Ezequiel Ferreira)<\/p>\n\n\n\n<p>M\u00c9RITO CULTURAL C\u00c2MARA CASCUDO<\/p>\n\n\n\n<p>Francisco Rogenildo Dantas da Silva (Divaneide Bas\u00edlio)<\/p>\n\n\n\n<p>Rodrigo V. Emerenciano, o Mu\u00e7\u00e3o (Kleber Rodrigues)<\/p>\n\n\n\n<p>M\u00c9RITO EDUCACIONAL NOILDE RAMALHO<\/p>\n\n\n\n<p>Lindocastro Nogueira de Morais (Ivanilson Oliveira)<\/p>\n\n\n\n<p>Mara Liz Marques Silva Moreno (Jos\u00e9 Dias)<\/p>\n\n\n\n<p>M\u00c9RITO ESPORTIVO MARINHO CHAGAS<\/p>\n\n\n\n<p>Felipe Augusto Farias Bezerra (Hermano Morais)<\/p>\n\n\n\n<p>Felipe Veloso da Silva (Isolda Dantas)<\/p>\n\n\n\n<p>Jo\u00e3o Batista Nobre (Dr. Kerginaldo J\u00e1come)<\/p>\n\n\n\n<p>Jos\u00e9 Ant\u00f4nio N. dos Santos (Cristiane Dantas)<\/p>\n\n\n\n<p>Maria Rizonaide da Silva (Eudiane Macedo)<\/p>\n\n\n\n<p>Thalita Vit\u00f3ria Simpl\u00edcio da Silva (Isolda Dantas)<\/p>\n\n\n\n<p>M\u00c9RITO DIREITOS HUMANOS MARCOS DION\u00cdSIO<\/p>\n\n\n\n<p>Jarbas Miguel Fernandes Mariano (Isaac da Casca)<\/p>\n\n\n\n<p>Maria Cleide Souza de A. Fonseca (Neilton Di\u00f3genes)<\/p>\n\n\n\n<p>Maria Jos\u00e9 de Medeiros (Adjuto Dias)<\/p>\n\n\n\n<p>M\u00c9RITO SEGURAN\u00c7A P\u00daBLICA E DEFESA SOCIAL<\/p>\n\n\n\n<p>Matias Laurentino dos S. Filho (Francisco do PT)<\/p>\n\n\n\n<p>Osmir de Oliveira Monte (Ezequiel Ferreira)<\/p>\n\n\n\n<p>M\u00c9RITO TRABALHO VOLUNT\u00c1RIO IRM\u00c3 L\u00daCIA MONTENEGRO<\/p>\n\n\n\n<p>Ant\u00f4nio Nunes de Ara\u00fajo (Dr. Bernardo Amorim)<\/p>\n\n\n\n<p>Mat\u00e9ria publicada no <a href=\"https:\/\/www.alexsilvaassu.com.br\/2024\/12\/ubaldo-fernandes-homenageia-jarbas.html\">Blog Alex Silva<\/a>. <\/p>\n","protected":false},"featured_media":7340,"parent":0,"template":"","class_list":["post-7339","news","type-news","status-publish","has-post-thumbnail","hentry"],"acf":[],"yoast_head":"<!-- This site is optimized with the Yoast SEO plugin v24.6 - https:\/\/yoast.com\/wordpress\/plugins\/seo\/ -->\n<title>Ubaldo Fernandes Homenageia Jarbas Bezerra com Medalha do M\u00e9rito Legislativo da ALERN - Ubaldo Fernandes<\/title>\n<meta name=\"robots\" content=\"index, follow, max-snippet:-1, max-image-preview:large, max-video-preview:-1\" \/>\n<link rel=\"canonical\" href=\"https:\/\/ubaldofernandes.com\/index.php\/news\/ubaldo-fernandes-homenageia-jarbas-bezerra-com-medalha-do-merito-legislativo-da-alern\/\" \/>\n<meta property=\"og:locale\" content=\"pt_BR\" \/>\n<meta property=\"og:type\" content=\"article\" \/>\n<meta property=\"og:title\" content=\"Ubaldo Fernandes Homenageia Jarbas Bezerra com Medalha do M\u00e9rito Legislativo da ALERN - Ubaldo Fernandes\" \/>\n<meta property=\"og:description\" content=\"Durante a cerim\u00f4nia de entrega das Medalhas do M\u00e9rito Legislativo, realizada na manh\u00e3 desta ter\u00e7a-feira (17) na Assembleia Legislativa do Rio Grande do Norte (ALRN), um momento especial foi dedicado \u00e0 homenagem de Ubaldo Fernandes ao juiz de direito Dr. Jarbas Bezerra, que recebeu a Medalha do M\u00e9rito Legislativo.&nbsp; A solenidade, que contou com a [&hellip;]\" \/>\n<meta property=\"og:url\" content=\"https:\/\/ubaldofernandes.com\/index.php\/news\/ubaldo-fernandes-homenageia-jarbas-bezerra-com-medalha-do-merito-legislativo-da-alern\/\" \/>\n<meta property=\"og:site_name\" content=\"Ubaldo Fernandes\" \/>\n<meta property=\"article:modified_time\" content=\"2024-12-26T14:09:23+00:00\" \/>\n<meta property=\"og:image\" content=\"https:\/\/ubaldofernandes.com\/wp-content\/uploads\/2024\/12\/WhatsApp-Image-2024-12-17-at-13.00.49.jpeg\" \/>\n\t<meta property=\"og:image:width\" content=\"1599\" \/>\n\t<meta property=\"og:image:height\" content=\"1066\" \/>\n\t<meta property=\"og:image:type\" content=\"image\/jpeg\" \/>\n<meta name=\"twitter:card\" content=\"summary_large_image\" \/>\n<meta name=\"twitter:label1\" content=\"Est. tempo de leitura\" \/>\n\t<meta name=\"twitter:data1\" content=\"3 minutos\" \/>\n<script type=\"application\/ld+json\" class=\"yoast-schema-graph\">{\"@context\":\"https:\/\/schema.org\",\"@graph\":[{\"@type\":\"WebPage\",\"@id\":\"https:\/\/ubaldofernandes.com\/index.php\/news\/ubaldo-fernandes-homenageia-jarbas-bezerra-com-medalha-do-merito-legislativo-da-alern\/\",\"url\":\"https:\/\/ubaldofernandes.com\/index.php\/news\/ubaldo-fernandes-homenageia-jarbas-bezerra-com-medalha-do-merito-legislativo-da-alern\/\",\"name\":\"Ubaldo Fernandes Homenageia Jarbas Bezerra com Medalha do M\u00e9rito Legislativo da ALERN - Ubaldo Fernandes\",\"isPartOf\":{\"@id\":\"https:\/\/ubaldofernandes.com\/#website\"},\"primaryImageOfPage\":{\"@id\":\"https:\/\/ubaldofernandes.com\/index.php\/news\/ubaldo-fernandes-homenageia-jarbas-bezerra-com-medalha-do-merito-legislativo-da-alern\/#primaryimage\"},\"image\":{\"@id\":\"https:\/\/ubaldofernandes.com\/index.php\/news\/ubaldo-fernandes-homenageia-jarbas-bezerra-com-medalha-do-merito-legislativo-da-alern\/#primaryimage\"},\"thumbnailUrl\":\"https:\/\/ubaldofernandes.com\/wp-content\/uploads\/2024\/12\/WhatsApp-Image-2024-12-17-at-13.00.49.jpeg\",\"datePublished\":\"2024-12-19T16:06:00+00:00\",\"dateModified\":\"2024-12-26T14:09:23+00:00\",\"breadcrumb\":{\"@id\":\"https:\/\/ubaldofernandes.com\/index.php\/news\/ubaldo-fernandes-homenageia-jarbas-bezerra-com-medalha-do-merito-legislativo-da-alern\/#breadcrumb\"},\"inLanguage\":\"pt-BR\",\"potentialAction\":[{\"@type\":\"ReadAction\",\"target\":[\"https:\/\/ubaldofernandes.com\/index.php\/news\/ubaldo-fernandes-homenageia-jarbas-bezerra-com-medalha-do-merito-legislativo-da-alern\/\"]}]},{\"@type\":\"ImageObject\",\"inLanguage\":\"pt-BR\",\"@id\":\"https:\/\/ubaldofernandes.com\/index.php\/news\/ubaldo-fernandes-homenageia-jarbas-bezerra-com-medalha-do-merito-legislativo-da-alern\/#primaryimage\",\"url\":\"https:\/\/ubaldofernandes.com\/wp-content\/uploads\/2024\/12\/WhatsApp-Image-2024-12-17-at-13.00.49.jpeg\",\"contentUrl\":\"https:\/\/ubaldofernandes.com\/wp-content\/uploads\/2024\/12\/WhatsApp-Image-2024-12-17-at-13.00.49.jpeg\",\"width\":1599,\"height\":1066},{\"@type\":\"BreadcrumbList\",\"@id\":\"https:\/\/ubaldofernandes.com\/index.php\/news\/ubaldo-fernandes-homenageia-jarbas-bezerra-com-medalha-do-merito-legislativo-da-alern\/#breadcrumb\",\"itemListElement\":[{\"@type\":\"ListItem\",\"position\":1,\"name\":\"In\u00edcio\",\"item\":\"https:\/\/ubaldofernandes.com\/\"},{\"@type\":\"ListItem\",\"position\":2,\"name\":\"Not\u00edcias\",\"item\":\"https:\/\/ubaldofernandes.com\/index.php\/news\/\"},{\"@type\":\"ListItem\",\"position\":3,\"name\":\"Ubaldo Fernandes Homenageia Jarbas Bezerra com Medalha do M\u00e9rito Legislativo da ALERN\"}]},{\"@type\":\"WebSite\",\"@id\":\"https:\/\/ubaldofernandes.com\/#website\",\"url\":\"https:\/\/ubaldofernandes.com\/\",\"name\":\"Ubaldo Fernandes\",\"description\":\"Deputado Estadual\",\"potentialAction\":[{\"@type\":\"SearchAction\",\"target\":{\"@type\":\"EntryPoint\",\"urlTemplate\":\"https:\/\/ubaldofernandes.com\/?s={search_term_string}\"},\"query-input\":{\"@type\":\"PropertyValueSpecification\",\"valueRequired\":true,\"valueName\":\"search_term_string\"}}],\"inLanguage\":\"pt-BR\"}]}<\/script>\n<!-- \/ Yoast SEO plugin. -->","yoast_head_json":{"title":"Ubaldo Fernandes Homenageia Jarbas Bezerra com Medalha do M\u00e9rito Legislativo da ALERN - Ubaldo Fernandes","robots":{"index":"index","follow":"follow","max-snippet":"max-snippet:-1","max-image-preview":"max-image-preview:large","max-video-preview":"max-video-preview:-1"},"canonical":"https:\/\/ubaldofernandes.com\/index.php\/news\/ubaldo-fernandes-homenageia-jarbas-bezerra-com-medalha-do-merito-legislativo-da-alern\/","og_locale":"pt_BR","og_type":"article","og_title":"Ubaldo Fernandes Homenageia Jarbas Bezerra com Medalha do M\u00e9rito Legislativo da ALERN - Ubaldo Fernandes","og_description":"Durante a cerim\u00f4nia de entrega das Medalhas do M\u00e9rito Legislativo, realizada na manh\u00e3 desta ter\u00e7a-feira (17) na Assembleia Legislativa do Rio Grande do Norte (ALRN), um momento especial foi dedicado \u00e0 homenagem de Ubaldo Fernandes ao juiz de direito Dr. Jarbas Bezerra, que recebeu a Medalha do M\u00e9rito Legislativo.&nbsp; A solenidade, que contou com a [&hellip;]","og_url":"https:\/\/ubaldofernandes.com\/index.php\/news\/ubaldo-fernandes-homenageia-jarbas-bezerra-com-medalha-do-merito-legislativo-da-alern\/","og_site_name":"Ubaldo Fernandes","article_modified_time":"2024-12-26T14:09:23+00:00","og_image":[{"width":1599,"height":1066,"url":"https:\/\/ubaldofernandes.com\/wp-content\/uploads\/2024\/12\/WhatsApp-Image-2024-12-17-at-13.00.49.jpeg","type":"image\/jpeg"}],"twitter_card":"summary_large_image","twitter_misc":{"Est. tempo de leitura":"3 minutos"},"schema":{"@context":"https:\/\/schema.org","@graph":[{"@type":"WebPage","@id":"https:\/\/ubaldofernandes.com\/index.php\/news\/ubaldo-fernandes-homenageia-jarbas-bezerra-com-medalha-do-merito-legislativo-da-alern\/","url":"https:\/\/ubaldofernandes.com\/index.php\/news\/ubaldo-fernandes-homenageia-jarbas-bezerra-com-medalha-do-merito-legislativo-da-alern\/","name":"Ubaldo Fernandes Homenageia Jarbas Bezerra com Medalha do M\u00e9rito Legislativo da ALERN - Ubaldo Fernandes","isPartOf":{"@id":"https:\/\/ubaldofernandes.com\/#website"},"primaryImageOfPage":{"@id":"https:\/\/ubaldofernandes.com\/index.php\/news\/ubaldo-fernandes-homenageia-jarbas-bezerra-com-medalha-do-merito-legislativo-da-alern\/#primaryimage"},"image":{"@id":"https:\/\/ubaldofernandes.com\/index.php\/news\/ubaldo-fernandes-homenageia-jarbas-bezerra-com-medalha-do-merito-legislativo-da-alern\/#primaryimage"},"thumbnailUrl":"https:\/\/ubaldofernandes.com\/wp-content\/uploads\/2024\/12\/WhatsApp-Image-2024-12-17-at-13.00.49.jpeg","datePublished":"2024-12-19T16:06:00+00:00","dateModified":"2024-12-26T14:09:23+00:00","breadcrumb":{"@id":"https:\/\/ubaldofernandes.com\/index.php\/news\/ubaldo-fernandes-homenageia-jarbas-bezerra-com-medalha-do-merito-legislativo-da-alern\/#breadcrumb"},"inLanguage":"pt-BR","potentialAction":[{"@type":"ReadAction","target":["https:\/\/ubaldofernandes.com\/index.php\/news\/ubaldo-fernandes-homenageia-jarbas-bezerra-com-medalha-do-merito-legislativo-da-alern\/"]}]},{"@type":"ImageObject","inLanguage":"pt-BR","@id":"https:\/\/ubaldofernandes.com\/index.php\/news\/ubaldo-fernandes-homenageia-jarbas-bezerra-com-medalha-do-merito-legislativo-da-alern\/#primaryimage","url":"https:\/\/ubaldofernandes.com\/wp-content\/uploads\/2024\/12\/WhatsApp-Image-2024-12-17-at-13.00.49.jpeg","contentUrl":"https:\/\/ubaldofernandes.com\/wp-content\/uploads\/2024\/12\/WhatsApp-Image-2024-12-17-at-13.00.49.jpeg","width":1599,"height":1066},{"@type":"BreadcrumbList","@id":"https:\/\/ubaldofernandes.com\/index.php\/news\/ubaldo-fernandes-homenageia-jarbas-bezerra-com-medalha-do-merito-legislativo-da-alern\/#breadcrumb","itemListElement":[{"@type":"ListItem","position":1,"name":"In\u00edcio","item":"https:\/\/ubaldofernandes.com\/"},{"@type":"ListItem","position":2,"name":"Not\u00edcias","item":"https:\/\/ubaldofernandes.com\/index.php\/news\/"},{"@type":"ListItem","position":3,"name":"Ubaldo Fernandes Homenageia Jarbas Bezerra com Medalha do M\u00e9rito Legislativo da ALERN"}]},{"@type":"WebSite","@id":"https:\/\/ubaldofernandes.com\/#website","url":"https:\/\/ubaldofernandes.com\/","name":"Ubaldo Fernandes","description":"Deputado Estadual","potentialAction":[{"@type":"SearchAction","target":{"@type":"EntryPoint","urlTemplate":"https:\/\/ubaldofernandes.com\/?s={search_term_string}"},"query-input":{"@type":"PropertyValueSpecification","valueRequired":true,"valueName":"search_term_string"}}],"inLanguage":"pt-BR"}]}},"_links":{"self":[{"href":"https:\/\/ubaldofernandes.com\/index.php\/wp-json\/wp\/v2\/news\/7339","targetHints":{"allow":["GET"]}}],"collection":[{"href":"https:\/\/ubaldofernandes.com\/index.php\/wp-json\/wp\/v2\/news"}],"about":[{"href":"https:\/\/ubaldofernandes.com\/index.php\/wp-json\/wp\/v2\/types\/news"}],"wp:featuredmedia":[{"embeddable":true,"href":"https:\/\/ubaldofernandes.com\/index.php\/wp-json\/wp\/v2\/media\/7340"}],"wp:attachment":[{"href":"https:\/\/ubaldofernandes.com\/index.php\/wp-json\/wp\/v2\/media?parent=7339"}],"curies":[{"name":"wp","href":"https:\/\/api.w.org\/{rel}","templated":true}]}}