{"id":7353,"date":"2024-12-19T11:46:00","date_gmt":"2024-12-19T14:46:00","guid":{"rendered":"https:\/\/ubaldofernandes.com\/?post_type=news&#038;p=7353"},"modified":"2024-12-26T11:48:26","modified_gmt":"2024-12-26T14:48:26","slug":"protocolado-projeto-de-lei-que-visa-proibir-armas-com-bolas-de-gel-no-rio-grande-do-norte-2","status":"publish","type":"news","link":"https:\/\/ubaldofernandes.com\/index.php\/news\/protocolado-projeto-de-lei-que-visa-proibir-armas-com-bolas-de-gel-no-rio-grande-do-norte-2\/","title":{"rendered":"Protocolado Projeto de Lei que visa proibir Armas com Bolas de Gel no Rio Grande do Norte"},"content":{"rendered":"\n<p>No \u00faltimo dia 15 de dezembro de 2024, o deputado estadual Ubaldo Fernandes protocolou, na Assembleia Legislativa do Rio Grande do Norte, o Projeto de Lei n\u00ba 545, que visa proibir a fabrica\u00e7\u00e3o, distribui\u00e7\u00e3o, comercializa\u00e7\u00e3o e uso de armas que utilizam bolas de gel como muni\u00e7\u00e3o em todo o estado. A proposta tem como objetivo preservar a seguran\u00e7a p\u00fablica e proteger a integridade f\u00edsica e psicol\u00f3gica da popula\u00e7\u00e3o potiguar, especialmente de crian\u00e7as, adolescentes e adultos.<\/p>\n\n\n\n<p>A mat\u00e9ria tramitar\u00e1 nas comiss\u00f5es e deve ser apreciada pelos deputados em 2025.As chamadas \u201cgel blasters\u201d, ou armas de gel, s\u00e3o r\u00e9plicas de armamentos de fogo que, embora sejam comercializadas como brinquedos ou equipamentos de lazer, oferecem riscos consider\u00e1veis. Uma das principais preocupa\u00e7\u00f5es \u00e9 a semelhan\u00e7a visual com armas reais, o que pode gerar confus\u00f5es graves em abordagens policiais ou em situa\u00e7\u00f5es cotidianas de conflito, aumentando as chances de erros de julgamento em opera\u00e7\u00f5es.<\/p>\n\n\n\n<p>Al\u00e9m disso, t\u00eam o potencial de causar ferimentos, principalmente nos olhos, o que representa uma amea\u00e7a \u00e0 sa\u00fade da popula\u00e7\u00e3o. Relatos de incidentes em outros estados do Brasil, envolvendo o uso indevido dessas armas, demonstram que elas t\u00eam sido empregadas em simula\u00e7\u00f5es de crimes, intimida\u00e7\u00f5es e atos que comprometem a ordem p\u00fablica.<\/p>\n\n\n\n<p>Penalidades e Responsabilidades<\/p>\n\n\n\n<p>O Projeto de Lei prop\u00f5e penalidades severas para quem descumprir a proibi\u00e7\u00e3o. As infra\u00e7\u00f5es poder\u00e3o resultar em advert\u00eancia, seguida de apreens\u00e3o das armas, al\u00e9m de multas que variam entre 1.000 UFIRs para pessoas f\u00edsicas e 5.000 UFIRs para pessoas jur\u00eddicas. Em caso de reincid\u00eancia por parte de empresas, tamb\u00e9m est\u00e1 prevista a suspens\u00e3o do alvar\u00e1 de funcionamento por at\u00e9 60 dias. O valor das multas ser\u00e1 destinado a um fundo espec\u00edfico do Poder Executivo, voltado para a prote\u00e7\u00e3o e defesa do consumidor. A fiscaliza\u00e7\u00e3o ficar\u00e1 sob a responsabilidade dos \u00f3rg\u00e3os de seguran\u00e7a p\u00fablica e dos respons\u00e1veis pela fiscaliza\u00e7\u00e3o de consumo no estado, garantindo o cumprimento da lei e a seguran\u00e7a da popula\u00e7\u00e3o.<\/p>\n\n\n\n<p>Objetivos e Justificativas<\/p>\n\n\n\n<p>A medida, al\u00e9m de buscar reduzir os riscos associados ao uso indiscriminado dessas armas, tamb\u00e9m atua de forma preventiva contra a escalada de acidentes e crimes envolvendo os gel blasters. A proposta \u00e9 uma resposta ao crescente uso inadequado desses dispositivos, observando os efeitos negativos que t\u00eam causado em diversas partes do pa\u00eds.<\/p>\n\n\n\n<p>Em sua justificativa, o deputado Ubaldo Fernandes destacou: \u201cO aumento do uso dessas armas est\u00e1 colocando em risco a seguran\u00e7a da popula\u00e7\u00e3o. Elas podem ser confundidas com armas de fogo reais, o que coloca em risco tanto a integridade f\u00edsica dos indiv\u00edduos quanto a ordem p\u00fablica\u201d. O deputado tamb\u00e9m ressaltou que a proposta \u00e9 uma a\u00e7\u00e3o preventiva para evitar futuros incidentes. \u201cO objetivo \u00e9 garantir a tranquilidade e a seguran\u00e7a no Rio Grande do Norte, antes que o problema se agrave. Precisamos agir agora para proteger a nossa popula\u00e7\u00e3o e evitar trag\u00e9dias\u201d.<\/p>\n\n\n\n<p>Se aprovado, o Projeto de Lei n\u00ba 545 entra em vigor imediatamente ap\u00f3s sua publica\u00e7\u00e3o, com a expectativa de que o Rio Grande do Norte continue sendo um exemplo de preocupa\u00e7\u00e3o com a seguran\u00e7a e o bem-estar de sua popula\u00e7\u00e3o. \u201cEstou confiante de que, com o apoio dos colegas parlamentares, podemos transformar essa lei em realidade e assegurar um ambiente mais seguro para todos os cidad\u00e3os do Rio Grande do Norte\u201d.<\/p>\n\n\n\n<p>Mat\u00e9ria publicada no <a href=\"https:\/\/www.blogdobelo.com.br\/3026\/\">Blog do Belo<\/a>. <\/p>\n","protected":false},"featured_media":7286,"parent":0,"template":"","class_list":["post-7353","news","type-news","status-publish","has-post-thumbnail","hentry"],"acf":[],"yoast_head":"<!-- This site is optimized with the Yoast SEO plugin v24.6 - https:\/\/yoast.com\/wordpress\/plugins\/seo\/ -->\n<title>Protocolado Projeto de Lei que visa proibir Armas com Bolas de Gel no Rio Grande do Norte - Ubaldo Fernandes<\/title>\n<meta name=\"robots\" content=\"index, follow, max-snippet:-1, max-image-preview:large, max-video-preview:-1\" \/>\n<link rel=\"canonical\" href=\"https:\/\/ubaldofernandes.com\/index.php\/news\/protocolado-projeto-de-lei-que-visa-proibir-armas-com-bolas-de-gel-no-rio-grande-do-norte-2\/\" \/>\n<meta property=\"og:locale\" content=\"pt_BR\" \/>\n<meta property=\"og:type\" content=\"article\" \/>\n<meta property=\"og:title\" content=\"Protocolado Projeto de Lei que visa proibir Armas com Bolas de Gel no Rio Grande do Norte - Ubaldo Fernandes\" \/>\n<meta property=\"og:description\" content=\"No \u00faltimo dia 15 de dezembro de 2024, o deputado estadual Ubaldo Fernandes protocolou, na Assembleia Legislativa do Rio Grande do Norte, o Projeto de Lei n\u00ba 545, que visa proibir a fabrica\u00e7\u00e3o, distribui\u00e7\u00e3o, comercializa\u00e7\u00e3o e uso de armas que utilizam bolas de gel como muni\u00e7\u00e3o em todo o estado. A proposta tem como objetivo [&hellip;]\" \/>\n<meta property=\"og:url\" content=\"https:\/\/ubaldofernandes.com\/index.php\/news\/protocolado-projeto-de-lei-que-visa-proibir-armas-com-bolas-de-gel-no-rio-grande-do-norte-2\/\" \/>\n<meta property=\"og:site_name\" content=\"Ubaldo Fernandes\" \/>\n<meta property=\"article:modified_time\" content=\"2024-12-26T14:48:26+00:00\" \/>\n<meta property=\"og:image\" content=\"https:\/\/ubaldofernandes.com\/wp-content\/uploads\/2024\/11\/WhatsApp-Image-2024-11-27-at-13.10.54.jpeg\" \/>\n\t<meta property=\"og:image:width\" content=\"1280\" \/>\n\t<meta property=\"og:image:height\" content=\"853\" \/>\n\t<meta property=\"og:image:type\" content=\"image\/jpeg\" \/>\n<meta name=\"twitter:card\" content=\"summary_large_image\" \/>\n<meta name=\"twitter:label1\" content=\"Est. tempo de leitura\" \/>\n\t<meta name=\"twitter:data1\" content=\"3 minutos\" \/>\n<script type=\"application\/ld+json\" class=\"yoast-schema-graph\">{\"@context\":\"https:\/\/schema.org\",\"@graph\":[{\"@type\":\"WebPage\",\"@id\":\"https:\/\/ubaldofernandes.com\/index.php\/news\/protocolado-projeto-de-lei-que-visa-proibir-armas-com-bolas-de-gel-no-rio-grande-do-norte-2\/\",\"url\":\"https:\/\/ubaldofernandes.com\/index.php\/news\/protocolado-projeto-de-lei-que-visa-proibir-armas-com-bolas-de-gel-no-rio-grande-do-norte-2\/\",\"name\":\"Protocolado Projeto de Lei que visa proibir Armas com Bolas de Gel no Rio Grande do Norte - Ubaldo Fernandes\",\"isPartOf\":{\"@id\":\"https:\/\/ubaldofernandes.com\/#website\"},\"primaryImageOfPage\":{\"@id\":\"https:\/\/ubaldofernandes.com\/index.php\/news\/protocolado-projeto-de-lei-que-visa-proibir-armas-com-bolas-de-gel-no-rio-grande-do-norte-2\/#primaryimage\"},\"image\":{\"@id\":\"https:\/\/ubaldofernandes.com\/index.php\/news\/protocolado-projeto-de-lei-que-visa-proibir-armas-com-bolas-de-gel-no-rio-grande-do-norte-2\/#primaryimage\"},\"thumbnailUrl\":\"https:\/\/ubaldofernandes.com\/wp-content\/uploads\/2024\/11\/WhatsApp-Image-2024-11-27-at-13.10.54.jpeg\",\"datePublished\":\"2024-12-19T14:46:00+00:00\",\"dateModified\":\"2024-12-26T14:48:26+00:00\",\"breadcrumb\":{\"@id\":\"https:\/\/ubaldofernandes.com\/index.php\/news\/protocolado-projeto-de-lei-que-visa-proibir-armas-com-bolas-de-gel-no-rio-grande-do-norte-2\/#breadcrumb\"},\"inLanguage\":\"pt-BR\",\"potentialAction\":[{\"@type\":\"ReadAction\",\"target\":[\"https:\/\/ubaldofernandes.com\/index.php\/news\/protocolado-projeto-de-lei-que-visa-proibir-armas-com-bolas-de-gel-no-rio-grande-do-norte-2\/\"]}]},{\"@type\":\"ImageObject\",\"inLanguage\":\"pt-BR\",\"@id\":\"https:\/\/ubaldofernandes.com\/index.php\/news\/protocolado-projeto-de-lei-que-visa-proibir-armas-com-bolas-de-gel-no-rio-grande-do-norte-2\/#primaryimage\",\"url\":\"https:\/\/ubaldofernandes.com\/wp-content\/uploads\/2024\/11\/WhatsApp-Image-2024-11-27-at-13.10.54.jpeg\",\"contentUrl\":\"https:\/\/ubaldofernandes.com\/wp-content\/uploads\/2024\/11\/WhatsApp-Image-2024-11-27-at-13.10.54.jpeg\",\"width\":1280,\"height\":853},{\"@type\":\"BreadcrumbList\",\"@id\":\"https:\/\/ubaldofernandes.com\/index.php\/news\/protocolado-projeto-de-lei-que-visa-proibir-armas-com-bolas-de-gel-no-rio-grande-do-norte-2\/#breadcrumb\",\"itemListElement\":[{\"@type\":\"ListItem\",\"position\":1,\"name\":\"In\u00edcio\",\"item\":\"https:\/\/ubaldofernandes.com\/\"},{\"@type\":\"ListItem\",\"position\":2,\"name\":\"Not\u00edcias\",\"item\":\"https:\/\/ubaldofernandes.com\/index.php\/news\/\"},{\"@type\":\"ListItem\",\"position\":3,\"name\":\"Protocolado Projeto de Lei que visa proibir Armas com Bolas de Gel no Rio Grande do Norte\"}]},{\"@type\":\"WebSite\",\"@id\":\"https:\/\/ubaldofernandes.com\/#website\",\"url\":\"https:\/\/ubaldofernandes.com\/\",\"name\":\"Ubaldo Fernandes\",\"description\":\"Deputado Estadual\",\"potentialAction\":[{\"@type\":\"SearchAction\",\"target\":{\"@type\":\"EntryPoint\",\"urlTemplate\":\"https:\/\/ubaldofernandes.com\/?s={search_term_string}\"},\"query-input\":{\"@type\":\"PropertyValueSpecification\",\"valueRequired\":true,\"valueName\":\"search_term_string\"}}],\"inLanguage\":\"pt-BR\"}]}<\/script>\n<!-- \/ Yoast SEO plugin. -->","yoast_head_json":{"title":"Protocolado Projeto de Lei que visa proibir Armas com Bolas de Gel no Rio Grande do Norte - Ubaldo Fernandes","robots":{"index":"index","follow":"follow","max-snippet":"max-snippet:-1","max-image-preview":"max-image-preview:large","max-video-preview":"max-video-preview:-1"},"canonical":"https:\/\/ubaldofernandes.com\/index.php\/news\/protocolado-projeto-de-lei-que-visa-proibir-armas-com-bolas-de-gel-no-rio-grande-do-norte-2\/","og_locale":"pt_BR","og_type":"article","og_title":"Protocolado Projeto de Lei que visa proibir Armas com Bolas de Gel no Rio Grande do Norte - Ubaldo Fernandes","og_description":"No \u00faltimo dia 15 de dezembro de 2024, o deputado estadual Ubaldo Fernandes protocolou, na Assembleia Legislativa do Rio Grande do Norte, o Projeto de Lei n\u00ba 545, que visa proibir a fabrica\u00e7\u00e3o, distribui\u00e7\u00e3o, comercializa\u00e7\u00e3o e uso de armas que utilizam bolas de gel como muni\u00e7\u00e3o em todo o estado. A proposta tem como objetivo [&hellip;]","og_url":"https:\/\/ubaldofernandes.com\/index.php\/news\/protocolado-projeto-de-lei-que-visa-proibir-armas-com-bolas-de-gel-no-rio-grande-do-norte-2\/","og_site_name":"Ubaldo Fernandes","article_modified_time":"2024-12-26T14:48:26+00:00","og_image":[{"width":1280,"height":853,"url":"https:\/\/ubaldofernandes.com\/wp-content\/uploads\/2024\/11\/WhatsApp-Image-2024-11-27-at-13.10.54.jpeg","type":"image\/jpeg"}],"twitter_card":"summary_large_image","twitter_misc":{"Est. tempo de leitura":"3 minutos"},"schema":{"@context":"https:\/\/schema.org","@graph":[{"@type":"WebPage","@id":"https:\/\/ubaldofernandes.com\/index.php\/news\/protocolado-projeto-de-lei-que-visa-proibir-armas-com-bolas-de-gel-no-rio-grande-do-norte-2\/","url":"https:\/\/ubaldofernandes.com\/index.php\/news\/protocolado-projeto-de-lei-que-visa-proibir-armas-com-bolas-de-gel-no-rio-grande-do-norte-2\/","name":"Protocolado Projeto de Lei que visa proibir Armas com Bolas de Gel no Rio Grande do Norte - Ubaldo Fernandes","isPartOf":{"@id":"https:\/\/ubaldofernandes.com\/#website"},"primaryImageOfPage":{"@id":"https:\/\/ubaldofernandes.com\/index.php\/news\/protocolado-projeto-de-lei-que-visa-proibir-armas-com-bolas-de-gel-no-rio-grande-do-norte-2\/#primaryimage"},"image":{"@id":"https:\/\/ubaldofernandes.com\/index.php\/news\/protocolado-projeto-de-lei-que-visa-proibir-armas-com-bolas-de-gel-no-rio-grande-do-norte-2\/#primaryimage"},"thumbnailUrl":"https:\/\/ubaldofernandes.com\/wp-content\/uploads\/2024\/11\/WhatsApp-Image-2024-11-27-at-13.10.54.jpeg","datePublished":"2024-12-19T14:46:00+00:00","dateModified":"2024-12-26T14:48:26+00:00","breadcrumb":{"@id":"https:\/\/ubaldofernandes.com\/index.php\/news\/protocolado-projeto-de-lei-que-visa-proibir-armas-com-bolas-de-gel-no-rio-grande-do-norte-2\/#breadcrumb"},"inLanguage":"pt-BR","potentialAction":[{"@type":"ReadAction","target":["https:\/\/ubaldofernandes.com\/index.php\/news\/protocolado-projeto-de-lei-que-visa-proibir-armas-com-bolas-de-gel-no-rio-grande-do-norte-2\/"]}]},{"@type":"ImageObject","inLanguage":"pt-BR","@id":"https:\/\/ubaldofernandes.com\/index.php\/news\/protocolado-projeto-de-lei-que-visa-proibir-armas-com-bolas-de-gel-no-rio-grande-do-norte-2\/#primaryimage","url":"https:\/\/ubaldofernandes.com\/wp-content\/uploads\/2024\/11\/WhatsApp-Image-2024-11-27-at-13.10.54.jpeg","contentUrl":"https:\/\/ubaldofernandes.com\/wp-content\/uploads\/2024\/11\/WhatsApp-Image-2024-11-27-at-13.10.54.jpeg","width":1280,"height":853},{"@type":"BreadcrumbList","@id":"https:\/\/ubaldofernandes.com\/index.php\/news\/protocolado-projeto-de-lei-que-visa-proibir-armas-com-bolas-de-gel-no-rio-grande-do-norte-2\/#breadcrumb","itemListElement":[{"@type":"ListItem","position":1,"name":"In\u00edcio","item":"https:\/\/ubaldofernandes.com\/"},{"@type":"ListItem","position":2,"name":"Not\u00edcias","item":"https:\/\/ubaldofernandes.com\/index.php\/news\/"},{"@type":"ListItem","position":3,"name":"Protocolado Projeto de Lei que visa proibir Armas com Bolas de Gel no Rio Grande do Norte"}]},{"@type":"WebSite","@id":"https:\/\/ubaldofernandes.com\/#website","url":"https:\/\/ubaldofernandes.com\/","name":"Ubaldo Fernandes","description":"Deputado Estadual","potentialAction":[{"@type":"SearchAction","target":{"@type":"EntryPoint","urlTemplate":"https:\/\/ubaldofernandes.com\/?s={search_term_string}"},"query-input":{"@type":"PropertyValueSpecification","valueRequired":true,"valueName":"search_term_string"}}],"inLanguage":"pt-BR"}]}},"_links":{"self":[{"href":"https:\/\/ubaldofernandes.com\/index.php\/wp-json\/wp\/v2\/news\/7353","targetHints":{"allow":["GET"]}}],"collection":[{"href":"https:\/\/ubaldofernandes.com\/index.php\/wp-json\/wp\/v2\/news"}],"about":[{"href":"https:\/\/ubaldofernandes.com\/index.php\/wp-json\/wp\/v2\/types\/news"}],"wp:featuredmedia":[{"embeddable":true,"href":"https:\/\/ubaldofernandes.com\/index.php\/wp-json\/wp\/v2\/media\/7286"}],"wp:attachment":[{"href":"https:\/\/ubaldofernandes.com\/index.php\/wp-json\/wp\/v2\/media?parent=7353"}],"curies":[{"name":"wp","href":"https:\/\/api.w.org\/{rel}","templated":true}]}}