{"id":7400,"date":"2025-01-25T22:17:00","date_gmt":"2025-01-26T01:17:00","guid":{"rendered":"https:\/\/ubaldofernandes.com\/?post_type=news&#038;p=7400"},"modified":"2025-01-27T15:22:50","modified_gmt":"2025-01-27T18:22:50","slug":"banda-filarmonica-de-campestre-e-uma-das-atracoes-da-30a-fiart","status":"publish","type":"news","link":"https:\/\/ubaldofernandes.com\/index.php\/news\/banda-filarmonica-de-campestre-e-uma-das-atracoes-da-30a-fiart\/","title":{"rendered":"Banda Filarm\u00f4nica de Campestre \u00e9 uma das atra\u00e7\u00f5es da 30\u00aa FIART"},"content":{"rendered":"\n<p>A Banda Filarm\u00f4nica Professor Jos\u00e9 Djalma de Oliveira, do munic\u00edpio de S\u00e3o Jos\u00e9 do Campestre, ser\u00e1 uma das atra\u00e7\u00f5es da 30\u00aa edi\u00e7\u00e3o da Feira Internacional de Artesanato (Fiart), que come\u00e7ou ontem (24), em Natal, e vai at\u00e9 o dia 2 de fevereiro, no Centro de Conven\u00e7\u00f5es. Sob a reg\u00eancia do professor Edno Marciel e com a lideran\u00e7a do presidente Isaac Fernandes, a Filarm\u00f4nica vem desempenhando papel fundamental na promo\u00e7\u00e3o da cultura e da m\u00fasica em S\u00e3o Jos\u00e9 do Campestre. A banda se apresentar\u00e1 na tarde deste domingo (26) e \u00e9 um dos projetos mais relevantes da Associa\u00e7\u00e3o Comunit\u00e1ria Amigos da Casa de Cultura Pal\u00e1cio Borborema Potiguar.<\/p>\n\n\n\n<p><strong>Forma\u00e7\u00e3o Musical e Inclus\u00e3o<\/strong><\/p>\n\n\n\n<p>A Filarm\u00f4nica surgiu em 2018 e \u00e9 composta por 20 m\u00fasicos, mas seu impacto social vai al\u00e9m do palco: mais de 50 alunos participam das atividades oferecidas pelo projeto, que atende pessoas de todas as faixas et\u00e1rias, abrangendo crian\u00e7as, adolescentes, jovens e adultos e garantindo inclus\u00e3o e acesso \u00e0 educa\u00e7\u00e3o musical na comunidade. Crian\u00e7as a partir dos 7 anos iniciam sua forma\u00e7\u00e3o musical com aulas de flauta doce e musicaliza\u00e7\u00e3o, que servem como ponto de partida para a entrada na banda filarm\u00f4nica.\u00a0<br>\u201cDesde nosso primeiro mandato, acompanhamos o trabalho da Filarm\u00f4nica e o quanto ela impacta na sociedade campestrense. Destinamos emenda parlamentar para o projeto e este ano, repetiremos a destina\u00e7\u00e3o de R$ 35 mil para compra de uniformes e materiais para a banda realizar suas apresenta\u00e7\u00f5es\u201d, diz o deputado Ubaldo Fernandes, um dos apoiadores do projeto.<\/p>\n\n\n\n<p><strong>Participa\u00e7\u00e3o em Eventos e Promo\u00e7\u00e3o Cultural<\/strong><br>Al\u00e9m de participar da 30\u00aa Fiart, a Filarm\u00f4nica Professor Jos\u00e9 Djalma de Oliveira \u00e9 presen\u00e7a garantida em eventos importantes em v\u00e1rias cidades potiguares, como festivais culturais, encontros de bandas, feiras de artesanato, exposi\u00e7\u00f5es agropecu\u00e1rias, eventos escolares, celebra\u00e7\u00f5es religiosas e outras datas comemorativas. Sua agenda reflete o compromisso com a valoriza\u00e7\u00e3o cultural e a promo\u00e7\u00e3o da tradi\u00e7\u00e3o musical local.<br>\u201cEssas apresenta\u00e7\u00f5es n\u00e3o s\u00f3 enriquecem a vida cultural de S\u00e3o Jos\u00e9 do Campestre, mas tamb\u00e9m fortalecem o sentimento de identidade e pertencimento da comunidade\u201d, justifica Isaac Fernandes, presidente da Associa\u00e7\u00e3o Amigos da Casa de Cultura Pal\u00e1cio Borborema Potiguar. E continua: \u201cpor meio da educa\u00e7\u00e3o musical, a banda oferece oportunidades de aprendizado para jovens m\u00fasicos, incentivando o desenvolvimento de talentos e preparando as futuras gera\u00e7\u00f5es para dar continuidade \u00e0 rica heran\u00e7a cultural de S\u00e3o Jos\u00e9 do Campestre\u201d.<br>O trabalho da Filarm\u00f4nica vai al\u00e9m da m\u00fasica. Traz benef\u00edcios econ\u00f4micos, ao fomentar atividades culturais e atrair p\u00fablico para os eventos locais. \u201cEla desempenha um papel essencial na preserva\u00e7\u00e3o do patrim\u00f4nio cultural, mantendo viva a tradi\u00e7\u00e3o musical e promovendo a diversidade cultural em nosso estado\u201d, reitera Isaac Fernandes.<\/p>\n\n\n\n<p>Mat\u00e9ria publicada no <a href=\"https:\/\/paginaabertanews.com.br\/noticia\/1998\/banda-filarmonica-de-campestre-e-uma-das-atracoes-da-30o-fiart\">Blog P\u00e1gina Aberta News<\/a>. <\/p>\n","protected":false},"featured_media":7401,"parent":0,"template":"","class_list":["post-7400","news","type-news","status-publish","has-post-thumbnail","hentry"],"acf":[],"yoast_head":"<!-- This site is optimized with the Yoast SEO plugin v24.6 - https:\/\/yoast.com\/wordpress\/plugins\/seo\/ -->\n<title>Banda Filarm\u00f4nica de Campestre \u00e9 uma das atra\u00e7\u00f5es da 30\u00aa FIART - Ubaldo Fernandes<\/title>\n<meta name=\"robots\" content=\"index, follow, max-snippet:-1, max-image-preview:large, max-video-preview:-1\" \/>\n<link rel=\"canonical\" href=\"https:\/\/ubaldofernandes.com\/index.php\/news\/banda-filarmonica-de-campestre-e-uma-das-atracoes-da-30a-fiart\/\" \/>\n<meta property=\"og:locale\" content=\"pt_BR\" \/>\n<meta property=\"og:type\" content=\"article\" \/>\n<meta property=\"og:title\" content=\"Banda Filarm\u00f4nica de Campestre \u00e9 uma das atra\u00e7\u00f5es da 30\u00aa FIART - Ubaldo Fernandes\" \/>\n<meta property=\"og:description\" content=\"A Banda Filarm\u00f4nica Professor Jos\u00e9 Djalma de Oliveira, do munic\u00edpio de S\u00e3o Jos\u00e9 do Campestre, ser\u00e1 uma das atra\u00e7\u00f5es da 30\u00aa edi\u00e7\u00e3o da Feira Internacional de Artesanato (Fiart), que come\u00e7ou ontem (24), em Natal, e vai at\u00e9 o dia 2 de fevereiro, no Centro de Conven\u00e7\u00f5es. Sob a reg\u00eancia do professor Edno Marciel e com [&hellip;]\" \/>\n<meta property=\"og:url\" content=\"https:\/\/ubaldofernandes.com\/index.php\/news\/banda-filarmonica-de-campestre-e-uma-das-atracoes-da-30a-fiart\/\" \/>\n<meta property=\"og:site_name\" content=\"Ubaldo Fernandes\" \/>\n<meta property=\"article:modified_time\" content=\"2025-01-27T18:22:50+00:00\" \/>\n<meta property=\"og:image\" content=\"https:\/\/ubaldofernandes.com\/wp-content\/uploads\/2025\/01\/WhatsApp-Image-2025-01-25-at-09.26.02-1.jpeg\" \/>\n\t<meta property=\"og:image:width\" content=\"1448\" \/>\n\t<meta property=\"og:image:height\" content=\"1108\" \/>\n\t<meta property=\"og:image:type\" content=\"image\/jpeg\" \/>\n<meta name=\"twitter:card\" content=\"summary_large_image\" \/>\n<meta name=\"twitter:label1\" content=\"Est. tempo de leitura\" \/>\n\t<meta name=\"twitter:data1\" content=\"2 minutos\" \/>\n<script type=\"application\/ld+json\" class=\"yoast-schema-graph\">{\"@context\":\"https:\/\/schema.org\",\"@graph\":[{\"@type\":\"WebPage\",\"@id\":\"https:\/\/ubaldofernandes.com\/index.php\/news\/banda-filarmonica-de-campestre-e-uma-das-atracoes-da-30a-fiart\/\",\"url\":\"https:\/\/ubaldofernandes.com\/index.php\/news\/banda-filarmonica-de-campestre-e-uma-das-atracoes-da-30a-fiart\/\",\"name\":\"Banda Filarm\u00f4nica de Campestre \u00e9 uma das atra\u00e7\u00f5es da 30\u00aa FIART - Ubaldo Fernandes\",\"isPartOf\":{\"@id\":\"https:\/\/ubaldofernandes.com\/#website\"},\"primaryImageOfPage\":{\"@id\":\"https:\/\/ubaldofernandes.com\/index.php\/news\/banda-filarmonica-de-campestre-e-uma-das-atracoes-da-30a-fiart\/#primaryimage\"},\"image\":{\"@id\":\"https:\/\/ubaldofernandes.com\/index.php\/news\/banda-filarmonica-de-campestre-e-uma-das-atracoes-da-30a-fiart\/#primaryimage\"},\"thumbnailUrl\":\"https:\/\/ubaldofernandes.com\/wp-content\/uploads\/2025\/01\/WhatsApp-Image-2025-01-25-at-09.26.02-1.jpeg\",\"datePublished\":\"2025-01-26T01:17:00+00:00\",\"dateModified\":\"2025-01-27T18:22:50+00:00\",\"breadcrumb\":{\"@id\":\"https:\/\/ubaldofernandes.com\/index.php\/news\/banda-filarmonica-de-campestre-e-uma-das-atracoes-da-30a-fiart\/#breadcrumb\"},\"inLanguage\":\"pt-BR\",\"potentialAction\":[{\"@type\":\"ReadAction\",\"target\":[\"https:\/\/ubaldofernandes.com\/index.php\/news\/banda-filarmonica-de-campestre-e-uma-das-atracoes-da-30a-fiart\/\"]}]},{\"@type\":\"ImageObject\",\"inLanguage\":\"pt-BR\",\"@id\":\"https:\/\/ubaldofernandes.com\/index.php\/news\/banda-filarmonica-de-campestre-e-uma-das-atracoes-da-30a-fiart\/#primaryimage\",\"url\":\"https:\/\/ubaldofernandes.com\/wp-content\/uploads\/2025\/01\/WhatsApp-Image-2025-01-25-at-09.26.02-1.jpeg\",\"contentUrl\":\"https:\/\/ubaldofernandes.com\/wp-content\/uploads\/2025\/01\/WhatsApp-Image-2025-01-25-at-09.26.02-1.jpeg\",\"width\":1448,\"height\":1108},{\"@type\":\"BreadcrumbList\",\"@id\":\"https:\/\/ubaldofernandes.com\/index.php\/news\/banda-filarmonica-de-campestre-e-uma-das-atracoes-da-30a-fiart\/#breadcrumb\",\"itemListElement\":[{\"@type\":\"ListItem\",\"position\":1,\"name\":\"In\u00edcio\",\"item\":\"https:\/\/ubaldofernandes.com\/\"},{\"@type\":\"ListItem\",\"position\":2,\"name\":\"Not\u00edcias\",\"item\":\"https:\/\/ubaldofernandes.com\/index.php\/news\/\"},{\"@type\":\"ListItem\",\"position\":3,\"name\":\"Banda Filarm\u00f4nica de Campestre \u00e9 uma das atra\u00e7\u00f5es da 30\u00aa FIART\"}]},{\"@type\":\"WebSite\",\"@id\":\"https:\/\/ubaldofernandes.com\/#website\",\"url\":\"https:\/\/ubaldofernandes.com\/\",\"name\":\"Ubaldo Fernandes\",\"description\":\"Deputado Estadual\",\"potentialAction\":[{\"@type\":\"SearchAction\",\"target\":{\"@type\":\"EntryPoint\",\"urlTemplate\":\"https:\/\/ubaldofernandes.com\/?s={search_term_string}\"},\"query-input\":{\"@type\":\"PropertyValueSpecification\",\"valueRequired\":true,\"valueName\":\"search_term_string\"}}],\"inLanguage\":\"pt-BR\"}]}<\/script>\n<!-- \/ Yoast SEO plugin. -->","yoast_head_json":{"title":"Banda Filarm\u00f4nica de Campestre \u00e9 uma das atra\u00e7\u00f5es da 30\u00aa FIART - Ubaldo Fernandes","robots":{"index":"index","follow":"follow","max-snippet":"max-snippet:-1","max-image-preview":"max-image-preview:large","max-video-preview":"max-video-preview:-1"},"canonical":"https:\/\/ubaldofernandes.com\/index.php\/news\/banda-filarmonica-de-campestre-e-uma-das-atracoes-da-30a-fiart\/","og_locale":"pt_BR","og_type":"article","og_title":"Banda Filarm\u00f4nica de Campestre \u00e9 uma das atra\u00e7\u00f5es da 30\u00aa FIART - Ubaldo Fernandes","og_description":"A Banda Filarm\u00f4nica Professor Jos\u00e9 Djalma de Oliveira, do munic\u00edpio de S\u00e3o Jos\u00e9 do Campestre, ser\u00e1 uma das atra\u00e7\u00f5es da 30\u00aa edi\u00e7\u00e3o da Feira Internacional de Artesanato (Fiart), que come\u00e7ou ontem (24), em Natal, e vai at\u00e9 o dia 2 de fevereiro, no Centro de Conven\u00e7\u00f5es. Sob a reg\u00eancia do professor Edno Marciel e com [&hellip;]","og_url":"https:\/\/ubaldofernandes.com\/index.php\/news\/banda-filarmonica-de-campestre-e-uma-das-atracoes-da-30a-fiart\/","og_site_name":"Ubaldo Fernandes","article_modified_time":"2025-01-27T18:22:50+00:00","og_image":[{"width":1448,"height":1108,"url":"https:\/\/ubaldofernandes.com\/wp-content\/uploads\/2025\/01\/WhatsApp-Image-2025-01-25-at-09.26.02-1.jpeg","type":"image\/jpeg"}],"twitter_card":"summary_large_image","twitter_misc":{"Est. tempo de leitura":"2 minutos"},"schema":{"@context":"https:\/\/schema.org","@graph":[{"@type":"WebPage","@id":"https:\/\/ubaldofernandes.com\/index.php\/news\/banda-filarmonica-de-campestre-e-uma-das-atracoes-da-30a-fiart\/","url":"https:\/\/ubaldofernandes.com\/index.php\/news\/banda-filarmonica-de-campestre-e-uma-das-atracoes-da-30a-fiart\/","name":"Banda Filarm\u00f4nica de Campestre \u00e9 uma das atra\u00e7\u00f5es da 30\u00aa FIART - Ubaldo Fernandes","isPartOf":{"@id":"https:\/\/ubaldofernandes.com\/#website"},"primaryImageOfPage":{"@id":"https:\/\/ubaldofernandes.com\/index.php\/news\/banda-filarmonica-de-campestre-e-uma-das-atracoes-da-30a-fiart\/#primaryimage"},"image":{"@id":"https:\/\/ubaldofernandes.com\/index.php\/news\/banda-filarmonica-de-campestre-e-uma-das-atracoes-da-30a-fiart\/#primaryimage"},"thumbnailUrl":"https:\/\/ubaldofernandes.com\/wp-content\/uploads\/2025\/01\/WhatsApp-Image-2025-01-25-at-09.26.02-1.jpeg","datePublished":"2025-01-26T01:17:00+00:00","dateModified":"2025-01-27T18:22:50+00:00","breadcrumb":{"@id":"https:\/\/ubaldofernandes.com\/index.php\/news\/banda-filarmonica-de-campestre-e-uma-das-atracoes-da-30a-fiart\/#breadcrumb"},"inLanguage":"pt-BR","potentialAction":[{"@type":"ReadAction","target":["https:\/\/ubaldofernandes.com\/index.php\/news\/banda-filarmonica-de-campestre-e-uma-das-atracoes-da-30a-fiart\/"]}]},{"@type":"ImageObject","inLanguage":"pt-BR","@id":"https:\/\/ubaldofernandes.com\/index.php\/news\/banda-filarmonica-de-campestre-e-uma-das-atracoes-da-30a-fiart\/#primaryimage","url":"https:\/\/ubaldofernandes.com\/wp-content\/uploads\/2025\/01\/WhatsApp-Image-2025-01-25-at-09.26.02-1.jpeg","contentUrl":"https:\/\/ubaldofernandes.com\/wp-content\/uploads\/2025\/01\/WhatsApp-Image-2025-01-25-at-09.26.02-1.jpeg","width":1448,"height":1108},{"@type":"BreadcrumbList","@id":"https:\/\/ubaldofernandes.com\/index.php\/news\/banda-filarmonica-de-campestre-e-uma-das-atracoes-da-30a-fiart\/#breadcrumb","itemListElement":[{"@type":"ListItem","position":1,"name":"In\u00edcio","item":"https:\/\/ubaldofernandes.com\/"},{"@type":"ListItem","position":2,"name":"Not\u00edcias","item":"https:\/\/ubaldofernandes.com\/index.php\/news\/"},{"@type":"ListItem","position":3,"name":"Banda Filarm\u00f4nica de Campestre \u00e9 uma das atra\u00e7\u00f5es da 30\u00aa FIART"}]},{"@type":"WebSite","@id":"https:\/\/ubaldofernandes.com\/#website","url":"https:\/\/ubaldofernandes.com\/","name":"Ubaldo Fernandes","description":"Deputado Estadual","potentialAction":[{"@type":"SearchAction","target":{"@type":"EntryPoint","urlTemplate":"https:\/\/ubaldofernandes.com\/?s={search_term_string}"},"query-input":{"@type":"PropertyValueSpecification","valueRequired":true,"valueName":"search_term_string"}}],"inLanguage":"pt-BR"}]}},"_links":{"self":[{"href":"https:\/\/ubaldofernandes.com\/index.php\/wp-json\/wp\/v2\/news\/7400","targetHints":{"allow":["GET"]}}],"collection":[{"href":"https:\/\/ubaldofernandes.com\/index.php\/wp-json\/wp\/v2\/news"}],"about":[{"href":"https:\/\/ubaldofernandes.com\/index.php\/wp-json\/wp\/v2\/types\/news"}],"wp:featuredmedia":[{"embeddable":true,"href":"https:\/\/ubaldofernandes.com\/index.php\/wp-json\/wp\/v2\/media\/7401"}],"wp:attachment":[{"href":"https:\/\/ubaldofernandes.com\/index.php\/wp-json\/wp\/v2\/media?parent=7400"}],"curies":[{"name":"wp","href":"https:\/\/api.w.org\/{rel}","templated":true}]}}