{"id":7420,"date":"2025-02-02T13:00:00","date_gmt":"2025-02-02T16:00:00","guid":{"rendered":"https:\/\/ubaldofernandes.com\/?post_type=news&#038;p=7420"},"modified":"2025-02-03T14:03:17","modified_gmt":"2025-02-03T17:03:17","slug":"governo-sanciona-lei-que-institui-o-complexo-cultural-padre-tiago-theisen-2","status":"publish","type":"news","link":"https:\/\/ubaldofernandes.com\/index.php\/news\/governo-sanciona-lei-que-institui-o-complexo-cultural-padre-tiago-theisen-2\/","title":{"rendered":"Governo sanciona lei que institui o Complexo Cultural Padre Tiago Theisen"},"content":{"rendered":"\n<p>Mais uma homenagem para enaltecer o legado deixado por Padre Tiago Theisen, p\u00e1roco em\u00e9rito da Par\u00f3quia de Santa Maria M\u00e3e, no Conjunto Santa Catarina, Zona Norte de Natal. A lei n\u00b0 12.052, publicada no Di\u00e1rio Oficial do Estado deste s\u00e1bado (01) e proposta pelo Deputado Ubaldo Fernandes (PSDB), denomina Complexo Cultural Padre Tiago Theisen o centro cultural da Universidade do Estado do Rio Grande do Norte (UERN), localizado na Zona Norte.<\/p>\n\n\n\n<p>\u201cEsta \u00e9 mais uma forma de homenagear e marcar para as futuras gera\u00e7\u00f5es o legado deste religioso em prol da educa\u00e7\u00e3o. Padre Tiago Theisen, al\u00e9m de pregar o evangelho e erguer igrejas, se preocupava em construir salas de aulas no entorno, para atender as crian\u00e7as da pr\u00e9-escola da comunidade\u201d, lembra Ubaldo Fernandes. \u201cSegundo a Arquidiocese de Natal, Padre Tiago conseguiu construir 34 jardins para alfabetizar crian\u00e7as em uma faixa territorial que ia do bairro das Quintas, na Zona Oeste, at\u00e9 a Praia de Pitangui, no litoral Norte\u201d, completa.<\/p>\n\n\n\n<figure class=\"wp-block-image size-full is-resized\"><img loading=\"lazy\" decoding=\"async\" src=\"https:\/\/ubaldofernandes.com\/wp-content\/uploads\/2025\/02\/WhatsApp-Image-2025-02-01-at-09.50.06-2-1.jpeg\" alt=\"\" class=\"wp-image-7421\" width=\"316\" height=\"364\" srcset=\"https:\/\/ubaldofernandes.com\/wp-content\/uploads\/2025\/02\/WhatsApp-Image-2025-02-01-at-09.50.06-2-1.jpeg 790w, https:\/\/ubaldofernandes.com\/wp-content\/uploads\/2025\/02\/WhatsApp-Image-2025-02-01-at-09.50.06-2-1-260x300.jpeg 260w, https:\/\/ubaldofernandes.com\/wp-content\/uploads\/2025\/02\/WhatsApp-Image-2025-02-01-at-09.50.06-2-1-768x886.jpeg 768w\" sizes=\"auto, (max-width: 316px) 100vw, 316px\" \/><\/figure>\n\n\n\n<p><strong>Quem foi Padre Tiago Theisen<\/strong><br>Jacquest Theisen nasceu em 23 de outubro de 1930, na cidade de Namur, na B\u00e9lgica, e foi ordenado sacerdote em 31 de julho de 1955. Ele chegou ao Brasil em 1968 e fixou resid\u00eancia em Natal, onde se destacou no trabalho da evangeliza\u00e7\u00e3o e da educa\u00e7\u00e3o.<\/p>\n\n\n\n<p>Padre Tiago faleceu em 2021, aos 90 anos, e deixou um legado que extrapola o sacerd\u00f3cio. Gera\u00e7\u00f5es de crian\u00e7as e adolescentes foram assistidas atrav\u00e9s de projetos desenvolvidos em Natal. Foram mais de 50 mil crian\u00e7as em um trabalho de completa doa\u00e7\u00e3o aos menos favorecidos.<\/p>\n\n\n\n<p>Foi fundador das par\u00f3quias N. S\u00aa do Perp\u00e9tuo Socorro, nas Quintas, e Santa Maria M\u00e3e, no conjunto Santa Catarina, na Zona Norte. Nessa regi\u00e3o, ainda construiu mais de 20 igrejas, sempre com salas de aula do lado para trabalhar com crian\u00e7as da pr\u00e9-escola.<\/p>\n\n\n\n<p><strong>Homenagens<\/strong><br>Padre Tiago Theisen recebeu v\u00e1rias homenagens, como o t\u00edtulo honor\u00edfico de Monsenhor pelo reconhecimento a seu trabalho como evangelizador.<\/p>\n\n\n\n<p>Em 2022, foi sancionada a Lei municipal n\u00ba 7.384, que conferiu ao religioso, in memoriam, o t\u00edtulo de Patrono da Educa\u00e7\u00e3o Infantil do Munic\u00edpio de Natal.\u00a0Recebeu ainda a Medalha do M\u00e9rito Felipe Camar\u00e3o, maior homenagem que a Prefeitura do Natal pode conceder a um cidad\u00e3o, em reconhecimento pelos servi\u00e7os prestados \u00e0 comunidade natalense.<\/p>\n\n\n\n<p>Mat\u00e9ria publicada no <a href=\"https:\/\/eliasjornalista.com\/governo-sanciona-lei-que-institui-o-complexo-cultural-padre-tiago-theisen\/\">Blog Elias Jornalista<\/a>. <\/p>\n","protected":false},"featured_media":7418,"parent":0,"template":"","class_list":["post-7420","news","type-news","status-publish","has-post-thumbnail","hentry"],"acf":[],"yoast_head":"<!-- This site is optimized with the Yoast SEO plugin v24.6 - https:\/\/yoast.com\/wordpress\/plugins\/seo\/ -->\n<title>Governo sanciona lei que institui o Complexo Cultural Padre Tiago Theisen - Ubaldo Fernandes<\/title>\n<meta name=\"robots\" content=\"index, follow, max-snippet:-1, max-image-preview:large, max-video-preview:-1\" \/>\n<link rel=\"canonical\" href=\"https:\/\/ubaldofernandes.com\/index.php\/news\/governo-sanciona-lei-que-institui-o-complexo-cultural-padre-tiago-theisen-2\/\" \/>\n<meta property=\"og:locale\" content=\"pt_BR\" \/>\n<meta property=\"og:type\" content=\"article\" \/>\n<meta property=\"og:title\" content=\"Governo sanciona lei que institui o Complexo Cultural Padre Tiago Theisen - Ubaldo Fernandes\" \/>\n<meta property=\"og:description\" content=\"Mais uma homenagem para enaltecer o legado deixado por Padre Tiago Theisen, p\u00e1roco em\u00e9rito da Par\u00f3quia de Santa Maria M\u00e3e, no Conjunto Santa Catarina, Zona Norte de Natal. A lei n\u00b0 12.052, publicada no Di\u00e1rio Oficial do Estado deste s\u00e1bado (01) e proposta pelo Deputado Ubaldo Fernandes (PSDB), denomina Complexo Cultural Padre Tiago Theisen o [&hellip;]\" \/>\n<meta property=\"og:url\" content=\"https:\/\/ubaldofernandes.com\/index.php\/news\/governo-sanciona-lei-que-institui-o-complexo-cultural-padre-tiago-theisen-2\/\" \/>\n<meta property=\"og:site_name\" content=\"Ubaldo Fernandes\" \/>\n<meta property=\"article:modified_time\" content=\"2025-02-03T17:03:17+00:00\" \/>\n<meta property=\"og:image\" content=\"https:\/\/ubaldofernandes.com\/wp-content\/uploads\/2025\/02\/WhatsApp-Image-2025-02-01-at-09.52.06-1.jpeg\" \/>\n\t<meta property=\"og:image:width\" content=\"1512\" \/>\n\t<meta property=\"og:image:height\" content=\"1006\" \/>\n\t<meta property=\"og:image:type\" content=\"image\/jpeg\" \/>\n<meta name=\"twitter:card\" content=\"summary_large_image\" \/>\n<meta name=\"twitter:label1\" content=\"Est. tempo de leitura\" \/>\n\t<meta name=\"twitter:data1\" content=\"2 minutos\" \/>\n<script type=\"application\/ld+json\" class=\"yoast-schema-graph\">{\"@context\":\"https:\/\/schema.org\",\"@graph\":[{\"@type\":\"WebPage\",\"@id\":\"https:\/\/ubaldofernandes.com\/index.php\/news\/governo-sanciona-lei-que-institui-o-complexo-cultural-padre-tiago-theisen-2\/\",\"url\":\"https:\/\/ubaldofernandes.com\/index.php\/news\/governo-sanciona-lei-que-institui-o-complexo-cultural-padre-tiago-theisen-2\/\",\"name\":\"Governo sanciona lei que institui o Complexo Cultural Padre Tiago Theisen - Ubaldo Fernandes\",\"isPartOf\":{\"@id\":\"https:\/\/ubaldofernandes.com\/#website\"},\"primaryImageOfPage\":{\"@id\":\"https:\/\/ubaldofernandes.com\/index.php\/news\/governo-sanciona-lei-que-institui-o-complexo-cultural-padre-tiago-theisen-2\/#primaryimage\"},\"image\":{\"@id\":\"https:\/\/ubaldofernandes.com\/index.php\/news\/governo-sanciona-lei-que-institui-o-complexo-cultural-padre-tiago-theisen-2\/#primaryimage\"},\"thumbnailUrl\":\"https:\/\/ubaldofernandes.com\/wp-content\/uploads\/2025\/02\/WhatsApp-Image-2025-02-01-at-09.52.06-1.jpeg\",\"datePublished\":\"2025-02-02T16:00:00+00:00\",\"dateModified\":\"2025-02-03T17:03:17+00:00\",\"breadcrumb\":{\"@id\":\"https:\/\/ubaldofernandes.com\/index.php\/news\/governo-sanciona-lei-que-institui-o-complexo-cultural-padre-tiago-theisen-2\/#breadcrumb\"},\"inLanguage\":\"pt-BR\",\"potentialAction\":[{\"@type\":\"ReadAction\",\"target\":[\"https:\/\/ubaldofernandes.com\/index.php\/news\/governo-sanciona-lei-que-institui-o-complexo-cultural-padre-tiago-theisen-2\/\"]}]},{\"@type\":\"ImageObject\",\"inLanguage\":\"pt-BR\",\"@id\":\"https:\/\/ubaldofernandes.com\/index.php\/news\/governo-sanciona-lei-que-institui-o-complexo-cultural-padre-tiago-theisen-2\/#primaryimage\",\"url\":\"https:\/\/ubaldofernandes.com\/wp-content\/uploads\/2025\/02\/WhatsApp-Image-2025-02-01-at-09.52.06-1.jpeg\",\"contentUrl\":\"https:\/\/ubaldofernandes.com\/wp-content\/uploads\/2025\/02\/WhatsApp-Image-2025-02-01-at-09.52.06-1.jpeg\",\"width\":1512,\"height\":1006},{\"@type\":\"BreadcrumbList\",\"@id\":\"https:\/\/ubaldofernandes.com\/index.php\/news\/governo-sanciona-lei-que-institui-o-complexo-cultural-padre-tiago-theisen-2\/#breadcrumb\",\"itemListElement\":[{\"@type\":\"ListItem\",\"position\":1,\"name\":\"In\u00edcio\",\"item\":\"https:\/\/ubaldofernandes.com\/\"},{\"@type\":\"ListItem\",\"position\":2,\"name\":\"Not\u00edcias\",\"item\":\"https:\/\/ubaldofernandes.com\/index.php\/news\/\"},{\"@type\":\"ListItem\",\"position\":3,\"name\":\"Governo sanciona lei que institui o Complexo Cultural Padre Tiago Theisen\"}]},{\"@type\":\"WebSite\",\"@id\":\"https:\/\/ubaldofernandes.com\/#website\",\"url\":\"https:\/\/ubaldofernandes.com\/\",\"name\":\"Ubaldo Fernandes\",\"description\":\"Deputado Estadual\",\"potentialAction\":[{\"@type\":\"SearchAction\",\"target\":{\"@type\":\"EntryPoint\",\"urlTemplate\":\"https:\/\/ubaldofernandes.com\/?s={search_term_string}\"},\"query-input\":{\"@type\":\"PropertyValueSpecification\",\"valueRequired\":true,\"valueName\":\"search_term_string\"}}],\"inLanguage\":\"pt-BR\"}]}<\/script>\n<!-- \/ Yoast SEO plugin. -->","yoast_head_json":{"title":"Governo sanciona lei que institui o Complexo Cultural Padre Tiago Theisen - Ubaldo Fernandes","robots":{"index":"index","follow":"follow","max-snippet":"max-snippet:-1","max-image-preview":"max-image-preview:large","max-video-preview":"max-video-preview:-1"},"canonical":"https:\/\/ubaldofernandes.com\/index.php\/news\/governo-sanciona-lei-que-institui-o-complexo-cultural-padre-tiago-theisen-2\/","og_locale":"pt_BR","og_type":"article","og_title":"Governo sanciona lei que institui o Complexo Cultural Padre Tiago Theisen - Ubaldo Fernandes","og_description":"Mais uma homenagem para enaltecer o legado deixado por Padre Tiago Theisen, p\u00e1roco em\u00e9rito da Par\u00f3quia de Santa Maria M\u00e3e, no Conjunto Santa Catarina, Zona Norte de Natal. A lei n\u00b0 12.052, publicada no Di\u00e1rio Oficial do Estado deste s\u00e1bado (01) e proposta pelo Deputado Ubaldo Fernandes (PSDB), denomina Complexo Cultural Padre Tiago Theisen o [&hellip;]","og_url":"https:\/\/ubaldofernandes.com\/index.php\/news\/governo-sanciona-lei-que-institui-o-complexo-cultural-padre-tiago-theisen-2\/","og_site_name":"Ubaldo Fernandes","article_modified_time":"2025-02-03T17:03:17+00:00","og_image":[{"width":1512,"height":1006,"url":"https:\/\/ubaldofernandes.com\/wp-content\/uploads\/2025\/02\/WhatsApp-Image-2025-02-01-at-09.52.06-1.jpeg","type":"image\/jpeg"}],"twitter_card":"summary_large_image","twitter_misc":{"Est. tempo de leitura":"2 minutos"},"schema":{"@context":"https:\/\/schema.org","@graph":[{"@type":"WebPage","@id":"https:\/\/ubaldofernandes.com\/index.php\/news\/governo-sanciona-lei-que-institui-o-complexo-cultural-padre-tiago-theisen-2\/","url":"https:\/\/ubaldofernandes.com\/index.php\/news\/governo-sanciona-lei-que-institui-o-complexo-cultural-padre-tiago-theisen-2\/","name":"Governo sanciona lei que institui o Complexo Cultural Padre Tiago Theisen - Ubaldo Fernandes","isPartOf":{"@id":"https:\/\/ubaldofernandes.com\/#website"},"primaryImageOfPage":{"@id":"https:\/\/ubaldofernandes.com\/index.php\/news\/governo-sanciona-lei-que-institui-o-complexo-cultural-padre-tiago-theisen-2\/#primaryimage"},"image":{"@id":"https:\/\/ubaldofernandes.com\/index.php\/news\/governo-sanciona-lei-que-institui-o-complexo-cultural-padre-tiago-theisen-2\/#primaryimage"},"thumbnailUrl":"https:\/\/ubaldofernandes.com\/wp-content\/uploads\/2025\/02\/WhatsApp-Image-2025-02-01-at-09.52.06-1.jpeg","datePublished":"2025-02-02T16:00:00+00:00","dateModified":"2025-02-03T17:03:17+00:00","breadcrumb":{"@id":"https:\/\/ubaldofernandes.com\/index.php\/news\/governo-sanciona-lei-que-institui-o-complexo-cultural-padre-tiago-theisen-2\/#breadcrumb"},"inLanguage":"pt-BR","potentialAction":[{"@type":"ReadAction","target":["https:\/\/ubaldofernandes.com\/index.php\/news\/governo-sanciona-lei-que-institui-o-complexo-cultural-padre-tiago-theisen-2\/"]}]},{"@type":"ImageObject","inLanguage":"pt-BR","@id":"https:\/\/ubaldofernandes.com\/index.php\/news\/governo-sanciona-lei-que-institui-o-complexo-cultural-padre-tiago-theisen-2\/#primaryimage","url":"https:\/\/ubaldofernandes.com\/wp-content\/uploads\/2025\/02\/WhatsApp-Image-2025-02-01-at-09.52.06-1.jpeg","contentUrl":"https:\/\/ubaldofernandes.com\/wp-content\/uploads\/2025\/02\/WhatsApp-Image-2025-02-01-at-09.52.06-1.jpeg","width":1512,"height":1006},{"@type":"BreadcrumbList","@id":"https:\/\/ubaldofernandes.com\/index.php\/news\/governo-sanciona-lei-que-institui-o-complexo-cultural-padre-tiago-theisen-2\/#breadcrumb","itemListElement":[{"@type":"ListItem","position":1,"name":"In\u00edcio","item":"https:\/\/ubaldofernandes.com\/"},{"@type":"ListItem","position":2,"name":"Not\u00edcias","item":"https:\/\/ubaldofernandes.com\/index.php\/news\/"},{"@type":"ListItem","position":3,"name":"Governo sanciona lei que institui o Complexo Cultural Padre Tiago Theisen"}]},{"@type":"WebSite","@id":"https:\/\/ubaldofernandes.com\/#website","url":"https:\/\/ubaldofernandes.com\/","name":"Ubaldo Fernandes","description":"Deputado Estadual","potentialAction":[{"@type":"SearchAction","target":{"@type":"EntryPoint","urlTemplate":"https:\/\/ubaldofernandes.com\/?s={search_term_string}"},"query-input":{"@type":"PropertyValueSpecification","valueRequired":true,"valueName":"search_term_string"}}],"inLanguage":"pt-BR"}]}},"_links":{"self":[{"href":"https:\/\/ubaldofernandes.com\/index.php\/wp-json\/wp\/v2\/news\/7420","targetHints":{"allow":["GET"]}}],"collection":[{"href":"https:\/\/ubaldofernandes.com\/index.php\/wp-json\/wp\/v2\/news"}],"about":[{"href":"https:\/\/ubaldofernandes.com\/index.php\/wp-json\/wp\/v2\/types\/news"}],"wp:featuredmedia":[{"embeddable":true,"href":"https:\/\/ubaldofernandes.com\/index.php\/wp-json\/wp\/v2\/media\/7418"}],"wp:attachment":[{"href":"https:\/\/ubaldofernandes.com\/index.php\/wp-json\/wp\/v2\/media?parent=7420"}],"curies":[{"name":"wp","href":"https:\/\/api.w.org\/{rel}","templated":true}]}}