{"id":7434,"date":"2025-02-06T09:51:00","date_gmt":"2025-02-06T12:51:00","guid":{"rendered":"https:\/\/ubaldofernandes.com\/?post_type=news&#038;p=7434"},"modified":"2025-02-10T10:05:00","modified_gmt":"2025-02-10T13:05:00","slug":"ubaldo-articula-avancos-para-a-saude-de-ipanguacu","status":"publish","type":"news","link":"https:\/\/ubaldofernandes.com\/index.php\/news\/ubaldo-articula-avancos-para-a-saude-de-ipanguacu\/","title":{"rendered":"Ubaldo articula avan\u00e7os para a sa\u00fade de Ipangua\u00e7u"},"content":{"rendered":"\n<p>Nesta quarta-feira (04), o deputado estadual Ubaldo Fernandes, em articula\u00e7\u00e3o com a Secretaria de Sa\u00fade do Estado (Sesap), promoveu uma reuni\u00e3o crucial para o fortalecimento da sa\u00fade no munic\u00edpio de Ipangua\u00e7u. A reuni\u00e3o com a secret\u00e1ria estadual Lyane Ramalho contou com a presen\u00e7a da secret\u00e1ria municipal de Sa\u00fade, Tatihany Marinho, da assessora Emanuela Alves e da enfermeira Talita Marinho, que levaram as principais demandas do munic\u00edpio para melhorar o atendimento \u00e0 popula\u00e7\u00e3o.<\/p>\n\n\n\n<p>A principal solicita\u00e7\u00e3o da Prefeitura de Ipangua\u00e7u \u00e9 o refor\u00e7o no apoio \u00e0 Unidade Mista Centro de Sa\u00fade Tib\u00farcio Freire da Silveira, com o envio de equipamentos essenciais para a estrutura\u00e7\u00e3o e moderniza\u00e7\u00e3o do atendimento. A gestora garantiu, durante a reuni\u00e3o, o envio de uma equipe t\u00e9cnica para prestar suporte ao munic\u00edpio, al\u00e9m da destina\u00e7\u00e3o de insumos emergenciais.<\/p>\n\n\n\n<p>Outra grande conquista do encontro foi a garantia feita pelo deputado de uma ambul\u00e2ncia, atrav\u00e9s de emenda parlamentar, para refor\u00e7ar o atendimento \u00e0 popula\u00e7\u00e3o do munic\u00edpio. \u201cEste \u00e9 mais um passo importante na luta pela melhoria da sa\u00fade em Ipangua\u00e7u. Continuaremos firmes em nossa miss\u00e3o de garantir acesso \u00e0 sa\u00fade de qualidade para todos os moradores da nossa cidade\u201d, afirmou Fernandes, destacando seu compromisso com a melhoria da infraestrutura e servi\u00e7os oferecidos \u00e0 popula\u00e7\u00e3o local.<\/p>\n\n\n\n<p>Mat\u00e9ria publicada no <a href=\"https:\/\/blogdopassaro.com.br\/ubaldo-articula-avancos-para-a-saude-de-ipanguacu\/#google_vignette\">Blog do P\u00e1ssaro<\/a>. <\/p>\n","protected":false},"featured_media":7435,"parent":0,"template":"","class_list":["post-7434","news","type-news","status-publish","has-post-thumbnail","hentry"],"acf":[],"yoast_head":"<!-- This site is optimized with the Yoast SEO plugin v24.6 - https:\/\/yoast.com\/wordpress\/plugins\/seo\/ -->\n<title>Ubaldo articula avan\u00e7os para a sa\u00fade de Ipangua\u00e7u - Ubaldo Fernandes<\/title>\n<meta name=\"robots\" content=\"index, follow, max-snippet:-1, max-image-preview:large, max-video-preview:-1\" \/>\n<link rel=\"canonical\" href=\"https:\/\/ubaldofernandes.com\/index.php\/news\/ubaldo-articula-avancos-para-a-saude-de-ipanguacu\/\" \/>\n<meta property=\"og:locale\" content=\"pt_BR\" \/>\n<meta property=\"og:type\" content=\"article\" \/>\n<meta property=\"og:title\" content=\"Ubaldo articula avan\u00e7os para a sa\u00fade de Ipangua\u00e7u - Ubaldo Fernandes\" \/>\n<meta property=\"og:description\" content=\"Nesta quarta-feira (04), o deputado estadual Ubaldo Fernandes, em articula\u00e7\u00e3o com a Secretaria de Sa\u00fade do Estado (Sesap), promoveu uma reuni\u00e3o crucial para o fortalecimento da sa\u00fade no munic\u00edpio de Ipangua\u00e7u. A reuni\u00e3o com a secret\u00e1ria estadual Lyane Ramalho contou com a presen\u00e7a da secret\u00e1ria municipal de Sa\u00fade, Tatihany Marinho, da assessora Emanuela Alves e [&hellip;]\" \/>\n<meta property=\"og:url\" content=\"https:\/\/ubaldofernandes.com\/index.php\/news\/ubaldo-articula-avancos-para-a-saude-de-ipanguacu\/\" \/>\n<meta property=\"og:site_name\" content=\"Ubaldo Fernandes\" \/>\n<meta property=\"article:modified_time\" content=\"2025-02-10T13:05:00+00:00\" \/>\n<meta property=\"og:image\" content=\"https:\/\/ubaldofernandes.com\/wp-content\/uploads\/2025\/02\/img-20250205-wa5823.jpg\" \/>\n\t<meta property=\"og:image:width\" content=\"960\" \/>\n\t<meta property=\"og:image:height\" content=\"1280\" \/>\n\t<meta property=\"og:image:type\" content=\"image\/jpeg\" \/>\n<meta name=\"twitter:card\" content=\"summary_large_image\" \/>\n<meta name=\"twitter:label1\" content=\"Est. tempo de leitura\" \/>\n\t<meta name=\"twitter:data1\" content=\"1 minuto\" \/>\n<script type=\"application\/ld+json\" class=\"yoast-schema-graph\">{\"@context\":\"https:\/\/schema.org\",\"@graph\":[{\"@type\":\"WebPage\",\"@id\":\"https:\/\/ubaldofernandes.com\/index.php\/news\/ubaldo-articula-avancos-para-a-saude-de-ipanguacu\/\",\"url\":\"https:\/\/ubaldofernandes.com\/index.php\/news\/ubaldo-articula-avancos-para-a-saude-de-ipanguacu\/\",\"name\":\"Ubaldo articula avan\u00e7os para a sa\u00fade de Ipangua\u00e7u - Ubaldo Fernandes\",\"isPartOf\":{\"@id\":\"https:\/\/ubaldofernandes.com\/#website\"},\"primaryImageOfPage\":{\"@id\":\"https:\/\/ubaldofernandes.com\/index.php\/news\/ubaldo-articula-avancos-para-a-saude-de-ipanguacu\/#primaryimage\"},\"image\":{\"@id\":\"https:\/\/ubaldofernandes.com\/index.php\/news\/ubaldo-articula-avancos-para-a-saude-de-ipanguacu\/#primaryimage\"},\"thumbnailUrl\":\"https:\/\/ubaldofernandes.com\/wp-content\/uploads\/2025\/02\/img-20250205-wa5823.jpg\",\"datePublished\":\"2025-02-06T12:51:00+00:00\",\"dateModified\":\"2025-02-10T13:05:00+00:00\",\"breadcrumb\":{\"@id\":\"https:\/\/ubaldofernandes.com\/index.php\/news\/ubaldo-articula-avancos-para-a-saude-de-ipanguacu\/#breadcrumb\"},\"inLanguage\":\"pt-BR\",\"potentialAction\":[{\"@type\":\"ReadAction\",\"target\":[\"https:\/\/ubaldofernandes.com\/index.php\/news\/ubaldo-articula-avancos-para-a-saude-de-ipanguacu\/\"]}]},{\"@type\":\"ImageObject\",\"inLanguage\":\"pt-BR\",\"@id\":\"https:\/\/ubaldofernandes.com\/index.php\/news\/ubaldo-articula-avancos-para-a-saude-de-ipanguacu\/#primaryimage\",\"url\":\"https:\/\/ubaldofernandes.com\/wp-content\/uploads\/2025\/02\/img-20250205-wa5823.jpg\",\"contentUrl\":\"https:\/\/ubaldofernandes.com\/wp-content\/uploads\/2025\/02\/img-20250205-wa5823.jpg\",\"width\":960,\"height\":1280},{\"@type\":\"BreadcrumbList\",\"@id\":\"https:\/\/ubaldofernandes.com\/index.php\/news\/ubaldo-articula-avancos-para-a-saude-de-ipanguacu\/#breadcrumb\",\"itemListElement\":[{\"@type\":\"ListItem\",\"position\":1,\"name\":\"In\u00edcio\",\"item\":\"https:\/\/ubaldofernandes.com\/\"},{\"@type\":\"ListItem\",\"position\":2,\"name\":\"Not\u00edcias\",\"item\":\"https:\/\/ubaldofernandes.com\/index.php\/news\/\"},{\"@type\":\"ListItem\",\"position\":3,\"name\":\"Ubaldo articula avan\u00e7os para a sa\u00fade de Ipangua\u00e7u\"}]},{\"@type\":\"WebSite\",\"@id\":\"https:\/\/ubaldofernandes.com\/#website\",\"url\":\"https:\/\/ubaldofernandes.com\/\",\"name\":\"Ubaldo Fernandes\",\"description\":\"Deputado Estadual\",\"potentialAction\":[{\"@type\":\"SearchAction\",\"target\":{\"@type\":\"EntryPoint\",\"urlTemplate\":\"https:\/\/ubaldofernandes.com\/?s={search_term_string}\"},\"query-input\":{\"@type\":\"PropertyValueSpecification\",\"valueRequired\":true,\"valueName\":\"search_term_string\"}}],\"inLanguage\":\"pt-BR\"}]}<\/script>\n<!-- \/ Yoast SEO plugin. -->","yoast_head_json":{"title":"Ubaldo articula avan\u00e7os para a sa\u00fade de Ipangua\u00e7u - Ubaldo Fernandes","robots":{"index":"index","follow":"follow","max-snippet":"max-snippet:-1","max-image-preview":"max-image-preview:large","max-video-preview":"max-video-preview:-1"},"canonical":"https:\/\/ubaldofernandes.com\/index.php\/news\/ubaldo-articula-avancos-para-a-saude-de-ipanguacu\/","og_locale":"pt_BR","og_type":"article","og_title":"Ubaldo articula avan\u00e7os para a sa\u00fade de Ipangua\u00e7u - Ubaldo Fernandes","og_description":"Nesta quarta-feira (04), o deputado estadual Ubaldo Fernandes, em articula\u00e7\u00e3o com a Secretaria de Sa\u00fade do Estado (Sesap), promoveu uma reuni\u00e3o crucial para o fortalecimento da sa\u00fade no munic\u00edpio de Ipangua\u00e7u. A reuni\u00e3o com a secret\u00e1ria estadual Lyane Ramalho contou com a presen\u00e7a da secret\u00e1ria municipal de Sa\u00fade, Tatihany Marinho, da assessora Emanuela Alves e [&hellip;]","og_url":"https:\/\/ubaldofernandes.com\/index.php\/news\/ubaldo-articula-avancos-para-a-saude-de-ipanguacu\/","og_site_name":"Ubaldo Fernandes","article_modified_time":"2025-02-10T13:05:00+00:00","og_image":[{"width":960,"height":1280,"url":"https:\/\/ubaldofernandes.com\/wp-content\/uploads\/2025\/02\/img-20250205-wa5823.jpg","type":"image\/jpeg"}],"twitter_card":"summary_large_image","twitter_misc":{"Est. tempo de leitura":"1 minuto"},"schema":{"@context":"https:\/\/schema.org","@graph":[{"@type":"WebPage","@id":"https:\/\/ubaldofernandes.com\/index.php\/news\/ubaldo-articula-avancos-para-a-saude-de-ipanguacu\/","url":"https:\/\/ubaldofernandes.com\/index.php\/news\/ubaldo-articula-avancos-para-a-saude-de-ipanguacu\/","name":"Ubaldo articula avan\u00e7os para a sa\u00fade de Ipangua\u00e7u - Ubaldo Fernandes","isPartOf":{"@id":"https:\/\/ubaldofernandes.com\/#website"},"primaryImageOfPage":{"@id":"https:\/\/ubaldofernandes.com\/index.php\/news\/ubaldo-articula-avancos-para-a-saude-de-ipanguacu\/#primaryimage"},"image":{"@id":"https:\/\/ubaldofernandes.com\/index.php\/news\/ubaldo-articula-avancos-para-a-saude-de-ipanguacu\/#primaryimage"},"thumbnailUrl":"https:\/\/ubaldofernandes.com\/wp-content\/uploads\/2025\/02\/img-20250205-wa5823.jpg","datePublished":"2025-02-06T12:51:00+00:00","dateModified":"2025-02-10T13:05:00+00:00","breadcrumb":{"@id":"https:\/\/ubaldofernandes.com\/index.php\/news\/ubaldo-articula-avancos-para-a-saude-de-ipanguacu\/#breadcrumb"},"inLanguage":"pt-BR","potentialAction":[{"@type":"ReadAction","target":["https:\/\/ubaldofernandes.com\/index.php\/news\/ubaldo-articula-avancos-para-a-saude-de-ipanguacu\/"]}]},{"@type":"ImageObject","inLanguage":"pt-BR","@id":"https:\/\/ubaldofernandes.com\/index.php\/news\/ubaldo-articula-avancos-para-a-saude-de-ipanguacu\/#primaryimage","url":"https:\/\/ubaldofernandes.com\/wp-content\/uploads\/2025\/02\/img-20250205-wa5823.jpg","contentUrl":"https:\/\/ubaldofernandes.com\/wp-content\/uploads\/2025\/02\/img-20250205-wa5823.jpg","width":960,"height":1280},{"@type":"BreadcrumbList","@id":"https:\/\/ubaldofernandes.com\/index.php\/news\/ubaldo-articula-avancos-para-a-saude-de-ipanguacu\/#breadcrumb","itemListElement":[{"@type":"ListItem","position":1,"name":"In\u00edcio","item":"https:\/\/ubaldofernandes.com\/"},{"@type":"ListItem","position":2,"name":"Not\u00edcias","item":"https:\/\/ubaldofernandes.com\/index.php\/news\/"},{"@type":"ListItem","position":3,"name":"Ubaldo articula avan\u00e7os para a sa\u00fade de Ipangua\u00e7u"}]},{"@type":"WebSite","@id":"https:\/\/ubaldofernandes.com\/#website","url":"https:\/\/ubaldofernandes.com\/","name":"Ubaldo Fernandes","description":"Deputado Estadual","potentialAction":[{"@type":"SearchAction","target":{"@type":"EntryPoint","urlTemplate":"https:\/\/ubaldofernandes.com\/?s={search_term_string}"},"query-input":{"@type":"PropertyValueSpecification","valueRequired":true,"valueName":"search_term_string"}}],"inLanguage":"pt-BR"}]}},"_links":{"self":[{"href":"https:\/\/ubaldofernandes.com\/index.php\/wp-json\/wp\/v2\/news\/7434","targetHints":{"allow":["GET"]}}],"collection":[{"href":"https:\/\/ubaldofernandes.com\/index.php\/wp-json\/wp\/v2\/news"}],"about":[{"href":"https:\/\/ubaldofernandes.com\/index.php\/wp-json\/wp\/v2\/types\/news"}],"wp:featuredmedia":[{"embeddable":true,"href":"https:\/\/ubaldofernandes.com\/index.php\/wp-json\/wp\/v2\/media\/7435"}],"wp:attachment":[{"href":"https:\/\/ubaldofernandes.com\/index.php\/wp-json\/wp\/v2\/media?parent=7434"}],"curies":[{"name":"wp","href":"https:\/\/api.w.org\/{rel}","templated":true}]}}