{"id":7436,"date":"2025-02-05T12:05:00","date_gmt":"2025-02-05T15:05:00","guid":{"rendered":"https:\/\/ubaldofernandes.com\/?post_type=news&#038;p=7436"},"modified":"2025-02-10T10:07:23","modified_gmt":"2025-02-10T13:07:23","slug":"ubaldo-fernandes-e-augusto-alves-avancam-em-busca-de-melhorias-habitacionais-para-tangara-2","status":"publish","type":"news","link":"https:\/\/ubaldofernandes.com\/index.php\/news\/ubaldo-fernandes-e-augusto-alves-avancam-em-busca-de-melhorias-habitacionais-para-tangara-2\/","title":{"rendered":"Ubaldo Fernandes e Augusto Alves Avan\u00e7am em Busca de Melhorias Habitacionais para Tangar\u00e1"},"content":{"rendered":"\n<p>Na manh\u00e3 desta quarta-feira (5), o Deputado Estadual Ubaldo Fernandes esteve em reuni\u00e3o com o Prefeito de Tangar\u00e1, Augusto Alves, e o Diretor Presidente da Cehab (Companhia Estadual de Habita\u00e7\u00e3o e Desenvolvimento Urbano) do Rio Grande do Norte, Dr. Pablo Thiago, discutindo importantes melhorias habitacionais para a cidade de Tangar\u00e1. O encontro, realizado na sede do \u00f3rg\u00e3o, no Centro Administrativo, abordou a\u00e7\u00f5es voltadas para o Programa \u201cMinha Casa, Minha Vida\u201d e a regulariza\u00e7\u00e3o fundi\u00e1ria no munic\u00edpio.<\/p>\n\n\n\n<p>Durante a reuni\u00e3o, um dos principais t\u00f3picos discutidos foi a constru\u00e7\u00e3o de casas populares para atender \u00e0s fam\u00edlias de Tangar\u00e1, uma das cidades que mais t\u00eam demandado pol\u00edticas p\u00fablicas de habita\u00e7\u00e3o no estado. Ubaldo Fernandes destacou a import\u00e2ncia do programa para garantir o direito \u00e0 moradia digna para as fam\u00edlias que mais necessitam. \u201c\u00c9 um passo importante para o desenvolvimento de Tangar\u00e1. Vamos trabalhar juntos para garantir que mais fam\u00edlias tenham acesso a uma casa pr\u00f3pria, com toda a dignidade que merecem\u201d, afirmou o deputado.<\/p>\n\n\n\n<p>A continuidade das discuss\u00f5es sobre essas casas populares j\u00e1 tem encontro agendado para a pr\u00f3xima semana, com o objetivo de agilizar o processo e trazer mais avan\u00e7os para a cidade. Outro assunto de relev\u00e2ncia abordado foi a regulariza\u00e7\u00e3o fundi\u00e1ria no munic\u00edpio. A entrega de 50 t\u00edtulos de propriedade das moradias nas comunidades Sambra e Santa Rita (em frente ao IERN), prevista para mar\u00e7o, beneficiando diretamente muitas fam\u00edlias que aguardam h\u00e1 anos pela documenta\u00e7\u00e3o oficial de suas resid\u00eancias. \u201cEstamos dando um grande passo em dire\u00e7\u00e3o \u00e0 regulariza\u00e7\u00e3o fundi\u00e1ria, que vai proporcionar seguran\u00e7a jur\u00eddica para essas fam\u00edlias e garantir que elas possam viver com tranquilidade em seus lares\u201d, explicou o Prefeito.<\/p>\n\n\n\n<p>A parceria entre a Cehab, a Prefeitura de Tangar\u00e1 e o Deputado Ubaldo Fernandes refor\u00e7a o compromisso com o desenvolvimento urbano e a melhoria da qualidade de vida dos potiguares, especialmente os mais vulner\u00e1veis. O trabalho conjunto segue com o foco no atendimento das necessidades habitacionais da popula\u00e7\u00e3o.<\/p>\n\n\n\n<p>Mat\u00e9ria publicada no <a href=\"https:\/\/www.blogdobelo.com.br\/4287\/\">Blog do Belo<\/a>. <\/p>\n","protected":false},"featured_media":7433,"parent":0,"template":"","class_list":["post-7436","news","type-news","status-publish","has-post-thumbnail","hentry"],"acf":[],"yoast_head":"<!-- This site is optimized with the Yoast SEO plugin v24.6 - https:\/\/yoast.com\/wordpress\/plugins\/seo\/ -->\n<title>Ubaldo Fernandes e Augusto Alves Avan\u00e7am em Busca de Melhorias Habitacionais para Tangar\u00e1 - Ubaldo Fernandes<\/title>\n<meta name=\"robots\" content=\"index, follow, max-snippet:-1, max-image-preview:large, max-video-preview:-1\" \/>\n<link rel=\"canonical\" href=\"https:\/\/ubaldofernandes.com\/index.php\/news\/ubaldo-fernandes-e-augusto-alves-avancam-em-busca-de-melhorias-habitacionais-para-tangara-2\/\" \/>\n<meta property=\"og:locale\" content=\"pt_BR\" \/>\n<meta property=\"og:type\" content=\"article\" \/>\n<meta property=\"og:title\" content=\"Ubaldo Fernandes e Augusto Alves Avan\u00e7am em Busca de Melhorias Habitacionais para Tangar\u00e1 - Ubaldo Fernandes\" \/>\n<meta property=\"og:description\" content=\"Na manh\u00e3 desta quarta-feira (5), o Deputado Estadual Ubaldo Fernandes esteve em reuni\u00e3o com o Prefeito de Tangar\u00e1, Augusto Alves, e o Diretor Presidente da Cehab (Companhia Estadual de Habita\u00e7\u00e3o e Desenvolvimento Urbano) do Rio Grande do Norte, Dr. Pablo Thiago, discutindo importantes melhorias habitacionais para a cidade de Tangar\u00e1. O encontro, realizado na sede [&hellip;]\" \/>\n<meta property=\"og:url\" content=\"https:\/\/ubaldofernandes.com\/index.php\/news\/ubaldo-fernandes-e-augusto-alves-avancam-em-busca-de-melhorias-habitacionais-para-tangara-2\/\" \/>\n<meta property=\"og:site_name\" content=\"Ubaldo Fernandes\" \/>\n<meta property=\"article:modified_time\" content=\"2025-02-10T13:07:23+00:00\" \/>\n<meta property=\"og:image\" content=\"https:\/\/ubaldofernandes.com\/wp-content\/uploads\/2025\/02\/WhatsApp-Image-2025-02-05-at-15.17.17.jpeg\" \/>\n\t<meta property=\"og:image:width\" content=\"1600\" \/>\n\t<meta property=\"og:image:height\" content=\"1200\" \/>\n\t<meta property=\"og:image:type\" content=\"image\/jpeg\" \/>\n<meta name=\"twitter:card\" content=\"summary_large_image\" \/>\n<meta name=\"twitter:label1\" content=\"Est. tempo de leitura\" \/>\n\t<meta name=\"twitter:data1\" content=\"2 minutos\" \/>\n<script type=\"application\/ld+json\" class=\"yoast-schema-graph\">{\"@context\":\"https:\/\/schema.org\",\"@graph\":[{\"@type\":\"WebPage\",\"@id\":\"https:\/\/ubaldofernandes.com\/index.php\/news\/ubaldo-fernandes-e-augusto-alves-avancam-em-busca-de-melhorias-habitacionais-para-tangara-2\/\",\"url\":\"https:\/\/ubaldofernandes.com\/index.php\/news\/ubaldo-fernandes-e-augusto-alves-avancam-em-busca-de-melhorias-habitacionais-para-tangara-2\/\",\"name\":\"Ubaldo Fernandes e Augusto Alves Avan\u00e7am em Busca de Melhorias Habitacionais para Tangar\u00e1 - Ubaldo Fernandes\",\"isPartOf\":{\"@id\":\"https:\/\/ubaldofernandes.com\/#website\"},\"primaryImageOfPage\":{\"@id\":\"https:\/\/ubaldofernandes.com\/index.php\/news\/ubaldo-fernandes-e-augusto-alves-avancam-em-busca-de-melhorias-habitacionais-para-tangara-2\/#primaryimage\"},\"image\":{\"@id\":\"https:\/\/ubaldofernandes.com\/index.php\/news\/ubaldo-fernandes-e-augusto-alves-avancam-em-busca-de-melhorias-habitacionais-para-tangara-2\/#primaryimage\"},\"thumbnailUrl\":\"https:\/\/ubaldofernandes.com\/wp-content\/uploads\/2025\/02\/WhatsApp-Image-2025-02-05-at-15.17.17.jpeg\",\"datePublished\":\"2025-02-05T15:05:00+00:00\",\"dateModified\":\"2025-02-10T13:07:23+00:00\",\"breadcrumb\":{\"@id\":\"https:\/\/ubaldofernandes.com\/index.php\/news\/ubaldo-fernandes-e-augusto-alves-avancam-em-busca-de-melhorias-habitacionais-para-tangara-2\/#breadcrumb\"},\"inLanguage\":\"pt-BR\",\"potentialAction\":[{\"@type\":\"ReadAction\",\"target\":[\"https:\/\/ubaldofernandes.com\/index.php\/news\/ubaldo-fernandes-e-augusto-alves-avancam-em-busca-de-melhorias-habitacionais-para-tangara-2\/\"]}]},{\"@type\":\"ImageObject\",\"inLanguage\":\"pt-BR\",\"@id\":\"https:\/\/ubaldofernandes.com\/index.php\/news\/ubaldo-fernandes-e-augusto-alves-avancam-em-busca-de-melhorias-habitacionais-para-tangara-2\/#primaryimage\",\"url\":\"https:\/\/ubaldofernandes.com\/wp-content\/uploads\/2025\/02\/WhatsApp-Image-2025-02-05-at-15.17.17.jpeg\",\"contentUrl\":\"https:\/\/ubaldofernandes.com\/wp-content\/uploads\/2025\/02\/WhatsApp-Image-2025-02-05-at-15.17.17.jpeg\",\"width\":1600,\"height\":1200},{\"@type\":\"BreadcrumbList\",\"@id\":\"https:\/\/ubaldofernandes.com\/index.php\/news\/ubaldo-fernandes-e-augusto-alves-avancam-em-busca-de-melhorias-habitacionais-para-tangara-2\/#breadcrumb\",\"itemListElement\":[{\"@type\":\"ListItem\",\"position\":1,\"name\":\"In\u00edcio\",\"item\":\"https:\/\/ubaldofernandes.com\/\"},{\"@type\":\"ListItem\",\"position\":2,\"name\":\"Not\u00edcias\",\"item\":\"https:\/\/ubaldofernandes.com\/index.php\/news\/\"},{\"@type\":\"ListItem\",\"position\":3,\"name\":\"Ubaldo Fernandes e Augusto Alves Avan\u00e7am em Busca de Melhorias Habitacionais para Tangar\u00e1\"}]},{\"@type\":\"WebSite\",\"@id\":\"https:\/\/ubaldofernandes.com\/#website\",\"url\":\"https:\/\/ubaldofernandes.com\/\",\"name\":\"Ubaldo Fernandes\",\"description\":\"Deputado Estadual\",\"potentialAction\":[{\"@type\":\"SearchAction\",\"target\":{\"@type\":\"EntryPoint\",\"urlTemplate\":\"https:\/\/ubaldofernandes.com\/?s={search_term_string}\"},\"query-input\":{\"@type\":\"PropertyValueSpecification\",\"valueRequired\":true,\"valueName\":\"search_term_string\"}}],\"inLanguage\":\"pt-BR\"}]}<\/script>\n<!-- \/ Yoast SEO plugin. -->","yoast_head_json":{"title":"Ubaldo Fernandes e Augusto Alves Avan\u00e7am em Busca de Melhorias Habitacionais para Tangar\u00e1 - Ubaldo Fernandes","robots":{"index":"index","follow":"follow","max-snippet":"max-snippet:-1","max-image-preview":"max-image-preview:large","max-video-preview":"max-video-preview:-1"},"canonical":"https:\/\/ubaldofernandes.com\/index.php\/news\/ubaldo-fernandes-e-augusto-alves-avancam-em-busca-de-melhorias-habitacionais-para-tangara-2\/","og_locale":"pt_BR","og_type":"article","og_title":"Ubaldo Fernandes e Augusto Alves Avan\u00e7am em Busca de Melhorias Habitacionais para Tangar\u00e1 - Ubaldo Fernandes","og_description":"Na manh\u00e3 desta quarta-feira (5), o Deputado Estadual Ubaldo Fernandes esteve em reuni\u00e3o com o Prefeito de Tangar\u00e1, Augusto Alves, e o Diretor Presidente da Cehab (Companhia Estadual de Habita\u00e7\u00e3o e Desenvolvimento Urbano) do Rio Grande do Norte, Dr. Pablo Thiago, discutindo importantes melhorias habitacionais para a cidade de Tangar\u00e1. O encontro, realizado na sede [&hellip;]","og_url":"https:\/\/ubaldofernandes.com\/index.php\/news\/ubaldo-fernandes-e-augusto-alves-avancam-em-busca-de-melhorias-habitacionais-para-tangara-2\/","og_site_name":"Ubaldo Fernandes","article_modified_time":"2025-02-10T13:07:23+00:00","og_image":[{"width":1600,"height":1200,"url":"https:\/\/ubaldofernandes.com\/wp-content\/uploads\/2025\/02\/WhatsApp-Image-2025-02-05-at-15.17.17.jpeg","type":"image\/jpeg"}],"twitter_card":"summary_large_image","twitter_misc":{"Est. tempo de leitura":"2 minutos"},"schema":{"@context":"https:\/\/schema.org","@graph":[{"@type":"WebPage","@id":"https:\/\/ubaldofernandes.com\/index.php\/news\/ubaldo-fernandes-e-augusto-alves-avancam-em-busca-de-melhorias-habitacionais-para-tangara-2\/","url":"https:\/\/ubaldofernandes.com\/index.php\/news\/ubaldo-fernandes-e-augusto-alves-avancam-em-busca-de-melhorias-habitacionais-para-tangara-2\/","name":"Ubaldo Fernandes e Augusto Alves Avan\u00e7am em Busca de Melhorias Habitacionais para Tangar\u00e1 - Ubaldo Fernandes","isPartOf":{"@id":"https:\/\/ubaldofernandes.com\/#website"},"primaryImageOfPage":{"@id":"https:\/\/ubaldofernandes.com\/index.php\/news\/ubaldo-fernandes-e-augusto-alves-avancam-em-busca-de-melhorias-habitacionais-para-tangara-2\/#primaryimage"},"image":{"@id":"https:\/\/ubaldofernandes.com\/index.php\/news\/ubaldo-fernandes-e-augusto-alves-avancam-em-busca-de-melhorias-habitacionais-para-tangara-2\/#primaryimage"},"thumbnailUrl":"https:\/\/ubaldofernandes.com\/wp-content\/uploads\/2025\/02\/WhatsApp-Image-2025-02-05-at-15.17.17.jpeg","datePublished":"2025-02-05T15:05:00+00:00","dateModified":"2025-02-10T13:07:23+00:00","breadcrumb":{"@id":"https:\/\/ubaldofernandes.com\/index.php\/news\/ubaldo-fernandes-e-augusto-alves-avancam-em-busca-de-melhorias-habitacionais-para-tangara-2\/#breadcrumb"},"inLanguage":"pt-BR","potentialAction":[{"@type":"ReadAction","target":["https:\/\/ubaldofernandes.com\/index.php\/news\/ubaldo-fernandes-e-augusto-alves-avancam-em-busca-de-melhorias-habitacionais-para-tangara-2\/"]}]},{"@type":"ImageObject","inLanguage":"pt-BR","@id":"https:\/\/ubaldofernandes.com\/index.php\/news\/ubaldo-fernandes-e-augusto-alves-avancam-em-busca-de-melhorias-habitacionais-para-tangara-2\/#primaryimage","url":"https:\/\/ubaldofernandes.com\/wp-content\/uploads\/2025\/02\/WhatsApp-Image-2025-02-05-at-15.17.17.jpeg","contentUrl":"https:\/\/ubaldofernandes.com\/wp-content\/uploads\/2025\/02\/WhatsApp-Image-2025-02-05-at-15.17.17.jpeg","width":1600,"height":1200},{"@type":"BreadcrumbList","@id":"https:\/\/ubaldofernandes.com\/index.php\/news\/ubaldo-fernandes-e-augusto-alves-avancam-em-busca-de-melhorias-habitacionais-para-tangara-2\/#breadcrumb","itemListElement":[{"@type":"ListItem","position":1,"name":"In\u00edcio","item":"https:\/\/ubaldofernandes.com\/"},{"@type":"ListItem","position":2,"name":"Not\u00edcias","item":"https:\/\/ubaldofernandes.com\/index.php\/news\/"},{"@type":"ListItem","position":3,"name":"Ubaldo Fernandes e Augusto Alves Avan\u00e7am em Busca de Melhorias Habitacionais para Tangar\u00e1"}]},{"@type":"WebSite","@id":"https:\/\/ubaldofernandes.com\/#website","url":"https:\/\/ubaldofernandes.com\/","name":"Ubaldo Fernandes","description":"Deputado Estadual","potentialAction":[{"@type":"SearchAction","target":{"@type":"EntryPoint","urlTemplate":"https:\/\/ubaldofernandes.com\/?s={search_term_string}"},"query-input":{"@type":"PropertyValueSpecification","valueRequired":true,"valueName":"search_term_string"}}],"inLanguage":"pt-BR"}]}},"_links":{"self":[{"href":"https:\/\/ubaldofernandes.com\/index.php\/wp-json\/wp\/v2\/news\/7436","targetHints":{"allow":["GET"]}}],"collection":[{"href":"https:\/\/ubaldofernandes.com\/index.php\/wp-json\/wp\/v2\/news"}],"about":[{"href":"https:\/\/ubaldofernandes.com\/index.php\/wp-json\/wp\/v2\/types\/news"}],"wp:featuredmedia":[{"embeddable":true,"href":"https:\/\/ubaldofernandes.com\/index.php\/wp-json\/wp\/v2\/media\/7433"}],"wp:attachment":[{"href":"https:\/\/ubaldofernandes.com\/index.php\/wp-json\/wp\/v2\/media?parent=7436"}],"curies":[{"name":"wp","href":"https:\/\/api.w.org\/{rel}","templated":true}]}}