{"id":7472,"date":"2025-02-13T15:57:00","date_gmt":"2025-02-13T18:57:00","guid":{"rendered":"https:\/\/ubaldofernandes.com\/?post_type=news&#038;p=7472"},"modified":"2025-02-14T10:00:04","modified_gmt":"2025-02-14T13:00:04","slug":"lei-no-12-074-2025-direitos-dos-passageiros-garantidos-com-placas-informativas-nos-aeroportos-do-rn","status":"publish","type":"news","link":"https:\/\/ubaldofernandes.com\/index.php\/news\/lei-no-12-074-2025-direitos-dos-passageiros-garantidos-com-placas-informativas-nos-aeroportos-do-rn\/","title":{"rendered":"Lei n\u00ba 12.074\/2025: Direitos dos Passageiros Garantidos com Placas Informativas nos Aeroportos do RN"},"content":{"rendered":"\n<p>A Lei n\u00ba 12.074\/2025, sancionada pela Governadora do Rio Grande do Norte em 8 de fevereiro, de autoria do deputado estadual Ubaldo Fernandes, exige que os aeroportos do estado fixem placas informativas sobre os direitos dos passageiros em casos de atrasos e cancelamentos de voos. O objetivo \u00e9 garantir que os viajantes tenham acesso claro e r\u00e1pido a informa\u00e7\u00f5es essenciais para reivindicar seus direitos.<\/p>\n\n\n\n<p>A lei estabelece que os cartazes devem ser afixados em locais de f\u00e1cil visualiza\u00e7\u00e3o, como guich\u00eas de atendimento e port\u00f5es de embarque, e conter informa\u00e7\u00f5es sobre assist\u00eancia material, direito \u00e0 informa\u00e7\u00e3o, reembolso e reacomoda\u00e7\u00e3o, al\u00e9m de contatos \u00fateis para reclama\u00e7\u00f5es.<\/p>\n\n\n\n<p>A medida \u00e9 uma resposta aos altos \u00edndices de atrasos e cancelamentos de voos nos aeroportos do estado, que afetam tanto os passageiros quanto a imagem do setor a\u00e9reo e o turismo local. A lei visa promover mais transpar\u00eancia, empoderar os passageiros e reduzir conflitos, oferecendo uma experi\u00eancia mais tranquila para os viajantes. Com a Lei n\u00ba 12.074, o Rio Grande do Norte avan\u00e7a na prote\u00e7\u00e3o dos direitos dos consumidores, garantindo que os passageiros estejam mais bem informados e amparados em situa\u00e7\u00f5es adversas.<\/p>\n\n\n\n<p>San\u00e7\u00f5es em Caso de Descumprimento<\/p>\n\n\n\n<p>A lei tamb\u00e9m prev\u00ea que, caso os aeroportos n\u00e3o cumpram a exig\u00eancia de fixa\u00e7\u00e3o das placas informativas, poder\u00e3o ser aplicadas penalidades, como advert\u00eancias e multas que podem variar de 5.000 (cinco mil) UFIR\/RN a valores dobrados em caso de reincid\u00eancia. \u201c\u00c9 um avan\u00e7o significativo para o setor de avia\u00e7\u00e3o no Rio Grande do Norte, oferecendo maior transpar\u00eancia e empoderamento aos passageiros. O objetivo \u00e9 n\u00e3o apenas garantir o cumprimento dos direitos dos consumidores, mas tamb\u00e9m melhorar a qualidade dos servi\u00e7os prestados e reduzir conflitos nos aeroportos, promovendo uma experi\u00eancia mais satisfat\u00f3ria para todos os envolvidos\u201d, destaca o propositor.<\/p>\n\n\n\n<p>Informa\u00e7\u00f5es que Devem Constar nas Placas<\/p>\n\n\n\n<p>De acordo com a Lei n\u00ba 12.074\/2025, os cartazes devem conter, no m\u00ednimo, as seguintes informa\u00e7\u00f5es:<\/p>\n\n\n\n<p>1. Direito \u00e0 assist\u00eancia material \u2013 Esclarecimentos sobre as responsabilidades das empresas a\u00e9reas em fornecer assist\u00eancia material aos passageiros em caso de atrasos ou cancelamentos, conforme a regulamenta\u00e7\u00e3o vigente.<\/p>\n\n\n\n<p>2. Direito \u00e0 informa\u00e7\u00e3o \u2013 O direito de obter informa\u00e7\u00f5es claras e atualizadas sobre o status do voo e as raz\u00f5es de eventuais atrasos ou cancelamentos.<\/p>\n\n\n\n<p>3. Direito ao reembolso e reacomoda\u00e7\u00e3o \u2013 Instru\u00e7\u00f5es sobre como solicitar reembolso integral ou reacomoda\u00e7\u00e3o em outro voo, conforme a legisla\u00e7\u00e3o vigente.<\/p>\n\n\n\n<p>4. Contatos \u00fateis \u2013 Telefones e endere\u00e7os de e-mail dos \u00f3rg\u00e3os de fiscaliza\u00e7\u00e3o, ag\u00eancias reguladoras e o Juizado Especial do aeroporto, para que os passageiros possam registrar reclama\u00e7\u00f5es ou buscar mais informa\u00e7\u00f5es.Al\u00e9m disso, as placas devem ser confeccionadas em material dur\u00e1vel, com letras leg\u00edveis e devem estar dispon\u00edveis em portugu\u00eas e ingl\u00eas.<\/p>\n\n\n\n<p>Mat\u00e9ria publicada no <a href=\"https:\/\/www.blogdobelo.com.br\/4592\/\">Blog do Belo<\/a>. <\/p>\n","protected":false},"featured_media":7473,"parent":0,"template":"","class_list":["post-7472","news","type-news","status-publish","has-post-thumbnail","hentry"],"acf":[],"yoast_head":"<!-- This site is optimized with the Yoast SEO plugin v24.6 - https:\/\/yoast.com\/wordpress\/plugins\/seo\/ -->\n<title>Lei n\u00ba 12.074\/2025: Direitos dos Passageiros Garantidos com Placas Informativas nos Aeroportos do RN - Ubaldo Fernandes<\/title>\n<meta name=\"robots\" content=\"index, follow, max-snippet:-1, max-image-preview:large, max-video-preview:-1\" \/>\n<link rel=\"canonical\" href=\"https:\/\/ubaldofernandes.com\/index.php\/news\/lei-no-12-074-2025-direitos-dos-passageiros-garantidos-com-placas-informativas-nos-aeroportos-do-rn\/\" \/>\n<meta property=\"og:locale\" content=\"pt_BR\" \/>\n<meta property=\"og:type\" content=\"article\" \/>\n<meta property=\"og:title\" content=\"Lei n\u00ba 12.074\/2025: Direitos dos Passageiros Garantidos com Placas Informativas nos Aeroportos do RN - Ubaldo Fernandes\" \/>\n<meta property=\"og:description\" content=\"A Lei n\u00ba 12.074\/2025, sancionada pela Governadora do Rio Grande do Norte em 8 de fevereiro, de autoria do deputado estadual Ubaldo Fernandes, exige que os aeroportos do estado fixem placas informativas sobre os direitos dos passageiros em casos de atrasos e cancelamentos de voos. O objetivo \u00e9 garantir que os viajantes tenham acesso claro [&hellip;]\" \/>\n<meta property=\"og:url\" content=\"https:\/\/ubaldofernandes.com\/index.php\/news\/lei-no-12-074-2025-direitos-dos-passageiros-garantidos-com-placas-informativas-nos-aeroportos-do-rn\/\" \/>\n<meta property=\"og:site_name\" content=\"Ubaldo Fernandes\" \/>\n<meta property=\"article:modified_time\" content=\"2025-02-14T13:00:04+00:00\" \/>\n<meta property=\"og:image\" content=\"https:\/\/ubaldofernandes.com\/wp-content\/uploads\/2025\/02\/WhatsApp-Image-2025-02-13-at-12.32.48.jpeg\" \/>\n\t<meta property=\"og:image:width\" content=\"2560\" \/>\n\t<meta property=\"og:image:height\" content=\"1706\" \/>\n\t<meta property=\"og:image:type\" content=\"image\/jpeg\" \/>\n<meta name=\"twitter:card\" content=\"summary_large_image\" \/>\n<meta name=\"twitter:label1\" content=\"Est. tempo de leitura\" \/>\n\t<meta name=\"twitter:data1\" content=\"2 minutos\" \/>\n<script type=\"application\/ld+json\" class=\"yoast-schema-graph\">{\"@context\":\"https:\/\/schema.org\",\"@graph\":[{\"@type\":\"WebPage\",\"@id\":\"https:\/\/ubaldofernandes.com\/index.php\/news\/lei-no-12-074-2025-direitos-dos-passageiros-garantidos-com-placas-informativas-nos-aeroportos-do-rn\/\",\"url\":\"https:\/\/ubaldofernandes.com\/index.php\/news\/lei-no-12-074-2025-direitos-dos-passageiros-garantidos-com-placas-informativas-nos-aeroportos-do-rn\/\",\"name\":\"Lei n\u00ba 12.074\/2025: Direitos dos Passageiros Garantidos com Placas Informativas nos Aeroportos do RN - Ubaldo Fernandes\",\"isPartOf\":{\"@id\":\"https:\/\/ubaldofernandes.com\/#website\"},\"primaryImageOfPage\":{\"@id\":\"https:\/\/ubaldofernandes.com\/index.php\/news\/lei-no-12-074-2025-direitos-dos-passageiros-garantidos-com-placas-informativas-nos-aeroportos-do-rn\/#primaryimage\"},\"image\":{\"@id\":\"https:\/\/ubaldofernandes.com\/index.php\/news\/lei-no-12-074-2025-direitos-dos-passageiros-garantidos-com-placas-informativas-nos-aeroportos-do-rn\/#primaryimage\"},\"thumbnailUrl\":\"https:\/\/ubaldofernandes.com\/wp-content\/uploads\/2025\/02\/WhatsApp-Image-2025-02-13-at-12.32.48.jpeg\",\"datePublished\":\"2025-02-13T18:57:00+00:00\",\"dateModified\":\"2025-02-14T13:00:04+00:00\",\"breadcrumb\":{\"@id\":\"https:\/\/ubaldofernandes.com\/index.php\/news\/lei-no-12-074-2025-direitos-dos-passageiros-garantidos-com-placas-informativas-nos-aeroportos-do-rn\/#breadcrumb\"},\"inLanguage\":\"pt-BR\",\"potentialAction\":[{\"@type\":\"ReadAction\",\"target\":[\"https:\/\/ubaldofernandes.com\/index.php\/news\/lei-no-12-074-2025-direitos-dos-passageiros-garantidos-com-placas-informativas-nos-aeroportos-do-rn\/\"]}]},{\"@type\":\"ImageObject\",\"inLanguage\":\"pt-BR\",\"@id\":\"https:\/\/ubaldofernandes.com\/index.php\/news\/lei-no-12-074-2025-direitos-dos-passageiros-garantidos-com-placas-informativas-nos-aeroportos-do-rn\/#primaryimage\",\"url\":\"https:\/\/ubaldofernandes.com\/wp-content\/uploads\/2025\/02\/WhatsApp-Image-2025-02-13-at-12.32.48.jpeg\",\"contentUrl\":\"https:\/\/ubaldofernandes.com\/wp-content\/uploads\/2025\/02\/WhatsApp-Image-2025-02-13-at-12.32.48.jpeg\",\"width\":2560,\"height\":1706},{\"@type\":\"BreadcrumbList\",\"@id\":\"https:\/\/ubaldofernandes.com\/index.php\/news\/lei-no-12-074-2025-direitos-dos-passageiros-garantidos-com-placas-informativas-nos-aeroportos-do-rn\/#breadcrumb\",\"itemListElement\":[{\"@type\":\"ListItem\",\"position\":1,\"name\":\"In\u00edcio\",\"item\":\"https:\/\/ubaldofernandes.com\/\"},{\"@type\":\"ListItem\",\"position\":2,\"name\":\"Not\u00edcias\",\"item\":\"https:\/\/ubaldofernandes.com\/index.php\/news\/\"},{\"@type\":\"ListItem\",\"position\":3,\"name\":\"Lei n\u00ba 12.074\/2025: Direitos dos Passageiros Garantidos com Placas Informativas nos Aeroportos do RN\"}]},{\"@type\":\"WebSite\",\"@id\":\"https:\/\/ubaldofernandes.com\/#website\",\"url\":\"https:\/\/ubaldofernandes.com\/\",\"name\":\"Ubaldo Fernandes\",\"description\":\"Deputado Estadual\",\"potentialAction\":[{\"@type\":\"SearchAction\",\"target\":{\"@type\":\"EntryPoint\",\"urlTemplate\":\"https:\/\/ubaldofernandes.com\/?s={search_term_string}\"},\"query-input\":{\"@type\":\"PropertyValueSpecification\",\"valueRequired\":true,\"valueName\":\"search_term_string\"}}],\"inLanguage\":\"pt-BR\"}]}<\/script>\n<!-- \/ Yoast SEO plugin. -->","yoast_head_json":{"title":"Lei n\u00ba 12.074\/2025: Direitos dos Passageiros Garantidos com Placas Informativas nos Aeroportos do RN - Ubaldo Fernandes","robots":{"index":"index","follow":"follow","max-snippet":"max-snippet:-1","max-image-preview":"max-image-preview:large","max-video-preview":"max-video-preview:-1"},"canonical":"https:\/\/ubaldofernandes.com\/index.php\/news\/lei-no-12-074-2025-direitos-dos-passageiros-garantidos-com-placas-informativas-nos-aeroportos-do-rn\/","og_locale":"pt_BR","og_type":"article","og_title":"Lei n\u00ba 12.074\/2025: Direitos dos Passageiros Garantidos com Placas Informativas nos Aeroportos do RN - Ubaldo Fernandes","og_description":"A Lei n\u00ba 12.074\/2025, sancionada pela Governadora do Rio Grande do Norte em 8 de fevereiro, de autoria do deputado estadual Ubaldo Fernandes, exige que os aeroportos do estado fixem placas informativas sobre os direitos dos passageiros em casos de atrasos e cancelamentos de voos. O objetivo \u00e9 garantir que os viajantes tenham acesso claro [&hellip;]","og_url":"https:\/\/ubaldofernandes.com\/index.php\/news\/lei-no-12-074-2025-direitos-dos-passageiros-garantidos-com-placas-informativas-nos-aeroportos-do-rn\/","og_site_name":"Ubaldo Fernandes","article_modified_time":"2025-02-14T13:00:04+00:00","og_image":[{"width":2560,"height":1706,"url":"https:\/\/ubaldofernandes.com\/wp-content\/uploads\/2025\/02\/WhatsApp-Image-2025-02-13-at-12.32.48.jpeg","type":"image\/jpeg"}],"twitter_card":"summary_large_image","twitter_misc":{"Est. tempo de leitura":"2 minutos"},"schema":{"@context":"https:\/\/schema.org","@graph":[{"@type":"WebPage","@id":"https:\/\/ubaldofernandes.com\/index.php\/news\/lei-no-12-074-2025-direitos-dos-passageiros-garantidos-com-placas-informativas-nos-aeroportos-do-rn\/","url":"https:\/\/ubaldofernandes.com\/index.php\/news\/lei-no-12-074-2025-direitos-dos-passageiros-garantidos-com-placas-informativas-nos-aeroportos-do-rn\/","name":"Lei n\u00ba 12.074\/2025: Direitos dos Passageiros Garantidos com Placas Informativas nos Aeroportos do RN - Ubaldo Fernandes","isPartOf":{"@id":"https:\/\/ubaldofernandes.com\/#website"},"primaryImageOfPage":{"@id":"https:\/\/ubaldofernandes.com\/index.php\/news\/lei-no-12-074-2025-direitos-dos-passageiros-garantidos-com-placas-informativas-nos-aeroportos-do-rn\/#primaryimage"},"image":{"@id":"https:\/\/ubaldofernandes.com\/index.php\/news\/lei-no-12-074-2025-direitos-dos-passageiros-garantidos-com-placas-informativas-nos-aeroportos-do-rn\/#primaryimage"},"thumbnailUrl":"https:\/\/ubaldofernandes.com\/wp-content\/uploads\/2025\/02\/WhatsApp-Image-2025-02-13-at-12.32.48.jpeg","datePublished":"2025-02-13T18:57:00+00:00","dateModified":"2025-02-14T13:00:04+00:00","breadcrumb":{"@id":"https:\/\/ubaldofernandes.com\/index.php\/news\/lei-no-12-074-2025-direitos-dos-passageiros-garantidos-com-placas-informativas-nos-aeroportos-do-rn\/#breadcrumb"},"inLanguage":"pt-BR","potentialAction":[{"@type":"ReadAction","target":["https:\/\/ubaldofernandes.com\/index.php\/news\/lei-no-12-074-2025-direitos-dos-passageiros-garantidos-com-placas-informativas-nos-aeroportos-do-rn\/"]}]},{"@type":"ImageObject","inLanguage":"pt-BR","@id":"https:\/\/ubaldofernandes.com\/index.php\/news\/lei-no-12-074-2025-direitos-dos-passageiros-garantidos-com-placas-informativas-nos-aeroportos-do-rn\/#primaryimage","url":"https:\/\/ubaldofernandes.com\/wp-content\/uploads\/2025\/02\/WhatsApp-Image-2025-02-13-at-12.32.48.jpeg","contentUrl":"https:\/\/ubaldofernandes.com\/wp-content\/uploads\/2025\/02\/WhatsApp-Image-2025-02-13-at-12.32.48.jpeg","width":2560,"height":1706},{"@type":"BreadcrumbList","@id":"https:\/\/ubaldofernandes.com\/index.php\/news\/lei-no-12-074-2025-direitos-dos-passageiros-garantidos-com-placas-informativas-nos-aeroportos-do-rn\/#breadcrumb","itemListElement":[{"@type":"ListItem","position":1,"name":"In\u00edcio","item":"https:\/\/ubaldofernandes.com\/"},{"@type":"ListItem","position":2,"name":"Not\u00edcias","item":"https:\/\/ubaldofernandes.com\/index.php\/news\/"},{"@type":"ListItem","position":3,"name":"Lei n\u00ba 12.074\/2025: Direitos dos Passageiros Garantidos com Placas Informativas nos Aeroportos do RN"}]},{"@type":"WebSite","@id":"https:\/\/ubaldofernandes.com\/#website","url":"https:\/\/ubaldofernandes.com\/","name":"Ubaldo Fernandes","description":"Deputado Estadual","potentialAction":[{"@type":"SearchAction","target":{"@type":"EntryPoint","urlTemplate":"https:\/\/ubaldofernandes.com\/?s={search_term_string}"},"query-input":{"@type":"PropertyValueSpecification","valueRequired":true,"valueName":"search_term_string"}}],"inLanguage":"pt-BR"}]}},"_links":{"self":[{"href":"https:\/\/ubaldofernandes.com\/index.php\/wp-json\/wp\/v2\/news\/7472","targetHints":{"allow":["GET"]}}],"collection":[{"href":"https:\/\/ubaldofernandes.com\/index.php\/wp-json\/wp\/v2\/news"}],"about":[{"href":"https:\/\/ubaldofernandes.com\/index.php\/wp-json\/wp\/v2\/types\/news"}],"wp:featuredmedia":[{"embeddable":true,"href":"https:\/\/ubaldofernandes.com\/index.php\/wp-json\/wp\/v2\/media\/7473"}],"wp:attachment":[{"href":"https:\/\/ubaldofernandes.com\/index.php\/wp-json\/wp\/v2\/media?parent=7472"}],"curies":[{"name":"wp","href":"https:\/\/api.w.org\/{rel}","templated":true}]}}