{"id":7497,"date":"2025-02-19T09:59:00","date_gmt":"2025-02-19T12:59:00","guid":{"rendered":"https:\/\/ubaldofernandes.com\/?post_type=news&#038;p=7497"},"modified":"2025-03-07T10:04:16","modified_gmt":"2025-03-07T13:04:16","slug":"deputado-ubaldo-fernandes-solicita-melhorias-em-infraestrutura-viaria-com-apoio-de-liderancas-regionais","status":"publish","type":"news","link":"https:\/\/ubaldofernandes.com\/index.php\/news\/deputado-ubaldo-fernandes-solicita-melhorias-em-infraestrutura-viaria-com-apoio-de-liderancas-regionais\/","title":{"rendered":"Deputado Ubaldo Fernandes Solicita Melhorias em Infraestrutura Vi\u00e1ria com Apoio de Lideran\u00e7as Regionais"},"content":{"rendered":"\n<p>Nesta quarta-feira (19), o deputado estadual Ubaldo Fernandes se reuniu com a diretora do Departamento de Estradas e Rodagens (DER) do Rio Grande do Norte, Nat\u00e9cia Shirley Nunes, para solicitar a\u00e7\u00f5es emergenciais e melhorias em diversas rodovias estaduais. Acompanhado de lideran\u00e7as de munic\u00edpios como Carnaubais, Ass\u00fa, Jardim de Piranhas, Brejo do Cruz e S\u00e3o Jos\u00e9 do Mipibu, o deputado apresentou uma s\u00e9rie de demandas voltadas \u00e0 seguran\u00e7a, \u00e0 mobilidade e ao desenvolvimento econ\u00f4mico.<\/p>\n\n\n\n<p>Um dos primeiros pedidos abordados na reuni\u00e3o foi a proposta de inclus\u00e3o dos certificados de registro e regularidade das cooperativas, emitidos pela Organiza\u00e7\u00e3o das Cooperativas do Estado do Rio Grande do Norte (OCERN), como requisito obrigat\u00f3rio no processo de credenciamento do DER. O objetivo \u00e9 garantir que as cooperativas que atuam no setor de transporte e infraestrutura estejam em conformidade com as normas legais e operem de maneira \u00e9tica e respons\u00e1vel. A medida visa assegurar a qualidade dos servi\u00e7os prestados, promovendo a transpar\u00eancia e a legalidade no setor.<\/p>\n\n\n\n<p>Outra solicita\u00e7\u00e3o importante foi referente ao recapeamento asf\u00e1ltico da RN-016, que liga os munic\u00edpios de Carnaubais e Ass\u00fa. O estado atual da rodovia apresenta diversos buracos e fissuras, o que coloca em risco a seguran\u00e7a dos motoristas e pedestres. Ubaldo Fernandes solicitou, com urg\u00eancia, a opera\u00e7\u00e3o de tapa-buraco para garantir a integridade da via, melhorar as condi\u00e7\u00f5es de tr\u00e1fego e reduzir os riscos de acidentes. A revitaliza\u00e7\u00e3o da RN-016 tamb\u00e9m \u00e9 vista como uma medida importante para impulsionar o desenvolvimento econ\u00f4mico da regi\u00e3o.<\/p>\n\n\n\n<p>A estrutura da ponte sobre o Rio Piranhas, localizada na RN-288, que conecta Jardim de Piranhas (RN) a Brejo do Cruz (PB), tamb\u00e9m foi destaque na reuni\u00e3o. A ponte apresenta sinais de danos significativos na estrutura de concreto, o que gera preocupa\u00e7\u00f5es com a seguran\u00e7a dos usu\u00e1rios. O deputado solicitou uma inspe\u00e7\u00e3o detalhada pela equipe de Engenharia do DER para avaliar a extens\u00e3o dos danos e implementar as medidas corretivas necess\u00e1rias.<\/p>\n\n\n\n<p>Por fim, o deputado tamb\u00e9m fez um apelo pela realiza\u00e7\u00e3o de uma opera\u00e7\u00e3o tapa-buraco na RN-316, que liga o Centro de Treinamento do Am\u00e9rica \u00e0 Comunidade Japecanga, em S\u00e3o Jos\u00e9 do Mipibu. A rodovia apresenta diversas irregularidades, como buracos e danos no pavimento, que comprometem a seguran\u00e7a de motoristas e pedestres. A interven\u00e7\u00e3o imediata na via \u00e9 essencial para garantir o tr\u00e1fego seguro e eficiente, al\u00e9m de facilitar o acesso a servi\u00e7os essenciais para a popula\u00e7\u00e3o local.<\/p>\n\n\n\n<p>Durante a reuni\u00e3o, a diretora do DER, Nat\u00e9cia Shirley Nunes, se comprometeu a analisar cada uma das solicita\u00e7\u00f5es e afirmou que as a\u00e7\u00f5es ser\u00e3o encaminhadas com a devida prioridade. Ubaldo Fernandes ressaltou a import\u00e2ncia de garantir que as obras e manuten\u00e7\u00f5es sejam realizadas com urg\u00eancia, visando sempre a seguran\u00e7a, o bem-estar da popula\u00e7\u00e3o e o desenvolvimento sustent\u00e1vel da regi\u00e3o.<\/p>\n\n\n<div class=\"wp-block-image\">\n<figure class=\"alignleft size-full\"><img loading=\"lazy\" decoding=\"async\" width=\"225\" height=\"300\" src=\"https:\/\/ubaldofernandes.com\/wp-content\/uploads\/2025\/03\/img-20250219-wa5280-1-225x300-1.jpg\" alt=\"\" class=\"wp-image-7500\"\/><\/figure><\/div>\n\n\n<p>Mat\u00e9ria publicada <a href=\"https:\/\/blogdopassaro.com.br\/deputado-ubaldo-fernandes-solicita-melhorias-em-infraestrutura-viaria-com-apoio-de-liderancas-regionais\/\">Blog do P\u00e1ssaro<\/a>. <\/p>\n","protected":false},"featured_media":7499,"parent":0,"template":"","class_list":["post-7497","news","type-news","status-publish","has-post-thumbnail","hentry"],"acf":[],"yoast_head":"<!-- This site is optimized with the Yoast SEO plugin v24.6 - https:\/\/yoast.com\/wordpress\/plugins\/seo\/ -->\n<title>Deputado Ubaldo Fernandes Solicita Melhorias em Infraestrutura Vi\u00e1ria com Apoio de Lideran\u00e7as Regionais - Ubaldo Fernandes<\/title>\n<meta name=\"robots\" content=\"index, follow, max-snippet:-1, max-image-preview:large, max-video-preview:-1\" \/>\n<link rel=\"canonical\" href=\"https:\/\/ubaldofernandes.com\/index.php\/news\/deputado-ubaldo-fernandes-solicita-melhorias-em-infraestrutura-viaria-com-apoio-de-liderancas-regionais\/\" \/>\n<meta property=\"og:locale\" content=\"pt_BR\" \/>\n<meta property=\"og:type\" content=\"article\" \/>\n<meta property=\"og:title\" content=\"Deputado Ubaldo Fernandes Solicita Melhorias em Infraestrutura Vi\u00e1ria com Apoio de Lideran\u00e7as Regionais - Ubaldo Fernandes\" \/>\n<meta property=\"og:description\" content=\"Nesta quarta-feira (19), o deputado estadual Ubaldo Fernandes se reuniu com a diretora do Departamento de Estradas e Rodagens (DER) do Rio Grande do Norte, Nat\u00e9cia Shirley Nunes, para solicitar a\u00e7\u00f5es emergenciais e melhorias em diversas rodovias estaduais. Acompanhado de lideran\u00e7as de munic\u00edpios como Carnaubais, Ass\u00fa, Jardim de Piranhas, Brejo do Cruz e S\u00e3o Jos\u00e9 [&hellip;]\" \/>\n<meta property=\"og:url\" content=\"https:\/\/ubaldofernandes.com\/index.php\/news\/deputado-ubaldo-fernandes-solicita-melhorias-em-infraestrutura-viaria-com-apoio-de-liderancas-regionais\/\" \/>\n<meta property=\"og:site_name\" content=\"Ubaldo Fernandes\" \/>\n<meta property=\"article:modified_time\" content=\"2025-03-07T13:04:16+00:00\" \/>\n<meta property=\"og:image\" content=\"https:\/\/ubaldofernandes.com\/wp-content\/uploads\/2025\/03\/img-20250219-wa5283-1536x709-1.jpg\" \/>\n\t<meta property=\"og:image:width\" content=\"1536\" \/>\n\t<meta property=\"og:image:height\" content=\"709\" \/>\n\t<meta property=\"og:image:type\" content=\"image\/jpeg\" \/>\n<meta name=\"twitter:card\" content=\"summary_large_image\" \/>\n<meta name=\"twitter:label1\" content=\"Est. tempo de leitura\" \/>\n\t<meta name=\"twitter:data1\" content=\"3 minutos\" \/>\n<script type=\"application\/ld+json\" class=\"yoast-schema-graph\">{\"@context\":\"https:\/\/schema.org\",\"@graph\":[{\"@type\":\"WebPage\",\"@id\":\"https:\/\/ubaldofernandes.com\/index.php\/news\/deputado-ubaldo-fernandes-solicita-melhorias-em-infraestrutura-viaria-com-apoio-de-liderancas-regionais\/\",\"url\":\"https:\/\/ubaldofernandes.com\/index.php\/news\/deputado-ubaldo-fernandes-solicita-melhorias-em-infraestrutura-viaria-com-apoio-de-liderancas-regionais\/\",\"name\":\"Deputado Ubaldo Fernandes Solicita Melhorias em Infraestrutura Vi\u00e1ria com Apoio de Lideran\u00e7as Regionais - Ubaldo Fernandes\",\"isPartOf\":{\"@id\":\"https:\/\/ubaldofernandes.com\/#website\"},\"primaryImageOfPage\":{\"@id\":\"https:\/\/ubaldofernandes.com\/index.php\/news\/deputado-ubaldo-fernandes-solicita-melhorias-em-infraestrutura-viaria-com-apoio-de-liderancas-regionais\/#primaryimage\"},\"image\":{\"@id\":\"https:\/\/ubaldofernandes.com\/index.php\/news\/deputado-ubaldo-fernandes-solicita-melhorias-em-infraestrutura-viaria-com-apoio-de-liderancas-regionais\/#primaryimage\"},\"thumbnailUrl\":\"https:\/\/ubaldofernandes.com\/wp-content\/uploads\/2025\/03\/img-20250219-wa5283-1536x709-1.jpg\",\"datePublished\":\"2025-02-19T12:59:00+00:00\",\"dateModified\":\"2025-03-07T13:04:16+00:00\",\"breadcrumb\":{\"@id\":\"https:\/\/ubaldofernandes.com\/index.php\/news\/deputado-ubaldo-fernandes-solicita-melhorias-em-infraestrutura-viaria-com-apoio-de-liderancas-regionais\/#breadcrumb\"},\"inLanguage\":\"pt-BR\",\"potentialAction\":[{\"@type\":\"ReadAction\",\"target\":[\"https:\/\/ubaldofernandes.com\/index.php\/news\/deputado-ubaldo-fernandes-solicita-melhorias-em-infraestrutura-viaria-com-apoio-de-liderancas-regionais\/\"]}]},{\"@type\":\"ImageObject\",\"inLanguage\":\"pt-BR\",\"@id\":\"https:\/\/ubaldofernandes.com\/index.php\/news\/deputado-ubaldo-fernandes-solicita-melhorias-em-infraestrutura-viaria-com-apoio-de-liderancas-regionais\/#primaryimage\",\"url\":\"https:\/\/ubaldofernandes.com\/wp-content\/uploads\/2025\/03\/img-20250219-wa5283-1536x709-1.jpg\",\"contentUrl\":\"https:\/\/ubaldofernandes.com\/wp-content\/uploads\/2025\/03\/img-20250219-wa5283-1536x709-1.jpg\",\"width\":1536,\"height\":709},{\"@type\":\"BreadcrumbList\",\"@id\":\"https:\/\/ubaldofernandes.com\/index.php\/news\/deputado-ubaldo-fernandes-solicita-melhorias-em-infraestrutura-viaria-com-apoio-de-liderancas-regionais\/#breadcrumb\",\"itemListElement\":[{\"@type\":\"ListItem\",\"position\":1,\"name\":\"In\u00edcio\",\"item\":\"https:\/\/ubaldofernandes.com\/\"},{\"@type\":\"ListItem\",\"position\":2,\"name\":\"Not\u00edcias\",\"item\":\"https:\/\/ubaldofernandes.com\/index.php\/news\/\"},{\"@type\":\"ListItem\",\"position\":3,\"name\":\"Deputado Ubaldo Fernandes Solicita Melhorias em Infraestrutura Vi\u00e1ria com Apoio de Lideran\u00e7as Regionais\"}]},{\"@type\":\"WebSite\",\"@id\":\"https:\/\/ubaldofernandes.com\/#website\",\"url\":\"https:\/\/ubaldofernandes.com\/\",\"name\":\"Ubaldo Fernandes\",\"description\":\"Deputado Estadual\",\"potentialAction\":[{\"@type\":\"SearchAction\",\"target\":{\"@type\":\"EntryPoint\",\"urlTemplate\":\"https:\/\/ubaldofernandes.com\/?s={search_term_string}\"},\"query-input\":{\"@type\":\"PropertyValueSpecification\",\"valueRequired\":true,\"valueName\":\"search_term_string\"}}],\"inLanguage\":\"pt-BR\"}]}<\/script>\n<!-- \/ Yoast SEO plugin. -->","yoast_head_json":{"title":"Deputado Ubaldo Fernandes Solicita Melhorias em Infraestrutura Vi\u00e1ria com Apoio de Lideran\u00e7as Regionais - Ubaldo Fernandes","robots":{"index":"index","follow":"follow","max-snippet":"max-snippet:-1","max-image-preview":"max-image-preview:large","max-video-preview":"max-video-preview:-1"},"canonical":"https:\/\/ubaldofernandes.com\/index.php\/news\/deputado-ubaldo-fernandes-solicita-melhorias-em-infraestrutura-viaria-com-apoio-de-liderancas-regionais\/","og_locale":"pt_BR","og_type":"article","og_title":"Deputado Ubaldo Fernandes Solicita Melhorias em Infraestrutura Vi\u00e1ria com Apoio de Lideran\u00e7as Regionais - Ubaldo Fernandes","og_description":"Nesta quarta-feira (19), o deputado estadual Ubaldo Fernandes se reuniu com a diretora do Departamento de Estradas e Rodagens (DER) do Rio Grande do Norte, Nat\u00e9cia Shirley Nunes, para solicitar a\u00e7\u00f5es emergenciais e melhorias em diversas rodovias estaduais. Acompanhado de lideran\u00e7as de munic\u00edpios como Carnaubais, Ass\u00fa, Jardim de Piranhas, Brejo do Cruz e S\u00e3o Jos\u00e9 [&hellip;]","og_url":"https:\/\/ubaldofernandes.com\/index.php\/news\/deputado-ubaldo-fernandes-solicita-melhorias-em-infraestrutura-viaria-com-apoio-de-liderancas-regionais\/","og_site_name":"Ubaldo Fernandes","article_modified_time":"2025-03-07T13:04:16+00:00","og_image":[{"width":1536,"height":709,"url":"https:\/\/ubaldofernandes.com\/wp-content\/uploads\/2025\/03\/img-20250219-wa5283-1536x709-1.jpg","type":"image\/jpeg"}],"twitter_card":"summary_large_image","twitter_misc":{"Est. tempo de leitura":"3 minutos"},"schema":{"@context":"https:\/\/schema.org","@graph":[{"@type":"WebPage","@id":"https:\/\/ubaldofernandes.com\/index.php\/news\/deputado-ubaldo-fernandes-solicita-melhorias-em-infraestrutura-viaria-com-apoio-de-liderancas-regionais\/","url":"https:\/\/ubaldofernandes.com\/index.php\/news\/deputado-ubaldo-fernandes-solicita-melhorias-em-infraestrutura-viaria-com-apoio-de-liderancas-regionais\/","name":"Deputado Ubaldo Fernandes Solicita Melhorias em Infraestrutura Vi\u00e1ria com Apoio de Lideran\u00e7as Regionais - Ubaldo Fernandes","isPartOf":{"@id":"https:\/\/ubaldofernandes.com\/#website"},"primaryImageOfPage":{"@id":"https:\/\/ubaldofernandes.com\/index.php\/news\/deputado-ubaldo-fernandes-solicita-melhorias-em-infraestrutura-viaria-com-apoio-de-liderancas-regionais\/#primaryimage"},"image":{"@id":"https:\/\/ubaldofernandes.com\/index.php\/news\/deputado-ubaldo-fernandes-solicita-melhorias-em-infraestrutura-viaria-com-apoio-de-liderancas-regionais\/#primaryimage"},"thumbnailUrl":"https:\/\/ubaldofernandes.com\/wp-content\/uploads\/2025\/03\/img-20250219-wa5283-1536x709-1.jpg","datePublished":"2025-02-19T12:59:00+00:00","dateModified":"2025-03-07T13:04:16+00:00","breadcrumb":{"@id":"https:\/\/ubaldofernandes.com\/index.php\/news\/deputado-ubaldo-fernandes-solicita-melhorias-em-infraestrutura-viaria-com-apoio-de-liderancas-regionais\/#breadcrumb"},"inLanguage":"pt-BR","potentialAction":[{"@type":"ReadAction","target":["https:\/\/ubaldofernandes.com\/index.php\/news\/deputado-ubaldo-fernandes-solicita-melhorias-em-infraestrutura-viaria-com-apoio-de-liderancas-regionais\/"]}]},{"@type":"ImageObject","inLanguage":"pt-BR","@id":"https:\/\/ubaldofernandes.com\/index.php\/news\/deputado-ubaldo-fernandes-solicita-melhorias-em-infraestrutura-viaria-com-apoio-de-liderancas-regionais\/#primaryimage","url":"https:\/\/ubaldofernandes.com\/wp-content\/uploads\/2025\/03\/img-20250219-wa5283-1536x709-1.jpg","contentUrl":"https:\/\/ubaldofernandes.com\/wp-content\/uploads\/2025\/03\/img-20250219-wa5283-1536x709-1.jpg","width":1536,"height":709},{"@type":"BreadcrumbList","@id":"https:\/\/ubaldofernandes.com\/index.php\/news\/deputado-ubaldo-fernandes-solicita-melhorias-em-infraestrutura-viaria-com-apoio-de-liderancas-regionais\/#breadcrumb","itemListElement":[{"@type":"ListItem","position":1,"name":"In\u00edcio","item":"https:\/\/ubaldofernandes.com\/"},{"@type":"ListItem","position":2,"name":"Not\u00edcias","item":"https:\/\/ubaldofernandes.com\/index.php\/news\/"},{"@type":"ListItem","position":3,"name":"Deputado Ubaldo Fernandes Solicita Melhorias em Infraestrutura Vi\u00e1ria com Apoio de Lideran\u00e7as Regionais"}]},{"@type":"WebSite","@id":"https:\/\/ubaldofernandes.com\/#website","url":"https:\/\/ubaldofernandes.com\/","name":"Ubaldo Fernandes","description":"Deputado Estadual","potentialAction":[{"@type":"SearchAction","target":{"@type":"EntryPoint","urlTemplate":"https:\/\/ubaldofernandes.com\/?s={search_term_string}"},"query-input":{"@type":"PropertyValueSpecification","valueRequired":true,"valueName":"search_term_string"}}],"inLanguage":"pt-BR"}]}},"_links":{"self":[{"href":"https:\/\/ubaldofernandes.com\/index.php\/wp-json\/wp\/v2\/news\/7497","targetHints":{"allow":["GET"]}}],"collection":[{"href":"https:\/\/ubaldofernandes.com\/index.php\/wp-json\/wp\/v2\/news"}],"about":[{"href":"https:\/\/ubaldofernandes.com\/index.php\/wp-json\/wp\/v2\/types\/news"}],"wp:featuredmedia":[{"embeddable":true,"href":"https:\/\/ubaldofernandes.com\/index.php\/wp-json\/wp\/v2\/media\/7499"}],"wp:attachment":[{"href":"https:\/\/ubaldofernandes.com\/index.php\/wp-json\/wp\/v2\/media?parent=7497"}],"curies":[{"name":"wp","href":"https:\/\/api.w.org\/{rel}","templated":true}]}}