{"id":7507,"date":"2025-02-25T10:41:00","date_gmt":"2025-02-25T13:41:00","guid":{"rendered":"https:\/\/ubaldofernandes.com\/?post_type=news&#038;p=7507"},"modified":"2025-03-07T10:42:55","modified_gmt":"2025-03-07T13:42:55","slug":"aprovadas-na-ccjr-materias-de-autoria-de-ubaldo-em-beneficio-de-canguaretama-e-pedro-velho-2","status":"publish","type":"news","link":"https:\/\/ubaldofernandes.com\/index.php\/news\/aprovadas-na-ccjr-materias-de-autoria-de-ubaldo-em-beneficio-de-canguaretama-e-pedro-velho-2\/","title":{"rendered":"Aprovadas na CCJR mat\u00e9rias de autoria de Ubaldo em beneficio de Canguaretama e Pedro Velho"},"content":{"rendered":"\n<p>Na manh\u00e3 desta ter\u00e7a-feira, a Comiss\u00e3o de Constitui\u00e7\u00e3o, Justi\u00e7a e Reda\u00e7\u00e3o (CCJR) da Assembleia Legislativa do Rio Grande do Norte aprovou, por unanimidade, duas mat\u00e9rias de autoria do Deputado Ubaldo Fernandes. A primeira mat\u00e9ria trata do reconhecimento da Igreja Matriz de Nossa Senhora da Concei\u00e7\u00e3o, localizada no munic\u00edpio de Canguaretama, como patrim\u00f4nio cultural, religioso e hist\u00f3rico do estado. A segunda mat\u00e9ria aprovada reconhece a Associa\u00e7\u00e3o Pedro Cust\u00f3dio (APC), do munic\u00edpio de Pedro Velho, como de utilidade p\u00fablica estadual.<\/p>\n\n\n\n<p>A Igreja, fundada no s\u00e9culo XIX, \u00e9 um \u00edcone da cidade e um centro de devo\u00e7\u00e3o para a popula\u00e7\u00e3o local, especialmente durante a tradicional festa da padroeira, no dia 8 de dezembro. O projeto foi aprovado pela CCJR e seguir\u00e1 para vota\u00e7\u00e3o no plen\u00e1rio da Assembleia Legislativa, onde ser\u00e1 apreciado pelos demais deputados.<\/p>\n\n\n\n<p>A APC realiza um trabalho social de grande relev\u00e2ncia na regi\u00e3o, promovendo iniciativas voltadas para o desenvolvimento educacional, capacita\u00e7\u00e3o profissional e apoio \u00e0 atividade agropecu\u00e1ria, com foco na inclus\u00e3o social e no apoio a comunidades vulner\u00e1veis. O projeto foi aprovado pela CCJR e, agora, segue para san\u00e7\u00e3o do Governo do Estado, para se tornar lei.<\/p>\n\n\n\n<p>O Deputado Ubaldo Fernandes destacou a import\u00e2ncia de ambos os projetos para a valoriza\u00e7\u00e3o do patrim\u00f4nio cultural e o fortalecimento das a\u00e7\u00f5es sociais no Rio Grande do Norte. A aprova\u00e7\u00e3o na CCJR representa um passo importante para garantir o reconhecimento e apoio a essas iniciativas, que beneficiam diretamente as comunidades de Canguaretama e Pedro Velho. Agora, ambos os projetos seguem seus tr\u00e2mites legais, com a expectativa de que tragam ainda mais benef\u00edcios para a sociedade potiguar.<\/p>\n\n\n\n<p>Mat\u00e9ria publicada no <a href=\"https:\/\/www.alexsilvaassu.com.br\/2025\/02\/aprovadas-na-ccjr-materias-de-autoria.html\">Blog Alex Silva<\/a>. <\/p>\n","protected":false},"featured_media":7506,"parent":0,"template":"","class_list":["post-7507","news","type-news","status-publish","has-post-thumbnail","hentry"],"acf":[],"yoast_head":"<!-- This site is optimized with the Yoast SEO plugin v24.6 - https:\/\/yoast.com\/wordpress\/plugins\/seo\/ -->\n<title>Aprovadas na CCJR mat\u00e9rias de autoria de Ubaldo em beneficio de Canguaretama e Pedro Velho - Ubaldo Fernandes<\/title>\n<meta name=\"robots\" content=\"index, follow, max-snippet:-1, max-image-preview:large, max-video-preview:-1\" \/>\n<link rel=\"canonical\" href=\"https:\/\/ubaldofernandes.com\/index.php\/news\/aprovadas-na-ccjr-materias-de-autoria-de-ubaldo-em-beneficio-de-canguaretama-e-pedro-velho-2\/\" \/>\n<meta property=\"og:locale\" content=\"pt_BR\" \/>\n<meta property=\"og:type\" content=\"article\" \/>\n<meta property=\"og:title\" content=\"Aprovadas na CCJR mat\u00e9rias de autoria de Ubaldo em beneficio de Canguaretama e Pedro Velho - Ubaldo Fernandes\" \/>\n<meta property=\"og:description\" content=\"Na manh\u00e3 desta ter\u00e7a-feira, a Comiss\u00e3o de Constitui\u00e7\u00e3o, Justi\u00e7a e Reda\u00e7\u00e3o (CCJR) da Assembleia Legislativa do Rio Grande do Norte aprovou, por unanimidade, duas mat\u00e9rias de autoria do Deputado Ubaldo Fernandes. A primeira mat\u00e9ria trata do reconhecimento da Igreja Matriz de Nossa Senhora da Concei\u00e7\u00e3o, localizada no munic\u00edpio de Canguaretama, como patrim\u00f4nio cultural, religioso e [&hellip;]\" \/>\n<meta property=\"og:url\" content=\"https:\/\/ubaldofernandes.com\/index.php\/news\/aprovadas-na-ccjr-materias-de-autoria-de-ubaldo-em-beneficio-de-canguaretama-e-pedro-velho-2\/\" \/>\n<meta property=\"og:site_name\" content=\"Ubaldo Fernandes\" \/>\n<meta property=\"article:modified_time\" content=\"2025-03-07T13:42:55+00:00\" \/>\n<meta property=\"og:image\" content=\"https:\/\/ubaldofernandes.com\/wp-content\/uploads\/2025\/03\/img-20250225-wa25361-1536x1007-1.jpg\" \/>\n\t<meta property=\"og:image:width\" content=\"1536\" \/>\n\t<meta property=\"og:image:height\" content=\"1007\" \/>\n\t<meta property=\"og:image:type\" content=\"image\/jpeg\" \/>\n<meta name=\"twitter:card\" content=\"summary_large_image\" \/>\n<meta name=\"twitter:label1\" content=\"Est. tempo de leitura\" \/>\n\t<meta name=\"twitter:data1\" content=\"2 minutos\" \/>\n<script type=\"application\/ld+json\" class=\"yoast-schema-graph\">{\"@context\":\"https:\/\/schema.org\",\"@graph\":[{\"@type\":\"WebPage\",\"@id\":\"https:\/\/ubaldofernandes.com\/index.php\/news\/aprovadas-na-ccjr-materias-de-autoria-de-ubaldo-em-beneficio-de-canguaretama-e-pedro-velho-2\/\",\"url\":\"https:\/\/ubaldofernandes.com\/index.php\/news\/aprovadas-na-ccjr-materias-de-autoria-de-ubaldo-em-beneficio-de-canguaretama-e-pedro-velho-2\/\",\"name\":\"Aprovadas na CCJR mat\u00e9rias de autoria de Ubaldo em beneficio de Canguaretama e Pedro Velho - Ubaldo Fernandes\",\"isPartOf\":{\"@id\":\"https:\/\/ubaldofernandes.com\/#website\"},\"primaryImageOfPage\":{\"@id\":\"https:\/\/ubaldofernandes.com\/index.php\/news\/aprovadas-na-ccjr-materias-de-autoria-de-ubaldo-em-beneficio-de-canguaretama-e-pedro-velho-2\/#primaryimage\"},\"image\":{\"@id\":\"https:\/\/ubaldofernandes.com\/index.php\/news\/aprovadas-na-ccjr-materias-de-autoria-de-ubaldo-em-beneficio-de-canguaretama-e-pedro-velho-2\/#primaryimage\"},\"thumbnailUrl\":\"https:\/\/ubaldofernandes.com\/wp-content\/uploads\/2025\/03\/img-20250225-wa25361-1536x1007-1.jpg\",\"datePublished\":\"2025-02-25T13:41:00+00:00\",\"dateModified\":\"2025-03-07T13:42:55+00:00\",\"breadcrumb\":{\"@id\":\"https:\/\/ubaldofernandes.com\/index.php\/news\/aprovadas-na-ccjr-materias-de-autoria-de-ubaldo-em-beneficio-de-canguaretama-e-pedro-velho-2\/#breadcrumb\"},\"inLanguage\":\"pt-BR\",\"potentialAction\":[{\"@type\":\"ReadAction\",\"target\":[\"https:\/\/ubaldofernandes.com\/index.php\/news\/aprovadas-na-ccjr-materias-de-autoria-de-ubaldo-em-beneficio-de-canguaretama-e-pedro-velho-2\/\"]}]},{\"@type\":\"ImageObject\",\"inLanguage\":\"pt-BR\",\"@id\":\"https:\/\/ubaldofernandes.com\/index.php\/news\/aprovadas-na-ccjr-materias-de-autoria-de-ubaldo-em-beneficio-de-canguaretama-e-pedro-velho-2\/#primaryimage\",\"url\":\"https:\/\/ubaldofernandes.com\/wp-content\/uploads\/2025\/03\/img-20250225-wa25361-1536x1007-1.jpg\",\"contentUrl\":\"https:\/\/ubaldofernandes.com\/wp-content\/uploads\/2025\/03\/img-20250225-wa25361-1536x1007-1.jpg\",\"width\":1536,\"height\":1007},{\"@type\":\"BreadcrumbList\",\"@id\":\"https:\/\/ubaldofernandes.com\/index.php\/news\/aprovadas-na-ccjr-materias-de-autoria-de-ubaldo-em-beneficio-de-canguaretama-e-pedro-velho-2\/#breadcrumb\",\"itemListElement\":[{\"@type\":\"ListItem\",\"position\":1,\"name\":\"In\u00edcio\",\"item\":\"https:\/\/ubaldofernandes.com\/\"},{\"@type\":\"ListItem\",\"position\":2,\"name\":\"Not\u00edcias\",\"item\":\"https:\/\/ubaldofernandes.com\/index.php\/news\/\"},{\"@type\":\"ListItem\",\"position\":3,\"name\":\"Aprovadas na CCJR mat\u00e9rias de autoria de Ubaldo em beneficio de Canguaretama e Pedro Velho\"}]},{\"@type\":\"WebSite\",\"@id\":\"https:\/\/ubaldofernandes.com\/#website\",\"url\":\"https:\/\/ubaldofernandes.com\/\",\"name\":\"Ubaldo Fernandes\",\"description\":\"Deputado Estadual\",\"potentialAction\":[{\"@type\":\"SearchAction\",\"target\":{\"@type\":\"EntryPoint\",\"urlTemplate\":\"https:\/\/ubaldofernandes.com\/?s={search_term_string}\"},\"query-input\":{\"@type\":\"PropertyValueSpecification\",\"valueRequired\":true,\"valueName\":\"search_term_string\"}}],\"inLanguage\":\"pt-BR\"}]}<\/script>\n<!-- \/ Yoast SEO plugin. -->","yoast_head_json":{"title":"Aprovadas na CCJR mat\u00e9rias de autoria de Ubaldo em beneficio de Canguaretama e Pedro Velho - Ubaldo Fernandes","robots":{"index":"index","follow":"follow","max-snippet":"max-snippet:-1","max-image-preview":"max-image-preview:large","max-video-preview":"max-video-preview:-1"},"canonical":"https:\/\/ubaldofernandes.com\/index.php\/news\/aprovadas-na-ccjr-materias-de-autoria-de-ubaldo-em-beneficio-de-canguaretama-e-pedro-velho-2\/","og_locale":"pt_BR","og_type":"article","og_title":"Aprovadas na CCJR mat\u00e9rias de autoria de Ubaldo em beneficio de Canguaretama e Pedro Velho - Ubaldo Fernandes","og_description":"Na manh\u00e3 desta ter\u00e7a-feira, a Comiss\u00e3o de Constitui\u00e7\u00e3o, Justi\u00e7a e Reda\u00e7\u00e3o (CCJR) da Assembleia Legislativa do Rio Grande do Norte aprovou, por unanimidade, duas mat\u00e9rias de autoria do Deputado Ubaldo Fernandes. A primeira mat\u00e9ria trata do reconhecimento da Igreja Matriz de Nossa Senhora da Concei\u00e7\u00e3o, localizada no munic\u00edpio de Canguaretama, como patrim\u00f4nio cultural, religioso e [&hellip;]","og_url":"https:\/\/ubaldofernandes.com\/index.php\/news\/aprovadas-na-ccjr-materias-de-autoria-de-ubaldo-em-beneficio-de-canguaretama-e-pedro-velho-2\/","og_site_name":"Ubaldo Fernandes","article_modified_time":"2025-03-07T13:42:55+00:00","og_image":[{"width":1536,"height":1007,"url":"https:\/\/ubaldofernandes.com\/wp-content\/uploads\/2025\/03\/img-20250225-wa25361-1536x1007-1.jpg","type":"image\/jpeg"}],"twitter_card":"summary_large_image","twitter_misc":{"Est. tempo de leitura":"2 minutos"},"schema":{"@context":"https:\/\/schema.org","@graph":[{"@type":"WebPage","@id":"https:\/\/ubaldofernandes.com\/index.php\/news\/aprovadas-na-ccjr-materias-de-autoria-de-ubaldo-em-beneficio-de-canguaretama-e-pedro-velho-2\/","url":"https:\/\/ubaldofernandes.com\/index.php\/news\/aprovadas-na-ccjr-materias-de-autoria-de-ubaldo-em-beneficio-de-canguaretama-e-pedro-velho-2\/","name":"Aprovadas na CCJR mat\u00e9rias de autoria de Ubaldo em beneficio de Canguaretama e Pedro Velho - Ubaldo Fernandes","isPartOf":{"@id":"https:\/\/ubaldofernandes.com\/#website"},"primaryImageOfPage":{"@id":"https:\/\/ubaldofernandes.com\/index.php\/news\/aprovadas-na-ccjr-materias-de-autoria-de-ubaldo-em-beneficio-de-canguaretama-e-pedro-velho-2\/#primaryimage"},"image":{"@id":"https:\/\/ubaldofernandes.com\/index.php\/news\/aprovadas-na-ccjr-materias-de-autoria-de-ubaldo-em-beneficio-de-canguaretama-e-pedro-velho-2\/#primaryimage"},"thumbnailUrl":"https:\/\/ubaldofernandes.com\/wp-content\/uploads\/2025\/03\/img-20250225-wa25361-1536x1007-1.jpg","datePublished":"2025-02-25T13:41:00+00:00","dateModified":"2025-03-07T13:42:55+00:00","breadcrumb":{"@id":"https:\/\/ubaldofernandes.com\/index.php\/news\/aprovadas-na-ccjr-materias-de-autoria-de-ubaldo-em-beneficio-de-canguaretama-e-pedro-velho-2\/#breadcrumb"},"inLanguage":"pt-BR","potentialAction":[{"@type":"ReadAction","target":["https:\/\/ubaldofernandes.com\/index.php\/news\/aprovadas-na-ccjr-materias-de-autoria-de-ubaldo-em-beneficio-de-canguaretama-e-pedro-velho-2\/"]}]},{"@type":"ImageObject","inLanguage":"pt-BR","@id":"https:\/\/ubaldofernandes.com\/index.php\/news\/aprovadas-na-ccjr-materias-de-autoria-de-ubaldo-em-beneficio-de-canguaretama-e-pedro-velho-2\/#primaryimage","url":"https:\/\/ubaldofernandes.com\/wp-content\/uploads\/2025\/03\/img-20250225-wa25361-1536x1007-1.jpg","contentUrl":"https:\/\/ubaldofernandes.com\/wp-content\/uploads\/2025\/03\/img-20250225-wa25361-1536x1007-1.jpg","width":1536,"height":1007},{"@type":"BreadcrumbList","@id":"https:\/\/ubaldofernandes.com\/index.php\/news\/aprovadas-na-ccjr-materias-de-autoria-de-ubaldo-em-beneficio-de-canguaretama-e-pedro-velho-2\/#breadcrumb","itemListElement":[{"@type":"ListItem","position":1,"name":"In\u00edcio","item":"https:\/\/ubaldofernandes.com\/"},{"@type":"ListItem","position":2,"name":"Not\u00edcias","item":"https:\/\/ubaldofernandes.com\/index.php\/news\/"},{"@type":"ListItem","position":3,"name":"Aprovadas na CCJR mat\u00e9rias de autoria de Ubaldo em beneficio de Canguaretama e Pedro Velho"}]},{"@type":"WebSite","@id":"https:\/\/ubaldofernandes.com\/#website","url":"https:\/\/ubaldofernandes.com\/","name":"Ubaldo Fernandes","description":"Deputado Estadual","potentialAction":[{"@type":"SearchAction","target":{"@type":"EntryPoint","urlTemplate":"https:\/\/ubaldofernandes.com\/?s={search_term_string}"},"query-input":{"@type":"PropertyValueSpecification","valueRequired":true,"valueName":"search_term_string"}}],"inLanguage":"pt-BR"}]}},"_links":{"self":[{"href":"https:\/\/ubaldofernandes.com\/index.php\/wp-json\/wp\/v2\/news\/7507","targetHints":{"allow":["GET"]}}],"collection":[{"href":"https:\/\/ubaldofernandes.com\/index.php\/wp-json\/wp\/v2\/news"}],"about":[{"href":"https:\/\/ubaldofernandes.com\/index.php\/wp-json\/wp\/v2\/types\/news"}],"wp:featuredmedia":[{"embeddable":true,"href":"https:\/\/ubaldofernandes.com\/index.php\/wp-json\/wp\/v2\/media\/7506"}],"wp:attachment":[{"href":"https:\/\/ubaldofernandes.com\/index.php\/wp-json\/wp\/v2\/media?parent=7507"}],"curies":[{"name":"wp","href":"https:\/\/api.w.org\/{rel}","templated":true}]}}