{"id":7573,"date":"2025-03-26T15:09:00","date_gmt":"2025-03-26T18:09:00","guid":{"rendered":"https:\/\/ubaldofernandes.com\/?post_type=news&#038;p=7573"},"modified":"2025-03-27T10:55:05","modified_gmt":"2025-03-27T13:55:05","slug":"presidente-da-camara-de-jardim-do-serido-articula-parceria-para-emissao-de-rg-no-municipio","status":"publish","type":"news","link":"https:\/\/ubaldofernandes.com\/index.php\/news\/presidente-da-camara-de-jardim-do-serido-articula-parceria-para-emissao-de-rg-no-municipio\/","title":{"rendered":"Presidente da C\u00e2mara de Jardim do Serid\u00f3 articula parceria para emiss\u00e3o de RG no munic\u00edpio"},"content":{"rendered":"\n<p>O presidente da C\u00e2mara Municipal de Jardim do Serid\u00f3, Ozires Neto \u2013 (PP), realizou uma visita institucional ao deputado estadual Ubaldo Fernandes \u2013 (PSDB), e ao diretor-geral do Instituto T\u00e9cnico-Cient\u00edfico de Per\u00edcia do Rio Grande do Norte (ITEP), Dr. Marcos Brand\u00e3o. O encontro, que ocorreu na tarde desta segunda-feira, teve como pauta a viabilidade de um conv\u00eanio para que o ITEP possa atuar no munic\u00edpio, viabilizando a emiss\u00e3o de carteiras de identidade (RG) para a popula\u00e7\u00e3o local.<\/p>\n\n\n\n<p>A iniciativa busca atender a uma demanda essencial da comunidade, facilitando o acesso \u00e0 documenta\u00e7\u00e3o civil sem a necessidade de deslocamento para outras cidades. Durante a reuni\u00e3o, o ITEP se posicionou de maneira favor\u00e1vel \u00e0 parceria, o que representa um avan\u00e7o significativo para a concretiza\u00e7\u00e3o do servi\u00e7o.<\/p>\n\n\n\n<p>De acordo com Ozires Neto, a previs\u00e3o \u00e9 de que em abril o servi\u00e7o j\u00e1 esteja dispon\u00edvel para os cidad\u00e3os de Jardim do Serid\u00f3. \u201cFico feliz em compartilhar essa excelente not\u00edcia. Essa parceria \u00e9 um grande passo para garantir mais cidadania e acessibilidade \u00e0 nossa popula\u00e7\u00e3o. Agrade\u00e7o ao Dr. Marcos Brand\u00e3o e toda a equipe do ITEP pelo apoio, e seguimos trabalhando para melhorar a vida dos jardinenses\u201c, declarou o presidente da C\u00e2mara.<\/p>\n\n\n\n<p>A implanta\u00e7\u00e3o desse servi\u00e7o ser\u00e1 um importante avan\u00e7o para Jardim do Serid\u00f3, refor\u00e7ando o compromisso da gest\u00e3o municipal com a melhoria da qualidade de vida da popula\u00e7\u00e3o e a amplia\u00e7\u00e3o do acesso aos servi\u00e7os essenciais.<\/p>\n\n\n\n<p>Mat\u00e9ria publicada no <a href=\"https:\/\/blogdofabiolocutor.blogspot.com\/2025\/03\/presidente-da-camara-de-jardim-do.html\">Blog do F\u00e1bio Locutor<\/a>. <\/p>\n","protected":false},"featured_media":7574,"parent":0,"template":"","class_list":["post-7573","news","type-news","status-publish","has-post-thumbnail","hentry"],"acf":[],"yoast_head":"<!-- This site is optimized with the Yoast SEO plugin v24.6 - https:\/\/yoast.com\/wordpress\/plugins\/seo\/ -->\n<title>Presidente da C\u00e2mara de Jardim do Serid\u00f3 articula parceria para emiss\u00e3o de RG no munic\u00edpio - Ubaldo Fernandes<\/title>\n<meta name=\"robots\" content=\"index, follow, max-snippet:-1, max-image-preview:large, max-video-preview:-1\" \/>\n<link rel=\"canonical\" href=\"https:\/\/ubaldofernandes.com\/index.php\/news\/presidente-da-camara-de-jardim-do-serido-articula-parceria-para-emissao-de-rg-no-municipio\/\" \/>\n<meta property=\"og:locale\" content=\"pt_BR\" \/>\n<meta property=\"og:type\" content=\"article\" \/>\n<meta property=\"og:title\" content=\"Presidente da C\u00e2mara de Jardim do Serid\u00f3 articula parceria para emiss\u00e3o de RG no munic\u00edpio - Ubaldo Fernandes\" \/>\n<meta property=\"og:description\" content=\"O presidente da C\u00e2mara Municipal de Jardim do Serid\u00f3, Ozires Neto \u2013 (PP), realizou uma visita institucional ao deputado estadual Ubaldo Fernandes \u2013 (PSDB), e ao diretor-geral do Instituto T\u00e9cnico-Cient\u00edfico de Per\u00edcia do Rio Grande do Norte (ITEP), Dr. Marcos Brand\u00e3o. O encontro, que ocorreu na tarde desta segunda-feira, teve como pauta a viabilidade de [&hellip;]\" \/>\n<meta property=\"og:url\" content=\"https:\/\/ubaldofernandes.com\/index.php\/news\/presidente-da-camara-de-jardim-do-serido-articula-parceria-para-emissao-de-rg-no-municipio\/\" \/>\n<meta property=\"og:site_name\" content=\"Ubaldo Fernandes\" \/>\n<meta property=\"article:modified_time\" content=\"2025-03-27T13:55:05+00:00\" \/>\n<meta property=\"og:image\" content=\"https:\/\/ubaldofernandes.com\/wp-content\/uploads\/2025\/03\/2.jpg\" \/>\n\t<meta property=\"og:image:width\" content=\"768\" \/>\n\t<meta property=\"og:image:height\" content=\"1024\" \/>\n\t<meta property=\"og:image:type\" content=\"image\/jpeg\" \/>\n<meta name=\"twitter:card\" content=\"summary_large_image\" \/>\n<meta name=\"twitter:label1\" content=\"Est. tempo de leitura\" \/>\n\t<meta name=\"twitter:data1\" content=\"2 minutos\" \/>\n<script type=\"application\/ld+json\" class=\"yoast-schema-graph\">{\"@context\":\"https:\/\/schema.org\",\"@graph\":[{\"@type\":\"WebPage\",\"@id\":\"https:\/\/ubaldofernandes.com\/index.php\/news\/presidente-da-camara-de-jardim-do-serido-articula-parceria-para-emissao-de-rg-no-municipio\/\",\"url\":\"https:\/\/ubaldofernandes.com\/index.php\/news\/presidente-da-camara-de-jardim-do-serido-articula-parceria-para-emissao-de-rg-no-municipio\/\",\"name\":\"Presidente da C\u00e2mara de Jardim do Serid\u00f3 articula parceria para emiss\u00e3o de RG no munic\u00edpio - Ubaldo Fernandes\",\"isPartOf\":{\"@id\":\"https:\/\/ubaldofernandes.com\/#website\"},\"primaryImageOfPage\":{\"@id\":\"https:\/\/ubaldofernandes.com\/index.php\/news\/presidente-da-camara-de-jardim-do-serido-articula-parceria-para-emissao-de-rg-no-municipio\/#primaryimage\"},\"image\":{\"@id\":\"https:\/\/ubaldofernandes.com\/index.php\/news\/presidente-da-camara-de-jardim-do-serido-articula-parceria-para-emissao-de-rg-no-municipio\/#primaryimage\"},\"thumbnailUrl\":\"https:\/\/ubaldofernandes.com\/wp-content\/uploads\/2025\/03\/2.jpg\",\"datePublished\":\"2025-03-26T18:09:00+00:00\",\"dateModified\":\"2025-03-27T13:55:05+00:00\",\"breadcrumb\":{\"@id\":\"https:\/\/ubaldofernandes.com\/index.php\/news\/presidente-da-camara-de-jardim-do-serido-articula-parceria-para-emissao-de-rg-no-municipio\/#breadcrumb\"},\"inLanguage\":\"pt-BR\",\"potentialAction\":[{\"@type\":\"ReadAction\",\"target\":[\"https:\/\/ubaldofernandes.com\/index.php\/news\/presidente-da-camara-de-jardim-do-serido-articula-parceria-para-emissao-de-rg-no-municipio\/\"]}]},{\"@type\":\"ImageObject\",\"inLanguage\":\"pt-BR\",\"@id\":\"https:\/\/ubaldofernandes.com\/index.php\/news\/presidente-da-camara-de-jardim-do-serido-articula-parceria-para-emissao-de-rg-no-municipio\/#primaryimage\",\"url\":\"https:\/\/ubaldofernandes.com\/wp-content\/uploads\/2025\/03\/2.jpg\",\"contentUrl\":\"https:\/\/ubaldofernandes.com\/wp-content\/uploads\/2025\/03\/2.jpg\",\"width\":768,\"height\":1024},{\"@type\":\"BreadcrumbList\",\"@id\":\"https:\/\/ubaldofernandes.com\/index.php\/news\/presidente-da-camara-de-jardim-do-serido-articula-parceria-para-emissao-de-rg-no-municipio\/#breadcrumb\",\"itemListElement\":[{\"@type\":\"ListItem\",\"position\":1,\"name\":\"In\u00edcio\",\"item\":\"https:\/\/ubaldofernandes.com\/\"},{\"@type\":\"ListItem\",\"position\":2,\"name\":\"Not\u00edcias\",\"item\":\"https:\/\/ubaldofernandes.com\/index.php\/news\/\"},{\"@type\":\"ListItem\",\"position\":3,\"name\":\"Presidente da C\u00e2mara de Jardim do Serid\u00f3 articula parceria para emiss\u00e3o de RG no munic\u00edpio\"}]},{\"@type\":\"WebSite\",\"@id\":\"https:\/\/ubaldofernandes.com\/#website\",\"url\":\"https:\/\/ubaldofernandes.com\/\",\"name\":\"Ubaldo Fernandes\",\"description\":\"Deputado Estadual\",\"potentialAction\":[{\"@type\":\"SearchAction\",\"target\":{\"@type\":\"EntryPoint\",\"urlTemplate\":\"https:\/\/ubaldofernandes.com\/?s={search_term_string}\"},\"query-input\":{\"@type\":\"PropertyValueSpecification\",\"valueRequired\":true,\"valueName\":\"search_term_string\"}}],\"inLanguage\":\"pt-BR\"}]}<\/script>\n<!-- \/ Yoast SEO plugin. -->","yoast_head_json":{"title":"Presidente da C\u00e2mara de Jardim do Serid\u00f3 articula parceria para emiss\u00e3o de RG no munic\u00edpio - Ubaldo Fernandes","robots":{"index":"index","follow":"follow","max-snippet":"max-snippet:-1","max-image-preview":"max-image-preview:large","max-video-preview":"max-video-preview:-1"},"canonical":"https:\/\/ubaldofernandes.com\/index.php\/news\/presidente-da-camara-de-jardim-do-serido-articula-parceria-para-emissao-de-rg-no-municipio\/","og_locale":"pt_BR","og_type":"article","og_title":"Presidente da C\u00e2mara de Jardim do Serid\u00f3 articula parceria para emiss\u00e3o de RG no munic\u00edpio - Ubaldo Fernandes","og_description":"O presidente da C\u00e2mara Municipal de Jardim do Serid\u00f3, Ozires Neto \u2013 (PP), realizou uma visita institucional ao deputado estadual Ubaldo Fernandes \u2013 (PSDB), e ao diretor-geral do Instituto T\u00e9cnico-Cient\u00edfico de Per\u00edcia do Rio Grande do Norte (ITEP), Dr. Marcos Brand\u00e3o. O encontro, que ocorreu na tarde desta segunda-feira, teve como pauta a viabilidade de [&hellip;]","og_url":"https:\/\/ubaldofernandes.com\/index.php\/news\/presidente-da-camara-de-jardim-do-serido-articula-parceria-para-emissao-de-rg-no-municipio\/","og_site_name":"Ubaldo Fernandes","article_modified_time":"2025-03-27T13:55:05+00:00","og_image":[{"width":768,"height":1024,"url":"https:\/\/ubaldofernandes.com\/wp-content\/uploads\/2025\/03\/2.jpg","type":"image\/jpeg"}],"twitter_card":"summary_large_image","twitter_misc":{"Est. tempo de leitura":"2 minutos"},"schema":{"@context":"https:\/\/schema.org","@graph":[{"@type":"WebPage","@id":"https:\/\/ubaldofernandes.com\/index.php\/news\/presidente-da-camara-de-jardim-do-serido-articula-parceria-para-emissao-de-rg-no-municipio\/","url":"https:\/\/ubaldofernandes.com\/index.php\/news\/presidente-da-camara-de-jardim-do-serido-articula-parceria-para-emissao-de-rg-no-municipio\/","name":"Presidente da C\u00e2mara de Jardim do Serid\u00f3 articula parceria para emiss\u00e3o de RG no munic\u00edpio - Ubaldo Fernandes","isPartOf":{"@id":"https:\/\/ubaldofernandes.com\/#website"},"primaryImageOfPage":{"@id":"https:\/\/ubaldofernandes.com\/index.php\/news\/presidente-da-camara-de-jardim-do-serido-articula-parceria-para-emissao-de-rg-no-municipio\/#primaryimage"},"image":{"@id":"https:\/\/ubaldofernandes.com\/index.php\/news\/presidente-da-camara-de-jardim-do-serido-articula-parceria-para-emissao-de-rg-no-municipio\/#primaryimage"},"thumbnailUrl":"https:\/\/ubaldofernandes.com\/wp-content\/uploads\/2025\/03\/2.jpg","datePublished":"2025-03-26T18:09:00+00:00","dateModified":"2025-03-27T13:55:05+00:00","breadcrumb":{"@id":"https:\/\/ubaldofernandes.com\/index.php\/news\/presidente-da-camara-de-jardim-do-serido-articula-parceria-para-emissao-de-rg-no-municipio\/#breadcrumb"},"inLanguage":"pt-BR","potentialAction":[{"@type":"ReadAction","target":["https:\/\/ubaldofernandes.com\/index.php\/news\/presidente-da-camara-de-jardim-do-serido-articula-parceria-para-emissao-de-rg-no-municipio\/"]}]},{"@type":"ImageObject","inLanguage":"pt-BR","@id":"https:\/\/ubaldofernandes.com\/index.php\/news\/presidente-da-camara-de-jardim-do-serido-articula-parceria-para-emissao-de-rg-no-municipio\/#primaryimage","url":"https:\/\/ubaldofernandes.com\/wp-content\/uploads\/2025\/03\/2.jpg","contentUrl":"https:\/\/ubaldofernandes.com\/wp-content\/uploads\/2025\/03\/2.jpg","width":768,"height":1024},{"@type":"BreadcrumbList","@id":"https:\/\/ubaldofernandes.com\/index.php\/news\/presidente-da-camara-de-jardim-do-serido-articula-parceria-para-emissao-de-rg-no-municipio\/#breadcrumb","itemListElement":[{"@type":"ListItem","position":1,"name":"In\u00edcio","item":"https:\/\/ubaldofernandes.com\/"},{"@type":"ListItem","position":2,"name":"Not\u00edcias","item":"https:\/\/ubaldofernandes.com\/index.php\/news\/"},{"@type":"ListItem","position":3,"name":"Presidente da C\u00e2mara de Jardim do Serid\u00f3 articula parceria para emiss\u00e3o de RG no munic\u00edpio"}]},{"@type":"WebSite","@id":"https:\/\/ubaldofernandes.com\/#website","url":"https:\/\/ubaldofernandes.com\/","name":"Ubaldo Fernandes","description":"Deputado Estadual","potentialAction":[{"@type":"SearchAction","target":{"@type":"EntryPoint","urlTemplate":"https:\/\/ubaldofernandes.com\/?s={search_term_string}"},"query-input":{"@type":"PropertyValueSpecification","valueRequired":true,"valueName":"search_term_string"}}],"inLanguage":"pt-BR"}]}},"_links":{"self":[{"href":"https:\/\/ubaldofernandes.com\/index.php\/wp-json\/wp\/v2\/news\/7573","targetHints":{"allow":["GET"]}}],"collection":[{"href":"https:\/\/ubaldofernandes.com\/index.php\/wp-json\/wp\/v2\/news"}],"about":[{"href":"https:\/\/ubaldofernandes.com\/index.php\/wp-json\/wp\/v2\/types\/news"}],"wp:featuredmedia":[{"embeddable":true,"href":"https:\/\/ubaldofernandes.com\/index.php\/wp-json\/wp\/v2\/media\/7574"}],"wp:attachment":[{"href":"https:\/\/ubaldofernandes.com\/index.php\/wp-json\/wp\/v2\/media?parent=7573"}],"curies":[{"name":"wp","href":"https:\/\/api.w.org\/{rel}","templated":true}]}}