{"id":7580,"date":"2025-03-22T16:22:00","date_gmt":"2025-03-22T19:22:00","guid":{"rendered":"https:\/\/ubaldofernandes.com\/?post_type=news&#038;p=7580"},"modified":"2025-03-27T10:25:46","modified_gmt":"2025-03-27T13:25:46","slug":"ubaldo-fenrandes-recapeamento-da-rn-129-entre-pedra-preta-e-lajes-do-cabugi-sera-realizado-pelo-estado","status":"publish","type":"news","link":"https:\/\/ubaldofernandes.com\/index.php\/news\/ubaldo-fenrandes-recapeamento-da-rn-129-entre-pedra-preta-e-lajes-do-cabugi-sera-realizado-pelo-estado\/","title":{"rendered":"Ubaldo Fenrandes: &#8220;Recapeamento da RN-129 entre Pedra Preta e Lajes do Cabugi ser\u00e1 realizado pelo Estado"},"content":{"rendered":"\n<p>A popula\u00e7\u00e3o de Pedra Preta vai comemorar uma grande conquista: o recapeamento asf\u00e1ltico da RN-129, que liga o munic\u00edpio \u00e0 cidade de Lajes do Cabugi, ser\u00e1 realizado em breve pelo Governo do Estado. O an\u00fancio foi feito ap\u00f3s uma reuni\u00e3o entre o deputado estadual Ubaldo Fernandes, o prefeito Luiz de Haroldo e representantes do Departamento de Estradas de Rodagem (DER) e do Governo nesta sexta-feira (21).<\/p>\n\n\n\n<p>&#8220;\u00c9 uma reivindica\u00e7\u00e3o antiga da popula\u00e7\u00e3o de Pedra Preta, e hoje tivemos a confirma\u00e7\u00e3o do Governo do Estado de que essa obra ser\u00e1 realizada o mais r\u00e1pido poss\u00edvel&#8221;, destacou o deputado Ubaldo Fernandes, que tem atuado ativamente para garantir essa melhoria na infraestrutura vi\u00e1ria da regi\u00e3o.<\/p>\n\n\n\n<p>O prefeito Luiz de Haroldo expressou sua gratid\u00e3o pelo empenho do parlamentar. &#8220;Agrade\u00e7o ao deputado Ubaldo, que nos ajudou totalmente com essa pauta. Se Deus quiser, no pr\u00f3ximo m\u00eas, nosso munic\u00edpio ver\u00e1 o in\u00edcio desse recapeamento t\u00e3o aguardado&#8221;, afirmou.<\/p>\n\n\n\n<p>O trecho que ser\u00e1 restaurado \u00e9 fundamental para a mobilidade entre as cidades, beneficiando diretamente moradores, comerciantes e produtores da regi\u00e3o. Com a obra, a expectativa \u00e9 melhorar as condi\u00e7\u00f5es de tr\u00e1fego, garantindo mais seguran\u00e7a e fluidez para quem utiliza a via diariamente.<\/p>\n\n\n\n<p>&#8220;Podem aguardar que essa obra vai chegar. Estivemos em audi\u00eancia tanto no DER quanto na Governadoria e recebemos a garantia de que esse pleito ser\u00e1 atendido. \u00c9 uma vit\u00f3ria para Pedra Preta e para Lajes do Cabugi&#8221;, refor\u00e7ou Ubaldo Fernandes.<\/p>\n\n\n\n<p>Mat\u00e9ria publicada no <a href=\"https:\/\/www.alexsilvaassu.com.br\/2025\/03\/ubaldo-fenrandes-recapeamento-da-rn-129.html\">Blog Alex Silva<\/a>. <\/p>\n\n\n\n<p><\/p>\n","protected":false},"featured_media":7581,"parent":0,"template":"","class_list":["post-7580","news","type-news","status-publish","has-post-thumbnail","hentry"],"acf":[],"yoast_head":"<!-- This site is optimized with the Yoast SEO plugin v24.6 - https:\/\/yoast.com\/wordpress\/plugins\/seo\/ -->\n<title>Ubaldo Fenrandes: &quot;Recapeamento da RN-129 entre Pedra Preta e Lajes do Cabugi ser\u00e1 realizado pelo Estado - Ubaldo Fernandes<\/title>\n<meta name=\"robots\" content=\"index, follow, max-snippet:-1, max-image-preview:large, max-video-preview:-1\" \/>\n<link rel=\"canonical\" href=\"https:\/\/ubaldofernandes.com\/index.php\/news\/ubaldo-fenrandes-recapeamento-da-rn-129-entre-pedra-preta-e-lajes-do-cabugi-sera-realizado-pelo-estado\/\" \/>\n<meta property=\"og:locale\" content=\"pt_BR\" \/>\n<meta property=\"og:type\" content=\"article\" \/>\n<meta property=\"og:title\" content=\"Ubaldo Fenrandes: &quot;Recapeamento da RN-129 entre Pedra Preta e Lajes do Cabugi ser\u00e1 realizado pelo Estado - Ubaldo Fernandes\" \/>\n<meta property=\"og:description\" content=\"A popula\u00e7\u00e3o de Pedra Preta vai comemorar uma grande conquista: o recapeamento asf\u00e1ltico da RN-129, que liga o munic\u00edpio \u00e0 cidade de Lajes do Cabugi, ser\u00e1 realizado em breve pelo Governo do Estado. O an\u00fancio foi feito ap\u00f3s uma reuni\u00e3o entre o deputado estadual Ubaldo Fernandes, o prefeito Luiz de Haroldo e representantes do Departamento [&hellip;]\" \/>\n<meta property=\"og:url\" content=\"https:\/\/ubaldofernandes.com\/index.php\/news\/ubaldo-fenrandes-recapeamento-da-rn-129-entre-pedra-preta-e-lajes-do-cabugi-sera-realizado-pelo-estado\/\" \/>\n<meta property=\"og:site_name\" content=\"Ubaldo Fernandes\" \/>\n<meta property=\"article:modified_time\" content=\"2025-03-27T13:25:46+00:00\" \/>\n<meta property=\"og:image\" content=\"https:\/\/ubaldofernandes.com\/wp-content\/uploads\/2025\/03\/WhatsApp-Image-2025-03-22-at-13.06.46.jpeg\" \/>\n\t<meta property=\"og:image:width\" content=\"738\" \/>\n\t<meta property=\"og:image:height\" content=\"596\" \/>\n\t<meta property=\"og:image:type\" content=\"image\/jpeg\" \/>\n<meta name=\"twitter:card\" content=\"summary_large_image\" \/>\n<meta name=\"twitter:label1\" content=\"Est. tempo de leitura\" \/>\n\t<meta name=\"twitter:data1\" content=\"2 minutos\" \/>\n<script type=\"application\/ld+json\" class=\"yoast-schema-graph\">{\"@context\":\"https:\/\/schema.org\",\"@graph\":[{\"@type\":\"WebPage\",\"@id\":\"https:\/\/ubaldofernandes.com\/index.php\/news\/ubaldo-fenrandes-recapeamento-da-rn-129-entre-pedra-preta-e-lajes-do-cabugi-sera-realizado-pelo-estado\/\",\"url\":\"https:\/\/ubaldofernandes.com\/index.php\/news\/ubaldo-fenrandes-recapeamento-da-rn-129-entre-pedra-preta-e-lajes-do-cabugi-sera-realizado-pelo-estado\/\",\"name\":\"Ubaldo Fenrandes: \\\"Recapeamento da RN-129 entre Pedra Preta e Lajes do Cabugi ser\u00e1 realizado pelo Estado - Ubaldo Fernandes\",\"isPartOf\":{\"@id\":\"https:\/\/ubaldofernandes.com\/#website\"},\"primaryImageOfPage\":{\"@id\":\"https:\/\/ubaldofernandes.com\/index.php\/news\/ubaldo-fenrandes-recapeamento-da-rn-129-entre-pedra-preta-e-lajes-do-cabugi-sera-realizado-pelo-estado\/#primaryimage\"},\"image\":{\"@id\":\"https:\/\/ubaldofernandes.com\/index.php\/news\/ubaldo-fenrandes-recapeamento-da-rn-129-entre-pedra-preta-e-lajes-do-cabugi-sera-realizado-pelo-estado\/#primaryimage\"},\"thumbnailUrl\":\"https:\/\/ubaldofernandes.com\/wp-content\/uploads\/2025\/03\/WhatsApp-Image-2025-03-22-at-13.06.46.jpeg\",\"datePublished\":\"2025-03-22T19:22:00+00:00\",\"dateModified\":\"2025-03-27T13:25:46+00:00\",\"breadcrumb\":{\"@id\":\"https:\/\/ubaldofernandes.com\/index.php\/news\/ubaldo-fenrandes-recapeamento-da-rn-129-entre-pedra-preta-e-lajes-do-cabugi-sera-realizado-pelo-estado\/#breadcrumb\"},\"inLanguage\":\"pt-BR\",\"potentialAction\":[{\"@type\":\"ReadAction\",\"target\":[\"https:\/\/ubaldofernandes.com\/index.php\/news\/ubaldo-fenrandes-recapeamento-da-rn-129-entre-pedra-preta-e-lajes-do-cabugi-sera-realizado-pelo-estado\/\"]}]},{\"@type\":\"ImageObject\",\"inLanguage\":\"pt-BR\",\"@id\":\"https:\/\/ubaldofernandes.com\/index.php\/news\/ubaldo-fenrandes-recapeamento-da-rn-129-entre-pedra-preta-e-lajes-do-cabugi-sera-realizado-pelo-estado\/#primaryimage\",\"url\":\"https:\/\/ubaldofernandes.com\/wp-content\/uploads\/2025\/03\/WhatsApp-Image-2025-03-22-at-13.06.46.jpeg\",\"contentUrl\":\"https:\/\/ubaldofernandes.com\/wp-content\/uploads\/2025\/03\/WhatsApp-Image-2025-03-22-at-13.06.46.jpeg\",\"width\":738,\"height\":596},{\"@type\":\"BreadcrumbList\",\"@id\":\"https:\/\/ubaldofernandes.com\/index.php\/news\/ubaldo-fenrandes-recapeamento-da-rn-129-entre-pedra-preta-e-lajes-do-cabugi-sera-realizado-pelo-estado\/#breadcrumb\",\"itemListElement\":[{\"@type\":\"ListItem\",\"position\":1,\"name\":\"In\u00edcio\",\"item\":\"https:\/\/ubaldofernandes.com\/\"},{\"@type\":\"ListItem\",\"position\":2,\"name\":\"Not\u00edcias\",\"item\":\"https:\/\/ubaldofernandes.com\/index.php\/news\/\"},{\"@type\":\"ListItem\",\"position\":3,\"name\":\"Ubaldo Fenrandes: &#8220;Recapeamento da RN-129 entre Pedra Preta e Lajes do Cabugi ser\u00e1 realizado pelo Estado\"}]},{\"@type\":\"WebSite\",\"@id\":\"https:\/\/ubaldofernandes.com\/#website\",\"url\":\"https:\/\/ubaldofernandes.com\/\",\"name\":\"Ubaldo Fernandes\",\"description\":\"Deputado Estadual\",\"potentialAction\":[{\"@type\":\"SearchAction\",\"target\":{\"@type\":\"EntryPoint\",\"urlTemplate\":\"https:\/\/ubaldofernandes.com\/?s={search_term_string}\"},\"query-input\":{\"@type\":\"PropertyValueSpecification\",\"valueRequired\":true,\"valueName\":\"search_term_string\"}}],\"inLanguage\":\"pt-BR\"}]}<\/script>\n<!-- \/ Yoast SEO plugin. -->","yoast_head_json":{"title":"Ubaldo Fenrandes: \"Recapeamento da RN-129 entre Pedra Preta e Lajes do Cabugi ser\u00e1 realizado pelo Estado - Ubaldo Fernandes","robots":{"index":"index","follow":"follow","max-snippet":"max-snippet:-1","max-image-preview":"max-image-preview:large","max-video-preview":"max-video-preview:-1"},"canonical":"https:\/\/ubaldofernandes.com\/index.php\/news\/ubaldo-fenrandes-recapeamento-da-rn-129-entre-pedra-preta-e-lajes-do-cabugi-sera-realizado-pelo-estado\/","og_locale":"pt_BR","og_type":"article","og_title":"Ubaldo Fenrandes: \"Recapeamento da RN-129 entre Pedra Preta e Lajes do Cabugi ser\u00e1 realizado pelo Estado - Ubaldo Fernandes","og_description":"A popula\u00e7\u00e3o de Pedra Preta vai comemorar uma grande conquista: o recapeamento asf\u00e1ltico da RN-129, que liga o munic\u00edpio \u00e0 cidade de Lajes do Cabugi, ser\u00e1 realizado em breve pelo Governo do Estado. O an\u00fancio foi feito ap\u00f3s uma reuni\u00e3o entre o deputado estadual Ubaldo Fernandes, o prefeito Luiz de Haroldo e representantes do Departamento [&hellip;]","og_url":"https:\/\/ubaldofernandes.com\/index.php\/news\/ubaldo-fenrandes-recapeamento-da-rn-129-entre-pedra-preta-e-lajes-do-cabugi-sera-realizado-pelo-estado\/","og_site_name":"Ubaldo Fernandes","article_modified_time":"2025-03-27T13:25:46+00:00","og_image":[{"width":738,"height":596,"url":"https:\/\/ubaldofernandes.com\/wp-content\/uploads\/2025\/03\/WhatsApp-Image-2025-03-22-at-13.06.46.jpeg","type":"image\/jpeg"}],"twitter_card":"summary_large_image","twitter_misc":{"Est. tempo de leitura":"2 minutos"},"schema":{"@context":"https:\/\/schema.org","@graph":[{"@type":"WebPage","@id":"https:\/\/ubaldofernandes.com\/index.php\/news\/ubaldo-fenrandes-recapeamento-da-rn-129-entre-pedra-preta-e-lajes-do-cabugi-sera-realizado-pelo-estado\/","url":"https:\/\/ubaldofernandes.com\/index.php\/news\/ubaldo-fenrandes-recapeamento-da-rn-129-entre-pedra-preta-e-lajes-do-cabugi-sera-realizado-pelo-estado\/","name":"Ubaldo Fenrandes: \"Recapeamento da RN-129 entre Pedra Preta e Lajes do Cabugi ser\u00e1 realizado pelo Estado - Ubaldo Fernandes","isPartOf":{"@id":"https:\/\/ubaldofernandes.com\/#website"},"primaryImageOfPage":{"@id":"https:\/\/ubaldofernandes.com\/index.php\/news\/ubaldo-fenrandes-recapeamento-da-rn-129-entre-pedra-preta-e-lajes-do-cabugi-sera-realizado-pelo-estado\/#primaryimage"},"image":{"@id":"https:\/\/ubaldofernandes.com\/index.php\/news\/ubaldo-fenrandes-recapeamento-da-rn-129-entre-pedra-preta-e-lajes-do-cabugi-sera-realizado-pelo-estado\/#primaryimage"},"thumbnailUrl":"https:\/\/ubaldofernandes.com\/wp-content\/uploads\/2025\/03\/WhatsApp-Image-2025-03-22-at-13.06.46.jpeg","datePublished":"2025-03-22T19:22:00+00:00","dateModified":"2025-03-27T13:25:46+00:00","breadcrumb":{"@id":"https:\/\/ubaldofernandes.com\/index.php\/news\/ubaldo-fenrandes-recapeamento-da-rn-129-entre-pedra-preta-e-lajes-do-cabugi-sera-realizado-pelo-estado\/#breadcrumb"},"inLanguage":"pt-BR","potentialAction":[{"@type":"ReadAction","target":["https:\/\/ubaldofernandes.com\/index.php\/news\/ubaldo-fenrandes-recapeamento-da-rn-129-entre-pedra-preta-e-lajes-do-cabugi-sera-realizado-pelo-estado\/"]}]},{"@type":"ImageObject","inLanguage":"pt-BR","@id":"https:\/\/ubaldofernandes.com\/index.php\/news\/ubaldo-fenrandes-recapeamento-da-rn-129-entre-pedra-preta-e-lajes-do-cabugi-sera-realizado-pelo-estado\/#primaryimage","url":"https:\/\/ubaldofernandes.com\/wp-content\/uploads\/2025\/03\/WhatsApp-Image-2025-03-22-at-13.06.46.jpeg","contentUrl":"https:\/\/ubaldofernandes.com\/wp-content\/uploads\/2025\/03\/WhatsApp-Image-2025-03-22-at-13.06.46.jpeg","width":738,"height":596},{"@type":"BreadcrumbList","@id":"https:\/\/ubaldofernandes.com\/index.php\/news\/ubaldo-fenrandes-recapeamento-da-rn-129-entre-pedra-preta-e-lajes-do-cabugi-sera-realizado-pelo-estado\/#breadcrumb","itemListElement":[{"@type":"ListItem","position":1,"name":"In\u00edcio","item":"https:\/\/ubaldofernandes.com\/"},{"@type":"ListItem","position":2,"name":"Not\u00edcias","item":"https:\/\/ubaldofernandes.com\/index.php\/news\/"},{"@type":"ListItem","position":3,"name":"Ubaldo Fenrandes: &#8220;Recapeamento da RN-129 entre Pedra Preta e Lajes do Cabugi ser\u00e1 realizado pelo Estado"}]},{"@type":"WebSite","@id":"https:\/\/ubaldofernandes.com\/#website","url":"https:\/\/ubaldofernandes.com\/","name":"Ubaldo Fernandes","description":"Deputado Estadual","potentialAction":[{"@type":"SearchAction","target":{"@type":"EntryPoint","urlTemplate":"https:\/\/ubaldofernandes.com\/?s={search_term_string}"},"query-input":{"@type":"PropertyValueSpecification","valueRequired":true,"valueName":"search_term_string"}}],"inLanguage":"pt-BR"}]}},"_links":{"self":[{"href":"https:\/\/ubaldofernandes.com\/index.php\/wp-json\/wp\/v2\/news\/7580","targetHints":{"allow":["GET"]}}],"collection":[{"href":"https:\/\/ubaldofernandes.com\/index.php\/wp-json\/wp\/v2\/news"}],"about":[{"href":"https:\/\/ubaldofernandes.com\/index.php\/wp-json\/wp\/v2\/types\/news"}],"wp:featuredmedia":[{"embeddable":true,"href":"https:\/\/ubaldofernandes.com\/index.php\/wp-json\/wp\/v2\/media\/7581"}],"wp:attachment":[{"href":"https:\/\/ubaldofernandes.com\/index.php\/wp-json\/wp\/v2\/media?parent=7580"}],"curies":[{"name":"wp","href":"https:\/\/api.w.org\/{rel}","templated":true}]}}