{"id":7589,"date":"2025-03-27T15:20:00","date_gmt":"2025-03-27T18:20:00","guid":{"rendered":"https:\/\/ubaldofernandes.com\/?post_type=news&#038;p=7589"},"modified":"2025-03-28T10:23:36","modified_gmt":"2025-03-28T13:23:36","slug":"al-aprova-criacao-do-cartao-digital-de-vacina-e-selo-amigo-pet","status":"publish","type":"news","link":"https:\/\/ubaldofernandes.com\/index.php\/news\/al-aprova-criacao-do-cartao-digital-de-vacina-e-selo-amigo-pet\/","title":{"rendered":"AL aprova cria\u00e7\u00e3o do Cart\u00e3o Digital de Vacina e Selo Amigo Pet"},"content":{"rendered":"\n<p>Na sess\u00e3o desta quinta-feira (27), a Assembleia Legislativa do Rio Grande do Norte aprovou importantes projetos de autoria do deputado estadual Ubaldo Fernandes. As iniciativas abrangem patrim\u00f4nio hist\u00f3rico, direitos dos animais e sa\u00fade p\u00fablica, reafirmando o compromisso do parlamentar com diversas \u00e1reas de interesse social.<\/p>\n\n\n\n<p>O Projeto de Lei 384\/2019, tamb\u00e9m aprovado na sess\u00e3o, disp\u00f5e sobre a cria\u00e7\u00e3o do Cart\u00e3o Digital de Vacina\u00e7\u00e3o, um sistema eletr\u00f4nico para armazenar informa\u00e7\u00f5es essenciais sobre as vacinas aplicadas na popula\u00e7\u00e3o. A proposta busca modernizar os registros, facilitando o acesso \u00e0s informa\u00e7\u00f5es por meio de dispositivos eletr\u00f4nicos, permitindo maior controle das doses e incentivando a ades\u00e3o \u00e0 imuniza\u00e7\u00e3o. O sistema tamb\u00e9m ajudar\u00e1 na gest\u00e3o estrat\u00e9gica das campanhas de vacina\u00e7\u00e3o pelo poder p\u00fablico.<\/p>\n\n\n\n<p>Outro projeto aprovado foi o PL 403\/2023, que institui o Selo AmigoPet, certifica\u00e7\u00e3o oficial para estabelecimentos comerciais que autorizam a entrada, circula\u00e7\u00e3o e perman\u00eancia de animais de estima\u00e7\u00e3o. A iniciativa visa estimular a cria\u00e7\u00e3o de espa\u00e7os pet-friendly, garantindo ambientes adaptados e seguros para os animais e seus tutores. Para obter o selo, os estabelecimentos precisar\u00e3o cumprir requisitos como manuten\u00e7\u00e3o da higiene, sinaliza\u00e7\u00e3o adequada e fornecimento de \u00e1gua e recipientes para alimenta\u00e7\u00e3o.<\/p>\n\n\n\n<p>Com a aprova\u00e7\u00e3o do Projeto de Lei 442\/2024, a Capela de S\u00e3o Sebasti\u00e3o, localizada em Currais Novos, passa a ser oficialmente reconhecida como Patrim\u00f4nio Cultural, Hist\u00f3rico, Material e Religioso do estado. A capela, que remonta a 1910, \u00e9 o local onde se deu origem \u00e0 tradicional festa de S\u00e3o Sebasti\u00e3o, celebrada h\u00e1 mais de um s\u00e9culo. Esse reconhecimento garante maior prote\u00e7\u00e3o e preserva\u00e7\u00e3o desse importante marco hist\u00f3rico e religioso.<\/p>\n\n\n\n<p>Com essas aprova\u00e7\u00f5es, o deputado Ubaldo Fernandes refor\u00e7a seu compromisso com a valoriza\u00e7\u00e3o da hist\u00f3ria, a prote\u00e7\u00e3o dos animais e o avan\u00e7o da sa\u00fade p\u00fablica no Rio Grande do Norte. Tamb\u00e9m foram aprovados requerimentos para realiza\u00e7\u00e3o de Sess\u00e3o Solenes para a entrega de t\u00edtulo honor\u00edfico de cidadania potiguar \u00e0 sra. delegada Paoulla Benevides Mau\u00e9s e &#8220;Campanha da Fraternidade 2025: Fraternidade e Ecologia Integral&#8221;.<\/p>\n\n\n\n<p>Mat\u00e9ria publicada no <a href=\"https:\/\/www.alexsilvaassu.com.br\/2025\/03\/al-aprova-criacao-do-cartao-digital-de.html\">Blog Alex Silva<\/a>. <\/p>\n","protected":false},"featured_media":7590,"parent":0,"template":"","class_list":["post-7589","news","type-news","status-publish","has-post-thumbnail","hentry"],"acf":[],"yoast_head":"<!-- This site is optimized with the Yoast SEO plugin v24.6 - https:\/\/yoast.com\/wordpress\/plugins\/seo\/ -->\n<title>AL aprova cria\u00e7\u00e3o do Cart\u00e3o Digital de Vacina e Selo Amigo Pet - Ubaldo Fernandes<\/title>\n<meta name=\"robots\" content=\"index, follow, max-snippet:-1, max-image-preview:large, max-video-preview:-1\" \/>\n<link rel=\"canonical\" href=\"https:\/\/ubaldofernandes.com\/index.php\/news\/al-aprova-criacao-do-cartao-digital-de-vacina-e-selo-amigo-pet\/\" \/>\n<meta property=\"og:locale\" content=\"pt_BR\" \/>\n<meta property=\"og:type\" content=\"article\" \/>\n<meta property=\"og:title\" content=\"AL aprova cria\u00e7\u00e3o do Cart\u00e3o Digital de Vacina e Selo Amigo Pet - Ubaldo Fernandes\" \/>\n<meta property=\"og:description\" content=\"Na sess\u00e3o desta quinta-feira (27), a Assembleia Legislativa do Rio Grande do Norte aprovou importantes projetos de autoria do deputado estadual Ubaldo Fernandes. As iniciativas abrangem patrim\u00f4nio hist\u00f3rico, direitos dos animais e sa\u00fade p\u00fablica, reafirmando o compromisso do parlamentar com diversas \u00e1reas de interesse social. O Projeto de Lei 384\/2019, tamb\u00e9m aprovado na sess\u00e3o, disp\u00f5e [&hellip;]\" \/>\n<meta property=\"og:url\" content=\"https:\/\/ubaldofernandes.com\/index.php\/news\/al-aprova-criacao-do-cartao-digital-de-vacina-e-selo-amigo-pet\/\" \/>\n<meta property=\"og:site_name\" content=\"Ubaldo Fernandes\" \/>\n<meta property=\"article:modified_time\" content=\"2025-03-28T13:23:36+00:00\" \/>\n<meta property=\"og:image\" content=\"https:\/\/ubaldofernandes.com\/wp-content\/uploads\/2025\/03\/WhatsApp-Image-2025-03-27-at-12.44.37.jpeg\" \/>\n\t<meta property=\"og:image:width\" content=\"1600\" \/>\n\t<meta property=\"og:image:height\" content=\"1066\" \/>\n\t<meta property=\"og:image:type\" content=\"image\/jpeg\" \/>\n<meta name=\"twitter:card\" content=\"summary_large_image\" \/>\n<meta name=\"twitter:label1\" content=\"Est. tempo de leitura\" \/>\n\t<meta name=\"twitter:data1\" content=\"3 minutos\" \/>\n<script type=\"application\/ld+json\" class=\"yoast-schema-graph\">{\"@context\":\"https:\/\/schema.org\",\"@graph\":[{\"@type\":\"WebPage\",\"@id\":\"https:\/\/ubaldofernandes.com\/index.php\/news\/al-aprova-criacao-do-cartao-digital-de-vacina-e-selo-amigo-pet\/\",\"url\":\"https:\/\/ubaldofernandes.com\/index.php\/news\/al-aprova-criacao-do-cartao-digital-de-vacina-e-selo-amigo-pet\/\",\"name\":\"AL aprova cria\u00e7\u00e3o do Cart\u00e3o Digital de Vacina e Selo Amigo Pet - Ubaldo Fernandes\",\"isPartOf\":{\"@id\":\"https:\/\/ubaldofernandes.com\/#website\"},\"primaryImageOfPage\":{\"@id\":\"https:\/\/ubaldofernandes.com\/index.php\/news\/al-aprova-criacao-do-cartao-digital-de-vacina-e-selo-amigo-pet\/#primaryimage\"},\"image\":{\"@id\":\"https:\/\/ubaldofernandes.com\/index.php\/news\/al-aprova-criacao-do-cartao-digital-de-vacina-e-selo-amigo-pet\/#primaryimage\"},\"thumbnailUrl\":\"https:\/\/ubaldofernandes.com\/wp-content\/uploads\/2025\/03\/WhatsApp-Image-2025-03-27-at-12.44.37.jpeg\",\"datePublished\":\"2025-03-27T18:20:00+00:00\",\"dateModified\":\"2025-03-28T13:23:36+00:00\",\"breadcrumb\":{\"@id\":\"https:\/\/ubaldofernandes.com\/index.php\/news\/al-aprova-criacao-do-cartao-digital-de-vacina-e-selo-amigo-pet\/#breadcrumb\"},\"inLanguage\":\"pt-BR\",\"potentialAction\":[{\"@type\":\"ReadAction\",\"target\":[\"https:\/\/ubaldofernandes.com\/index.php\/news\/al-aprova-criacao-do-cartao-digital-de-vacina-e-selo-amigo-pet\/\"]}]},{\"@type\":\"ImageObject\",\"inLanguage\":\"pt-BR\",\"@id\":\"https:\/\/ubaldofernandes.com\/index.php\/news\/al-aprova-criacao-do-cartao-digital-de-vacina-e-selo-amigo-pet\/#primaryimage\",\"url\":\"https:\/\/ubaldofernandes.com\/wp-content\/uploads\/2025\/03\/WhatsApp-Image-2025-03-27-at-12.44.37.jpeg\",\"contentUrl\":\"https:\/\/ubaldofernandes.com\/wp-content\/uploads\/2025\/03\/WhatsApp-Image-2025-03-27-at-12.44.37.jpeg\",\"width\":1600,\"height\":1066},{\"@type\":\"BreadcrumbList\",\"@id\":\"https:\/\/ubaldofernandes.com\/index.php\/news\/al-aprova-criacao-do-cartao-digital-de-vacina-e-selo-amigo-pet\/#breadcrumb\",\"itemListElement\":[{\"@type\":\"ListItem\",\"position\":1,\"name\":\"In\u00edcio\",\"item\":\"https:\/\/ubaldofernandes.com\/\"},{\"@type\":\"ListItem\",\"position\":2,\"name\":\"Not\u00edcias\",\"item\":\"https:\/\/ubaldofernandes.com\/index.php\/news\/\"},{\"@type\":\"ListItem\",\"position\":3,\"name\":\"AL aprova cria\u00e7\u00e3o do Cart\u00e3o Digital de Vacina e Selo Amigo Pet\"}]},{\"@type\":\"WebSite\",\"@id\":\"https:\/\/ubaldofernandes.com\/#website\",\"url\":\"https:\/\/ubaldofernandes.com\/\",\"name\":\"Ubaldo Fernandes\",\"description\":\"Deputado Estadual\",\"potentialAction\":[{\"@type\":\"SearchAction\",\"target\":{\"@type\":\"EntryPoint\",\"urlTemplate\":\"https:\/\/ubaldofernandes.com\/?s={search_term_string}\"},\"query-input\":{\"@type\":\"PropertyValueSpecification\",\"valueRequired\":true,\"valueName\":\"search_term_string\"}}],\"inLanguage\":\"pt-BR\"}]}<\/script>\n<!-- \/ Yoast SEO plugin. -->","yoast_head_json":{"title":"AL aprova cria\u00e7\u00e3o do Cart\u00e3o Digital de Vacina e Selo Amigo Pet - Ubaldo Fernandes","robots":{"index":"index","follow":"follow","max-snippet":"max-snippet:-1","max-image-preview":"max-image-preview:large","max-video-preview":"max-video-preview:-1"},"canonical":"https:\/\/ubaldofernandes.com\/index.php\/news\/al-aprova-criacao-do-cartao-digital-de-vacina-e-selo-amigo-pet\/","og_locale":"pt_BR","og_type":"article","og_title":"AL aprova cria\u00e7\u00e3o do Cart\u00e3o Digital de Vacina e Selo Amigo Pet - Ubaldo Fernandes","og_description":"Na sess\u00e3o desta quinta-feira (27), a Assembleia Legislativa do Rio Grande do Norte aprovou importantes projetos de autoria do deputado estadual Ubaldo Fernandes. As iniciativas abrangem patrim\u00f4nio hist\u00f3rico, direitos dos animais e sa\u00fade p\u00fablica, reafirmando o compromisso do parlamentar com diversas \u00e1reas de interesse social. O Projeto de Lei 384\/2019, tamb\u00e9m aprovado na sess\u00e3o, disp\u00f5e [&hellip;]","og_url":"https:\/\/ubaldofernandes.com\/index.php\/news\/al-aprova-criacao-do-cartao-digital-de-vacina-e-selo-amigo-pet\/","og_site_name":"Ubaldo Fernandes","article_modified_time":"2025-03-28T13:23:36+00:00","og_image":[{"width":1600,"height":1066,"url":"https:\/\/ubaldofernandes.com\/wp-content\/uploads\/2025\/03\/WhatsApp-Image-2025-03-27-at-12.44.37.jpeg","type":"image\/jpeg"}],"twitter_card":"summary_large_image","twitter_misc":{"Est. tempo de leitura":"3 minutos"},"schema":{"@context":"https:\/\/schema.org","@graph":[{"@type":"WebPage","@id":"https:\/\/ubaldofernandes.com\/index.php\/news\/al-aprova-criacao-do-cartao-digital-de-vacina-e-selo-amigo-pet\/","url":"https:\/\/ubaldofernandes.com\/index.php\/news\/al-aprova-criacao-do-cartao-digital-de-vacina-e-selo-amigo-pet\/","name":"AL aprova cria\u00e7\u00e3o do Cart\u00e3o Digital de Vacina e Selo Amigo Pet - Ubaldo Fernandes","isPartOf":{"@id":"https:\/\/ubaldofernandes.com\/#website"},"primaryImageOfPage":{"@id":"https:\/\/ubaldofernandes.com\/index.php\/news\/al-aprova-criacao-do-cartao-digital-de-vacina-e-selo-amigo-pet\/#primaryimage"},"image":{"@id":"https:\/\/ubaldofernandes.com\/index.php\/news\/al-aprova-criacao-do-cartao-digital-de-vacina-e-selo-amigo-pet\/#primaryimage"},"thumbnailUrl":"https:\/\/ubaldofernandes.com\/wp-content\/uploads\/2025\/03\/WhatsApp-Image-2025-03-27-at-12.44.37.jpeg","datePublished":"2025-03-27T18:20:00+00:00","dateModified":"2025-03-28T13:23:36+00:00","breadcrumb":{"@id":"https:\/\/ubaldofernandes.com\/index.php\/news\/al-aprova-criacao-do-cartao-digital-de-vacina-e-selo-amigo-pet\/#breadcrumb"},"inLanguage":"pt-BR","potentialAction":[{"@type":"ReadAction","target":["https:\/\/ubaldofernandes.com\/index.php\/news\/al-aprova-criacao-do-cartao-digital-de-vacina-e-selo-amigo-pet\/"]}]},{"@type":"ImageObject","inLanguage":"pt-BR","@id":"https:\/\/ubaldofernandes.com\/index.php\/news\/al-aprova-criacao-do-cartao-digital-de-vacina-e-selo-amigo-pet\/#primaryimage","url":"https:\/\/ubaldofernandes.com\/wp-content\/uploads\/2025\/03\/WhatsApp-Image-2025-03-27-at-12.44.37.jpeg","contentUrl":"https:\/\/ubaldofernandes.com\/wp-content\/uploads\/2025\/03\/WhatsApp-Image-2025-03-27-at-12.44.37.jpeg","width":1600,"height":1066},{"@type":"BreadcrumbList","@id":"https:\/\/ubaldofernandes.com\/index.php\/news\/al-aprova-criacao-do-cartao-digital-de-vacina-e-selo-amigo-pet\/#breadcrumb","itemListElement":[{"@type":"ListItem","position":1,"name":"In\u00edcio","item":"https:\/\/ubaldofernandes.com\/"},{"@type":"ListItem","position":2,"name":"Not\u00edcias","item":"https:\/\/ubaldofernandes.com\/index.php\/news\/"},{"@type":"ListItem","position":3,"name":"AL aprova cria\u00e7\u00e3o do Cart\u00e3o Digital de Vacina e Selo Amigo Pet"}]},{"@type":"WebSite","@id":"https:\/\/ubaldofernandes.com\/#website","url":"https:\/\/ubaldofernandes.com\/","name":"Ubaldo Fernandes","description":"Deputado Estadual","potentialAction":[{"@type":"SearchAction","target":{"@type":"EntryPoint","urlTemplate":"https:\/\/ubaldofernandes.com\/?s={search_term_string}"},"query-input":{"@type":"PropertyValueSpecification","valueRequired":true,"valueName":"search_term_string"}}],"inLanguage":"pt-BR"}]}},"_links":{"self":[{"href":"https:\/\/ubaldofernandes.com\/index.php\/wp-json\/wp\/v2\/news\/7589","targetHints":{"allow":["GET"]}}],"collection":[{"href":"https:\/\/ubaldofernandes.com\/index.php\/wp-json\/wp\/v2\/news"}],"about":[{"href":"https:\/\/ubaldofernandes.com\/index.php\/wp-json\/wp\/v2\/types\/news"}],"wp:featuredmedia":[{"embeddable":true,"href":"https:\/\/ubaldofernandes.com\/index.php\/wp-json\/wp\/v2\/media\/7590"}],"wp:attachment":[{"href":"https:\/\/ubaldofernandes.com\/index.php\/wp-json\/wp\/v2\/media?parent=7589"}],"curies":[{"name":"wp","href":"https:\/\/api.w.org\/{rel}","templated":true}]}}