{"id":7613,"date":"2025-04-01T12:07:00","date_gmt":"2025-04-01T15:07:00","guid":{"rendered":"https:\/\/ubaldofernandes.com\/?post_type=news&#038;p=7613"},"modified":"2025-04-03T12:11:10","modified_gmt":"2025-04-03T15:11:10","slug":"ccj-aprova-reconhecimento-das-escolas-de-samba-de-natal-e-outras-materias-legislativas","status":"publish","type":"news","link":"https:\/\/ubaldofernandes.com\/index.php\/news\/ccj-aprova-reconhecimento-das-escolas-de-samba-de-natal-e-outras-materias-legislativas\/","title":{"rendered":"CCJ aprova reconhecimento das escolas de samba de Natal e outras mat\u00e9rias legislativas"},"content":{"rendered":"\n<p>A Comiss\u00e3o de Constitui\u00e7\u00e3o, Justi\u00e7a e Reda\u00e7\u00e3o (CCJ) da Assembleia Legislativa do Rio Grande do Norte realizou nesta ter\u00e7a-feira (1) sua quinta reuni\u00e3o ordin\u00e1ria do ano. O destaque da sess\u00e3o foi a valoriza\u00e7\u00e3o do patrim\u00f4nio cultural potiguar, com a aprova\u00e7\u00e3o de projetos que reconhecem as escolas de samba Malandros do Samba e Balan\u00e7o do Morro como patrim\u00f4nio cultural do estado. Tamb\u00e9m foram aprovadas mat\u00e9rias voltadas para o reconhecimento de espa\u00e7os hist\u00f3ricos e culturais, al\u00e9m de propostas relacionadas a \u00e1reas como seguran\u00e7a, sa\u00fade e turismo.\u00a0<\/p>\n\n\n\n<p>De autoria do deputado Ubaldo Fernandes (PSDB), os projetos que concedem reconhecimento oficial \u00e0s tradicionais escolas de samba de Natal refor\u00e7am a import\u00e2ncia do carnaval para a cultura potiguar. O Beco da Lama, um dos principais pontos culturais da capital, tamb\u00e9m teve sua relev\u00e2ncia reconhecida em um projeto apresentado por Adjuto Dias (MDB). J\u00e1 a Filarm\u00f4nica Maestro Romildo Batista dos Santos, de Santana do Matos, foi declarada patrim\u00f4nio cultural do estado por iniciativa da deputada Divaneide Bas\u00edlio (PT). &nbsp;<\/p>\n\n\n\n<p>Al\u00e9m das pautas culturais, a CCJ aprovou o projeto de Nelter Queiroz (PSDB) que denomina a sede do batalh\u00e3o da Pol\u00edcia Militar em Equador como Cabo Gilvan Francisco Dion\u00edsio Filho. Na \u00e1rea da sa\u00fade, foi aprovada a mat\u00e9ria de Ubaldo Fernandes que pro\u00edbe a reten\u00e7\u00e3o de macas das ambul\u00e2ncias do SAMU e outras unidades m\u00f3veis de emerg\u00eancia. &nbsp;<\/p>\n\n\n\n<p>O turismo tamb\u00e9m foi contemplado, com a aprova\u00e7\u00e3o do projeto de Luiz Eduardo (SDD) que reconhece Areia Branca como capital da Costa Branca, capital tur\u00edstica da Rota das Fal\u00e9sias e integrante da Rota do Sal. Outra mat\u00e9ria aprovada foi a de Vivaldo Costa (PV), que reconhece o Complexo Tur\u00edstico Ilha de Santana como patrim\u00f4nio imaterial, hist\u00f3rico, cultural, paisag\u00edstico e tur\u00edstico do RN. &nbsp;<\/p>\n\n\n\n<p>Entre os projetos voltados para o reconhecimento de eventos e tradi\u00e7\u00f5es, foram aprovadas propostas que instituem a Festa da Padroeira Nossa Senhora de Lourdes, em Campo Redondo, iniciativa do deputado Tomba Farias (PL), e a Festa do Z\u00e9 Pereira, em S\u00e3o Jo\u00e3o do Sabugi, iniciativa de deputado Adjuto Dias (MDB), como patrim\u00f4nios culturais e tur\u00edsticos do estado. &nbsp;<\/p>\n\n\n\n<p>Por outro lado, a CCJ retirou de pauta tr\u00eas projetos e adiou a vota\u00e7\u00e3o do projeto de Ivanilson Oliveira (Uni\u00e3o) que previa isen\u00e7\u00e3o do IPVA para ve\u00edculos de autoescolas, devido \u00e0 aus\u00eancia de estimativa de impacto financeiro. J\u00e1 a proposta de Isaque da Casca, que denomina um trecho da rodovia em Mossor\u00f3 como Avenida Centen\u00e1ria, teve pedido de dilig\u00eancias ao DER. &nbsp;<\/p>\n\n\n\n<p>As mat\u00e9rias aprovadas na CCJ desta ter\u00e7a-feira seguem o tr\u00e2mite legal da Casa at\u00e9 chegar para aprecia\u00e7\u00e3o e vota\u00e7\u00e3o dos deputados em plen\u00e1rio. Participaram da reuni\u00e3o os deputados Nelter Queiroz, Kerginaldo Medeiros, Galeno Torquato, Kleber Rodrigues, Ubaldo Fernandes, Neilton Di\u00f3genes e Isolda Dantas.<\/p>\n\n\n\n<p>Mat\u00e9ria divulgada no <a href=\"https:\/\/blogdopassaro.com.br\/ccj-aprova-reconhecimento-das-escolas-de-samba-de-natal-e-outras-materias-legislativas\/\">Blog O P\u00e1ssaro<\/a>. <\/p>\n\n\n\n<p><\/p>\n","protected":false},"featured_media":7612,"parent":0,"template":"","class_list":["post-7613","news","type-news","status-publish","has-post-thumbnail","hentry"],"acf":[],"yoast_head":"<!-- This site is optimized with the Yoast SEO plugin v24.6 - https:\/\/yoast.com\/wordpress\/plugins\/seo\/ -->\n<title>CCJ aprova reconhecimento das escolas de samba de Natal e outras mat\u00e9rias legislativas - Ubaldo Fernandes<\/title>\n<meta name=\"robots\" content=\"index, follow, max-snippet:-1, max-image-preview:large, max-video-preview:-1\" \/>\n<link rel=\"canonical\" href=\"https:\/\/ubaldofernandes.com\/index.php\/news\/ccj-aprova-reconhecimento-das-escolas-de-samba-de-natal-e-outras-materias-legislativas\/\" \/>\n<meta property=\"og:locale\" content=\"pt_BR\" \/>\n<meta property=\"og:type\" content=\"article\" \/>\n<meta property=\"og:title\" content=\"CCJ aprova reconhecimento das escolas de samba de Natal e outras mat\u00e9rias legislativas - Ubaldo Fernandes\" \/>\n<meta property=\"og:description\" content=\"A Comiss\u00e3o de Constitui\u00e7\u00e3o, Justi\u00e7a e Reda\u00e7\u00e3o (CCJ) da Assembleia Legislativa do Rio Grande do Norte realizou nesta ter\u00e7a-feira (1) sua quinta reuni\u00e3o ordin\u00e1ria do ano. O destaque da sess\u00e3o foi a valoriza\u00e7\u00e3o do patrim\u00f4nio cultural potiguar, com a aprova\u00e7\u00e3o de projetos que reconhecem as escolas de samba Malandros do Samba e Balan\u00e7o do Morro [&hellip;]\" \/>\n<meta property=\"og:url\" content=\"https:\/\/ubaldofernandes.com\/index.php\/news\/ccj-aprova-reconhecimento-das-escolas-de-samba-de-natal-e-outras-materias-legislativas\/\" \/>\n<meta property=\"og:site_name\" content=\"Ubaldo Fernandes\" \/>\n<meta property=\"article:modified_time\" content=\"2025-04-03T15:11:10+00:00\" \/>\n<meta property=\"og:image\" content=\"https:\/\/ubaldofernandes.com\/wp-content\/uploads\/2025\/04\/VVb99x8Ku8CRSWt5HkaQ3tqBybdvwEIFT0tDaTit-scaled.jpg\" \/>\n\t<meta property=\"og:image:width\" content=\"2560\" \/>\n\t<meta property=\"og:image:height\" content=\"1707\" \/>\n\t<meta property=\"og:image:type\" content=\"image\/jpeg\" \/>\n<meta name=\"twitter:card\" content=\"summary_large_image\" \/>\n<meta name=\"twitter:label1\" content=\"Est. tempo de leitura\" \/>\n\t<meta name=\"twitter:data1\" content=\"3 minutos\" \/>\n<script type=\"application\/ld+json\" class=\"yoast-schema-graph\">{\"@context\":\"https:\/\/schema.org\",\"@graph\":[{\"@type\":\"WebPage\",\"@id\":\"https:\/\/ubaldofernandes.com\/index.php\/news\/ccj-aprova-reconhecimento-das-escolas-de-samba-de-natal-e-outras-materias-legislativas\/\",\"url\":\"https:\/\/ubaldofernandes.com\/index.php\/news\/ccj-aprova-reconhecimento-das-escolas-de-samba-de-natal-e-outras-materias-legislativas\/\",\"name\":\"CCJ aprova reconhecimento das escolas de samba de Natal e outras mat\u00e9rias legislativas - Ubaldo Fernandes\",\"isPartOf\":{\"@id\":\"https:\/\/ubaldofernandes.com\/#website\"},\"primaryImageOfPage\":{\"@id\":\"https:\/\/ubaldofernandes.com\/index.php\/news\/ccj-aprova-reconhecimento-das-escolas-de-samba-de-natal-e-outras-materias-legislativas\/#primaryimage\"},\"image\":{\"@id\":\"https:\/\/ubaldofernandes.com\/index.php\/news\/ccj-aprova-reconhecimento-das-escolas-de-samba-de-natal-e-outras-materias-legislativas\/#primaryimage\"},\"thumbnailUrl\":\"https:\/\/ubaldofernandes.com\/wp-content\/uploads\/2025\/04\/VVb99x8Ku8CRSWt5HkaQ3tqBybdvwEIFT0tDaTit-scaled.jpg\",\"datePublished\":\"2025-04-01T15:07:00+00:00\",\"dateModified\":\"2025-04-03T15:11:10+00:00\",\"breadcrumb\":{\"@id\":\"https:\/\/ubaldofernandes.com\/index.php\/news\/ccj-aprova-reconhecimento-das-escolas-de-samba-de-natal-e-outras-materias-legislativas\/#breadcrumb\"},\"inLanguage\":\"pt-BR\",\"potentialAction\":[{\"@type\":\"ReadAction\",\"target\":[\"https:\/\/ubaldofernandes.com\/index.php\/news\/ccj-aprova-reconhecimento-das-escolas-de-samba-de-natal-e-outras-materias-legislativas\/\"]}]},{\"@type\":\"ImageObject\",\"inLanguage\":\"pt-BR\",\"@id\":\"https:\/\/ubaldofernandes.com\/index.php\/news\/ccj-aprova-reconhecimento-das-escolas-de-samba-de-natal-e-outras-materias-legislativas\/#primaryimage\",\"url\":\"https:\/\/ubaldofernandes.com\/wp-content\/uploads\/2025\/04\/VVb99x8Ku8CRSWt5HkaQ3tqBybdvwEIFT0tDaTit-scaled.jpg\",\"contentUrl\":\"https:\/\/ubaldofernandes.com\/wp-content\/uploads\/2025\/04\/VVb99x8Ku8CRSWt5HkaQ3tqBybdvwEIFT0tDaTit-scaled.jpg\",\"width\":2560,\"height\":1707},{\"@type\":\"BreadcrumbList\",\"@id\":\"https:\/\/ubaldofernandes.com\/index.php\/news\/ccj-aprova-reconhecimento-das-escolas-de-samba-de-natal-e-outras-materias-legislativas\/#breadcrumb\",\"itemListElement\":[{\"@type\":\"ListItem\",\"position\":1,\"name\":\"In\u00edcio\",\"item\":\"https:\/\/ubaldofernandes.com\/\"},{\"@type\":\"ListItem\",\"position\":2,\"name\":\"Not\u00edcias\",\"item\":\"https:\/\/ubaldofernandes.com\/index.php\/news\/\"},{\"@type\":\"ListItem\",\"position\":3,\"name\":\"CCJ aprova reconhecimento das escolas de samba de Natal e outras mat\u00e9rias legislativas\"}]},{\"@type\":\"WebSite\",\"@id\":\"https:\/\/ubaldofernandes.com\/#website\",\"url\":\"https:\/\/ubaldofernandes.com\/\",\"name\":\"Ubaldo Fernandes\",\"description\":\"Deputado Estadual\",\"potentialAction\":[{\"@type\":\"SearchAction\",\"target\":{\"@type\":\"EntryPoint\",\"urlTemplate\":\"https:\/\/ubaldofernandes.com\/?s={search_term_string}\"},\"query-input\":{\"@type\":\"PropertyValueSpecification\",\"valueRequired\":true,\"valueName\":\"search_term_string\"}}],\"inLanguage\":\"pt-BR\"}]}<\/script>\n<!-- \/ Yoast SEO plugin. -->","yoast_head_json":{"title":"CCJ aprova reconhecimento das escolas de samba de Natal e outras mat\u00e9rias legislativas - Ubaldo Fernandes","robots":{"index":"index","follow":"follow","max-snippet":"max-snippet:-1","max-image-preview":"max-image-preview:large","max-video-preview":"max-video-preview:-1"},"canonical":"https:\/\/ubaldofernandes.com\/index.php\/news\/ccj-aprova-reconhecimento-das-escolas-de-samba-de-natal-e-outras-materias-legislativas\/","og_locale":"pt_BR","og_type":"article","og_title":"CCJ aprova reconhecimento das escolas de samba de Natal e outras mat\u00e9rias legislativas - Ubaldo Fernandes","og_description":"A Comiss\u00e3o de Constitui\u00e7\u00e3o, Justi\u00e7a e Reda\u00e7\u00e3o (CCJ) da Assembleia Legislativa do Rio Grande do Norte realizou nesta ter\u00e7a-feira (1) sua quinta reuni\u00e3o ordin\u00e1ria do ano. O destaque da sess\u00e3o foi a valoriza\u00e7\u00e3o do patrim\u00f4nio cultural potiguar, com a aprova\u00e7\u00e3o de projetos que reconhecem as escolas de samba Malandros do Samba e Balan\u00e7o do Morro [&hellip;]","og_url":"https:\/\/ubaldofernandes.com\/index.php\/news\/ccj-aprova-reconhecimento-das-escolas-de-samba-de-natal-e-outras-materias-legislativas\/","og_site_name":"Ubaldo Fernandes","article_modified_time":"2025-04-03T15:11:10+00:00","og_image":[{"width":2560,"height":1707,"url":"https:\/\/ubaldofernandes.com\/wp-content\/uploads\/2025\/04\/VVb99x8Ku8CRSWt5HkaQ3tqBybdvwEIFT0tDaTit-scaled.jpg","type":"image\/jpeg"}],"twitter_card":"summary_large_image","twitter_misc":{"Est. tempo de leitura":"3 minutos"},"schema":{"@context":"https:\/\/schema.org","@graph":[{"@type":"WebPage","@id":"https:\/\/ubaldofernandes.com\/index.php\/news\/ccj-aprova-reconhecimento-das-escolas-de-samba-de-natal-e-outras-materias-legislativas\/","url":"https:\/\/ubaldofernandes.com\/index.php\/news\/ccj-aprova-reconhecimento-das-escolas-de-samba-de-natal-e-outras-materias-legislativas\/","name":"CCJ aprova reconhecimento das escolas de samba de Natal e outras mat\u00e9rias legislativas - Ubaldo Fernandes","isPartOf":{"@id":"https:\/\/ubaldofernandes.com\/#website"},"primaryImageOfPage":{"@id":"https:\/\/ubaldofernandes.com\/index.php\/news\/ccj-aprova-reconhecimento-das-escolas-de-samba-de-natal-e-outras-materias-legislativas\/#primaryimage"},"image":{"@id":"https:\/\/ubaldofernandes.com\/index.php\/news\/ccj-aprova-reconhecimento-das-escolas-de-samba-de-natal-e-outras-materias-legislativas\/#primaryimage"},"thumbnailUrl":"https:\/\/ubaldofernandes.com\/wp-content\/uploads\/2025\/04\/VVb99x8Ku8CRSWt5HkaQ3tqBybdvwEIFT0tDaTit-scaled.jpg","datePublished":"2025-04-01T15:07:00+00:00","dateModified":"2025-04-03T15:11:10+00:00","breadcrumb":{"@id":"https:\/\/ubaldofernandes.com\/index.php\/news\/ccj-aprova-reconhecimento-das-escolas-de-samba-de-natal-e-outras-materias-legislativas\/#breadcrumb"},"inLanguage":"pt-BR","potentialAction":[{"@type":"ReadAction","target":["https:\/\/ubaldofernandes.com\/index.php\/news\/ccj-aprova-reconhecimento-das-escolas-de-samba-de-natal-e-outras-materias-legislativas\/"]}]},{"@type":"ImageObject","inLanguage":"pt-BR","@id":"https:\/\/ubaldofernandes.com\/index.php\/news\/ccj-aprova-reconhecimento-das-escolas-de-samba-de-natal-e-outras-materias-legislativas\/#primaryimage","url":"https:\/\/ubaldofernandes.com\/wp-content\/uploads\/2025\/04\/VVb99x8Ku8CRSWt5HkaQ3tqBybdvwEIFT0tDaTit-scaled.jpg","contentUrl":"https:\/\/ubaldofernandes.com\/wp-content\/uploads\/2025\/04\/VVb99x8Ku8CRSWt5HkaQ3tqBybdvwEIFT0tDaTit-scaled.jpg","width":2560,"height":1707},{"@type":"BreadcrumbList","@id":"https:\/\/ubaldofernandes.com\/index.php\/news\/ccj-aprova-reconhecimento-das-escolas-de-samba-de-natal-e-outras-materias-legislativas\/#breadcrumb","itemListElement":[{"@type":"ListItem","position":1,"name":"In\u00edcio","item":"https:\/\/ubaldofernandes.com\/"},{"@type":"ListItem","position":2,"name":"Not\u00edcias","item":"https:\/\/ubaldofernandes.com\/index.php\/news\/"},{"@type":"ListItem","position":3,"name":"CCJ aprova reconhecimento das escolas de samba de Natal e outras mat\u00e9rias legislativas"}]},{"@type":"WebSite","@id":"https:\/\/ubaldofernandes.com\/#website","url":"https:\/\/ubaldofernandes.com\/","name":"Ubaldo Fernandes","description":"Deputado Estadual","potentialAction":[{"@type":"SearchAction","target":{"@type":"EntryPoint","urlTemplate":"https:\/\/ubaldofernandes.com\/?s={search_term_string}"},"query-input":{"@type":"PropertyValueSpecification","valueRequired":true,"valueName":"search_term_string"}}],"inLanguage":"pt-BR"}]}},"_links":{"self":[{"href":"https:\/\/ubaldofernandes.com\/index.php\/wp-json\/wp\/v2\/news\/7613","targetHints":{"allow":["GET"]}}],"collection":[{"href":"https:\/\/ubaldofernandes.com\/index.php\/wp-json\/wp\/v2\/news"}],"about":[{"href":"https:\/\/ubaldofernandes.com\/index.php\/wp-json\/wp\/v2\/types\/news"}],"wp:featuredmedia":[{"embeddable":true,"href":"https:\/\/ubaldofernandes.com\/index.php\/wp-json\/wp\/v2\/media\/7612"}],"wp:attachment":[{"href":"https:\/\/ubaldofernandes.com\/index.php\/wp-json\/wp\/v2\/media?parent=7613"}],"curies":[{"name":"wp","href":"https:\/\/api.w.org\/{rel}","templated":true}]}}