{"id":7616,"date":"2025-04-02T13:03:00","date_gmt":"2025-04-02T16:03:00","guid":{"rendered":"https:\/\/ubaldofernandes.com\/?post_type=news&#038;p=7616"},"modified":"2025-04-03T13:22:38","modified_gmt":"2025-04-03T16:22:38","slug":"assembleia-aprova-projetos-de-autoria-do-deputado-ubaldo-fernandes-em-defesa-da-cultura-e-da-saude","status":"publish","type":"news","link":"https:\/\/ubaldofernandes.com\/index.php\/news\/assembleia-aprova-projetos-de-autoria-do-deputado-ubaldo-fernandes-em-defesa-da-cultura-e-da-saude\/","title":{"rendered":"Assembleia aprova projetos de autoria do Deputado Ubaldo Fernandes em Defesa da Cultura e da Sa\u00fade"},"content":{"rendered":"\n<p>A Comiss\u00e3o de Constitui\u00e7\u00e3o, Justi\u00e7a e Reda\u00e7\u00e3o (CCJR) da Assembleia Legislativa do Rio Grande do Norte aprovou, nesta ter\u00e7a-feira (1), importantes projetos de lei de autoria do deputado estadual Ubaldo Fernandes. As mat\u00e9rias abrangem iniciativas para garantir mais efici\u00eancia no atendimento de emerg\u00eancia, valoriza\u00e7\u00e3o da cultura potiguar e fortalecimento da identidade hist\u00f3rica do estado.<\/p>\n\n\n\n<p>As mat\u00e9rias seguem tramita\u00e7\u00e3o para posterior an\u00e1lise no plen\u00e1rio.Um dos projetos de maior relev\u00e2ncia foi o PL n\u00ba 31\/2023, que pro\u00edbe a reten\u00e7\u00e3o, em hospitais, de macas das ambul\u00e2ncias do Samu, do Corpo de Bombeiros e de outras unidades m\u00f3veis de atendimento pr\u00e9-hospitalar.<\/p>\n\n\n\n<p>A medida visa solucionar um problema recorrente enfrentado pelos profissionais de sa\u00fade, que muitas vezes precisam deixar as macas nas unidades hospitalares por falta de leitos, comprometendo a agilidade dos atendimentos.<\/p>\n\n\n\n<p>O projeto estabelece que os diretores de hospitais p\u00fablicos ou privados ser\u00e3o responsabilizados, caso retenham os equipamentos e prev\u00ea multas de at\u00e9 R$ 5 mil para as unidades infratoras, dobrando o valor em caso de reincid\u00eancia. \u201cNosso objetivo \u00e9 garantir que as ambul\u00e2ncias voltem rapidamente \u00e0 ativa para salvar mais vidas. A reten\u00e7\u00e3o de macas prejudica toda a rede de emerg\u00eancia\u201d, justificou Ubaldo.<\/p>\n\n\n\n<p>Para Ubaldo Fernandes, a aprova\u00e7\u00e3o desses projetos \u00e9 um marco para o fortalecimento da identidade cultural do Rio Grande do Norte. \u201cValorizar nossas ra\u00edzes \u00e9 fundamental para manter viva a hist\u00f3ria e a tradi\u00e7\u00e3o do nosso povo. O reconhecimento oficial desses patrim\u00f4nios fortalece a cultura e incentiva sua perpetua\u00e7\u00e3o para as futuras gera\u00e7\u00f5es\u201d, destacou o deputado.<\/p>\n\n\n\n<p>PATRIM\u00d4NIO HIST\u00d3RICO E CULTURAL<\/p>\n\n\n\n<p>Outras quatro mat\u00e9rias do deputado foram aprovadas, todas voltadas para o reconhecimento de importantes institui\u00e7\u00f5es culturais do estado como patrim\u00f4nio hist\u00f3rico, cultural e art\u00edstico do Rio Grande do Norte:<\/p>\n\n\n\n<p>\u2022PL n\u00ba 51\/2025: Reconhece como Patrim\u00f4nio Hist\u00f3rico, Cultural e Religioso Imaterial a Par\u00f3quia de Nossa Senhora de Lourdes, em Campo Redondo. Criada em 2001, a par\u00f3quia \u00e9 um s\u00edmbolo de devo\u00e7\u00e3o e identidade da comunidade local.<\/p>\n\n\n\n<p>\u2022PL n\u00ba 65\/2025: Declara a Escola de Samba Malandros do Samba, do bairro das Rocas, como Patrim\u00f4nio Cultural e Art\u00edstico do RN. Fundada em 1958, a agremia\u00e7\u00e3o \u00e9 a maior campe\u00e3 do carnaval natalense, com 37 t\u00edtulos.<\/p>\n\n\n\n<p>\u2022PL n\u00ba 64\/2025: Concede \u00e0 Escola de Samba Balan\u00e7o do Morro o t\u00edtulo de Patrim\u00f4nio Cultural do estado. Com 28 t\u00edtulos no carnaval de Natal, a escola tem papel fundamental na preserva\u00e7\u00e3o da cultura popular.<\/p>\n\n\n\n<p>\u2022PL n\u00ba 80\/2025: Institui o Dia Estadual do Cordelista, a ser celebrado anualmente em 21 de outubro. A data homenageia o poeta e xil\u00f3grafo potiguar Ant\u00f4nio Francisco, um dos maiores nomes do cordel no Brasil.<\/p>\n\n\n\n<p>Mat\u00e9ria publicada no <a href=\"https:\/\/www.blogdobelo.com.br\/6009\/\">Blog do Belo<\/a>. <\/p>\n","protected":false},"featured_media":7615,"parent":0,"template":"","class_list":["post-7616","news","type-news","status-publish","has-post-thumbnail","hentry"],"acf":[],"yoast_head":"<!-- This site is optimized with the Yoast SEO plugin v24.6 - https:\/\/yoast.com\/wordpress\/plugins\/seo\/ -->\n<title>Assembleia aprova projetos de autoria do Deputado Ubaldo Fernandes em Defesa da Cultura e da Sa\u00fade - Ubaldo Fernandes<\/title>\n<meta name=\"robots\" content=\"index, follow, max-snippet:-1, max-image-preview:large, max-video-preview:-1\" \/>\n<link rel=\"canonical\" href=\"https:\/\/ubaldofernandes.com\/index.php\/news\/assembleia-aprova-projetos-de-autoria-do-deputado-ubaldo-fernandes-em-defesa-da-cultura-e-da-saude\/\" \/>\n<meta property=\"og:locale\" content=\"pt_BR\" \/>\n<meta property=\"og:type\" content=\"article\" \/>\n<meta property=\"og:title\" content=\"Assembleia aprova projetos de autoria do Deputado Ubaldo Fernandes em Defesa da Cultura e da Sa\u00fade - Ubaldo Fernandes\" \/>\n<meta property=\"og:description\" content=\"A Comiss\u00e3o de Constitui\u00e7\u00e3o, Justi\u00e7a e Reda\u00e7\u00e3o (CCJR) da Assembleia Legislativa do Rio Grande do Norte aprovou, nesta ter\u00e7a-feira (1), importantes projetos de lei de autoria do deputado estadual Ubaldo Fernandes. As mat\u00e9rias abrangem iniciativas para garantir mais efici\u00eancia no atendimento de emerg\u00eancia, valoriza\u00e7\u00e3o da cultura potiguar e fortalecimento da identidade hist\u00f3rica do estado. As [&hellip;]\" \/>\n<meta property=\"og:url\" content=\"https:\/\/ubaldofernandes.com\/index.php\/news\/assembleia-aprova-projetos-de-autoria-do-deputado-ubaldo-fernandes-em-defesa-da-cultura-e-da-saude\/\" \/>\n<meta property=\"og:site_name\" content=\"Ubaldo Fernandes\" \/>\n<meta property=\"article:modified_time\" content=\"2025-04-03T16:22:38+00:00\" \/>\n<meta property=\"og:image\" content=\"https:\/\/ubaldofernandes.com\/wp-content\/uploads\/2025\/04\/WhatsApp-Image-2025-04-02-at-13.01.34.jpeg\" \/>\n\t<meta property=\"og:image:width\" content=\"2560\" \/>\n\t<meta property=\"og:image:height\" content=\"1703\" \/>\n\t<meta property=\"og:image:type\" content=\"image\/jpeg\" \/>\n<meta name=\"twitter:card\" content=\"summary_large_image\" \/>\n<meta name=\"twitter:label1\" content=\"Est. tempo de leitura\" \/>\n\t<meta name=\"twitter:data1\" content=\"3 minutos\" \/>\n<script type=\"application\/ld+json\" class=\"yoast-schema-graph\">{\"@context\":\"https:\/\/schema.org\",\"@graph\":[{\"@type\":\"WebPage\",\"@id\":\"https:\/\/ubaldofernandes.com\/index.php\/news\/assembleia-aprova-projetos-de-autoria-do-deputado-ubaldo-fernandes-em-defesa-da-cultura-e-da-saude\/\",\"url\":\"https:\/\/ubaldofernandes.com\/index.php\/news\/assembleia-aprova-projetos-de-autoria-do-deputado-ubaldo-fernandes-em-defesa-da-cultura-e-da-saude\/\",\"name\":\"Assembleia aprova projetos de autoria do Deputado Ubaldo Fernandes em Defesa da Cultura e da Sa\u00fade - Ubaldo Fernandes\",\"isPartOf\":{\"@id\":\"https:\/\/ubaldofernandes.com\/#website\"},\"primaryImageOfPage\":{\"@id\":\"https:\/\/ubaldofernandes.com\/index.php\/news\/assembleia-aprova-projetos-de-autoria-do-deputado-ubaldo-fernandes-em-defesa-da-cultura-e-da-saude\/#primaryimage\"},\"image\":{\"@id\":\"https:\/\/ubaldofernandes.com\/index.php\/news\/assembleia-aprova-projetos-de-autoria-do-deputado-ubaldo-fernandes-em-defesa-da-cultura-e-da-saude\/#primaryimage\"},\"thumbnailUrl\":\"https:\/\/ubaldofernandes.com\/wp-content\/uploads\/2025\/04\/WhatsApp-Image-2025-04-02-at-13.01.34.jpeg\",\"datePublished\":\"2025-04-02T16:03:00+00:00\",\"dateModified\":\"2025-04-03T16:22:38+00:00\",\"breadcrumb\":{\"@id\":\"https:\/\/ubaldofernandes.com\/index.php\/news\/assembleia-aprova-projetos-de-autoria-do-deputado-ubaldo-fernandes-em-defesa-da-cultura-e-da-saude\/#breadcrumb\"},\"inLanguage\":\"pt-BR\",\"potentialAction\":[{\"@type\":\"ReadAction\",\"target\":[\"https:\/\/ubaldofernandes.com\/index.php\/news\/assembleia-aprova-projetos-de-autoria-do-deputado-ubaldo-fernandes-em-defesa-da-cultura-e-da-saude\/\"]}]},{\"@type\":\"ImageObject\",\"inLanguage\":\"pt-BR\",\"@id\":\"https:\/\/ubaldofernandes.com\/index.php\/news\/assembleia-aprova-projetos-de-autoria-do-deputado-ubaldo-fernandes-em-defesa-da-cultura-e-da-saude\/#primaryimage\",\"url\":\"https:\/\/ubaldofernandes.com\/wp-content\/uploads\/2025\/04\/WhatsApp-Image-2025-04-02-at-13.01.34.jpeg\",\"contentUrl\":\"https:\/\/ubaldofernandes.com\/wp-content\/uploads\/2025\/04\/WhatsApp-Image-2025-04-02-at-13.01.34.jpeg\",\"width\":2560,\"height\":1703},{\"@type\":\"BreadcrumbList\",\"@id\":\"https:\/\/ubaldofernandes.com\/index.php\/news\/assembleia-aprova-projetos-de-autoria-do-deputado-ubaldo-fernandes-em-defesa-da-cultura-e-da-saude\/#breadcrumb\",\"itemListElement\":[{\"@type\":\"ListItem\",\"position\":1,\"name\":\"In\u00edcio\",\"item\":\"https:\/\/ubaldofernandes.com\/\"},{\"@type\":\"ListItem\",\"position\":2,\"name\":\"Not\u00edcias\",\"item\":\"https:\/\/ubaldofernandes.com\/index.php\/news\/\"},{\"@type\":\"ListItem\",\"position\":3,\"name\":\"Assembleia aprova projetos de autoria do Deputado Ubaldo Fernandes em Defesa da Cultura e da Sa\u00fade\"}]},{\"@type\":\"WebSite\",\"@id\":\"https:\/\/ubaldofernandes.com\/#website\",\"url\":\"https:\/\/ubaldofernandes.com\/\",\"name\":\"Ubaldo Fernandes\",\"description\":\"Deputado Estadual\",\"potentialAction\":[{\"@type\":\"SearchAction\",\"target\":{\"@type\":\"EntryPoint\",\"urlTemplate\":\"https:\/\/ubaldofernandes.com\/?s={search_term_string}\"},\"query-input\":{\"@type\":\"PropertyValueSpecification\",\"valueRequired\":true,\"valueName\":\"search_term_string\"}}],\"inLanguage\":\"pt-BR\"}]}<\/script>\n<!-- \/ Yoast SEO plugin. -->","yoast_head_json":{"title":"Assembleia aprova projetos de autoria do Deputado Ubaldo Fernandes em Defesa da Cultura e da Sa\u00fade - Ubaldo Fernandes","robots":{"index":"index","follow":"follow","max-snippet":"max-snippet:-1","max-image-preview":"max-image-preview:large","max-video-preview":"max-video-preview:-1"},"canonical":"https:\/\/ubaldofernandes.com\/index.php\/news\/assembleia-aprova-projetos-de-autoria-do-deputado-ubaldo-fernandes-em-defesa-da-cultura-e-da-saude\/","og_locale":"pt_BR","og_type":"article","og_title":"Assembleia aprova projetos de autoria do Deputado Ubaldo Fernandes em Defesa da Cultura e da Sa\u00fade - Ubaldo Fernandes","og_description":"A Comiss\u00e3o de Constitui\u00e7\u00e3o, Justi\u00e7a e Reda\u00e7\u00e3o (CCJR) da Assembleia Legislativa do Rio Grande do Norte aprovou, nesta ter\u00e7a-feira (1), importantes projetos de lei de autoria do deputado estadual Ubaldo Fernandes. As mat\u00e9rias abrangem iniciativas para garantir mais efici\u00eancia no atendimento de emerg\u00eancia, valoriza\u00e7\u00e3o da cultura potiguar e fortalecimento da identidade hist\u00f3rica do estado. As [&hellip;]","og_url":"https:\/\/ubaldofernandes.com\/index.php\/news\/assembleia-aprova-projetos-de-autoria-do-deputado-ubaldo-fernandes-em-defesa-da-cultura-e-da-saude\/","og_site_name":"Ubaldo Fernandes","article_modified_time":"2025-04-03T16:22:38+00:00","og_image":[{"width":2560,"height":1703,"url":"https:\/\/ubaldofernandes.com\/wp-content\/uploads\/2025\/04\/WhatsApp-Image-2025-04-02-at-13.01.34.jpeg","type":"image\/jpeg"}],"twitter_card":"summary_large_image","twitter_misc":{"Est. tempo de leitura":"3 minutos"},"schema":{"@context":"https:\/\/schema.org","@graph":[{"@type":"WebPage","@id":"https:\/\/ubaldofernandes.com\/index.php\/news\/assembleia-aprova-projetos-de-autoria-do-deputado-ubaldo-fernandes-em-defesa-da-cultura-e-da-saude\/","url":"https:\/\/ubaldofernandes.com\/index.php\/news\/assembleia-aprova-projetos-de-autoria-do-deputado-ubaldo-fernandes-em-defesa-da-cultura-e-da-saude\/","name":"Assembleia aprova projetos de autoria do Deputado Ubaldo Fernandes em Defesa da Cultura e da Sa\u00fade - Ubaldo Fernandes","isPartOf":{"@id":"https:\/\/ubaldofernandes.com\/#website"},"primaryImageOfPage":{"@id":"https:\/\/ubaldofernandes.com\/index.php\/news\/assembleia-aprova-projetos-de-autoria-do-deputado-ubaldo-fernandes-em-defesa-da-cultura-e-da-saude\/#primaryimage"},"image":{"@id":"https:\/\/ubaldofernandes.com\/index.php\/news\/assembleia-aprova-projetos-de-autoria-do-deputado-ubaldo-fernandes-em-defesa-da-cultura-e-da-saude\/#primaryimage"},"thumbnailUrl":"https:\/\/ubaldofernandes.com\/wp-content\/uploads\/2025\/04\/WhatsApp-Image-2025-04-02-at-13.01.34.jpeg","datePublished":"2025-04-02T16:03:00+00:00","dateModified":"2025-04-03T16:22:38+00:00","breadcrumb":{"@id":"https:\/\/ubaldofernandes.com\/index.php\/news\/assembleia-aprova-projetos-de-autoria-do-deputado-ubaldo-fernandes-em-defesa-da-cultura-e-da-saude\/#breadcrumb"},"inLanguage":"pt-BR","potentialAction":[{"@type":"ReadAction","target":["https:\/\/ubaldofernandes.com\/index.php\/news\/assembleia-aprova-projetos-de-autoria-do-deputado-ubaldo-fernandes-em-defesa-da-cultura-e-da-saude\/"]}]},{"@type":"ImageObject","inLanguage":"pt-BR","@id":"https:\/\/ubaldofernandes.com\/index.php\/news\/assembleia-aprova-projetos-de-autoria-do-deputado-ubaldo-fernandes-em-defesa-da-cultura-e-da-saude\/#primaryimage","url":"https:\/\/ubaldofernandes.com\/wp-content\/uploads\/2025\/04\/WhatsApp-Image-2025-04-02-at-13.01.34.jpeg","contentUrl":"https:\/\/ubaldofernandes.com\/wp-content\/uploads\/2025\/04\/WhatsApp-Image-2025-04-02-at-13.01.34.jpeg","width":2560,"height":1703},{"@type":"BreadcrumbList","@id":"https:\/\/ubaldofernandes.com\/index.php\/news\/assembleia-aprova-projetos-de-autoria-do-deputado-ubaldo-fernandes-em-defesa-da-cultura-e-da-saude\/#breadcrumb","itemListElement":[{"@type":"ListItem","position":1,"name":"In\u00edcio","item":"https:\/\/ubaldofernandes.com\/"},{"@type":"ListItem","position":2,"name":"Not\u00edcias","item":"https:\/\/ubaldofernandes.com\/index.php\/news\/"},{"@type":"ListItem","position":3,"name":"Assembleia aprova projetos de autoria do Deputado Ubaldo Fernandes em Defesa da Cultura e da Sa\u00fade"}]},{"@type":"WebSite","@id":"https:\/\/ubaldofernandes.com\/#website","url":"https:\/\/ubaldofernandes.com\/","name":"Ubaldo Fernandes","description":"Deputado Estadual","potentialAction":[{"@type":"SearchAction","target":{"@type":"EntryPoint","urlTemplate":"https:\/\/ubaldofernandes.com\/?s={search_term_string}"},"query-input":{"@type":"PropertyValueSpecification","valueRequired":true,"valueName":"search_term_string"}}],"inLanguage":"pt-BR"}]}},"_links":{"self":[{"href":"https:\/\/ubaldofernandes.com\/index.php\/wp-json\/wp\/v2\/news\/7616","targetHints":{"allow":["GET"]}}],"collection":[{"href":"https:\/\/ubaldofernandes.com\/index.php\/wp-json\/wp\/v2\/news"}],"about":[{"href":"https:\/\/ubaldofernandes.com\/index.php\/wp-json\/wp\/v2\/types\/news"}],"wp:featuredmedia":[{"embeddable":true,"href":"https:\/\/ubaldofernandes.com\/index.php\/wp-json\/wp\/v2\/media\/7615"}],"wp:attachment":[{"href":"https:\/\/ubaldofernandes.com\/index.php\/wp-json\/wp\/v2\/media?parent=7616"}],"curies":[{"name":"wp","href":"https:\/\/api.w.org\/{rel}","templated":true}]}}