{"id":7660,"date":"2025-04-20T13:36:00","date_gmt":"2025-04-20T16:36:00","guid":{"rendered":"https:\/\/ubaldofernandes.com\/?post_type=news&#038;p=7660"},"modified":"2025-04-24T12:40:38","modified_gmt":"2025-04-24T15:40:38","slug":"ubaldo-visita-sao-miguel-e-conhece-o-instituto-carliano-carvalho-referencia-em-saude-humana-e-protecao-animal","status":"publish","type":"news","link":"https:\/\/ubaldofernandes.com\/index.php\/news\/ubaldo-visita-sao-miguel-e-conhece-o-instituto-carliano-carvalho-referencia-em-saude-humana-e-protecao-animal\/","title":{"rendered":"Ubaldo visita S\u00e3o Miguel e conhece o Instituto Carliano Carvalho, refer\u00eancia em sa\u00fade humana e prote\u00e7\u00e3o animal"},"content":{"rendered":"\n<p>O deputado estadual Ubaldo Fernandes (PSDB) esteve no munic\u00edpio de S\u00e3o Miguel, na regi\u00e3o Oeste do Rio Grande do Norte, em uma agenda que refor\u00e7a seu compromisso com duas de suas principais bandeiras: a sa\u00fade p\u00fablica humana e a causa animal.<\/p>\n\n\n\n<p>Durante a visita, Ubaldo conheceu o trabalho do Instituto Carliano Carvalho, mantido pelo ativista e empreendedor social Carliano Carvalho. A institui\u00e7\u00e3o se destaca pelo atendimento gratuito \u00e0 popula\u00e7\u00e3o nas \u00e1reas de sa\u00fade humana e bem-estar animal, oferecendo consultas, procedimentos e a\u00e7\u00f5es de acolhimento.<\/p>\n\n\n\n<p>Recebido por Carliano e acompanhado pelo vereador Jeffson Alves e por Guilherme de Avaci, o parlamentar percorreu as instala\u00e7\u00f5es do instituto, ouviu relatos de benefici\u00e1rios e demonstrou entusiasmo com a iniciativa. \u201cS\u00e3o a\u00e7\u00f5es como essa que fazem a diferen\u00e7a nas comunidades. Precisamos fortalecer e ampliar esse tipo de servi\u00e7o, que chega onde muitas vezes o poder p\u00fablico n\u00e3o consegue alcan\u00e7ar\u201d, destacou Ubaldo.<\/p>\n\n\n\n<p>Al\u00e9m de conhecer o trabalho do Instituto, o deputado aproveitou sua passagem pela cidade para dialogar com moradores e lideran\u00e7as sobre os principais desafios enfrentados por S\u00e3o Miguel, como a precariedade na infraestrutura e a falta de investimentos em \u00e1reas essenciais.<\/p>\n\n\n\n<p>Na ocasi\u00e3o, a comitiva visitou o trecho que liga a zona urbana de S\u00e3o Miguel a comunidades rurais como S\u00edtio Lagoinha, Retiro, Timba\u00faba e outras vizinhas. De acordo com Carliano, a situa\u00e7\u00e3o da estrada \u00e9 cr\u00edtica, com muitos buracos e trechos comprometidos, o que torna o acesso dif\u00edcil e perigoso para os moradores que dependem da via diariamente.<\/p>\n\n\n\n<p>Segundo ele, essa realidade impacta diretamente a popula\u00e7\u00e3o rural, que enfrenta obst\u00e1culos para chegar \u00e0s escolas, aos postos de sa\u00fade e at\u00e9 mesmo para se locomover com seguran\u00e7a. Diante da gravidade do problema, o deputado Ubaldo vai buscar, em car\u00e1ter de urg\u00eancia, que o Governo do Estado tome provid\u00eancias.<\/p>\n\n\n\n<p>O deputado Ubaldo Fernandes se comprometeu a levar essa demanda \u00e0 governadora e \u00e0 Assembleia Legislativa, cobrando agilidade nas solu\u00e7\u00f5es. \u201cSeguiremos vigilantes, firmes na defesa do direito de ir e vir com dignidade. Estrada \u00e9 cidadania!\u201d, refor\u00e7ou.<\/p>\n\n\n\n<p>Mat\u00e9ria publicada no <a href=\"https:\/\/blogdobispo.com.br\/?p=5084\">Blog do Bispo<\/a>. <\/p>\n","protected":false},"featured_media":7661,"parent":0,"template":"","class_list":["post-7660","news","type-news","status-publish","has-post-thumbnail","hentry"],"acf":[],"yoast_head":"<!-- This site is optimized with the Yoast SEO plugin v24.6 - https:\/\/yoast.com\/wordpress\/plugins\/seo\/ -->\n<title>Ubaldo visita S\u00e3o Miguel e conhece o Instituto Carliano Carvalho, refer\u00eancia em sa\u00fade humana e prote\u00e7\u00e3o animal - Ubaldo Fernandes<\/title>\n<meta name=\"robots\" content=\"index, follow, max-snippet:-1, max-image-preview:large, max-video-preview:-1\" \/>\n<link rel=\"canonical\" href=\"https:\/\/ubaldofernandes.com\/index.php\/news\/ubaldo-visita-sao-miguel-e-conhece-o-instituto-carliano-carvalho-referencia-em-saude-humana-e-protecao-animal\/\" \/>\n<meta property=\"og:locale\" content=\"pt_BR\" \/>\n<meta property=\"og:type\" content=\"article\" \/>\n<meta property=\"og:title\" content=\"Ubaldo visita S\u00e3o Miguel e conhece o Instituto Carliano Carvalho, refer\u00eancia em sa\u00fade humana e prote\u00e7\u00e3o animal - Ubaldo Fernandes\" \/>\n<meta property=\"og:description\" content=\"O deputado estadual Ubaldo Fernandes (PSDB) esteve no munic\u00edpio de S\u00e3o Miguel, na regi\u00e3o Oeste do Rio Grande do Norte, em uma agenda que refor\u00e7a seu compromisso com duas de suas principais bandeiras: a sa\u00fade p\u00fablica humana e a causa animal. Durante a visita, Ubaldo conheceu o trabalho do Instituto Carliano Carvalho, mantido pelo ativista [&hellip;]\" \/>\n<meta property=\"og:url\" content=\"https:\/\/ubaldofernandes.com\/index.php\/news\/ubaldo-visita-sao-miguel-e-conhece-o-instituto-carliano-carvalho-referencia-em-saude-humana-e-protecao-animal\/\" \/>\n<meta property=\"og:site_name\" content=\"Ubaldo Fernandes\" \/>\n<meta property=\"article:modified_time\" content=\"2025-04-24T15:40:38+00:00\" \/>\n<meta property=\"og:image\" content=\"https:\/\/ubaldofernandes.com\/wp-content\/uploads\/2025\/04\/7a03abf6-8a83-43db-8382-af808f9f3654-1-768x1024-1.jpg\" \/>\n\t<meta property=\"og:image:width\" content=\"768\" \/>\n\t<meta property=\"og:image:height\" content=\"1024\" \/>\n\t<meta property=\"og:image:type\" content=\"image\/jpeg\" \/>\n<meta name=\"twitter:card\" content=\"summary_large_image\" \/>\n<meta name=\"twitter:label1\" content=\"Est. tempo de leitura\" \/>\n\t<meta name=\"twitter:data1\" content=\"3 minutos\" \/>\n<script type=\"application\/ld+json\" class=\"yoast-schema-graph\">{\"@context\":\"https:\/\/schema.org\",\"@graph\":[{\"@type\":\"WebPage\",\"@id\":\"https:\/\/ubaldofernandes.com\/index.php\/news\/ubaldo-visita-sao-miguel-e-conhece-o-instituto-carliano-carvalho-referencia-em-saude-humana-e-protecao-animal\/\",\"url\":\"https:\/\/ubaldofernandes.com\/index.php\/news\/ubaldo-visita-sao-miguel-e-conhece-o-instituto-carliano-carvalho-referencia-em-saude-humana-e-protecao-animal\/\",\"name\":\"Ubaldo visita S\u00e3o Miguel e conhece o Instituto Carliano Carvalho, refer\u00eancia em sa\u00fade humana e prote\u00e7\u00e3o animal - Ubaldo Fernandes\",\"isPartOf\":{\"@id\":\"https:\/\/ubaldofernandes.com\/#website\"},\"primaryImageOfPage\":{\"@id\":\"https:\/\/ubaldofernandes.com\/index.php\/news\/ubaldo-visita-sao-miguel-e-conhece-o-instituto-carliano-carvalho-referencia-em-saude-humana-e-protecao-animal\/#primaryimage\"},\"image\":{\"@id\":\"https:\/\/ubaldofernandes.com\/index.php\/news\/ubaldo-visita-sao-miguel-e-conhece-o-instituto-carliano-carvalho-referencia-em-saude-humana-e-protecao-animal\/#primaryimage\"},\"thumbnailUrl\":\"https:\/\/ubaldofernandes.com\/wp-content\/uploads\/2025\/04\/7a03abf6-8a83-43db-8382-af808f9f3654-1-768x1024-1.jpg\",\"datePublished\":\"2025-04-20T16:36:00+00:00\",\"dateModified\":\"2025-04-24T15:40:38+00:00\",\"breadcrumb\":{\"@id\":\"https:\/\/ubaldofernandes.com\/index.php\/news\/ubaldo-visita-sao-miguel-e-conhece-o-instituto-carliano-carvalho-referencia-em-saude-humana-e-protecao-animal\/#breadcrumb\"},\"inLanguage\":\"pt-BR\",\"potentialAction\":[{\"@type\":\"ReadAction\",\"target\":[\"https:\/\/ubaldofernandes.com\/index.php\/news\/ubaldo-visita-sao-miguel-e-conhece-o-instituto-carliano-carvalho-referencia-em-saude-humana-e-protecao-animal\/\"]}]},{\"@type\":\"ImageObject\",\"inLanguage\":\"pt-BR\",\"@id\":\"https:\/\/ubaldofernandes.com\/index.php\/news\/ubaldo-visita-sao-miguel-e-conhece-o-instituto-carliano-carvalho-referencia-em-saude-humana-e-protecao-animal\/#primaryimage\",\"url\":\"https:\/\/ubaldofernandes.com\/wp-content\/uploads\/2025\/04\/7a03abf6-8a83-43db-8382-af808f9f3654-1-768x1024-1.jpg\",\"contentUrl\":\"https:\/\/ubaldofernandes.com\/wp-content\/uploads\/2025\/04\/7a03abf6-8a83-43db-8382-af808f9f3654-1-768x1024-1.jpg\",\"width\":768,\"height\":1024},{\"@type\":\"BreadcrumbList\",\"@id\":\"https:\/\/ubaldofernandes.com\/index.php\/news\/ubaldo-visita-sao-miguel-e-conhece-o-instituto-carliano-carvalho-referencia-em-saude-humana-e-protecao-animal\/#breadcrumb\",\"itemListElement\":[{\"@type\":\"ListItem\",\"position\":1,\"name\":\"In\u00edcio\",\"item\":\"https:\/\/ubaldofernandes.com\/\"},{\"@type\":\"ListItem\",\"position\":2,\"name\":\"Not\u00edcias\",\"item\":\"https:\/\/ubaldofernandes.com\/index.php\/news\/\"},{\"@type\":\"ListItem\",\"position\":3,\"name\":\"Ubaldo visita S\u00e3o Miguel e conhece o Instituto Carliano Carvalho, refer\u00eancia em sa\u00fade humana e prote\u00e7\u00e3o animal\"}]},{\"@type\":\"WebSite\",\"@id\":\"https:\/\/ubaldofernandes.com\/#website\",\"url\":\"https:\/\/ubaldofernandes.com\/\",\"name\":\"Ubaldo Fernandes\",\"description\":\"Deputado Estadual\",\"potentialAction\":[{\"@type\":\"SearchAction\",\"target\":{\"@type\":\"EntryPoint\",\"urlTemplate\":\"https:\/\/ubaldofernandes.com\/?s={search_term_string}\"},\"query-input\":{\"@type\":\"PropertyValueSpecification\",\"valueRequired\":true,\"valueName\":\"search_term_string\"}}],\"inLanguage\":\"pt-BR\"}]}<\/script>\n<!-- \/ Yoast SEO plugin. -->","yoast_head_json":{"title":"Ubaldo visita S\u00e3o Miguel e conhece o Instituto Carliano Carvalho, refer\u00eancia em sa\u00fade humana e prote\u00e7\u00e3o animal - Ubaldo Fernandes","robots":{"index":"index","follow":"follow","max-snippet":"max-snippet:-1","max-image-preview":"max-image-preview:large","max-video-preview":"max-video-preview:-1"},"canonical":"https:\/\/ubaldofernandes.com\/index.php\/news\/ubaldo-visita-sao-miguel-e-conhece-o-instituto-carliano-carvalho-referencia-em-saude-humana-e-protecao-animal\/","og_locale":"pt_BR","og_type":"article","og_title":"Ubaldo visita S\u00e3o Miguel e conhece o Instituto Carliano Carvalho, refer\u00eancia em sa\u00fade humana e prote\u00e7\u00e3o animal - Ubaldo Fernandes","og_description":"O deputado estadual Ubaldo Fernandes (PSDB) esteve no munic\u00edpio de S\u00e3o Miguel, na regi\u00e3o Oeste do Rio Grande do Norte, em uma agenda que refor\u00e7a seu compromisso com duas de suas principais bandeiras: a sa\u00fade p\u00fablica humana e a causa animal. Durante a visita, Ubaldo conheceu o trabalho do Instituto Carliano Carvalho, mantido pelo ativista [&hellip;]","og_url":"https:\/\/ubaldofernandes.com\/index.php\/news\/ubaldo-visita-sao-miguel-e-conhece-o-instituto-carliano-carvalho-referencia-em-saude-humana-e-protecao-animal\/","og_site_name":"Ubaldo Fernandes","article_modified_time":"2025-04-24T15:40:38+00:00","og_image":[{"width":768,"height":1024,"url":"https:\/\/ubaldofernandes.com\/wp-content\/uploads\/2025\/04\/7a03abf6-8a83-43db-8382-af808f9f3654-1-768x1024-1.jpg","type":"image\/jpeg"}],"twitter_card":"summary_large_image","twitter_misc":{"Est. tempo de leitura":"3 minutos"},"schema":{"@context":"https:\/\/schema.org","@graph":[{"@type":"WebPage","@id":"https:\/\/ubaldofernandes.com\/index.php\/news\/ubaldo-visita-sao-miguel-e-conhece-o-instituto-carliano-carvalho-referencia-em-saude-humana-e-protecao-animal\/","url":"https:\/\/ubaldofernandes.com\/index.php\/news\/ubaldo-visita-sao-miguel-e-conhece-o-instituto-carliano-carvalho-referencia-em-saude-humana-e-protecao-animal\/","name":"Ubaldo visita S\u00e3o Miguel e conhece o Instituto Carliano Carvalho, refer\u00eancia em sa\u00fade humana e prote\u00e7\u00e3o animal - Ubaldo Fernandes","isPartOf":{"@id":"https:\/\/ubaldofernandes.com\/#website"},"primaryImageOfPage":{"@id":"https:\/\/ubaldofernandes.com\/index.php\/news\/ubaldo-visita-sao-miguel-e-conhece-o-instituto-carliano-carvalho-referencia-em-saude-humana-e-protecao-animal\/#primaryimage"},"image":{"@id":"https:\/\/ubaldofernandes.com\/index.php\/news\/ubaldo-visita-sao-miguel-e-conhece-o-instituto-carliano-carvalho-referencia-em-saude-humana-e-protecao-animal\/#primaryimage"},"thumbnailUrl":"https:\/\/ubaldofernandes.com\/wp-content\/uploads\/2025\/04\/7a03abf6-8a83-43db-8382-af808f9f3654-1-768x1024-1.jpg","datePublished":"2025-04-20T16:36:00+00:00","dateModified":"2025-04-24T15:40:38+00:00","breadcrumb":{"@id":"https:\/\/ubaldofernandes.com\/index.php\/news\/ubaldo-visita-sao-miguel-e-conhece-o-instituto-carliano-carvalho-referencia-em-saude-humana-e-protecao-animal\/#breadcrumb"},"inLanguage":"pt-BR","potentialAction":[{"@type":"ReadAction","target":["https:\/\/ubaldofernandes.com\/index.php\/news\/ubaldo-visita-sao-miguel-e-conhece-o-instituto-carliano-carvalho-referencia-em-saude-humana-e-protecao-animal\/"]}]},{"@type":"ImageObject","inLanguage":"pt-BR","@id":"https:\/\/ubaldofernandes.com\/index.php\/news\/ubaldo-visita-sao-miguel-e-conhece-o-instituto-carliano-carvalho-referencia-em-saude-humana-e-protecao-animal\/#primaryimage","url":"https:\/\/ubaldofernandes.com\/wp-content\/uploads\/2025\/04\/7a03abf6-8a83-43db-8382-af808f9f3654-1-768x1024-1.jpg","contentUrl":"https:\/\/ubaldofernandes.com\/wp-content\/uploads\/2025\/04\/7a03abf6-8a83-43db-8382-af808f9f3654-1-768x1024-1.jpg","width":768,"height":1024},{"@type":"BreadcrumbList","@id":"https:\/\/ubaldofernandes.com\/index.php\/news\/ubaldo-visita-sao-miguel-e-conhece-o-instituto-carliano-carvalho-referencia-em-saude-humana-e-protecao-animal\/#breadcrumb","itemListElement":[{"@type":"ListItem","position":1,"name":"In\u00edcio","item":"https:\/\/ubaldofernandes.com\/"},{"@type":"ListItem","position":2,"name":"Not\u00edcias","item":"https:\/\/ubaldofernandes.com\/index.php\/news\/"},{"@type":"ListItem","position":3,"name":"Ubaldo visita S\u00e3o Miguel e conhece o Instituto Carliano Carvalho, refer\u00eancia em sa\u00fade humana e prote\u00e7\u00e3o animal"}]},{"@type":"WebSite","@id":"https:\/\/ubaldofernandes.com\/#website","url":"https:\/\/ubaldofernandes.com\/","name":"Ubaldo Fernandes","description":"Deputado Estadual","potentialAction":[{"@type":"SearchAction","target":{"@type":"EntryPoint","urlTemplate":"https:\/\/ubaldofernandes.com\/?s={search_term_string}"},"query-input":{"@type":"PropertyValueSpecification","valueRequired":true,"valueName":"search_term_string"}}],"inLanguage":"pt-BR"}]}},"_links":{"self":[{"href":"https:\/\/ubaldofernandes.com\/index.php\/wp-json\/wp\/v2\/news\/7660","targetHints":{"allow":["GET"]}}],"collection":[{"href":"https:\/\/ubaldofernandes.com\/index.php\/wp-json\/wp\/v2\/news"}],"about":[{"href":"https:\/\/ubaldofernandes.com\/index.php\/wp-json\/wp\/v2\/types\/news"}],"wp:featuredmedia":[{"embeddable":true,"href":"https:\/\/ubaldofernandes.com\/index.php\/wp-json\/wp\/v2\/media\/7661"}],"wp:attachment":[{"href":"https:\/\/ubaldofernandes.com\/index.php\/wp-json\/wp\/v2\/media?parent=7660"}],"curies":[{"name":"wp","href":"https:\/\/api.w.org\/{rel}","templated":true}]}}