{"id":7666,"date":"2025-04-24T10:51:00","date_gmt":"2025-04-24T13:51:00","guid":{"rendered":"https:\/\/ubaldofernandes.com\/?post_type=news&#038;p=7666"},"modified":"2025-04-24T12:56:22","modified_gmt":"2025-04-24T15:56:22","slug":"importante-governo-sanciona-projeto-de-ubaldo-e-rn-tera-cartao-digital-de-vacinacao","status":"publish","type":"news","link":"https:\/\/ubaldofernandes.com\/index.php\/news\/importante-governo-sanciona-projeto-de-ubaldo-e-rn-tera-cartao-digital-de-vacinacao\/","title":{"rendered":"IMPORTANTE: Governo sanciona projeto de Ubaldo e RN ter\u00e1 Cart\u00e3o Digital de Vacina\u00e7\u00e3o"},"content":{"rendered":"\n<p>O Rio Grande do Norte d\u00e1 um importante passo na moderniza\u00e7\u00e3o dos servi\u00e7os de sa\u00fade com a san\u00e7\u00e3o da Lei n\u00ba 12.130\/2025, de autoria do deputado estadual Ubaldo Fernandes, que cria o Cart\u00e3o Digital de Vacina\u00e7\u00e3o. A medida foi sancionada pela governadora F\u00e1tima Bezerra no \u00faltimo dia 16 de abril e j\u00e1 est\u00e1 em vigor.<\/p>\n\n\n\n<p>Com a nova lei, os potiguares ter\u00e3o acesso digital a um documento fundamental para o controle e acompanhamento da imuniza\u00e7\u00e3o. O Cart\u00e3o Digital de Vacina\u00e7\u00e3o dever\u00e1 conter informa\u00e7\u00f5es detalhadas como o fabricante e lote da vacina, local e data de aplica\u00e7\u00e3o, previs\u00e3o da pr\u00f3xima dose (quando aplic\u00e1vel), al\u00e9m do calend\u00e1rio completo de vacina\u00e7\u00e3o do SUS.<\/p>\n\n\n\n<p>\u201cEssa iniciativa visa facilitar o acesso \u00e0s informa\u00e7\u00f5es de imuniza\u00e7\u00e3o da popula\u00e7\u00e3o, promovendo mais seguran\u00e7a, praticidade e controle. \u00c9 um avan\u00e7o necess\u00e1rio para a sa\u00fade p\u00fablica do nosso estado\u201d, destacou o deputado Ubaldo Fernandes.<\/p>\n\n\n\n<p>De acordo com a lei, os estabelecimentos de sa\u00fade \u2013 p\u00fablicos ou privados \u2013 ser\u00e3o respons\u00e1veis por inserir os dados no sistema, que estar\u00e1 dispon\u00edvel pela internet e por dispositivos m\u00f3veis como smartphones. Essa digitaliza\u00e7\u00e3o n\u00e3o apenas facilita o acesso do cidad\u00e3o \u00e0s informa\u00e7\u00f5es, como tamb\u00e9m fortalece a atua\u00e7\u00e3o do sistema p\u00fablico de sa\u00fade, que poder\u00e1 utilizar os dados para planejar campanhas, a\u00e7\u00f5es sanit\u00e1rias e compras de vacinas de forma mais eficiente.<\/p>\n\n\n\n<p>Na justificativa do projeto, Ubaldo ressalta que a vacina\u00e7\u00e3o \u00e9 uma das estrat\u00e9gias mais eficazes de preven\u00e7\u00e3o de doen\u00e7as, lembrando que o Brasil \u00e9 refer\u00eancia mundial na produ\u00e7\u00e3o e aplica\u00e7\u00e3o de vacinas. \u201c\u00c9 preciso garantir que cada cidad\u00e3o tenha seu hist\u00f3rico vacinal protegido e acess\u00edvel, mesmo em caso de perda do cart\u00e3o f\u00edsico. Isso contribui para a seguran\u00e7a individual e coletiva\u201d, afirmou.<\/p>\n\n\n\n<p>A regulamenta\u00e7\u00e3o dos detalhes operacionais da lei ficar\u00e1 a cargo do Poder Executivo, que dever\u00e1 indicar como o Cart\u00e3o Digital ser\u00e1 implantado no sistema estadual de sa\u00fade.<\/p>\n\n\n\n<p>Com essa medida, o Rio Grande do Norte passa a integrar o grupo de estados que investem em solu\u00e7\u00f5es digitais para aprimorar os servi\u00e7os p\u00fablicos e promover uma sa\u00fade mais moderna, acess\u00edvel e preventiva.<\/p>\n\n\n\n<p>Mat\u00e9ria publicada no <a href=\"https:\/\/blogdopassaro.com.br\/importante-governo-sanciona-projeto-de-ubaldo-e-rn-tera-cartao-digital-de-vacinacao\/\">Blog do P\u00e1ssaro<\/a>. <\/p>\n","protected":false},"featured_media":7665,"parent":0,"template":"","class_list":["post-7666","news","type-news","status-publish","has-post-thumbnail","hentry"],"acf":[],"yoast_head":"<!-- This site is optimized with the Yoast SEO plugin v24.6 - https:\/\/yoast.com\/wordpress\/plugins\/seo\/ -->\n<title>IMPORTANTE: Governo sanciona projeto de Ubaldo e RN ter\u00e1 Cart\u00e3o Digital de Vacina\u00e7\u00e3o - Ubaldo Fernandes<\/title>\n<meta name=\"robots\" content=\"index, follow, max-snippet:-1, max-image-preview:large, max-video-preview:-1\" \/>\n<link rel=\"canonical\" href=\"https:\/\/ubaldofernandes.com\/index.php\/news\/importante-governo-sanciona-projeto-de-ubaldo-e-rn-tera-cartao-digital-de-vacinacao\/\" \/>\n<meta property=\"og:locale\" content=\"pt_BR\" \/>\n<meta property=\"og:type\" content=\"article\" \/>\n<meta property=\"og:title\" content=\"IMPORTANTE: Governo sanciona projeto de Ubaldo e RN ter\u00e1 Cart\u00e3o Digital de Vacina\u00e7\u00e3o - Ubaldo Fernandes\" \/>\n<meta property=\"og:description\" content=\"O Rio Grande do Norte d\u00e1 um importante passo na moderniza\u00e7\u00e3o dos servi\u00e7os de sa\u00fade com a san\u00e7\u00e3o da Lei n\u00ba 12.130\/2025, de autoria do deputado estadual Ubaldo Fernandes, que cria o Cart\u00e3o Digital de Vacina\u00e7\u00e3o. A medida foi sancionada pela governadora F\u00e1tima Bezerra no \u00faltimo dia 16 de abril e j\u00e1 est\u00e1 em vigor. [&hellip;]\" \/>\n<meta property=\"og:url\" content=\"https:\/\/ubaldofernandes.com\/index.php\/news\/importante-governo-sanciona-projeto-de-ubaldo-e-rn-tera-cartao-digital-de-vacinacao\/\" \/>\n<meta property=\"og:site_name\" content=\"Ubaldo Fernandes\" \/>\n<meta property=\"article:modified_time\" content=\"2025-04-24T15:56:22+00:00\" \/>\n<meta property=\"og:image\" content=\"https:\/\/ubaldofernandes.com\/wp-content\/uploads\/2025\/04\/859f4802-fd08-49d2-b439-0ce01ba80443-1-1024x682-1.jpg\" \/>\n\t<meta property=\"og:image:width\" content=\"1024\" \/>\n\t<meta property=\"og:image:height\" content=\"682\" \/>\n\t<meta property=\"og:image:type\" content=\"image\/jpeg\" \/>\n<meta name=\"twitter:card\" content=\"summary_large_image\" \/>\n<meta name=\"twitter:label1\" content=\"Est. tempo de leitura\" \/>\n\t<meta name=\"twitter:data1\" content=\"3 minutos\" \/>\n<script type=\"application\/ld+json\" class=\"yoast-schema-graph\">{\"@context\":\"https:\/\/schema.org\",\"@graph\":[{\"@type\":\"WebPage\",\"@id\":\"https:\/\/ubaldofernandes.com\/index.php\/news\/importante-governo-sanciona-projeto-de-ubaldo-e-rn-tera-cartao-digital-de-vacinacao\/\",\"url\":\"https:\/\/ubaldofernandes.com\/index.php\/news\/importante-governo-sanciona-projeto-de-ubaldo-e-rn-tera-cartao-digital-de-vacinacao\/\",\"name\":\"IMPORTANTE: Governo sanciona projeto de Ubaldo e RN ter\u00e1 Cart\u00e3o Digital de Vacina\u00e7\u00e3o - Ubaldo Fernandes\",\"isPartOf\":{\"@id\":\"https:\/\/ubaldofernandes.com\/#website\"},\"primaryImageOfPage\":{\"@id\":\"https:\/\/ubaldofernandes.com\/index.php\/news\/importante-governo-sanciona-projeto-de-ubaldo-e-rn-tera-cartao-digital-de-vacinacao\/#primaryimage\"},\"image\":{\"@id\":\"https:\/\/ubaldofernandes.com\/index.php\/news\/importante-governo-sanciona-projeto-de-ubaldo-e-rn-tera-cartao-digital-de-vacinacao\/#primaryimage\"},\"thumbnailUrl\":\"https:\/\/ubaldofernandes.com\/wp-content\/uploads\/2025\/04\/859f4802-fd08-49d2-b439-0ce01ba80443-1-1024x682-1.jpg\",\"datePublished\":\"2025-04-24T13:51:00+00:00\",\"dateModified\":\"2025-04-24T15:56:22+00:00\",\"breadcrumb\":{\"@id\":\"https:\/\/ubaldofernandes.com\/index.php\/news\/importante-governo-sanciona-projeto-de-ubaldo-e-rn-tera-cartao-digital-de-vacinacao\/#breadcrumb\"},\"inLanguage\":\"pt-BR\",\"potentialAction\":[{\"@type\":\"ReadAction\",\"target\":[\"https:\/\/ubaldofernandes.com\/index.php\/news\/importante-governo-sanciona-projeto-de-ubaldo-e-rn-tera-cartao-digital-de-vacinacao\/\"]}]},{\"@type\":\"ImageObject\",\"inLanguage\":\"pt-BR\",\"@id\":\"https:\/\/ubaldofernandes.com\/index.php\/news\/importante-governo-sanciona-projeto-de-ubaldo-e-rn-tera-cartao-digital-de-vacinacao\/#primaryimage\",\"url\":\"https:\/\/ubaldofernandes.com\/wp-content\/uploads\/2025\/04\/859f4802-fd08-49d2-b439-0ce01ba80443-1-1024x682-1.jpg\",\"contentUrl\":\"https:\/\/ubaldofernandes.com\/wp-content\/uploads\/2025\/04\/859f4802-fd08-49d2-b439-0ce01ba80443-1-1024x682-1.jpg\",\"width\":1024,\"height\":682},{\"@type\":\"BreadcrumbList\",\"@id\":\"https:\/\/ubaldofernandes.com\/index.php\/news\/importante-governo-sanciona-projeto-de-ubaldo-e-rn-tera-cartao-digital-de-vacinacao\/#breadcrumb\",\"itemListElement\":[{\"@type\":\"ListItem\",\"position\":1,\"name\":\"In\u00edcio\",\"item\":\"https:\/\/ubaldofernandes.com\/\"},{\"@type\":\"ListItem\",\"position\":2,\"name\":\"Not\u00edcias\",\"item\":\"https:\/\/ubaldofernandes.com\/index.php\/news\/\"},{\"@type\":\"ListItem\",\"position\":3,\"name\":\"IMPORTANTE: Governo sanciona projeto de Ubaldo e RN ter\u00e1 Cart\u00e3o Digital de Vacina\u00e7\u00e3o\"}]},{\"@type\":\"WebSite\",\"@id\":\"https:\/\/ubaldofernandes.com\/#website\",\"url\":\"https:\/\/ubaldofernandes.com\/\",\"name\":\"Ubaldo Fernandes\",\"description\":\"Deputado Estadual\",\"potentialAction\":[{\"@type\":\"SearchAction\",\"target\":{\"@type\":\"EntryPoint\",\"urlTemplate\":\"https:\/\/ubaldofernandes.com\/?s={search_term_string}\"},\"query-input\":{\"@type\":\"PropertyValueSpecification\",\"valueRequired\":true,\"valueName\":\"search_term_string\"}}],\"inLanguage\":\"pt-BR\"}]}<\/script>\n<!-- \/ Yoast SEO plugin. -->","yoast_head_json":{"title":"IMPORTANTE: Governo sanciona projeto de Ubaldo e RN ter\u00e1 Cart\u00e3o Digital de Vacina\u00e7\u00e3o - Ubaldo Fernandes","robots":{"index":"index","follow":"follow","max-snippet":"max-snippet:-1","max-image-preview":"max-image-preview:large","max-video-preview":"max-video-preview:-1"},"canonical":"https:\/\/ubaldofernandes.com\/index.php\/news\/importante-governo-sanciona-projeto-de-ubaldo-e-rn-tera-cartao-digital-de-vacinacao\/","og_locale":"pt_BR","og_type":"article","og_title":"IMPORTANTE: Governo sanciona projeto de Ubaldo e RN ter\u00e1 Cart\u00e3o Digital de Vacina\u00e7\u00e3o - Ubaldo Fernandes","og_description":"O Rio Grande do Norte d\u00e1 um importante passo na moderniza\u00e7\u00e3o dos servi\u00e7os de sa\u00fade com a san\u00e7\u00e3o da Lei n\u00ba 12.130\/2025, de autoria do deputado estadual Ubaldo Fernandes, que cria o Cart\u00e3o Digital de Vacina\u00e7\u00e3o. A medida foi sancionada pela governadora F\u00e1tima Bezerra no \u00faltimo dia 16 de abril e j\u00e1 est\u00e1 em vigor. [&hellip;]","og_url":"https:\/\/ubaldofernandes.com\/index.php\/news\/importante-governo-sanciona-projeto-de-ubaldo-e-rn-tera-cartao-digital-de-vacinacao\/","og_site_name":"Ubaldo Fernandes","article_modified_time":"2025-04-24T15:56:22+00:00","og_image":[{"width":1024,"height":682,"url":"https:\/\/ubaldofernandes.com\/wp-content\/uploads\/2025\/04\/859f4802-fd08-49d2-b439-0ce01ba80443-1-1024x682-1.jpg","type":"image\/jpeg"}],"twitter_card":"summary_large_image","twitter_misc":{"Est. tempo de leitura":"3 minutos"},"schema":{"@context":"https:\/\/schema.org","@graph":[{"@type":"WebPage","@id":"https:\/\/ubaldofernandes.com\/index.php\/news\/importante-governo-sanciona-projeto-de-ubaldo-e-rn-tera-cartao-digital-de-vacinacao\/","url":"https:\/\/ubaldofernandes.com\/index.php\/news\/importante-governo-sanciona-projeto-de-ubaldo-e-rn-tera-cartao-digital-de-vacinacao\/","name":"IMPORTANTE: Governo sanciona projeto de Ubaldo e RN ter\u00e1 Cart\u00e3o Digital de Vacina\u00e7\u00e3o - Ubaldo Fernandes","isPartOf":{"@id":"https:\/\/ubaldofernandes.com\/#website"},"primaryImageOfPage":{"@id":"https:\/\/ubaldofernandes.com\/index.php\/news\/importante-governo-sanciona-projeto-de-ubaldo-e-rn-tera-cartao-digital-de-vacinacao\/#primaryimage"},"image":{"@id":"https:\/\/ubaldofernandes.com\/index.php\/news\/importante-governo-sanciona-projeto-de-ubaldo-e-rn-tera-cartao-digital-de-vacinacao\/#primaryimage"},"thumbnailUrl":"https:\/\/ubaldofernandes.com\/wp-content\/uploads\/2025\/04\/859f4802-fd08-49d2-b439-0ce01ba80443-1-1024x682-1.jpg","datePublished":"2025-04-24T13:51:00+00:00","dateModified":"2025-04-24T15:56:22+00:00","breadcrumb":{"@id":"https:\/\/ubaldofernandes.com\/index.php\/news\/importante-governo-sanciona-projeto-de-ubaldo-e-rn-tera-cartao-digital-de-vacinacao\/#breadcrumb"},"inLanguage":"pt-BR","potentialAction":[{"@type":"ReadAction","target":["https:\/\/ubaldofernandes.com\/index.php\/news\/importante-governo-sanciona-projeto-de-ubaldo-e-rn-tera-cartao-digital-de-vacinacao\/"]}]},{"@type":"ImageObject","inLanguage":"pt-BR","@id":"https:\/\/ubaldofernandes.com\/index.php\/news\/importante-governo-sanciona-projeto-de-ubaldo-e-rn-tera-cartao-digital-de-vacinacao\/#primaryimage","url":"https:\/\/ubaldofernandes.com\/wp-content\/uploads\/2025\/04\/859f4802-fd08-49d2-b439-0ce01ba80443-1-1024x682-1.jpg","contentUrl":"https:\/\/ubaldofernandes.com\/wp-content\/uploads\/2025\/04\/859f4802-fd08-49d2-b439-0ce01ba80443-1-1024x682-1.jpg","width":1024,"height":682},{"@type":"BreadcrumbList","@id":"https:\/\/ubaldofernandes.com\/index.php\/news\/importante-governo-sanciona-projeto-de-ubaldo-e-rn-tera-cartao-digital-de-vacinacao\/#breadcrumb","itemListElement":[{"@type":"ListItem","position":1,"name":"In\u00edcio","item":"https:\/\/ubaldofernandes.com\/"},{"@type":"ListItem","position":2,"name":"Not\u00edcias","item":"https:\/\/ubaldofernandes.com\/index.php\/news\/"},{"@type":"ListItem","position":3,"name":"IMPORTANTE: Governo sanciona projeto de Ubaldo e RN ter\u00e1 Cart\u00e3o Digital de Vacina\u00e7\u00e3o"}]},{"@type":"WebSite","@id":"https:\/\/ubaldofernandes.com\/#website","url":"https:\/\/ubaldofernandes.com\/","name":"Ubaldo Fernandes","description":"Deputado Estadual","potentialAction":[{"@type":"SearchAction","target":{"@type":"EntryPoint","urlTemplate":"https:\/\/ubaldofernandes.com\/?s={search_term_string}"},"query-input":{"@type":"PropertyValueSpecification","valueRequired":true,"valueName":"search_term_string"}}],"inLanguage":"pt-BR"}]}},"_links":{"self":[{"href":"https:\/\/ubaldofernandes.com\/index.php\/wp-json\/wp\/v2\/news\/7666","targetHints":{"allow":["GET"]}}],"collection":[{"href":"https:\/\/ubaldofernandes.com\/index.php\/wp-json\/wp\/v2\/news"}],"about":[{"href":"https:\/\/ubaldofernandes.com\/index.php\/wp-json\/wp\/v2\/types\/news"}],"wp:featuredmedia":[{"embeddable":true,"href":"https:\/\/ubaldofernandes.com\/index.php\/wp-json\/wp\/v2\/media\/7665"}],"wp:attachment":[{"href":"https:\/\/ubaldofernandes.com\/index.php\/wp-json\/wp\/v2\/media?parent=7666"}],"curies":[{"name":"wp","href":"https:\/\/api.w.org\/{rel}","templated":true}]}}