{"id":7680,"date":"2025-04-29T12:47:00","date_gmt":"2025-04-29T15:47:00","guid":{"rendered":"https:\/\/ubaldofernandes.com\/?post_type=news&#038;p=7680"},"modified":"2025-05-09T12:49:29","modified_gmt":"2025-05-09T15:49:29","slug":"ubaldo-reforca-compromisso-com-infraestrutura-habitacao-e-transporte-intermunicipal-em-reunioes-no-der-e-na-cehab","status":"publish","type":"news","link":"https:\/\/ubaldofernandes.com\/index.php\/news\/ubaldo-reforca-compromisso-com-infraestrutura-habitacao-e-transporte-intermunicipal-em-reunioes-no-der-e-na-cehab\/","title":{"rendered":"Ubaldo refor\u00e7a compromisso com infraestrutura, habita\u00e7\u00e3o e transporte intermunicipal em reuni\u00f5es no DER e na CEHAB"},"content":{"rendered":"\n<p>Nesta segunda-feira, 28 de abril, o deputado estadual Ubaldo Fernandes articulou uma s\u00e9rie de importantes reuni\u00f5es que refor\u00e7am seu compromisso com o desenvolvimento e a qualidade de vida da popula\u00e7\u00e3o do Rio Grande do Norte. Logo no in\u00edcio do dia, esteve no Departamento de Estradas de Rodagem (DER\/RN), onde discutiu pautas fundamentais para a infraestrutura vi\u00e1ria e para o transporte intermunicipal.<\/p>\n\n\n\n<p>Entre os principais temas debatidos no DER, destacou-se o recapeamento de rodovias essenciais para o estado. Foram tratados projetos como o recapeamento da RN-003, beneficiando o munic\u00edpio de Serrinha e regi\u00e3o, com a presen\u00e7a da prefeita Kauany Medeiros; da RN-118, no trecho de Ipangua\u00e7u at\u00e9 a comunidade do Patach\u00f3, solicitado pelo prefeito Jefferson Santos e pelo vice-prefeito Dr. Thales; e da RN-120, que corta o centro urbano de Santo Ant\u00f4nio do Salto da On\u00e7a, demanda apresentada pelo vereador Aldair Bike. Ubaldo tamb\u00e9m requereu melhorias para a RN-016, que liga Ass\u00fa a Carnaubais, atendendo a um pedido da vereadora Tassinha. O parlamentar ressaltou que essas obras s\u00e3o fundamentais para melhorar a seguran\u00e7a nas estradas, facilitar o transporte de moradores e produtos e impulsionar o desenvolvimento econ\u00f4mico das regi\u00f5es atendidas.<\/p>\n\n\n\n<p>Ainda no DER, Ubaldo Fernandes participou de outra importante audi\u00eancia, desta vez para tratar da regulariza\u00e7\u00e3o das cooperativas de transporte intermunicipal. O encontro, solicitado pela Organiza\u00e7\u00e3o das Cooperativas do Estado do Rio Grande do Norte (OCERN), representada pelo presidente Eduardo Gatto, discutiu a obrigatoriedade da apresenta\u00e7\u00e3o dos Certificados de Registro e Regularidade emitidos pela entidade no processo de credenciamento junto ao DER. A medida busca assegurar que apenas cooperativas regulares operem no setor, combatendo a atua\u00e7\u00e3o de grupos irregulares. A diretora-geral do DER\/RN, Shirley Nunes, informou que o processo de regulamenta\u00e7\u00e3o est\u00e1 avan\u00e7ado e deve ser conclu\u00eddo em at\u00e9 15 dias. Ubaldo destacou a import\u00e2ncia dessa a\u00e7\u00e3o para promover mais seguran\u00e7a, organiza\u00e7\u00e3o e fortalecimento do cooperativismo no transporte intermunicipal potiguar.<\/p>\n\n\n\n<p>Dando sequ\u00eancia \u00e0 sua agenda, o deputado participou de reuni\u00e3o na Companhia Estadual de Habita\u00e7\u00e3o e Desenvolvimento Urbano (CEHAB), onde se encontrou com o diretor-presidente Pablo Thiago para tratar de projetos habitacionais. O principal tema foi a continuidade do programa Minha Casa Minha Vida no munic\u00edpio de Campo Redondo, com a presen\u00e7a do vereador Meirinho. A iniciativa visa \u00e0 constru\u00e7\u00e3o de novas moradias para fam\u00edlias em situa\u00e7\u00e3o de vulnerabilidade, garantindo dignidade e melhores condi\u00e7\u00f5es de vida. &#8220;Garantir um lar digno para nossas fam\u00edlias \u00e9 uma prioridade do meu mandato&#8221;, afirmou Ubaldo Fernandes.<\/p>\n\n\n\n<p>Mat\u00e9ria publicada no <a href=\"https:\/\/www.alexsilvaassu.com.br\/2025\/04\/ubaldo-reforca-compromisso-com.html\">Blog Alex Silva<\/a>. <\/p>\n","protected":false},"featured_media":7681,"parent":0,"template":"","class_list":["post-7680","news","type-news","status-publish","has-post-thumbnail","hentry"],"acf":[],"yoast_head":"<!-- This site is optimized with the Yoast SEO plugin v24.6 - https:\/\/yoast.com\/wordpress\/plugins\/seo\/ -->\n<title>Ubaldo refor\u00e7a compromisso com infraestrutura, habita\u00e7\u00e3o e transporte intermunicipal em reuni\u00f5es no DER e na CEHAB - Ubaldo Fernandes<\/title>\n<meta name=\"robots\" content=\"index, follow, max-snippet:-1, max-image-preview:large, max-video-preview:-1\" \/>\n<link rel=\"canonical\" href=\"https:\/\/ubaldofernandes.com\/index.php\/news\/ubaldo-reforca-compromisso-com-infraestrutura-habitacao-e-transporte-intermunicipal-em-reunioes-no-der-e-na-cehab\/\" \/>\n<meta property=\"og:locale\" content=\"pt_BR\" \/>\n<meta property=\"og:type\" content=\"article\" \/>\n<meta property=\"og:title\" content=\"Ubaldo refor\u00e7a compromisso com infraestrutura, habita\u00e7\u00e3o e transporte intermunicipal em reuni\u00f5es no DER e na CEHAB - Ubaldo Fernandes\" \/>\n<meta property=\"og:description\" content=\"Nesta segunda-feira, 28 de abril, o deputado estadual Ubaldo Fernandes articulou uma s\u00e9rie de importantes reuni\u00f5es que refor\u00e7am seu compromisso com o desenvolvimento e a qualidade de vida da popula\u00e7\u00e3o do Rio Grande do Norte. Logo no in\u00edcio do dia, esteve no Departamento de Estradas de Rodagem (DER\/RN), onde discutiu pautas fundamentais para a infraestrutura [&hellip;]\" \/>\n<meta property=\"og:url\" content=\"https:\/\/ubaldofernandes.com\/index.php\/news\/ubaldo-reforca-compromisso-com-infraestrutura-habitacao-e-transporte-intermunicipal-em-reunioes-no-der-e-na-cehab\/\" \/>\n<meta property=\"og:site_name\" content=\"Ubaldo Fernandes\" \/>\n<meta property=\"article:modified_time\" content=\"2025-05-09T15:49:29+00:00\" \/>\n<meta property=\"og:image\" content=\"https:\/\/ubaldofernandes.com\/wp-content\/uploads\/2025\/05\/2f4da416-3022-4f83-b9da-57035118cdb6-scaled.jpg\" \/>\n\t<meta property=\"og:image:width\" content=\"1920\" \/>\n\t<meta property=\"og:image:height\" content=\"2560\" \/>\n\t<meta property=\"og:image:type\" content=\"image\/jpeg\" \/>\n<meta name=\"twitter:card\" content=\"summary_large_image\" \/>\n<meta name=\"twitter:label1\" content=\"Est. tempo de leitura\" \/>\n\t<meta name=\"twitter:data1\" content=\"3 minutos\" \/>\n<script type=\"application\/ld+json\" class=\"yoast-schema-graph\">{\"@context\":\"https:\/\/schema.org\",\"@graph\":[{\"@type\":\"WebPage\",\"@id\":\"https:\/\/ubaldofernandes.com\/index.php\/news\/ubaldo-reforca-compromisso-com-infraestrutura-habitacao-e-transporte-intermunicipal-em-reunioes-no-der-e-na-cehab\/\",\"url\":\"https:\/\/ubaldofernandes.com\/index.php\/news\/ubaldo-reforca-compromisso-com-infraestrutura-habitacao-e-transporte-intermunicipal-em-reunioes-no-der-e-na-cehab\/\",\"name\":\"Ubaldo refor\u00e7a compromisso com infraestrutura, habita\u00e7\u00e3o e transporte intermunicipal em reuni\u00f5es no DER e na CEHAB - Ubaldo Fernandes\",\"isPartOf\":{\"@id\":\"https:\/\/ubaldofernandes.com\/#website\"},\"primaryImageOfPage\":{\"@id\":\"https:\/\/ubaldofernandes.com\/index.php\/news\/ubaldo-reforca-compromisso-com-infraestrutura-habitacao-e-transporte-intermunicipal-em-reunioes-no-der-e-na-cehab\/#primaryimage\"},\"image\":{\"@id\":\"https:\/\/ubaldofernandes.com\/index.php\/news\/ubaldo-reforca-compromisso-com-infraestrutura-habitacao-e-transporte-intermunicipal-em-reunioes-no-der-e-na-cehab\/#primaryimage\"},\"thumbnailUrl\":\"https:\/\/ubaldofernandes.com\/wp-content\/uploads\/2025\/05\/2f4da416-3022-4f83-b9da-57035118cdb6-scaled.jpg\",\"datePublished\":\"2025-04-29T15:47:00+00:00\",\"dateModified\":\"2025-05-09T15:49:29+00:00\",\"breadcrumb\":{\"@id\":\"https:\/\/ubaldofernandes.com\/index.php\/news\/ubaldo-reforca-compromisso-com-infraestrutura-habitacao-e-transporte-intermunicipal-em-reunioes-no-der-e-na-cehab\/#breadcrumb\"},\"inLanguage\":\"pt-BR\",\"potentialAction\":[{\"@type\":\"ReadAction\",\"target\":[\"https:\/\/ubaldofernandes.com\/index.php\/news\/ubaldo-reforca-compromisso-com-infraestrutura-habitacao-e-transporte-intermunicipal-em-reunioes-no-der-e-na-cehab\/\"]}]},{\"@type\":\"ImageObject\",\"inLanguage\":\"pt-BR\",\"@id\":\"https:\/\/ubaldofernandes.com\/index.php\/news\/ubaldo-reforca-compromisso-com-infraestrutura-habitacao-e-transporte-intermunicipal-em-reunioes-no-der-e-na-cehab\/#primaryimage\",\"url\":\"https:\/\/ubaldofernandes.com\/wp-content\/uploads\/2025\/05\/2f4da416-3022-4f83-b9da-57035118cdb6-scaled.jpg\",\"contentUrl\":\"https:\/\/ubaldofernandes.com\/wp-content\/uploads\/2025\/05\/2f4da416-3022-4f83-b9da-57035118cdb6-scaled.jpg\",\"width\":1920,\"height\":2560},{\"@type\":\"BreadcrumbList\",\"@id\":\"https:\/\/ubaldofernandes.com\/index.php\/news\/ubaldo-reforca-compromisso-com-infraestrutura-habitacao-e-transporte-intermunicipal-em-reunioes-no-der-e-na-cehab\/#breadcrumb\",\"itemListElement\":[{\"@type\":\"ListItem\",\"position\":1,\"name\":\"In\u00edcio\",\"item\":\"https:\/\/ubaldofernandes.com\/\"},{\"@type\":\"ListItem\",\"position\":2,\"name\":\"Not\u00edcias\",\"item\":\"https:\/\/ubaldofernandes.com\/index.php\/news\/\"},{\"@type\":\"ListItem\",\"position\":3,\"name\":\"Ubaldo refor\u00e7a compromisso com infraestrutura, habita\u00e7\u00e3o e transporte intermunicipal em reuni\u00f5es no DER e na CEHAB\"}]},{\"@type\":\"WebSite\",\"@id\":\"https:\/\/ubaldofernandes.com\/#website\",\"url\":\"https:\/\/ubaldofernandes.com\/\",\"name\":\"Ubaldo Fernandes\",\"description\":\"Deputado Estadual\",\"potentialAction\":[{\"@type\":\"SearchAction\",\"target\":{\"@type\":\"EntryPoint\",\"urlTemplate\":\"https:\/\/ubaldofernandes.com\/?s={search_term_string}\"},\"query-input\":{\"@type\":\"PropertyValueSpecification\",\"valueRequired\":true,\"valueName\":\"search_term_string\"}}],\"inLanguage\":\"pt-BR\"}]}<\/script>\n<!-- \/ Yoast SEO plugin. -->","yoast_head_json":{"title":"Ubaldo refor\u00e7a compromisso com infraestrutura, habita\u00e7\u00e3o e transporte intermunicipal em reuni\u00f5es no DER e na CEHAB - Ubaldo Fernandes","robots":{"index":"index","follow":"follow","max-snippet":"max-snippet:-1","max-image-preview":"max-image-preview:large","max-video-preview":"max-video-preview:-1"},"canonical":"https:\/\/ubaldofernandes.com\/index.php\/news\/ubaldo-reforca-compromisso-com-infraestrutura-habitacao-e-transporte-intermunicipal-em-reunioes-no-der-e-na-cehab\/","og_locale":"pt_BR","og_type":"article","og_title":"Ubaldo refor\u00e7a compromisso com infraestrutura, habita\u00e7\u00e3o e transporte intermunicipal em reuni\u00f5es no DER e na CEHAB - Ubaldo Fernandes","og_description":"Nesta segunda-feira, 28 de abril, o deputado estadual Ubaldo Fernandes articulou uma s\u00e9rie de importantes reuni\u00f5es que refor\u00e7am seu compromisso com o desenvolvimento e a qualidade de vida da popula\u00e7\u00e3o do Rio Grande do Norte. Logo no in\u00edcio do dia, esteve no Departamento de Estradas de Rodagem (DER\/RN), onde discutiu pautas fundamentais para a infraestrutura [&hellip;]","og_url":"https:\/\/ubaldofernandes.com\/index.php\/news\/ubaldo-reforca-compromisso-com-infraestrutura-habitacao-e-transporte-intermunicipal-em-reunioes-no-der-e-na-cehab\/","og_site_name":"Ubaldo Fernandes","article_modified_time":"2025-05-09T15:49:29+00:00","og_image":[{"width":1920,"height":2560,"url":"https:\/\/ubaldofernandes.com\/wp-content\/uploads\/2025\/05\/2f4da416-3022-4f83-b9da-57035118cdb6-scaled.jpg","type":"image\/jpeg"}],"twitter_card":"summary_large_image","twitter_misc":{"Est. tempo de leitura":"3 minutos"},"schema":{"@context":"https:\/\/schema.org","@graph":[{"@type":"WebPage","@id":"https:\/\/ubaldofernandes.com\/index.php\/news\/ubaldo-reforca-compromisso-com-infraestrutura-habitacao-e-transporte-intermunicipal-em-reunioes-no-der-e-na-cehab\/","url":"https:\/\/ubaldofernandes.com\/index.php\/news\/ubaldo-reforca-compromisso-com-infraestrutura-habitacao-e-transporte-intermunicipal-em-reunioes-no-der-e-na-cehab\/","name":"Ubaldo refor\u00e7a compromisso com infraestrutura, habita\u00e7\u00e3o e transporte intermunicipal em reuni\u00f5es no DER e na CEHAB - Ubaldo Fernandes","isPartOf":{"@id":"https:\/\/ubaldofernandes.com\/#website"},"primaryImageOfPage":{"@id":"https:\/\/ubaldofernandes.com\/index.php\/news\/ubaldo-reforca-compromisso-com-infraestrutura-habitacao-e-transporte-intermunicipal-em-reunioes-no-der-e-na-cehab\/#primaryimage"},"image":{"@id":"https:\/\/ubaldofernandes.com\/index.php\/news\/ubaldo-reforca-compromisso-com-infraestrutura-habitacao-e-transporte-intermunicipal-em-reunioes-no-der-e-na-cehab\/#primaryimage"},"thumbnailUrl":"https:\/\/ubaldofernandes.com\/wp-content\/uploads\/2025\/05\/2f4da416-3022-4f83-b9da-57035118cdb6-scaled.jpg","datePublished":"2025-04-29T15:47:00+00:00","dateModified":"2025-05-09T15:49:29+00:00","breadcrumb":{"@id":"https:\/\/ubaldofernandes.com\/index.php\/news\/ubaldo-reforca-compromisso-com-infraestrutura-habitacao-e-transporte-intermunicipal-em-reunioes-no-der-e-na-cehab\/#breadcrumb"},"inLanguage":"pt-BR","potentialAction":[{"@type":"ReadAction","target":["https:\/\/ubaldofernandes.com\/index.php\/news\/ubaldo-reforca-compromisso-com-infraestrutura-habitacao-e-transporte-intermunicipal-em-reunioes-no-der-e-na-cehab\/"]}]},{"@type":"ImageObject","inLanguage":"pt-BR","@id":"https:\/\/ubaldofernandes.com\/index.php\/news\/ubaldo-reforca-compromisso-com-infraestrutura-habitacao-e-transporte-intermunicipal-em-reunioes-no-der-e-na-cehab\/#primaryimage","url":"https:\/\/ubaldofernandes.com\/wp-content\/uploads\/2025\/05\/2f4da416-3022-4f83-b9da-57035118cdb6-scaled.jpg","contentUrl":"https:\/\/ubaldofernandes.com\/wp-content\/uploads\/2025\/05\/2f4da416-3022-4f83-b9da-57035118cdb6-scaled.jpg","width":1920,"height":2560},{"@type":"BreadcrumbList","@id":"https:\/\/ubaldofernandes.com\/index.php\/news\/ubaldo-reforca-compromisso-com-infraestrutura-habitacao-e-transporte-intermunicipal-em-reunioes-no-der-e-na-cehab\/#breadcrumb","itemListElement":[{"@type":"ListItem","position":1,"name":"In\u00edcio","item":"https:\/\/ubaldofernandes.com\/"},{"@type":"ListItem","position":2,"name":"Not\u00edcias","item":"https:\/\/ubaldofernandes.com\/index.php\/news\/"},{"@type":"ListItem","position":3,"name":"Ubaldo refor\u00e7a compromisso com infraestrutura, habita\u00e7\u00e3o e transporte intermunicipal em reuni\u00f5es no DER e na CEHAB"}]},{"@type":"WebSite","@id":"https:\/\/ubaldofernandes.com\/#website","url":"https:\/\/ubaldofernandes.com\/","name":"Ubaldo Fernandes","description":"Deputado Estadual","potentialAction":[{"@type":"SearchAction","target":{"@type":"EntryPoint","urlTemplate":"https:\/\/ubaldofernandes.com\/?s={search_term_string}"},"query-input":{"@type":"PropertyValueSpecification","valueRequired":true,"valueName":"search_term_string"}}],"inLanguage":"pt-BR"}]}},"_links":{"self":[{"href":"https:\/\/ubaldofernandes.com\/index.php\/wp-json\/wp\/v2\/news\/7680","targetHints":{"allow":["GET"]}}],"collection":[{"href":"https:\/\/ubaldofernandes.com\/index.php\/wp-json\/wp\/v2\/news"}],"about":[{"href":"https:\/\/ubaldofernandes.com\/index.php\/wp-json\/wp\/v2\/types\/news"}],"wp:featuredmedia":[{"embeddable":true,"href":"https:\/\/ubaldofernandes.com\/index.php\/wp-json\/wp\/v2\/media\/7681"}],"wp:attachment":[{"href":"https:\/\/ubaldofernandes.com\/index.php\/wp-json\/wp\/v2\/media?parent=7680"}],"curies":[{"name":"wp","href":"https:\/\/api.w.org\/{rel}","templated":true}]}}