{"id":7683,"date":"2025-05-01T12:51:00","date_gmt":"2025-05-01T15:51:00","guid":{"rendered":"https:\/\/ubaldofernandes.com\/?post_type=news&#038;p=7683"},"modified":"2025-05-09T12:55:16","modified_gmt":"2025-05-09T15:55:16","slug":"ubaldo-visita-sao-tome-no-dia-do-trabalhador-e-destaca-acoes-pelo-desenvolvimento-da-regiao-potengi","status":"publish","type":"news","link":"https:\/\/ubaldofernandes.com\/index.php\/news\/ubaldo-visita-sao-tome-no-dia-do-trabalhador-e-destaca-acoes-pelo-desenvolvimento-da-regiao-potengi\/","title":{"rendered":"Ubaldo visita S\u00e3o Tom\u00e9 no Dia do Trabalhador e destaca a\u00e7\u00f5es pelo desenvolvimento da regi\u00e3o Potengi"},"content":{"rendered":"\n<p>Neste 1\u00ba de maio, Dia do Trabalhador, o deputado estadual Ubaldo Fernandes esteve no munic\u00edpio de S\u00e3o Tom\u00e9, na regi\u00e3o Potengi, onde refor\u00e7ou seu compromisso com melhorias estruturais e acesso a servi\u00e7os essenciais para a popula\u00e7\u00e3o. A visita foi acompanhada pelo vereador Wskley e teve como foco a\u00e7\u00f5es viabilizadas por emendas parlamentares do mandato do deputado.<\/p>\n\n\n\n<p>Durante a agenda, Ubaldo visitou diversos po\u00e7os artesianos implantados na cidade, frutos de recursos direcionados por ele \u00e0 localidade. \u201cPor onde passei, vi no semblante das pessoas a alegria e a satisfa\u00e7\u00e3o de ter \u00e1gua para suprir as necessidades di\u00e1rias da fam\u00edlia. Isso nos motiva a continuar trabalhando por pol\u00edticas p\u00fablicas que transformem realidades\u201d, destacou.<br>Outro ponto da visita foi o acompanhamento das obras de pavimenta\u00e7\u00e3o asf\u00e1ltica em execu\u00e7\u00e3o na RN-203, no trecho que liga S\u00e3o Tom\u00e9 a S\u00e3o Paulo do Potengi, fruto de sua articula\u00e7\u00e3o junto \u00e0 diretora do Departamento de Estradas de Rodagem (DER), engenheira Nat\u00e9rcia Shirley, quando solicitou essas melhorias na malha vi\u00e1ria da regi\u00e3o. \u201cFico feliz em ver os servi\u00e7os sendo executados. Essa \u00e9 uma conquista importante para a mobilidade e seguran\u00e7a dos potiguares que trafegam por esse trecho t\u00e3o essencial para a nossa regi\u00e3o\u201d, refor\u00e7ou Ubaldo.<\/p>\n\n\n<div class=\"wp-block-image\">\n<figure class=\"alignleft size-full\"><img loading=\"lazy\" decoding=\"async\" width=\"240\" height=\"300\" src=\"https:\/\/ubaldofernandes.com\/wp-content\/uploads\/2025\/05\/img-20250501-wa3103-240x300-1.jpg\" alt=\"\" class=\"wp-image-7685\"\/><\/figure><\/div>\n\n\n<p>Com atua\u00e7\u00e3o marcante no interior do Rio Grande do Norte, o deputado segue fortalecendo parcerias com lideran\u00e7as municipais e buscando solu\u00e7\u00f5es que impactem positivamente na qualidade de vida da popula\u00e7\u00e3o.<\/p>\n\n\n\n<p>Mat\u00e9ria publicada no <a href=\"https:\/\/blogdopassaro.com.br\/ubaldo-visita-sao-tome-no-dia-do-trabalhador-e-destaca-acoes-pelo-desenvolvimento-da-regiao-potengi\/\">Blog do P\u00e1ssaro<\/a>. <\/p>\n","protected":false},"featured_media":7684,"parent":0,"template":"","class_list":["post-7683","news","type-news","status-publish","has-post-thumbnail","hentry"],"acf":[],"yoast_head":"<!-- This site is optimized with the Yoast SEO plugin v24.6 - https:\/\/yoast.com\/wordpress\/plugins\/seo\/ -->\n<title>Ubaldo visita S\u00e3o Tom\u00e9 no Dia do Trabalhador e destaca a\u00e7\u00f5es pelo desenvolvimento da regi\u00e3o Potengi - Ubaldo Fernandes<\/title>\n<meta name=\"robots\" content=\"index, follow, max-snippet:-1, max-image-preview:large, max-video-preview:-1\" \/>\n<link rel=\"canonical\" href=\"https:\/\/ubaldofernandes.com\/index.php\/news\/ubaldo-visita-sao-tome-no-dia-do-trabalhador-e-destaca-acoes-pelo-desenvolvimento-da-regiao-potengi\/\" \/>\n<meta property=\"og:locale\" content=\"pt_BR\" \/>\n<meta property=\"og:type\" content=\"article\" \/>\n<meta property=\"og:title\" content=\"Ubaldo visita S\u00e3o Tom\u00e9 no Dia do Trabalhador e destaca a\u00e7\u00f5es pelo desenvolvimento da regi\u00e3o Potengi - Ubaldo Fernandes\" \/>\n<meta property=\"og:description\" content=\"Neste 1\u00ba de maio, Dia do Trabalhador, o deputado estadual Ubaldo Fernandes esteve no munic\u00edpio de S\u00e3o Tom\u00e9, na regi\u00e3o Potengi, onde refor\u00e7ou seu compromisso com melhorias estruturais e acesso a servi\u00e7os essenciais para a popula\u00e7\u00e3o. A visita foi acompanhada pelo vereador Wskley e teve como foco a\u00e7\u00f5es viabilizadas por emendas parlamentares do mandato do [&hellip;]\" \/>\n<meta property=\"og:url\" content=\"https:\/\/ubaldofernandes.com\/index.php\/news\/ubaldo-visita-sao-tome-no-dia-do-trabalhador-e-destaca-acoes-pelo-desenvolvimento-da-regiao-potengi\/\" \/>\n<meta property=\"og:site_name\" content=\"Ubaldo Fernandes\" \/>\n<meta property=\"article:modified_time\" content=\"2025-05-09T15:55:16+00:00\" \/>\n<meta property=\"og:image\" content=\"https:\/\/ubaldofernandes.com\/wp-content\/uploads\/2025\/05\/img-20250501-wa3104.jpg\" \/>\n\t<meta property=\"og:image:width\" content=\"1200\" \/>\n\t<meta property=\"og:image:height\" content=\"1600\" \/>\n\t<meta property=\"og:image:type\" content=\"image\/jpeg\" \/>\n<meta name=\"twitter:card\" content=\"summary_large_image\" \/>\n<meta name=\"twitter:label1\" content=\"Est. tempo de leitura\" \/>\n\t<meta name=\"twitter:data1\" content=\"2 minutos\" \/>\n<script type=\"application\/ld+json\" class=\"yoast-schema-graph\">{\"@context\":\"https:\/\/schema.org\",\"@graph\":[{\"@type\":\"WebPage\",\"@id\":\"https:\/\/ubaldofernandes.com\/index.php\/news\/ubaldo-visita-sao-tome-no-dia-do-trabalhador-e-destaca-acoes-pelo-desenvolvimento-da-regiao-potengi\/\",\"url\":\"https:\/\/ubaldofernandes.com\/index.php\/news\/ubaldo-visita-sao-tome-no-dia-do-trabalhador-e-destaca-acoes-pelo-desenvolvimento-da-regiao-potengi\/\",\"name\":\"Ubaldo visita S\u00e3o Tom\u00e9 no Dia do Trabalhador e destaca a\u00e7\u00f5es pelo desenvolvimento da regi\u00e3o Potengi - Ubaldo Fernandes\",\"isPartOf\":{\"@id\":\"https:\/\/ubaldofernandes.com\/#website\"},\"primaryImageOfPage\":{\"@id\":\"https:\/\/ubaldofernandes.com\/index.php\/news\/ubaldo-visita-sao-tome-no-dia-do-trabalhador-e-destaca-acoes-pelo-desenvolvimento-da-regiao-potengi\/#primaryimage\"},\"image\":{\"@id\":\"https:\/\/ubaldofernandes.com\/index.php\/news\/ubaldo-visita-sao-tome-no-dia-do-trabalhador-e-destaca-acoes-pelo-desenvolvimento-da-regiao-potengi\/#primaryimage\"},\"thumbnailUrl\":\"https:\/\/ubaldofernandes.com\/wp-content\/uploads\/2025\/05\/img-20250501-wa3104.jpg\",\"datePublished\":\"2025-05-01T15:51:00+00:00\",\"dateModified\":\"2025-05-09T15:55:16+00:00\",\"breadcrumb\":{\"@id\":\"https:\/\/ubaldofernandes.com\/index.php\/news\/ubaldo-visita-sao-tome-no-dia-do-trabalhador-e-destaca-acoes-pelo-desenvolvimento-da-regiao-potengi\/#breadcrumb\"},\"inLanguage\":\"pt-BR\",\"potentialAction\":[{\"@type\":\"ReadAction\",\"target\":[\"https:\/\/ubaldofernandes.com\/index.php\/news\/ubaldo-visita-sao-tome-no-dia-do-trabalhador-e-destaca-acoes-pelo-desenvolvimento-da-regiao-potengi\/\"]}]},{\"@type\":\"ImageObject\",\"inLanguage\":\"pt-BR\",\"@id\":\"https:\/\/ubaldofernandes.com\/index.php\/news\/ubaldo-visita-sao-tome-no-dia-do-trabalhador-e-destaca-acoes-pelo-desenvolvimento-da-regiao-potengi\/#primaryimage\",\"url\":\"https:\/\/ubaldofernandes.com\/wp-content\/uploads\/2025\/05\/img-20250501-wa3104.jpg\",\"contentUrl\":\"https:\/\/ubaldofernandes.com\/wp-content\/uploads\/2025\/05\/img-20250501-wa3104.jpg\",\"width\":1200,\"height\":1600},{\"@type\":\"BreadcrumbList\",\"@id\":\"https:\/\/ubaldofernandes.com\/index.php\/news\/ubaldo-visita-sao-tome-no-dia-do-trabalhador-e-destaca-acoes-pelo-desenvolvimento-da-regiao-potengi\/#breadcrumb\",\"itemListElement\":[{\"@type\":\"ListItem\",\"position\":1,\"name\":\"In\u00edcio\",\"item\":\"https:\/\/ubaldofernandes.com\/\"},{\"@type\":\"ListItem\",\"position\":2,\"name\":\"Not\u00edcias\",\"item\":\"https:\/\/ubaldofernandes.com\/index.php\/news\/\"},{\"@type\":\"ListItem\",\"position\":3,\"name\":\"Ubaldo visita S\u00e3o Tom\u00e9 no Dia do Trabalhador e destaca a\u00e7\u00f5es pelo desenvolvimento da regi\u00e3o Potengi\"}]},{\"@type\":\"WebSite\",\"@id\":\"https:\/\/ubaldofernandes.com\/#website\",\"url\":\"https:\/\/ubaldofernandes.com\/\",\"name\":\"Ubaldo Fernandes\",\"description\":\"Deputado Estadual\",\"potentialAction\":[{\"@type\":\"SearchAction\",\"target\":{\"@type\":\"EntryPoint\",\"urlTemplate\":\"https:\/\/ubaldofernandes.com\/?s={search_term_string}\"},\"query-input\":{\"@type\":\"PropertyValueSpecification\",\"valueRequired\":true,\"valueName\":\"search_term_string\"}}],\"inLanguage\":\"pt-BR\"}]}<\/script>\n<!-- \/ Yoast SEO plugin. -->","yoast_head_json":{"title":"Ubaldo visita S\u00e3o Tom\u00e9 no Dia do Trabalhador e destaca a\u00e7\u00f5es pelo desenvolvimento da regi\u00e3o Potengi - Ubaldo Fernandes","robots":{"index":"index","follow":"follow","max-snippet":"max-snippet:-1","max-image-preview":"max-image-preview:large","max-video-preview":"max-video-preview:-1"},"canonical":"https:\/\/ubaldofernandes.com\/index.php\/news\/ubaldo-visita-sao-tome-no-dia-do-trabalhador-e-destaca-acoes-pelo-desenvolvimento-da-regiao-potengi\/","og_locale":"pt_BR","og_type":"article","og_title":"Ubaldo visita S\u00e3o Tom\u00e9 no Dia do Trabalhador e destaca a\u00e7\u00f5es pelo desenvolvimento da regi\u00e3o Potengi - Ubaldo Fernandes","og_description":"Neste 1\u00ba de maio, Dia do Trabalhador, o deputado estadual Ubaldo Fernandes esteve no munic\u00edpio de S\u00e3o Tom\u00e9, na regi\u00e3o Potengi, onde refor\u00e7ou seu compromisso com melhorias estruturais e acesso a servi\u00e7os essenciais para a popula\u00e7\u00e3o. A visita foi acompanhada pelo vereador Wskley e teve como foco a\u00e7\u00f5es viabilizadas por emendas parlamentares do mandato do [&hellip;]","og_url":"https:\/\/ubaldofernandes.com\/index.php\/news\/ubaldo-visita-sao-tome-no-dia-do-trabalhador-e-destaca-acoes-pelo-desenvolvimento-da-regiao-potengi\/","og_site_name":"Ubaldo Fernandes","article_modified_time":"2025-05-09T15:55:16+00:00","og_image":[{"width":1200,"height":1600,"url":"https:\/\/ubaldofernandes.com\/wp-content\/uploads\/2025\/05\/img-20250501-wa3104.jpg","type":"image\/jpeg"}],"twitter_card":"summary_large_image","twitter_misc":{"Est. tempo de leitura":"2 minutos"},"schema":{"@context":"https:\/\/schema.org","@graph":[{"@type":"WebPage","@id":"https:\/\/ubaldofernandes.com\/index.php\/news\/ubaldo-visita-sao-tome-no-dia-do-trabalhador-e-destaca-acoes-pelo-desenvolvimento-da-regiao-potengi\/","url":"https:\/\/ubaldofernandes.com\/index.php\/news\/ubaldo-visita-sao-tome-no-dia-do-trabalhador-e-destaca-acoes-pelo-desenvolvimento-da-regiao-potengi\/","name":"Ubaldo visita S\u00e3o Tom\u00e9 no Dia do Trabalhador e destaca a\u00e7\u00f5es pelo desenvolvimento da regi\u00e3o Potengi - Ubaldo Fernandes","isPartOf":{"@id":"https:\/\/ubaldofernandes.com\/#website"},"primaryImageOfPage":{"@id":"https:\/\/ubaldofernandes.com\/index.php\/news\/ubaldo-visita-sao-tome-no-dia-do-trabalhador-e-destaca-acoes-pelo-desenvolvimento-da-regiao-potengi\/#primaryimage"},"image":{"@id":"https:\/\/ubaldofernandes.com\/index.php\/news\/ubaldo-visita-sao-tome-no-dia-do-trabalhador-e-destaca-acoes-pelo-desenvolvimento-da-regiao-potengi\/#primaryimage"},"thumbnailUrl":"https:\/\/ubaldofernandes.com\/wp-content\/uploads\/2025\/05\/img-20250501-wa3104.jpg","datePublished":"2025-05-01T15:51:00+00:00","dateModified":"2025-05-09T15:55:16+00:00","breadcrumb":{"@id":"https:\/\/ubaldofernandes.com\/index.php\/news\/ubaldo-visita-sao-tome-no-dia-do-trabalhador-e-destaca-acoes-pelo-desenvolvimento-da-regiao-potengi\/#breadcrumb"},"inLanguage":"pt-BR","potentialAction":[{"@type":"ReadAction","target":["https:\/\/ubaldofernandes.com\/index.php\/news\/ubaldo-visita-sao-tome-no-dia-do-trabalhador-e-destaca-acoes-pelo-desenvolvimento-da-regiao-potengi\/"]}]},{"@type":"ImageObject","inLanguage":"pt-BR","@id":"https:\/\/ubaldofernandes.com\/index.php\/news\/ubaldo-visita-sao-tome-no-dia-do-trabalhador-e-destaca-acoes-pelo-desenvolvimento-da-regiao-potengi\/#primaryimage","url":"https:\/\/ubaldofernandes.com\/wp-content\/uploads\/2025\/05\/img-20250501-wa3104.jpg","contentUrl":"https:\/\/ubaldofernandes.com\/wp-content\/uploads\/2025\/05\/img-20250501-wa3104.jpg","width":1200,"height":1600},{"@type":"BreadcrumbList","@id":"https:\/\/ubaldofernandes.com\/index.php\/news\/ubaldo-visita-sao-tome-no-dia-do-trabalhador-e-destaca-acoes-pelo-desenvolvimento-da-regiao-potengi\/#breadcrumb","itemListElement":[{"@type":"ListItem","position":1,"name":"In\u00edcio","item":"https:\/\/ubaldofernandes.com\/"},{"@type":"ListItem","position":2,"name":"Not\u00edcias","item":"https:\/\/ubaldofernandes.com\/index.php\/news\/"},{"@type":"ListItem","position":3,"name":"Ubaldo visita S\u00e3o Tom\u00e9 no Dia do Trabalhador e destaca a\u00e7\u00f5es pelo desenvolvimento da regi\u00e3o Potengi"}]},{"@type":"WebSite","@id":"https:\/\/ubaldofernandes.com\/#website","url":"https:\/\/ubaldofernandes.com\/","name":"Ubaldo Fernandes","description":"Deputado Estadual","potentialAction":[{"@type":"SearchAction","target":{"@type":"EntryPoint","urlTemplate":"https:\/\/ubaldofernandes.com\/?s={search_term_string}"},"query-input":{"@type":"PropertyValueSpecification","valueRequired":true,"valueName":"search_term_string"}}],"inLanguage":"pt-BR"}]}},"_links":{"self":[{"href":"https:\/\/ubaldofernandes.com\/index.php\/wp-json\/wp\/v2\/news\/7683","targetHints":{"allow":["GET"]}}],"collection":[{"href":"https:\/\/ubaldofernandes.com\/index.php\/wp-json\/wp\/v2\/news"}],"about":[{"href":"https:\/\/ubaldofernandes.com\/index.php\/wp-json\/wp\/v2\/types\/news"}],"wp:featuredmedia":[{"embeddable":true,"href":"https:\/\/ubaldofernandes.com\/index.php\/wp-json\/wp\/v2\/media\/7684"}],"wp:attachment":[{"href":"https:\/\/ubaldofernandes.com\/index.php\/wp-json\/wp\/v2\/media?parent=7683"}],"curies":[{"name":"wp","href":"https:\/\/api.w.org\/{rel}","templated":true}]}}