{"id":7686,"date":"2025-05-01T12:55:00","date_gmt":"2025-05-01T15:55:00","guid":{"rendered":"https:\/\/ubaldofernandes.com\/?post_type=news&#038;p=7686"},"modified":"2025-05-09T12:57:02","modified_gmt":"2025-05-09T15:57:02","slug":"dia-do-trabalhador-deputado-ubaldo-visita-sao-tome-e-ressalta-investimentos-na-regiao-potengi","status":"publish","type":"news","link":"https:\/\/ubaldofernandes.com\/index.php\/news\/dia-do-trabalhador-deputado-ubaldo-visita-sao-tome-e-ressalta-investimentos-na-regiao-potengi\/","title":{"rendered":"DIA DO TRABALHADOR: Deputado Ubaldo visita S\u00e3o Tom\u00e9 e ressalta investimentos na regi\u00e3o Potengi"},"content":{"rendered":"\n<p>No feriado de 1\u00ba de maio, em celebra\u00e7\u00e3o ao Dia do Trabalhador, o deputado estadual Ubaldo Fernandes esteve em S\u00e3o Tom\u00e9, munic\u00edpio da regi\u00e3o Potengi, onde reafirmou seu compromisso com o progresso local por meio de investimentos em infraestrutura e acesso a servi\u00e7os essenciais. Acompanhado pelo vereador Wskley, o parlamentar visitou iniciativas realizadas com recursos de emendas de seu mandato.<\/p>\n\n\n\n<p>Entre as a\u00e7\u00f5es visitadas, destacam-se os po\u00e7os artesianos que foram perfurados na cidade gra\u00e7as a recursos destinados por Ubaldo. \u201c\u00c9 gratificante ver a alegria dos moradores ao terem \u00e1gua pot\u00e1vel em suas casas. Isso nos d\u00e1 mais for\u00e7a para continuar batalhando por pol\u00edticas p\u00fablicas que realmente fa\u00e7am a diferen\u00e7a\u201d, afirmou o deputado.<\/p>\n\n\n\n<p>Outro momento importante da agenda foi a visita \u00e0s obras de recapeamento asf\u00e1ltico na RN-203, no trecho que liga S\u00e3o Tom\u00e9 a S\u00e3o Paulo do Potengi. Essa interven\u00e7\u00e3o \u00e9 resultado do trabalho articulado de Ubaldo junto \u00e0 diretora do Departamento de Estradas de Rodagem (DER), engenheira Nat\u00e9rcia Shirley. \u201c\u00c9 uma conquista significativa para a mobilidade da nossa popula\u00e7\u00e3o. Ver as m\u00e1quinas em a\u00e7\u00e3o mostra que o esfor\u00e7o est\u00e1 dando resultado\u201d, destacou.<\/p>\n\n\n\n<p>Com uma atua\u00e7\u00e3o voltada especialmente para o interior do estado, Ubaldo Fernandes segue fortalecendo alian\u00e7as com lideran\u00e7as locais e buscando solu\u00e7\u00f5es pr\u00e1ticas para melhorar o dia a dia da popula\u00e7\u00e3o potiguar.<\/p>\n\n\n\n<p>Mat\u00e9ria publicada no <a href=\"https:\/\/www.rodrigoreporter.com\/2025\/05\/dia-do-trabalhador-deputado-ubaldo.html?m=1\">Blog Rodrigo Gomes: Rep\u00f3rter das Comunidades<\/a>.<\/p>\n","protected":false},"featured_media":7684,"parent":0,"template":"","class_list":["post-7686","news","type-news","status-publish","has-post-thumbnail","hentry"],"acf":[],"yoast_head":"<!-- This site is optimized with the Yoast SEO plugin v24.6 - https:\/\/yoast.com\/wordpress\/plugins\/seo\/ -->\n<title>DIA DO TRABALHADOR: Deputado Ubaldo visita S\u00e3o Tom\u00e9 e ressalta investimentos na regi\u00e3o Potengi - Ubaldo Fernandes<\/title>\n<meta name=\"robots\" content=\"index, follow, max-snippet:-1, max-image-preview:large, max-video-preview:-1\" \/>\n<link rel=\"canonical\" href=\"https:\/\/ubaldofernandes.com\/index.php\/news\/dia-do-trabalhador-deputado-ubaldo-visita-sao-tome-e-ressalta-investimentos-na-regiao-potengi\/\" \/>\n<meta property=\"og:locale\" content=\"pt_BR\" \/>\n<meta property=\"og:type\" content=\"article\" \/>\n<meta property=\"og:title\" content=\"DIA DO TRABALHADOR: Deputado Ubaldo visita S\u00e3o Tom\u00e9 e ressalta investimentos na regi\u00e3o Potengi - Ubaldo Fernandes\" \/>\n<meta property=\"og:description\" content=\"No feriado de 1\u00ba de maio, em celebra\u00e7\u00e3o ao Dia do Trabalhador, o deputado estadual Ubaldo Fernandes esteve em S\u00e3o Tom\u00e9, munic\u00edpio da regi\u00e3o Potengi, onde reafirmou seu compromisso com o progresso local por meio de investimentos em infraestrutura e acesso a servi\u00e7os essenciais. Acompanhado pelo vereador Wskley, o parlamentar visitou iniciativas realizadas com recursos [&hellip;]\" \/>\n<meta property=\"og:url\" content=\"https:\/\/ubaldofernandes.com\/index.php\/news\/dia-do-trabalhador-deputado-ubaldo-visita-sao-tome-e-ressalta-investimentos-na-regiao-potengi\/\" \/>\n<meta property=\"og:site_name\" content=\"Ubaldo Fernandes\" \/>\n<meta property=\"article:modified_time\" content=\"2025-05-09T15:57:02+00:00\" \/>\n<meta property=\"og:image\" content=\"https:\/\/ubaldofernandes.com\/wp-content\/uploads\/2025\/05\/img-20250501-wa3104.jpg\" \/>\n\t<meta property=\"og:image:width\" content=\"1200\" \/>\n\t<meta property=\"og:image:height\" content=\"1600\" \/>\n\t<meta property=\"og:image:type\" content=\"image\/jpeg\" \/>\n<meta name=\"twitter:card\" content=\"summary_large_image\" \/>\n<meta name=\"twitter:label1\" content=\"Est. tempo de leitura\" \/>\n\t<meta name=\"twitter:data1\" content=\"2 minutos\" \/>\n<script type=\"application\/ld+json\" class=\"yoast-schema-graph\">{\"@context\":\"https:\/\/schema.org\",\"@graph\":[{\"@type\":\"WebPage\",\"@id\":\"https:\/\/ubaldofernandes.com\/index.php\/news\/dia-do-trabalhador-deputado-ubaldo-visita-sao-tome-e-ressalta-investimentos-na-regiao-potengi\/\",\"url\":\"https:\/\/ubaldofernandes.com\/index.php\/news\/dia-do-trabalhador-deputado-ubaldo-visita-sao-tome-e-ressalta-investimentos-na-regiao-potengi\/\",\"name\":\"DIA DO TRABALHADOR: Deputado Ubaldo visita S\u00e3o Tom\u00e9 e ressalta investimentos na regi\u00e3o Potengi - Ubaldo Fernandes\",\"isPartOf\":{\"@id\":\"https:\/\/ubaldofernandes.com\/#website\"},\"primaryImageOfPage\":{\"@id\":\"https:\/\/ubaldofernandes.com\/index.php\/news\/dia-do-trabalhador-deputado-ubaldo-visita-sao-tome-e-ressalta-investimentos-na-regiao-potengi\/#primaryimage\"},\"image\":{\"@id\":\"https:\/\/ubaldofernandes.com\/index.php\/news\/dia-do-trabalhador-deputado-ubaldo-visita-sao-tome-e-ressalta-investimentos-na-regiao-potengi\/#primaryimage\"},\"thumbnailUrl\":\"https:\/\/ubaldofernandes.com\/wp-content\/uploads\/2025\/05\/img-20250501-wa3104.jpg\",\"datePublished\":\"2025-05-01T15:55:00+00:00\",\"dateModified\":\"2025-05-09T15:57:02+00:00\",\"breadcrumb\":{\"@id\":\"https:\/\/ubaldofernandes.com\/index.php\/news\/dia-do-trabalhador-deputado-ubaldo-visita-sao-tome-e-ressalta-investimentos-na-regiao-potengi\/#breadcrumb\"},\"inLanguage\":\"pt-BR\",\"potentialAction\":[{\"@type\":\"ReadAction\",\"target\":[\"https:\/\/ubaldofernandes.com\/index.php\/news\/dia-do-trabalhador-deputado-ubaldo-visita-sao-tome-e-ressalta-investimentos-na-regiao-potengi\/\"]}]},{\"@type\":\"ImageObject\",\"inLanguage\":\"pt-BR\",\"@id\":\"https:\/\/ubaldofernandes.com\/index.php\/news\/dia-do-trabalhador-deputado-ubaldo-visita-sao-tome-e-ressalta-investimentos-na-regiao-potengi\/#primaryimage\",\"url\":\"https:\/\/ubaldofernandes.com\/wp-content\/uploads\/2025\/05\/img-20250501-wa3104.jpg\",\"contentUrl\":\"https:\/\/ubaldofernandes.com\/wp-content\/uploads\/2025\/05\/img-20250501-wa3104.jpg\",\"width\":1200,\"height\":1600},{\"@type\":\"BreadcrumbList\",\"@id\":\"https:\/\/ubaldofernandes.com\/index.php\/news\/dia-do-trabalhador-deputado-ubaldo-visita-sao-tome-e-ressalta-investimentos-na-regiao-potengi\/#breadcrumb\",\"itemListElement\":[{\"@type\":\"ListItem\",\"position\":1,\"name\":\"In\u00edcio\",\"item\":\"https:\/\/ubaldofernandes.com\/\"},{\"@type\":\"ListItem\",\"position\":2,\"name\":\"Not\u00edcias\",\"item\":\"https:\/\/ubaldofernandes.com\/index.php\/news\/\"},{\"@type\":\"ListItem\",\"position\":3,\"name\":\"DIA DO TRABALHADOR: Deputado Ubaldo visita S\u00e3o Tom\u00e9 e ressalta investimentos na regi\u00e3o Potengi\"}]},{\"@type\":\"WebSite\",\"@id\":\"https:\/\/ubaldofernandes.com\/#website\",\"url\":\"https:\/\/ubaldofernandes.com\/\",\"name\":\"Ubaldo Fernandes\",\"description\":\"Deputado Estadual\",\"potentialAction\":[{\"@type\":\"SearchAction\",\"target\":{\"@type\":\"EntryPoint\",\"urlTemplate\":\"https:\/\/ubaldofernandes.com\/?s={search_term_string}\"},\"query-input\":{\"@type\":\"PropertyValueSpecification\",\"valueRequired\":true,\"valueName\":\"search_term_string\"}}],\"inLanguage\":\"pt-BR\"}]}<\/script>\n<!-- \/ Yoast SEO plugin. -->","yoast_head_json":{"title":"DIA DO TRABALHADOR: Deputado Ubaldo visita S\u00e3o Tom\u00e9 e ressalta investimentos na regi\u00e3o Potengi - Ubaldo Fernandes","robots":{"index":"index","follow":"follow","max-snippet":"max-snippet:-1","max-image-preview":"max-image-preview:large","max-video-preview":"max-video-preview:-1"},"canonical":"https:\/\/ubaldofernandes.com\/index.php\/news\/dia-do-trabalhador-deputado-ubaldo-visita-sao-tome-e-ressalta-investimentos-na-regiao-potengi\/","og_locale":"pt_BR","og_type":"article","og_title":"DIA DO TRABALHADOR: Deputado Ubaldo visita S\u00e3o Tom\u00e9 e ressalta investimentos na regi\u00e3o Potengi - Ubaldo Fernandes","og_description":"No feriado de 1\u00ba de maio, em celebra\u00e7\u00e3o ao Dia do Trabalhador, o deputado estadual Ubaldo Fernandes esteve em S\u00e3o Tom\u00e9, munic\u00edpio da regi\u00e3o Potengi, onde reafirmou seu compromisso com o progresso local por meio de investimentos em infraestrutura e acesso a servi\u00e7os essenciais. Acompanhado pelo vereador Wskley, o parlamentar visitou iniciativas realizadas com recursos [&hellip;]","og_url":"https:\/\/ubaldofernandes.com\/index.php\/news\/dia-do-trabalhador-deputado-ubaldo-visita-sao-tome-e-ressalta-investimentos-na-regiao-potengi\/","og_site_name":"Ubaldo Fernandes","article_modified_time":"2025-05-09T15:57:02+00:00","og_image":[{"width":1200,"height":1600,"url":"https:\/\/ubaldofernandes.com\/wp-content\/uploads\/2025\/05\/img-20250501-wa3104.jpg","type":"image\/jpeg"}],"twitter_card":"summary_large_image","twitter_misc":{"Est. tempo de leitura":"2 minutos"},"schema":{"@context":"https:\/\/schema.org","@graph":[{"@type":"WebPage","@id":"https:\/\/ubaldofernandes.com\/index.php\/news\/dia-do-trabalhador-deputado-ubaldo-visita-sao-tome-e-ressalta-investimentos-na-regiao-potengi\/","url":"https:\/\/ubaldofernandes.com\/index.php\/news\/dia-do-trabalhador-deputado-ubaldo-visita-sao-tome-e-ressalta-investimentos-na-regiao-potengi\/","name":"DIA DO TRABALHADOR: Deputado Ubaldo visita S\u00e3o Tom\u00e9 e ressalta investimentos na regi\u00e3o Potengi - Ubaldo Fernandes","isPartOf":{"@id":"https:\/\/ubaldofernandes.com\/#website"},"primaryImageOfPage":{"@id":"https:\/\/ubaldofernandes.com\/index.php\/news\/dia-do-trabalhador-deputado-ubaldo-visita-sao-tome-e-ressalta-investimentos-na-regiao-potengi\/#primaryimage"},"image":{"@id":"https:\/\/ubaldofernandes.com\/index.php\/news\/dia-do-trabalhador-deputado-ubaldo-visita-sao-tome-e-ressalta-investimentos-na-regiao-potengi\/#primaryimage"},"thumbnailUrl":"https:\/\/ubaldofernandes.com\/wp-content\/uploads\/2025\/05\/img-20250501-wa3104.jpg","datePublished":"2025-05-01T15:55:00+00:00","dateModified":"2025-05-09T15:57:02+00:00","breadcrumb":{"@id":"https:\/\/ubaldofernandes.com\/index.php\/news\/dia-do-trabalhador-deputado-ubaldo-visita-sao-tome-e-ressalta-investimentos-na-regiao-potengi\/#breadcrumb"},"inLanguage":"pt-BR","potentialAction":[{"@type":"ReadAction","target":["https:\/\/ubaldofernandes.com\/index.php\/news\/dia-do-trabalhador-deputado-ubaldo-visita-sao-tome-e-ressalta-investimentos-na-regiao-potengi\/"]}]},{"@type":"ImageObject","inLanguage":"pt-BR","@id":"https:\/\/ubaldofernandes.com\/index.php\/news\/dia-do-trabalhador-deputado-ubaldo-visita-sao-tome-e-ressalta-investimentos-na-regiao-potengi\/#primaryimage","url":"https:\/\/ubaldofernandes.com\/wp-content\/uploads\/2025\/05\/img-20250501-wa3104.jpg","contentUrl":"https:\/\/ubaldofernandes.com\/wp-content\/uploads\/2025\/05\/img-20250501-wa3104.jpg","width":1200,"height":1600},{"@type":"BreadcrumbList","@id":"https:\/\/ubaldofernandes.com\/index.php\/news\/dia-do-trabalhador-deputado-ubaldo-visita-sao-tome-e-ressalta-investimentos-na-regiao-potengi\/#breadcrumb","itemListElement":[{"@type":"ListItem","position":1,"name":"In\u00edcio","item":"https:\/\/ubaldofernandes.com\/"},{"@type":"ListItem","position":2,"name":"Not\u00edcias","item":"https:\/\/ubaldofernandes.com\/index.php\/news\/"},{"@type":"ListItem","position":3,"name":"DIA DO TRABALHADOR: Deputado Ubaldo visita S\u00e3o Tom\u00e9 e ressalta investimentos na regi\u00e3o Potengi"}]},{"@type":"WebSite","@id":"https:\/\/ubaldofernandes.com\/#website","url":"https:\/\/ubaldofernandes.com\/","name":"Ubaldo Fernandes","description":"Deputado Estadual","potentialAction":[{"@type":"SearchAction","target":{"@type":"EntryPoint","urlTemplate":"https:\/\/ubaldofernandes.com\/?s={search_term_string}"},"query-input":{"@type":"PropertyValueSpecification","valueRequired":true,"valueName":"search_term_string"}}],"inLanguage":"pt-BR"}]}},"_links":{"self":[{"href":"https:\/\/ubaldofernandes.com\/index.php\/wp-json\/wp\/v2\/news\/7686","targetHints":{"allow":["GET"]}}],"collection":[{"href":"https:\/\/ubaldofernandes.com\/index.php\/wp-json\/wp\/v2\/news"}],"about":[{"href":"https:\/\/ubaldofernandes.com\/index.php\/wp-json\/wp\/v2\/types\/news"}],"wp:featuredmedia":[{"embeddable":true,"href":"https:\/\/ubaldofernandes.com\/index.php\/wp-json\/wp\/v2\/media\/7684"}],"wp:attachment":[{"href":"https:\/\/ubaldofernandes.com\/index.php\/wp-json\/wp\/v2\/media?parent=7686"}],"curies":[{"name":"wp","href":"https:\/\/api.w.org\/{rel}","templated":true}]}}