{"id":7804,"date":"2025-05-29T18:42:00","date_gmt":"2025-05-29T21:42:00","guid":{"rendered":"https:\/\/ubaldofernandes.com\/?post_type=news&#038;p=7804"},"modified":"2025-05-30T11:45:59","modified_gmt":"2025-05-30T14:45:59","slug":"tv-ponta-negra-recebe-homenagem-pelos-38-anos-na-assembleia-legislativa-do-rn","status":"publish","type":"news","link":"https:\/\/ubaldofernandes.com\/index.php\/news\/tv-ponta-negra-recebe-homenagem-pelos-38-anos-na-assembleia-legislativa-do-rn\/","title":{"rendered":"TV Ponta Negra recebe homenagem pelos 38 anos na Assembleia Legislativa do RN"},"content":{"rendered":"\n<p>A TV Ponta Negra foi homenageada nesta quinta-feira (29) pela Assembleia Legislativa do Estado do Rio Grande do Norte pelos 38 anos de funda\u00e7\u00e3o. A homenagem teve como propositor o deputado Ubaldo Fernandes.<\/p>\n\n\n\n<p>Em sess\u00e3o solene realizada no per\u00edodo da tarde, foram homenageados os funcion\u00e1rios:&nbsp;<strong>Fl\u00e1vio Gentil Lisboa de Ara\u00fajo, Francisco Lucian Martins, Francisco Paulo Gomes Barbosa, Ivanilda Rosilene de Souza Silva, Luiz Augusto Barreto, Pedro Sotero Rosa e Rog\u00e9rio Fernandes, al\u00e9m dos ex-funcion\u00e1rios Jo\u00e3o Bosco Afonso e Paulo Victorino do Nascimento.<\/strong><\/p>\n\n\n\n<p>Tamb\u00e9m foi homenageado o empres\u00e1rio Le\u00f4ncio Medeiros Filho, da rede de supermercados Nordest\u00e3o, por ser o cliente mais antigo da emissora potiguar.<\/p>\n\n\n\n<figure class=\"wp-block-image size-large\"><img loading=\"lazy\" decoding=\"async\" width=\"1024\" height=\"576\" src=\"https:\/\/ubaldofernandes.com\/wp-content\/uploads\/2025\/05\/03482756-2d1f-43f3-9701-c6b9f51769cd-1536x864-1-1024x576.webp\" alt=\"\" class=\"wp-image-7805\" srcset=\"https:\/\/ubaldofernandes.com\/wp-content\/uploads\/2025\/05\/03482756-2d1f-43f3-9701-c6b9f51769cd-1536x864-1-1024x576.webp 1024w, https:\/\/ubaldofernandes.com\/wp-content\/uploads\/2025\/05\/03482756-2d1f-43f3-9701-c6b9f51769cd-1536x864-1-300x169.webp 300w, https:\/\/ubaldofernandes.com\/wp-content\/uploads\/2025\/05\/03482756-2d1f-43f3-9701-c6b9f51769cd-1536x864-1-768x432.webp 768w, https:\/\/ubaldofernandes.com\/wp-content\/uploads\/2025\/05\/03482756-2d1f-43f3-9701-c6b9f51769cd-1536x864-1.webp 1536w\" sizes=\"auto, (max-width: 1024px) 100vw, 1024px\" \/><\/figure>\n\n\n\n<p>Ivanilda Gomes, que trabalha na emissora h\u00e1 35 anos, relatou a sua alegria em receber essa homenagem. \u201cEu nunca recebi uma homenagem dessa em toda minha vida e estou me achando muito especial.\u201d<\/p>\n\n\n\n<p>Para a presidente da TV Ponta Negra, Miriam de Sousa, essa homenagem \u00e9 muito importante para nossa empresa: \u201c\u00c9 um reconhecimento pelo trabalho e pela trajet\u00f3ria de sucesso da primeira televis\u00e3o comercial do Rio Grande do Norte\u201d.<\/p>\n\n\n\n<figure class=\"wp-block-image size-large\"><img loading=\"lazy\" decoding=\"async\" width=\"1024\" height=\"576\" src=\"https:\/\/ubaldofernandes.com\/wp-content\/uploads\/2025\/05\/55bdf068-1287-43eb-bdf1-99d5d9df30fd-1536x864-1-1024x576.webp\" alt=\"\" class=\"wp-image-7806\" srcset=\"https:\/\/ubaldofernandes.com\/wp-content\/uploads\/2025\/05\/55bdf068-1287-43eb-bdf1-99d5d9df30fd-1536x864-1-1024x576.webp 1024w, https:\/\/ubaldofernandes.com\/wp-content\/uploads\/2025\/05\/55bdf068-1287-43eb-bdf1-99d5d9df30fd-1536x864-1-300x169.webp 300w, https:\/\/ubaldofernandes.com\/wp-content\/uploads\/2025\/05\/55bdf068-1287-43eb-bdf1-99d5d9df30fd-1536x864-1-768x432.webp 768w, https:\/\/ubaldofernandes.com\/wp-content\/uploads\/2025\/05\/55bdf068-1287-43eb-bdf1-99d5d9df30fd-1536x864-1.webp 1536w\" sizes=\"auto, (max-width: 1024px) 100vw, 1024px\" \/><\/figure>\n\n\n\n<p>Mat\u00e9ria publicada no <a href=\"https:\/\/pontanegranews.com.br\/2025\/05\/29\/tv-ponta-negra-recebe-homenagem-pelos-38-anos-na-assembleia-legislativa-do-rn\/\">Blog Ponta Negra News<\/a>.<\/p>\n","protected":false},"featured_media":7807,"parent":0,"template":"","class_list":["post-7804","news","type-news","status-publish","has-post-thumbnail","hentry"],"acf":[],"yoast_head":"<!-- This site is optimized with the Yoast SEO plugin v24.6 - https:\/\/yoast.com\/wordpress\/plugins\/seo\/ -->\n<title>TV Ponta Negra recebe homenagem pelos 38 anos na Assembleia Legislativa do RN - Ubaldo Fernandes<\/title>\n<meta name=\"robots\" content=\"index, follow, max-snippet:-1, max-image-preview:large, max-video-preview:-1\" \/>\n<link rel=\"canonical\" href=\"https:\/\/ubaldofernandes.com\/index.php\/news\/tv-ponta-negra-recebe-homenagem-pelos-38-anos-na-assembleia-legislativa-do-rn\/\" \/>\n<meta property=\"og:locale\" content=\"pt_BR\" \/>\n<meta property=\"og:type\" content=\"article\" \/>\n<meta property=\"og:title\" content=\"TV Ponta Negra recebe homenagem pelos 38 anos na Assembleia Legislativa do RN - Ubaldo Fernandes\" \/>\n<meta property=\"og:description\" content=\"A TV Ponta Negra foi homenageada nesta quinta-feira (29) pela Assembleia Legislativa do Estado do Rio Grande do Norte pelos 38 anos de funda\u00e7\u00e3o. A homenagem teve como propositor o deputado Ubaldo Fernandes. Em sess\u00e3o solene realizada no per\u00edodo da tarde, foram homenageados os funcion\u00e1rios:&nbsp;Fl\u00e1vio Gentil Lisboa de Ara\u00fajo, Francisco Lucian Martins, Francisco Paulo Gomes [&hellip;]\" \/>\n<meta property=\"og:url\" content=\"https:\/\/ubaldofernandes.com\/index.php\/news\/tv-ponta-negra-recebe-homenagem-pelos-38-anos-na-assembleia-legislativa-do-rn\/\" \/>\n<meta property=\"og:site_name\" content=\"Ubaldo Fernandes\" \/>\n<meta property=\"article:modified_time\" content=\"2025-05-30T14:45:59+00:00\" \/>\n<meta property=\"og:image\" content=\"https:\/\/ubaldofernandes.com\/wp-content\/uploads\/2025\/05\/Bebe-Reborn.webp\" \/>\n\t<meta property=\"og:image:width\" content=\"1200\" \/>\n\t<meta property=\"og:image:height\" content=\"800\" \/>\n\t<meta property=\"og:image:type\" content=\"image\/webp\" \/>\n<meta name=\"twitter:card\" content=\"summary_large_image\" \/>\n<meta name=\"twitter:label1\" content=\"Est. tempo de leitura\" \/>\n\t<meta name=\"twitter:data1\" content=\"2 minutos\" \/>\n<script type=\"application\/ld+json\" class=\"yoast-schema-graph\">{\"@context\":\"https:\/\/schema.org\",\"@graph\":[{\"@type\":\"WebPage\",\"@id\":\"https:\/\/ubaldofernandes.com\/index.php\/news\/tv-ponta-negra-recebe-homenagem-pelos-38-anos-na-assembleia-legislativa-do-rn\/\",\"url\":\"https:\/\/ubaldofernandes.com\/index.php\/news\/tv-ponta-negra-recebe-homenagem-pelos-38-anos-na-assembleia-legislativa-do-rn\/\",\"name\":\"TV Ponta Negra recebe homenagem pelos 38 anos na Assembleia Legislativa do RN - Ubaldo Fernandes\",\"isPartOf\":{\"@id\":\"https:\/\/ubaldofernandes.com\/#website\"},\"primaryImageOfPage\":{\"@id\":\"https:\/\/ubaldofernandes.com\/index.php\/news\/tv-ponta-negra-recebe-homenagem-pelos-38-anos-na-assembleia-legislativa-do-rn\/#primaryimage\"},\"image\":{\"@id\":\"https:\/\/ubaldofernandes.com\/index.php\/news\/tv-ponta-negra-recebe-homenagem-pelos-38-anos-na-assembleia-legislativa-do-rn\/#primaryimage\"},\"thumbnailUrl\":\"https:\/\/ubaldofernandes.com\/wp-content\/uploads\/2025\/05\/Bebe-Reborn.webp\",\"datePublished\":\"2025-05-29T21:42:00+00:00\",\"dateModified\":\"2025-05-30T14:45:59+00:00\",\"breadcrumb\":{\"@id\":\"https:\/\/ubaldofernandes.com\/index.php\/news\/tv-ponta-negra-recebe-homenagem-pelos-38-anos-na-assembleia-legislativa-do-rn\/#breadcrumb\"},\"inLanguage\":\"pt-BR\",\"potentialAction\":[{\"@type\":\"ReadAction\",\"target\":[\"https:\/\/ubaldofernandes.com\/index.php\/news\/tv-ponta-negra-recebe-homenagem-pelos-38-anos-na-assembleia-legislativa-do-rn\/\"]}]},{\"@type\":\"ImageObject\",\"inLanguage\":\"pt-BR\",\"@id\":\"https:\/\/ubaldofernandes.com\/index.php\/news\/tv-ponta-negra-recebe-homenagem-pelos-38-anos-na-assembleia-legislativa-do-rn\/#primaryimage\",\"url\":\"https:\/\/ubaldofernandes.com\/wp-content\/uploads\/2025\/05\/Bebe-Reborn.webp\",\"contentUrl\":\"https:\/\/ubaldofernandes.com\/wp-content\/uploads\/2025\/05\/Bebe-Reborn.webp\",\"width\":1200,\"height\":800},{\"@type\":\"BreadcrumbList\",\"@id\":\"https:\/\/ubaldofernandes.com\/index.php\/news\/tv-ponta-negra-recebe-homenagem-pelos-38-anos-na-assembleia-legislativa-do-rn\/#breadcrumb\",\"itemListElement\":[{\"@type\":\"ListItem\",\"position\":1,\"name\":\"In\u00edcio\",\"item\":\"https:\/\/ubaldofernandes.com\/\"},{\"@type\":\"ListItem\",\"position\":2,\"name\":\"Not\u00edcias\",\"item\":\"https:\/\/ubaldofernandes.com\/index.php\/news\/\"},{\"@type\":\"ListItem\",\"position\":3,\"name\":\"TV Ponta Negra recebe homenagem pelos 38 anos na Assembleia Legislativa do RN\"}]},{\"@type\":\"WebSite\",\"@id\":\"https:\/\/ubaldofernandes.com\/#website\",\"url\":\"https:\/\/ubaldofernandes.com\/\",\"name\":\"Ubaldo Fernandes\",\"description\":\"Deputado Estadual\",\"potentialAction\":[{\"@type\":\"SearchAction\",\"target\":{\"@type\":\"EntryPoint\",\"urlTemplate\":\"https:\/\/ubaldofernandes.com\/?s={search_term_string}\"},\"query-input\":{\"@type\":\"PropertyValueSpecification\",\"valueRequired\":true,\"valueName\":\"search_term_string\"}}],\"inLanguage\":\"pt-BR\"}]}<\/script>\n<!-- \/ Yoast SEO plugin. -->","yoast_head_json":{"title":"TV Ponta Negra recebe homenagem pelos 38 anos na Assembleia Legislativa do RN - Ubaldo Fernandes","robots":{"index":"index","follow":"follow","max-snippet":"max-snippet:-1","max-image-preview":"max-image-preview:large","max-video-preview":"max-video-preview:-1"},"canonical":"https:\/\/ubaldofernandes.com\/index.php\/news\/tv-ponta-negra-recebe-homenagem-pelos-38-anos-na-assembleia-legislativa-do-rn\/","og_locale":"pt_BR","og_type":"article","og_title":"TV Ponta Negra recebe homenagem pelos 38 anos na Assembleia Legislativa do RN - Ubaldo Fernandes","og_description":"A TV Ponta Negra foi homenageada nesta quinta-feira (29) pela Assembleia Legislativa do Estado do Rio Grande do Norte pelos 38 anos de funda\u00e7\u00e3o. A homenagem teve como propositor o deputado Ubaldo Fernandes. Em sess\u00e3o solene realizada no per\u00edodo da tarde, foram homenageados os funcion\u00e1rios:&nbsp;Fl\u00e1vio Gentil Lisboa de Ara\u00fajo, Francisco Lucian Martins, Francisco Paulo Gomes [&hellip;]","og_url":"https:\/\/ubaldofernandes.com\/index.php\/news\/tv-ponta-negra-recebe-homenagem-pelos-38-anos-na-assembleia-legislativa-do-rn\/","og_site_name":"Ubaldo Fernandes","article_modified_time":"2025-05-30T14:45:59+00:00","og_image":[{"width":1200,"height":800,"url":"https:\/\/ubaldofernandes.com\/wp-content\/uploads\/2025\/05\/Bebe-Reborn.webp","type":"image\/webp"}],"twitter_card":"summary_large_image","twitter_misc":{"Est. tempo de leitura":"2 minutos"},"schema":{"@context":"https:\/\/schema.org","@graph":[{"@type":"WebPage","@id":"https:\/\/ubaldofernandes.com\/index.php\/news\/tv-ponta-negra-recebe-homenagem-pelos-38-anos-na-assembleia-legislativa-do-rn\/","url":"https:\/\/ubaldofernandes.com\/index.php\/news\/tv-ponta-negra-recebe-homenagem-pelos-38-anos-na-assembleia-legislativa-do-rn\/","name":"TV Ponta Negra recebe homenagem pelos 38 anos na Assembleia Legislativa do RN - Ubaldo Fernandes","isPartOf":{"@id":"https:\/\/ubaldofernandes.com\/#website"},"primaryImageOfPage":{"@id":"https:\/\/ubaldofernandes.com\/index.php\/news\/tv-ponta-negra-recebe-homenagem-pelos-38-anos-na-assembleia-legislativa-do-rn\/#primaryimage"},"image":{"@id":"https:\/\/ubaldofernandes.com\/index.php\/news\/tv-ponta-negra-recebe-homenagem-pelos-38-anos-na-assembleia-legislativa-do-rn\/#primaryimage"},"thumbnailUrl":"https:\/\/ubaldofernandes.com\/wp-content\/uploads\/2025\/05\/Bebe-Reborn.webp","datePublished":"2025-05-29T21:42:00+00:00","dateModified":"2025-05-30T14:45:59+00:00","breadcrumb":{"@id":"https:\/\/ubaldofernandes.com\/index.php\/news\/tv-ponta-negra-recebe-homenagem-pelos-38-anos-na-assembleia-legislativa-do-rn\/#breadcrumb"},"inLanguage":"pt-BR","potentialAction":[{"@type":"ReadAction","target":["https:\/\/ubaldofernandes.com\/index.php\/news\/tv-ponta-negra-recebe-homenagem-pelos-38-anos-na-assembleia-legislativa-do-rn\/"]}]},{"@type":"ImageObject","inLanguage":"pt-BR","@id":"https:\/\/ubaldofernandes.com\/index.php\/news\/tv-ponta-negra-recebe-homenagem-pelos-38-anos-na-assembleia-legislativa-do-rn\/#primaryimage","url":"https:\/\/ubaldofernandes.com\/wp-content\/uploads\/2025\/05\/Bebe-Reborn.webp","contentUrl":"https:\/\/ubaldofernandes.com\/wp-content\/uploads\/2025\/05\/Bebe-Reborn.webp","width":1200,"height":800},{"@type":"BreadcrumbList","@id":"https:\/\/ubaldofernandes.com\/index.php\/news\/tv-ponta-negra-recebe-homenagem-pelos-38-anos-na-assembleia-legislativa-do-rn\/#breadcrumb","itemListElement":[{"@type":"ListItem","position":1,"name":"In\u00edcio","item":"https:\/\/ubaldofernandes.com\/"},{"@type":"ListItem","position":2,"name":"Not\u00edcias","item":"https:\/\/ubaldofernandes.com\/index.php\/news\/"},{"@type":"ListItem","position":3,"name":"TV Ponta Negra recebe homenagem pelos 38 anos na Assembleia Legislativa do RN"}]},{"@type":"WebSite","@id":"https:\/\/ubaldofernandes.com\/#website","url":"https:\/\/ubaldofernandes.com\/","name":"Ubaldo Fernandes","description":"Deputado Estadual","potentialAction":[{"@type":"SearchAction","target":{"@type":"EntryPoint","urlTemplate":"https:\/\/ubaldofernandes.com\/?s={search_term_string}"},"query-input":{"@type":"PropertyValueSpecification","valueRequired":true,"valueName":"search_term_string"}}],"inLanguage":"pt-BR"}]}},"_links":{"self":[{"href":"https:\/\/ubaldofernandes.com\/index.php\/wp-json\/wp\/v2\/news\/7804","targetHints":{"allow":["GET"]}}],"collection":[{"href":"https:\/\/ubaldofernandes.com\/index.php\/wp-json\/wp\/v2\/news"}],"about":[{"href":"https:\/\/ubaldofernandes.com\/index.php\/wp-json\/wp\/v2\/types\/news"}],"wp:featuredmedia":[{"embeddable":true,"href":"https:\/\/ubaldofernandes.com\/index.php\/wp-json\/wp\/v2\/media\/7807"}],"wp:attachment":[{"href":"https:\/\/ubaldofernandes.com\/index.php\/wp-json\/wp\/v2\/media?parent=7804"}],"curies":[{"name":"wp","href":"https:\/\/api.w.org\/{rel}","templated":true}]}}