{"id":7813,"date":"2025-05-27T11:10:00","date_gmt":"2025-05-27T14:10:00","guid":{"rendered":"https:\/\/ubaldofernandes.com\/?post_type=news&#038;p=7813"},"modified":"2025-05-30T12:11:35","modified_gmt":"2025-05-30T15:11:35","slug":"ccjr-aprova-projeto-de-ubaldo-fernandes-que-reconhece-pano-de-prato-de-jardim-de-piranhas-como-patrimonio-cultural-do-rn-2","status":"publish","type":"news","link":"https:\/\/ubaldofernandes.com\/index.php\/news\/ccjr-aprova-projeto-de-ubaldo-fernandes-que-reconhece-pano-de-prato-de-jardim-de-piranhas-como-patrimonio-cultural-do-rn-2\/","title":{"rendered":"CCJR aprova projeto de Ubaldo Fernandes que reconhece pano de prato de Jardim de Piranhas como patrim\u00f4nio cultural do RN"},"content":{"rendered":"\n<p>Nesta ter\u00e7a-feira, 27, a Comiss\u00e3o de Constitui\u00e7\u00e3o, Justi\u00e7a e Reda\u00e7\u00e3o (CCJR) da Assembleia Legislativa do Rio Grande do Norte aprovou o Projeto de Lei n\u00ba 212\/2025, de autoria do deputado estadual Ubaldo Fernandes, que reconhece o pano de prato da cidade de Jardim de Piranhas como patrim\u00f4nio material, cultural, art\u00edstico e econ\u00f4mico do estado. A mat\u00e9ria segue agora para as pr\u00f3ximas etapas de tramita\u00e7\u00e3o.<\/p>\n\n\n\n<p>A proposta destaca a relev\u00e2ncia da produ\u00e7\u00e3o artesanal t\u00eaxtil no munic\u00edpio, que se notabilizou pela confec\u00e7\u00e3o de redes de dormir, mantas, toalhas, tapetes e, principalmente, panos de prato, fabricados em teares manuais. Esses itens s\u00e3o comercializados em diversas regi\u00f5es do Brasil, especialmente entre os meses de fevereiro e julho, movimentando a economia local e fortalecendo a identidade cultural da cidade.&nbsp;<\/p>\n\n\n\n<p>A atividade \u00e9 desempenhada por artes\u00e3os e corretores, que mant\u00eam viva uma tradi\u00e7\u00e3o passada de gera\u00e7\u00e3o em gera\u00e7\u00e3o. O reconhecimento oficial busca valorizar essa express\u00e3o do saber popular e contribuir para sua preserva\u00e7\u00e3o como s\u00edmbolo da criatividade e da for\u00e7a econ\u00f4mica do Serid\u00f3.<\/p>\n\n\n\n<p>J\u00e1 durante a sess\u00e3o, os deputados aprovaram dois requerimentos apresentados por Ubaldo. O primeiro solicita a amplia\u00e7\u00e3o e constru\u00e7\u00e3o de uma quadra poliesportiva na Escola Estadual Joaquim Adelino de Medeiros, localizada no munic\u00edpio de S\u00e3o Vicente, com o objetivo de melhorar a estrutura da unidade escolar e fomentar a pr\u00e1tica de atividades esportivas entre os alunos.&nbsp;<\/p>\n\n\n\n<p>O segundo requerimento trata da disponibiliza\u00e7\u00e3o de abastecimento de \u00e1gua, por meio da Adutora Serid\u00f3 Norte, para as comunidades rurais Garganta, Patacor\u00f4a, Fechado e Dizimeiro, no munic\u00edpio de Flor\u00e2nia. A iniciativa visa atender a uma antiga demanda das fam\u00edlias que vivem nessas localidades, historicamente afetadas pela escassez h\u00eddrica, e garantir melhores condi\u00e7\u00f5es de vida para a popula\u00e7\u00e3o rural.<\/p>\n\n\n\n<p>Mat\u00e9ria publicada no <a href=\"https:\/\/blogdosamuelaraujo.com.br\/noticia.php?n=10335\">Blog do Samuel Ara\u00fajo<\/a>. <\/p>\n","protected":false},"featured_media":7812,"parent":0,"template":"","class_list":["post-7813","news","type-news","status-publish","has-post-thumbnail","hentry"],"acf":[],"yoast_head":"<!-- This site is optimized with the Yoast SEO plugin v24.6 - https:\/\/yoast.com\/wordpress\/plugins\/seo\/ -->\n<title>CCJR aprova projeto de Ubaldo Fernandes que reconhece pano de prato de Jardim de Piranhas como patrim\u00f4nio cultural do RN - Ubaldo Fernandes<\/title>\n<meta name=\"robots\" content=\"index, follow, max-snippet:-1, max-image-preview:large, max-video-preview:-1\" \/>\n<link rel=\"canonical\" href=\"https:\/\/ubaldofernandes.com\/index.php\/news\/ccjr-aprova-projeto-de-ubaldo-fernandes-que-reconhece-pano-de-prato-de-jardim-de-piranhas-como-patrimonio-cultural-do-rn-2\/\" \/>\n<meta property=\"og:locale\" content=\"pt_BR\" \/>\n<meta property=\"og:type\" content=\"article\" \/>\n<meta property=\"og:title\" content=\"CCJR aprova projeto de Ubaldo Fernandes que reconhece pano de prato de Jardim de Piranhas como patrim\u00f4nio cultural do RN - Ubaldo Fernandes\" \/>\n<meta property=\"og:description\" content=\"Nesta ter\u00e7a-feira, 27, a Comiss\u00e3o de Constitui\u00e7\u00e3o, Justi\u00e7a e Reda\u00e7\u00e3o (CCJR) da Assembleia Legislativa do Rio Grande do Norte aprovou o Projeto de Lei n\u00ba 212\/2025, de autoria do deputado estadual Ubaldo Fernandes, que reconhece o pano de prato da cidade de Jardim de Piranhas como patrim\u00f4nio material, cultural, art\u00edstico e econ\u00f4mico do estado. A [&hellip;]\" \/>\n<meta property=\"og:url\" content=\"https:\/\/ubaldofernandes.com\/index.php\/news\/ccjr-aprova-projeto-de-ubaldo-fernandes-que-reconhece-pano-de-prato-de-jardim-de-piranhas-como-patrimonio-cultural-do-rn-2\/\" \/>\n<meta property=\"og:site_name\" content=\"Ubaldo Fernandes\" \/>\n<meta property=\"article:modified_time\" content=\"2025-05-30T15:11:35+00:00\" \/>\n<meta property=\"og:image\" content=\"https:\/\/ubaldofernandes.com\/wp-content\/uploads\/2025\/05\/WhatsApp-Image-2025-05-13-at-11.39.52-1.jpeg\" \/>\n\t<meta property=\"og:image:width\" content=\"2560\" \/>\n\t<meta property=\"og:image:height\" content=\"1703\" \/>\n\t<meta property=\"og:image:type\" content=\"image\/jpeg\" \/>\n<meta name=\"twitter:card\" content=\"summary_large_image\" \/>\n<meta name=\"twitter:label1\" content=\"Est. tempo de leitura\" \/>\n\t<meta name=\"twitter:data1\" content=\"2 minutos\" \/>\n<script type=\"application\/ld+json\" class=\"yoast-schema-graph\">{\"@context\":\"https:\/\/schema.org\",\"@graph\":[{\"@type\":\"WebPage\",\"@id\":\"https:\/\/ubaldofernandes.com\/index.php\/news\/ccjr-aprova-projeto-de-ubaldo-fernandes-que-reconhece-pano-de-prato-de-jardim-de-piranhas-como-patrimonio-cultural-do-rn-2\/\",\"url\":\"https:\/\/ubaldofernandes.com\/index.php\/news\/ccjr-aprova-projeto-de-ubaldo-fernandes-que-reconhece-pano-de-prato-de-jardim-de-piranhas-como-patrimonio-cultural-do-rn-2\/\",\"name\":\"CCJR aprova projeto de Ubaldo Fernandes que reconhece pano de prato de Jardim de Piranhas como patrim\u00f4nio cultural do RN - Ubaldo Fernandes\",\"isPartOf\":{\"@id\":\"https:\/\/ubaldofernandes.com\/#website\"},\"primaryImageOfPage\":{\"@id\":\"https:\/\/ubaldofernandes.com\/index.php\/news\/ccjr-aprova-projeto-de-ubaldo-fernandes-que-reconhece-pano-de-prato-de-jardim-de-piranhas-como-patrimonio-cultural-do-rn-2\/#primaryimage\"},\"image\":{\"@id\":\"https:\/\/ubaldofernandes.com\/index.php\/news\/ccjr-aprova-projeto-de-ubaldo-fernandes-que-reconhece-pano-de-prato-de-jardim-de-piranhas-como-patrimonio-cultural-do-rn-2\/#primaryimage\"},\"thumbnailUrl\":\"https:\/\/ubaldofernandes.com\/wp-content\/uploads\/2025\/05\/WhatsApp-Image-2025-05-13-at-11.39.52-1.jpeg\",\"datePublished\":\"2025-05-27T14:10:00+00:00\",\"dateModified\":\"2025-05-30T15:11:35+00:00\",\"breadcrumb\":{\"@id\":\"https:\/\/ubaldofernandes.com\/index.php\/news\/ccjr-aprova-projeto-de-ubaldo-fernandes-que-reconhece-pano-de-prato-de-jardim-de-piranhas-como-patrimonio-cultural-do-rn-2\/#breadcrumb\"},\"inLanguage\":\"pt-BR\",\"potentialAction\":[{\"@type\":\"ReadAction\",\"target\":[\"https:\/\/ubaldofernandes.com\/index.php\/news\/ccjr-aprova-projeto-de-ubaldo-fernandes-que-reconhece-pano-de-prato-de-jardim-de-piranhas-como-patrimonio-cultural-do-rn-2\/\"]}]},{\"@type\":\"ImageObject\",\"inLanguage\":\"pt-BR\",\"@id\":\"https:\/\/ubaldofernandes.com\/index.php\/news\/ccjr-aprova-projeto-de-ubaldo-fernandes-que-reconhece-pano-de-prato-de-jardim-de-piranhas-como-patrimonio-cultural-do-rn-2\/#primaryimage\",\"url\":\"https:\/\/ubaldofernandes.com\/wp-content\/uploads\/2025\/05\/WhatsApp-Image-2025-05-13-at-11.39.52-1.jpeg\",\"contentUrl\":\"https:\/\/ubaldofernandes.com\/wp-content\/uploads\/2025\/05\/WhatsApp-Image-2025-05-13-at-11.39.52-1.jpeg\",\"width\":2560,\"height\":1703},{\"@type\":\"BreadcrumbList\",\"@id\":\"https:\/\/ubaldofernandes.com\/index.php\/news\/ccjr-aprova-projeto-de-ubaldo-fernandes-que-reconhece-pano-de-prato-de-jardim-de-piranhas-como-patrimonio-cultural-do-rn-2\/#breadcrumb\",\"itemListElement\":[{\"@type\":\"ListItem\",\"position\":1,\"name\":\"In\u00edcio\",\"item\":\"https:\/\/ubaldofernandes.com\/\"},{\"@type\":\"ListItem\",\"position\":2,\"name\":\"Not\u00edcias\",\"item\":\"https:\/\/ubaldofernandes.com\/index.php\/news\/\"},{\"@type\":\"ListItem\",\"position\":3,\"name\":\"CCJR aprova projeto de Ubaldo Fernandes que reconhece pano de prato de Jardim de Piranhas como patrim\u00f4nio cultural do RN\"}]},{\"@type\":\"WebSite\",\"@id\":\"https:\/\/ubaldofernandes.com\/#website\",\"url\":\"https:\/\/ubaldofernandes.com\/\",\"name\":\"Ubaldo Fernandes\",\"description\":\"Deputado Estadual\",\"potentialAction\":[{\"@type\":\"SearchAction\",\"target\":{\"@type\":\"EntryPoint\",\"urlTemplate\":\"https:\/\/ubaldofernandes.com\/?s={search_term_string}\"},\"query-input\":{\"@type\":\"PropertyValueSpecification\",\"valueRequired\":true,\"valueName\":\"search_term_string\"}}],\"inLanguage\":\"pt-BR\"}]}<\/script>\n<!-- \/ Yoast SEO plugin. -->","yoast_head_json":{"title":"CCJR aprova projeto de Ubaldo Fernandes que reconhece pano de prato de Jardim de Piranhas como patrim\u00f4nio cultural do RN - Ubaldo Fernandes","robots":{"index":"index","follow":"follow","max-snippet":"max-snippet:-1","max-image-preview":"max-image-preview:large","max-video-preview":"max-video-preview:-1"},"canonical":"https:\/\/ubaldofernandes.com\/index.php\/news\/ccjr-aprova-projeto-de-ubaldo-fernandes-que-reconhece-pano-de-prato-de-jardim-de-piranhas-como-patrimonio-cultural-do-rn-2\/","og_locale":"pt_BR","og_type":"article","og_title":"CCJR aprova projeto de Ubaldo Fernandes que reconhece pano de prato de Jardim de Piranhas como patrim\u00f4nio cultural do RN - Ubaldo Fernandes","og_description":"Nesta ter\u00e7a-feira, 27, a Comiss\u00e3o de Constitui\u00e7\u00e3o, Justi\u00e7a e Reda\u00e7\u00e3o (CCJR) da Assembleia Legislativa do Rio Grande do Norte aprovou o Projeto de Lei n\u00ba 212\/2025, de autoria do deputado estadual Ubaldo Fernandes, que reconhece o pano de prato da cidade de Jardim de Piranhas como patrim\u00f4nio material, cultural, art\u00edstico e econ\u00f4mico do estado. A [&hellip;]","og_url":"https:\/\/ubaldofernandes.com\/index.php\/news\/ccjr-aprova-projeto-de-ubaldo-fernandes-que-reconhece-pano-de-prato-de-jardim-de-piranhas-como-patrimonio-cultural-do-rn-2\/","og_site_name":"Ubaldo Fernandes","article_modified_time":"2025-05-30T15:11:35+00:00","og_image":[{"width":2560,"height":1703,"url":"https:\/\/ubaldofernandes.com\/wp-content\/uploads\/2025\/05\/WhatsApp-Image-2025-05-13-at-11.39.52-1.jpeg","type":"image\/jpeg"}],"twitter_card":"summary_large_image","twitter_misc":{"Est. tempo de leitura":"2 minutos"},"schema":{"@context":"https:\/\/schema.org","@graph":[{"@type":"WebPage","@id":"https:\/\/ubaldofernandes.com\/index.php\/news\/ccjr-aprova-projeto-de-ubaldo-fernandes-que-reconhece-pano-de-prato-de-jardim-de-piranhas-como-patrimonio-cultural-do-rn-2\/","url":"https:\/\/ubaldofernandes.com\/index.php\/news\/ccjr-aprova-projeto-de-ubaldo-fernandes-que-reconhece-pano-de-prato-de-jardim-de-piranhas-como-patrimonio-cultural-do-rn-2\/","name":"CCJR aprova projeto de Ubaldo Fernandes que reconhece pano de prato de Jardim de Piranhas como patrim\u00f4nio cultural do RN - Ubaldo Fernandes","isPartOf":{"@id":"https:\/\/ubaldofernandes.com\/#website"},"primaryImageOfPage":{"@id":"https:\/\/ubaldofernandes.com\/index.php\/news\/ccjr-aprova-projeto-de-ubaldo-fernandes-que-reconhece-pano-de-prato-de-jardim-de-piranhas-como-patrimonio-cultural-do-rn-2\/#primaryimage"},"image":{"@id":"https:\/\/ubaldofernandes.com\/index.php\/news\/ccjr-aprova-projeto-de-ubaldo-fernandes-que-reconhece-pano-de-prato-de-jardim-de-piranhas-como-patrimonio-cultural-do-rn-2\/#primaryimage"},"thumbnailUrl":"https:\/\/ubaldofernandes.com\/wp-content\/uploads\/2025\/05\/WhatsApp-Image-2025-05-13-at-11.39.52-1.jpeg","datePublished":"2025-05-27T14:10:00+00:00","dateModified":"2025-05-30T15:11:35+00:00","breadcrumb":{"@id":"https:\/\/ubaldofernandes.com\/index.php\/news\/ccjr-aprova-projeto-de-ubaldo-fernandes-que-reconhece-pano-de-prato-de-jardim-de-piranhas-como-patrimonio-cultural-do-rn-2\/#breadcrumb"},"inLanguage":"pt-BR","potentialAction":[{"@type":"ReadAction","target":["https:\/\/ubaldofernandes.com\/index.php\/news\/ccjr-aprova-projeto-de-ubaldo-fernandes-que-reconhece-pano-de-prato-de-jardim-de-piranhas-como-patrimonio-cultural-do-rn-2\/"]}]},{"@type":"ImageObject","inLanguage":"pt-BR","@id":"https:\/\/ubaldofernandes.com\/index.php\/news\/ccjr-aprova-projeto-de-ubaldo-fernandes-que-reconhece-pano-de-prato-de-jardim-de-piranhas-como-patrimonio-cultural-do-rn-2\/#primaryimage","url":"https:\/\/ubaldofernandes.com\/wp-content\/uploads\/2025\/05\/WhatsApp-Image-2025-05-13-at-11.39.52-1.jpeg","contentUrl":"https:\/\/ubaldofernandes.com\/wp-content\/uploads\/2025\/05\/WhatsApp-Image-2025-05-13-at-11.39.52-1.jpeg","width":2560,"height":1703},{"@type":"BreadcrumbList","@id":"https:\/\/ubaldofernandes.com\/index.php\/news\/ccjr-aprova-projeto-de-ubaldo-fernandes-que-reconhece-pano-de-prato-de-jardim-de-piranhas-como-patrimonio-cultural-do-rn-2\/#breadcrumb","itemListElement":[{"@type":"ListItem","position":1,"name":"In\u00edcio","item":"https:\/\/ubaldofernandes.com\/"},{"@type":"ListItem","position":2,"name":"Not\u00edcias","item":"https:\/\/ubaldofernandes.com\/index.php\/news\/"},{"@type":"ListItem","position":3,"name":"CCJR aprova projeto de Ubaldo Fernandes que reconhece pano de prato de Jardim de Piranhas como patrim\u00f4nio cultural do RN"}]},{"@type":"WebSite","@id":"https:\/\/ubaldofernandes.com\/#website","url":"https:\/\/ubaldofernandes.com\/","name":"Ubaldo Fernandes","description":"Deputado Estadual","potentialAction":[{"@type":"SearchAction","target":{"@type":"EntryPoint","urlTemplate":"https:\/\/ubaldofernandes.com\/?s={search_term_string}"},"query-input":{"@type":"PropertyValueSpecification","valueRequired":true,"valueName":"search_term_string"}}],"inLanguage":"pt-BR"}]}},"_links":{"self":[{"href":"https:\/\/ubaldofernandes.com\/index.php\/wp-json\/wp\/v2\/news\/7813","targetHints":{"allow":["GET"]}}],"collection":[{"href":"https:\/\/ubaldofernandes.com\/index.php\/wp-json\/wp\/v2\/news"}],"about":[{"href":"https:\/\/ubaldofernandes.com\/index.php\/wp-json\/wp\/v2\/types\/news"}],"wp:featuredmedia":[{"embeddable":true,"href":"https:\/\/ubaldofernandes.com\/index.php\/wp-json\/wp\/v2\/media\/7812"}],"wp:attachment":[{"href":"https:\/\/ubaldofernandes.com\/index.php\/wp-json\/wp\/v2\/media?parent=7813"}],"curies":[{"name":"wp","href":"https:\/\/api.w.org\/{rel}","templated":true}]}}