{"id":7841,"date":"2025-05-30T10:23:00","date_gmt":"2025-05-30T13:23:00","guid":{"rendered":"https:\/\/ubaldofernandes.com\/?post_type=news&#038;p=7841"},"modified":"2025-06-02T11:28:07","modified_gmt":"2025-06-02T14:28:07","slug":"assembleia-presta-homenagem-pelos-38-anos-de-fundacao-da-tv-ponta-negra","status":"publish","type":"news","link":"https:\/\/ubaldofernandes.com\/index.php\/news\/assembleia-presta-homenagem-pelos-38-anos-de-fundacao-da-tv-ponta-negra\/","title":{"rendered":"Assembleia presta homenagem pelos 38 anos de funda\u00e7\u00e3o da TV Ponta Negra"},"content":{"rendered":"\n<p><em>Familiares do fundador Carlos Alberto, funcion\u00e1rios e ex-integrantes do grupo tamb\u00e9m foram homenageados na sess\u00e3o<\/em><\/p>\n\n\n\n<p>rimeira emissora comercial do estado, a TV Ponta Negra foi homenageada pela Assembleia Legislativa do Rio Grande do Norte (ALRN) nesta quinta-feira (29). A empresa televisiva fundada pelo Comunicador Carlos Alberto de Sousa h\u00e1 38 anos integra, hoje, o Sistema Ponta Negra de Comunica\u00e7\u00e3o, levando conte\u00fado potiguar de jornalismo e entretenimento em multiplataforma para milhares de telespectadores tamb\u00e9m pela r\u00e1dio 95 Mais FM e pelo portal Ponta Negra News.<\/p>\n\n\n\n<p>Propositor da sess\u00e3o solene, o deputado estadual Ubaldo Fernandes (PSDB) ressaltou ainda a atitude \u201cvision\u00e1ria\u201d de Carlos Alberto de Sousa ao investir na TV e a valoriza\u00e7\u00e3o aos jornalistas.<\/p>\n\n\n\n<p>\u201cIsso foi muito importante para a profiss\u00e3o do jornalista, que viram na TV Ponta Negra uma televis\u00e3o acess\u00edvel para o exerc\u00edcio de sua atividade profissional e isso n\u00f3s estamos reconhecendo. O Poder Legislativo reconhece os relevantes servi\u00e7os que a televis\u00e3o tem prestado ao RN\u201d, pontuou o deputado.<\/p>\n\n\n\n<p>Para a esposa do fundador e hoje presidente do Sistema Ponta Negra de comunica\u00e7\u00e3o, Miriam de Sousa, a homenagem constitui um momento muito importante. \u201cS\u00e3o 38 anos de muita hist\u00f3ria, de muita supera\u00e7\u00e3o, e a gente fica muito feliz pelo reconhecimento do deputado Ubaldo de fazer essa homenagem \u00e0 TV Ponta Negra. S\u00f3 gratid\u00e3o\u201d, disse.<\/p>\n\n\n\n<p>J\u00e1 a jornalista Micarla de Sousa, CEO do Sistema, ressaltou a \u201cextrema honra\u201d em presenciar uma homenagem da ALRN \u00e0 TV Ponta Negra. \u201cTemos 38 anos, essa \u00e9 a primeira vez e eu fico muito feliz porque, de verdade, a TV Ponta Negra \u00e9 a televis\u00e3o do povo do RN. Foi a primeira emissora, \u00e9 certamente a TV mais querida, mais amada do RN. As pessoas se sentem como parte da nossa fam\u00edlia e hoje foi esse dia de celebra\u00e7\u00e3o\u201d.<\/p>\n\n\n\n<p>Na cerim\u00f4nia, nove colaboradores que fizeram parte da hist\u00f3ria da TV foram homenageados individualmente: Flavio Gentil, Ivanilda Rosilene Silva, Francisco Lucian Martins, Francisco Paulo Barbosa, Jo\u00e3o Bosco Afonso, Guto Barreto, Paulo Vitorino do Nascimento, Pedro Sotero Rosa e Rog\u00e9rio Fernandes. Tamb\u00e9m foi lembrado o primeiro anunciante que acreditou na empresa, o supermercado Nordest\u00e3o, representado pelo diretor Le\u00f4ncio Medeiros Filho.<\/p>\n\n\n\n<p>Ex-diretor comercial da Ponta Negra e atual diretor executivo do Jornal Di\u00e1rio do RN, Jo\u00e3o Bosco Afonso foi destacado pelo seu empenho por longos anos, desde a funda\u00e7\u00e3o da TV. O empres\u00e1rio ressaltou o forte significado de receber a homenagem. \u201cPrimeiro de tudo, essa homenagem representa parte da minha vida. Ajudei na funda\u00e7\u00e3o, ajudei na estrutura\u00e7\u00e3o da emissora, passei mais de 25 anos trabalhando, encontrando as dificuldades e os sucessos\u201d, pontuou, sem deixar de falar das conquistas que a companhia ainda vem alcan\u00e7ando.<\/p>\n\n\n\n<p>Para o comunicador Fl\u00e1vio Gentil, ser homenageado na sess\u00e3o solene consiste em grande alegria.<\/p>\n\n\n\n<p>\u201cImagina s\u00f3 que emo\u00e7\u00e3o ser chamado por Carlos Alberto para trabalhar na TV Ponta Negra.<\/p>\n\n\n\n<p>Aceitei, sa\u00ed da Aeron\u00e1utica, fui trabalhar na TV Ponta Negra. (\u2026) Ter o aval de Dona Miriam e ter sido acolhido pelas meninas \u2013 por Micarla, Rose e Priscilla \u2013 foi uma grande alegria naquele momento da minha vida, como est\u00e1 sendo uma alegria muito grande hoje\u201d, declarou.<\/p>\n\n\n\n<p>J\u00e1 o operador de c\u00e2mera de est\u00fadio Pedro Rosa faz quest\u00e3o de ressaltar a gratid\u00e3o pelos 38 anos na casa e por toda a oportunidade recebida. \u201cAqui foi onde passei a maior parte da minha vida, \u00e9 a minha segunda casa, uma empresa excelente para se trabalhar. Aqui n\u00e3o existe dono, existem amigos. Fica at\u00e9 dif\u00edcil falar\u201d.<\/p>\n\n\n\n<p><strong>O in\u00edcio e as evolu\u00e7\u00f5es<br><\/strong>Ao Di\u00e1rio do RN, Miriam de Sousa relembrou o in\u00edcio da TV Ponta Negra, com pouco espa\u00e7o e equipamento, e todo o empenho para crescer e seguir acompanhando as mudan\u00e7as que ocorreram na comunica\u00e7\u00e3o ao longo dessas quase quatro d\u00e9cadas, mantendo a ess\u00eancia do que foi idealizado pelo fundador.<\/p>\n\n\n\n<p>\u201cQuando come\u00e7amos, t\u00ednhamos uma estrutura muito pequena. Inclusive, tudo foi emprestado pelo SBT, por Silvio Santos \u2013 c\u00e2meras, todos os equipamentos para p\u00f4r a televis\u00e3o no ar -, e ao longo do tempo a gente foi se modernizando e acompanhando as tecnologias, o desenvolvimento das novas tecnologias, e n\u00f3s estamos buscando cada vez mais crescer, evoluir e buscar estar sempre atualizado. Para n\u00f3s, isso \u00e9 muito importante\u201d, explicou.<\/p>\n\n\n\n<p><strong>Base do telejornalismo no RN<br><\/strong>Miriam de Sousa ressaltou que a Ponta Negra foi a base da pr\u00e1tica do jornalismo televisivo comercial no estado, ajudando a formar profissionais at\u00e9 mesmo para outras TVs. \u201cSempre fomos a escola do jornalismo no RN. T\u00ednhamos uma escolinha. Em todas as fun\u00e7\u00f5es da televis\u00e3o, t\u00ednhamos pessoas aprendendo a fazer. Tanto que todas as outras televis\u00f5es que vieram depois foram buscar na TV Ponta Negra profissionais para poder botar as empresas para funcionar.<\/p>\n\n\n\n<p>Sab\u00edamos disso, ent\u00e3o, tomamos o cuidado de j\u00e1 preparar a m\u00e3o de obra para as pr\u00f3ximas empresas que estariam chegando no estado\u201d.<\/p>\n\n\n\n<p><strong>Valoriza\u00e7\u00e3o do jornalista<br><\/strong>O Sistema Ponta Negra tem 43 jornalistas contratados para atuar nas \u00e1reas de televis\u00e3o, m\u00eddia digital e marketing, sendo a que mais emprega jornalistas no RN.<\/p>\n\n\n\n<p>A gerente de jornalismo da TV, Ang\u00e9lica Hip\u00f3lito, conta que essa valoriza\u00e7\u00e3o ao profissional de jornalismo se d\u00e1 no sentido de sempre buscar a m\u00e1xima qualidade, em ofertar o melhor ao p\u00fablico. \u201cA TV Ponta Negra \u00e9 uma empresa que preza muito pelo respeito e aposta na ousadia.<\/p>\n\n\n\n<p>Ousadia de fazer um jornalismo pulsante. Todos os dias nos reinventamos no sentido de buscar o melhor para nosso p\u00fablico\u201d, disse ela, acrescentando ainda que \u201cnesse sentido de buscar o melhor, valorizamos o jornalista formado, que foi a uma universidade aprender sobre \u00e9tica, que busca realmente prestar um servi\u00e7o \u00e0 comunidade entendendo o papel que \u00e9 ser um formador de opini\u00e3o\u201d.<\/p>\n\n\n\n<p><strong>Desafios<br><\/strong>Preservar esses prop\u00f3sitos h\u00e1 quase quatro d\u00e9cadas n\u00e3o acontece sem um trabalho firme. Para Ang\u00e9lica, diante da facilidade com que as informa\u00e7\u00f5es s\u00e3o disponibilizadas atualmente, manter o p\u00fablico conectado \u00e0 Ponta Negra \u00e9 t\u00e3o desafiador quanto gratificante, e resulta de um trabalho s\u00e9rio e respons\u00e1vel.<\/p>\n\n\n\n<p>\u201cEm um mundo onde a informa\u00e7\u00e3o est\u00e1 na palma da m\u00e3o, nosso desafio \u00e9 trazer essa pessoa que tem \u00e2nsia por saber dos acontecimentos para se informar com qualidade. No atual per\u00edodo, onde as pessoas colocam not\u00edcia sem checar, nosso desafio \u00e9 entregar as hist\u00f3rias e not\u00edcias com responsabilidade, buscando dar a seguran\u00e7a de que na TV Ponta Negra, a informa\u00e7\u00e3o ser\u00e1 sempre levada a s\u00e9rio. E, nesse desafio, nossa maior alegria \u00e9 ter a consci\u00eancia de que estamos fazendo um jornalismo \u00e9tico e respons\u00e1vel\u201d, declarou a jornalista.<\/p>\n\n\n\n<p>Mat\u00e9ria publicada no <a href=\"https:\/\/diariodorn.com.br\/assembleia-presta-homenagem-pelos-38-anos-de-fundacao-da-tv-ponta-negra\/\">Blog Di\u00e1rio do RN<\/a>. <\/p>\n","protected":false},"featured_media":7842,"parent":0,"template":"","class_list":["post-7841","news","type-news","status-publish","has-post-thumbnail","hentry"],"acf":[],"yoast_head":"<!-- This site is optimized with the Yoast SEO plugin v24.6 - https:\/\/yoast.com\/wordpress\/plugins\/seo\/ -->\n<title>Assembleia presta homenagem pelos 38 anos de funda\u00e7\u00e3o da TV Ponta Negra - Ubaldo Fernandes<\/title>\n<meta name=\"robots\" content=\"index, follow, max-snippet:-1, max-image-preview:large, max-video-preview:-1\" \/>\n<link rel=\"canonical\" href=\"https:\/\/ubaldofernandes.com\/index.php\/news\/assembleia-presta-homenagem-pelos-38-anos-de-fundacao-da-tv-ponta-negra\/\" \/>\n<meta property=\"og:locale\" content=\"pt_BR\" \/>\n<meta property=\"og:type\" content=\"article\" \/>\n<meta property=\"og:title\" content=\"Assembleia presta homenagem pelos 38 anos de funda\u00e7\u00e3o da TV Ponta Negra - Ubaldo Fernandes\" \/>\n<meta property=\"og:description\" content=\"Familiares do fundador Carlos Alberto, funcion\u00e1rios e ex-integrantes do grupo tamb\u00e9m foram homenageados na sess\u00e3o rimeira emissora comercial do estado, a TV Ponta Negra foi homenageada pela Assembleia Legislativa do Rio Grande do Norte (ALRN) nesta quinta-feira (29). A empresa televisiva fundada pelo Comunicador Carlos Alberto de Sousa h\u00e1 38 anos integra, hoje, o Sistema [&hellip;]\" \/>\n<meta property=\"og:url\" content=\"https:\/\/ubaldofernandes.com\/index.php\/news\/assembleia-presta-homenagem-pelos-38-anos-de-fundacao-da-tv-ponta-negra\/\" \/>\n<meta property=\"og:site_name\" content=\"Ubaldo Fernandes\" \/>\n<meta property=\"article:modified_time\" content=\"2025-06-02T14:28:07+00:00\" \/>\n<meta property=\"og:image\" content=\"https:\/\/ubaldofernandes.com\/wp-content\/uploads\/2025\/06\/Design-sem-nome-93.webp\" \/>\n\t<meta property=\"og:image:width\" content=\"800\" \/>\n\t<meta property=\"og:image:height\" content=\"450\" \/>\n\t<meta property=\"og:image:type\" content=\"image\/webp\" \/>\n<meta name=\"twitter:card\" content=\"summary_large_image\" \/>\n<meta name=\"twitter:label1\" content=\"Est. tempo de leitura\" \/>\n\t<meta name=\"twitter:data1\" content=\"7 minutos\" \/>\n<script type=\"application\/ld+json\" class=\"yoast-schema-graph\">{\"@context\":\"https:\/\/schema.org\",\"@graph\":[{\"@type\":\"WebPage\",\"@id\":\"https:\/\/ubaldofernandes.com\/index.php\/news\/assembleia-presta-homenagem-pelos-38-anos-de-fundacao-da-tv-ponta-negra\/\",\"url\":\"https:\/\/ubaldofernandes.com\/index.php\/news\/assembleia-presta-homenagem-pelos-38-anos-de-fundacao-da-tv-ponta-negra\/\",\"name\":\"Assembleia presta homenagem pelos 38 anos de funda\u00e7\u00e3o da TV Ponta Negra - Ubaldo Fernandes\",\"isPartOf\":{\"@id\":\"https:\/\/ubaldofernandes.com\/#website\"},\"primaryImageOfPage\":{\"@id\":\"https:\/\/ubaldofernandes.com\/index.php\/news\/assembleia-presta-homenagem-pelos-38-anos-de-fundacao-da-tv-ponta-negra\/#primaryimage\"},\"image\":{\"@id\":\"https:\/\/ubaldofernandes.com\/index.php\/news\/assembleia-presta-homenagem-pelos-38-anos-de-fundacao-da-tv-ponta-negra\/#primaryimage\"},\"thumbnailUrl\":\"https:\/\/ubaldofernandes.com\/wp-content\/uploads\/2025\/06\/Design-sem-nome-93.webp\",\"datePublished\":\"2025-05-30T13:23:00+00:00\",\"dateModified\":\"2025-06-02T14:28:07+00:00\",\"breadcrumb\":{\"@id\":\"https:\/\/ubaldofernandes.com\/index.php\/news\/assembleia-presta-homenagem-pelos-38-anos-de-fundacao-da-tv-ponta-negra\/#breadcrumb\"},\"inLanguage\":\"pt-BR\",\"potentialAction\":[{\"@type\":\"ReadAction\",\"target\":[\"https:\/\/ubaldofernandes.com\/index.php\/news\/assembleia-presta-homenagem-pelos-38-anos-de-fundacao-da-tv-ponta-negra\/\"]}]},{\"@type\":\"ImageObject\",\"inLanguage\":\"pt-BR\",\"@id\":\"https:\/\/ubaldofernandes.com\/index.php\/news\/assembleia-presta-homenagem-pelos-38-anos-de-fundacao-da-tv-ponta-negra\/#primaryimage\",\"url\":\"https:\/\/ubaldofernandes.com\/wp-content\/uploads\/2025\/06\/Design-sem-nome-93.webp\",\"contentUrl\":\"https:\/\/ubaldofernandes.com\/wp-content\/uploads\/2025\/06\/Design-sem-nome-93.webp\",\"width\":800,\"height\":450},{\"@type\":\"BreadcrumbList\",\"@id\":\"https:\/\/ubaldofernandes.com\/index.php\/news\/assembleia-presta-homenagem-pelos-38-anos-de-fundacao-da-tv-ponta-negra\/#breadcrumb\",\"itemListElement\":[{\"@type\":\"ListItem\",\"position\":1,\"name\":\"In\u00edcio\",\"item\":\"https:\/\/ubaldofernandes.com\/\"},{\"@type\":\"ListItem\",\"position\":2,\"name\":\"Not\u00edcias\",\"item\":\"https:\/\/ubaldofernandes.com\/index.php\/news\/\"},{\"@type\":\"ListItem\",\"position\":3,\"name\":\"Assembleia presta homenagem pelos 38 anos de funda\u00e7\u00e3o da TV Ponta Negra\"}]},{\"@type\":\"WebSite\",\"@id\":\"https:\/\/ubaldofernandes.com\/#website\",\"url\":\"https:\/\/ubaldofernandes.com\/\",\"name\":\"Ubaldo Fernandes\",\"description\":\"Deputado Estadual\",\"potentialAction\":[{\"@type\":\"SearchAction\",\"target\":{\"@type\":\"EntryPoint\",\"urlTemplate\":\"https:\/\/ubaldofernandes.com\/?s={search_term_string}\"},\"query-input\":{\"@type\":\"PropertyValueSpecification\",\"valueRequired\":true,\"valueName\":\"search_term_string\"}}],\"inLanguage\":\"pt-BR\"}]}<\/script>\n<!-- \/ Yoast SEO plugin. -->","yoast_head_json":{"title":"Assembleia presta homenagem pelos 38 anos de funda\u00e7\u00e3o da TV Ponta Negra - Ubaldo Fernandes","robots":{"index":"index","follow":"follow","max-snippet":"max-snippet:-1","max-image-preview":"max-image-preview:large","max-video-preview":"max-video-preview:-1"},"canonical":"https:\/\/ubaldofernandes.com\/index.php\/news\/assembleia-presta-homenagem-pelos-38-anos-de-fundacao-da-tv-ponta-negra\/","og_locale":"pt_BR","og_type":"article","og_title":"Assembleia presta homenagem pelos 38 anos de funda\u00e7\u00e3o da TV Ponta Negra - Ubaldo Fernandes","og_description":"Familiares do fundador Carlos Alberto, funcion\u00e1rios e ex-integrantes do grupo tamb\u00e9m foram homenageados na sess\u00e3o rimeira emissora comercial do estado, a TV Ponta Negra foi homenageada pela Assembleia Legislativa do Rio Grande do Norte (ALRN) nesta quinta-feira (29). A empresa televisiva fundada pelo Comunicador Carlos Alberto de Sousa h\u00e1 38 anos integra, hoje, o Sistema [&hellip;]","og_url":"https:\/\/ubaldofernandes.com\/index.php\/news\/assembleia-presta-homenagem-pelos-38-anos-de-fundacao-da-tv-ponta-negra\/","og_site_name":"Ubaldo Fernandes","article_modified_time":"2025-06-02T14:28:07+00:00","og_image":[{"width":800,"height":450,"url":"https:\/\/ubaldofernandes.com\/wp-content\/uploads\/2025\/06\/Design-sem-nome-93.webp","type":"image\/webp"}],"twitter_card":"summary_large_image","twitter_misc":{"Est. tempo de leitura":"7 minutos"},"schema":{"@context":"https:\/\/schema.org","@graph":[{"@type":"WebPage","@id":"https:\/\/ubaldofernandes.com\/index.php\/news\/assembleia-presta-homenagem-pelos-38-anos-de-fundacao-da-tv-ponta-negra\/","url":"https:\/\/ubaldofernandes.com\/index.php\/news\/assembleia-presta-homenagem-pelos-38-anos-de-fundacao-da-tv-ponta-negra\/","name":"Assembleia presta homenagem pelos 38 anos de funda\u00e7\u00e3o da TV Ponta Negra - Ubaldo Fernandes","isPartOf":{"@id":"https:\/\/ubaldofernandes.com\/#website"},"primaryImageOfPage":{"@id":"https:\/\/ubaldofernandes.com\/index.php\/news\/assembleia-presta-homenagem-pelos-38-anos-de-fundacao-da-tv-ponta-negra\/#primaryimage"},"image":{"@id":"https:\/\/ubaldofernandes.com\/index.php\/news\/assembleia-presta-homenagem-pelos-38-anos-de-fundacao-da-tv-ponta-negra\/#primaryimage"},"thumbnailUrl":"https:\/\/ubaldofernandes.com\/wp-content\/uploads\/2025\/06\/Design-sem-nome-93.webp","datePublished":"2025-05-30T13:23:00+00:00","dateModified":"2025-06-02T14:28:07+00:00","breadcrumb":{"@id":"https:\/\/ubaldofernandes.com\/index.php\/news\/assembleia-presta-homenagem-pelos-38-anos-de-fundacao-da-tv-ponta-negra\/#breadcrumb"},"inLanguage":"pt-BR","potentialAction":[{"@type":"ReadAction","target":["https:\/\/ubaldofernandes.com\/index.php\/news\/assembleia-presta-homenagem-pelos-38-anos-de-fundacao-da-tv-ponta-negra\/"]}]},{"@type":"ImageObject","inLanguage":"pt-BR","@id":"https:\/\/ubaldofernandes.com\/index.php\/news\/assembleia-presta-homenagem-pelos-38-anos-de-fundacao-da-tv-ponta-negra\/#primaryimage","url":"https:\/\/ubaldofernandes.com\/wp-content\/uploads\/2025\/06\/Design-sem-nome-93.webp","contentUrl":"https:\/\/ubaldofernandes.com\/wp-content\/uploads\/2025\/06\/Design-sem-nome-93.webp","width":800,"height":450},{"@type":"BreadcrumbList","@id":"https:\/\/ubaldofernandes.com\/index.php\/news\/assembleia-presta-homenagem-pelos-38-anos-de-fundacao-da-tv-ponta-negra\/#breadcrumb","itemListElement":[{"@type":"ListItem","position":1,"name":"In\u00edcio","item":"https:\/\/ubaldofernandes.com\/"},{"@type":"ListItem","position":2,"name":"Not\u00edcias","item":"https:\/\/ubaldofernandes.com\/index.php\/news\/"},{"@type":"ListItem","position":3,"name":"Assembleia presta homenagem pelos 38 anos de funda\u00e7\u00e3o da TV Ponta Negra"}]},{"@type":"WebSite","@id":"https:\/\/ubaldofernandes.com\/#website","url":"https:\/\/ubaldofernandes.com\/","name":"Ubaldo Fernandes","description":"Deputado Estadual","potentialAction":[{"@type":"SearchAction","target":{"@type":"EntryPoint","urlTemplate":"https:\/\/ubaldofernandes.com\/?s={search_term_string}"},"query-input":{"@type":"PropertyValueSpecification","valueRequired":true,"valueName":"search_term_string"}}],"inLanguage":"pt-BR"}]}},"_links":{"self":[{"href":"https:\/\/ubaldofernandes.com\/index.php\/wp-json\/wp\/v2\/news\/7841","targetHints":{"allow":["GET"]}}],"collection":[{"href":"https:\/\/ubaldofernandes.com\/index.php\/wp-json\/wp\/v2\/news"}],"about":[{"href":"https:\/\/ubaldofernandes.com\/index.php\/wp-json\/wp\/v2\/types\/news"}],"wp:featuredmedia":[{"embeddable":true,"href":"https:\/\/ubaldofernandes.com\/index.php\/wp-json\/wp\/v2\/media\/7842"}],"wp:attachment":[{"href":"https:\/\/ubaldofernandes.com\/index.php\/wp-json\/wp\/v2\/media?parent=7841"}],"curies":[{"name":"wp","href":"https:\/\/api.w.org\/{rel}","templated":true}]}}