{"id":7844,"date":"2025-06-24T15:14:48","date_gmt":"2025-06-24T18:14:48","guid":{"rendered":"https:\/\/ubaldofernandes.com\/?post_type=news&#038;p=7844"},"modified":"2025-06-24T15:16:41","modified_gmt":"2025-06-24T18:16:41","slug":"deputado-ubaldo-acompanha-obras-e-acoes-que-viabilizou-em-guamare-durante-feriado","status":"publish","type":"news","link":"https:\/\/ubaldofernandes.com\/index.php\/news\/deputado-ubaldo-acompanha-obras-e-acoes-que-viabilizou-em-guamare-durante-feriado\/","title":{"rendered":"Deputado Ubaldo acompanha obras e a\u00e7\u00f5es que viabilizou em Guamar\u00e9 durante feriado"},"content":{"rendered":"\n<p>Aproveitando o feriado de Corpus Christi, nesta quinta-feira (19), o deputado estadual Ubaldo Fernandes cumpriu agenda no interior do Rio Grande do Norte, com destino ao munic\u00edpio de Guamar\u00e9, no litoral potiguar. A visita teve como objetivo acompanhar de perto obras e iniciativas que v\u00eam sendo realizadas com recursos destinados por seu mandato.<\/p>\n\n\n\n<p>A primeira parada foi na Unidade B\u00e1sica de Sa\u00fade do Assentamento Santa Paz, que passou por uma importante reforma viabilizada atrav\u00e9s de uma emenda parlamentar de R$ 150 mil destinada por Ubaldo. No local, o parlamentar p\u00f4de constatar a melhoria na estrutura f\u00edsica, que antes apresentava diversas precariedades.<\/p>\n\n\n\n<p>\u201cVer uma UBS que antes tinha paredes quebradas e hoje oferece mais dignidade a pacientes e profissionais \u00e9 gratificante. Nosso mandato tem esse compromisso com a sa\u00fade p\u00fablica e com as comunidades que mais precisam\u201d, destacou o deputado.<\/p>\n\n\n\n<p>Leandro F\u00e9lix, suplente de vereador e lideran\u00e7a local que solicitou a emenda, tamb\u00e9m ressaltou a import\u00e2ncia da a\u00e7\u00e3o. \u201cAntes, a estrutura era muito prec\u00e1ria. Tinha parede quebrada, infiltra\u00e7\u00e3o\u2026 e agora a comunidade tem um espa\u00e7o mais digno e funcional. S\u00f3 temos a agradecer pelo apoio do deputado\u201d, afirmou.<\/p>\n\n\n\n<p>Em seguida, Ubaldo visitou a Col\u00f4nia de Pescadores da cidade, onde tamb\u00e9m destinou recursos (R$ 84 mil) para um projeto inovador: a implanta\u00e7\u00e3o de uma usina de energia solar. A iniciativa trouxe autonomia energ\u00e9tica e al\u00edvio financeiro para dezenas de fam\u00edlias que vivem da pesca artesanal.<\/p>\n\n\n\n<p class=\"has-text-align-left\">\u201cEssa usina solar \u00e9 um marco. A conta de luz era um peso enorme para os pescadores. Agora, com a energia renov\u00e1vel, a economia \u00e9 significativa e os recursos podem ser investidos em outras necessidades\u201d, comentou um dos beneficiados.<\/p>\n\n\n\n<p class=\"has-text-align-left\">\u201cO nosso mandato tem compromisso com quem mais precisa. Investir em sa\u00fade e em gera\u00e7\u00e3o de energia limpa para trabalhadores \u00e9 construir um futuro mais justo e sustent\u00e1vel\u201d, enfatizou Ubaldo Fernandes.<\/p>\n\n\n\n<p class=\"has-text-align-left\"><img loading=\"lazy\" decoding=\"async\" width=\"150\" height=\"113\" class=\"wp-image-7845\" style=\"width: 150px;\" src=\"https:\/\/ubaldofernandes.com\/wp-content\/uploads\/2025\/06\/img-20250620-wa1785-2048x1536-1.jpg\" alt=\"\" srcset=\"https:\/\/ubaldofernandes.com\/wp-content\/uploads\/2025\/06\/img-20250620-wa1785-2048x1536-1.jpg 2048w, https:\/\/ubaldofernandes.com\/wp-content\/uploads\/2025\/06\/img-20250620-wa1785-2048x1536-1-300x225.jpg 300w, https:\/\/ubaldofernandes.com\/wp-content\/uploads\/2025\/06\/img-20250620-wa1785-2048x1536-1-1024x768.jpg 1024w, https:\/\/ubaldofernandes.com\/wp-content\/uploads\/2025\/06\/img-20250620-wa1785-2048x1536-1-768x576.jpg 768w, https:\/\/ubaldofernandes.com\/wp-content\/uploads\/2025\/06\/img-20250620-wa1785-2048x1536-1-1536x1152.jpg 1536w\" sizes=\"auto, (max-width: 150px) 100vw, 150px\" \/><\/p>\n","protected":false},"featured_media":7845,"parent":0,"template":"","class_list":["post-7844","news","type-news","status-publish","has-post-thumbnail","hentry"],"acf":[],"yoast_head":"<!-- This site is optimized with the Yoast SEO plugin v24.6 - https:\/\/yoast.com\/wordpress\/plugins\/seo\/ -->\n<title>Deputado Ubaldo acompanha obras e a\u00e7\u00f5es que viabilizou em Guamar\u00e9 durante feriado - Ubaldo Fernandes<\/title>\n<meta name=\"robots\" content=\"index, follow, max-snippet:-1, max-image-preview:large, max-video-preview:-1\" \/>\n<link rel=\"canonical\" href=\"https:\/\/ubaldofernandes.com\/index.php\/news\/deputado-ubaldo-acompanha-obras-e-acoes-que-viabilizou-em-guamare-durante-feriado\/\" \/>\n<meta property=\"og:locale\" content=\"pt_BR\" \/>\n<meta property=\"og:type\" content=\"article\" \/>\n<meta property=\"og:title\" content=\"Deputado Ubaldo acompanha obras e a\u00e7\u00f5es que viabilizou em Guamar\u00e9 durante feriado - Ubaldo Fernandes\" \/>\n<meta property=\"og:description\" content=\"Aproveitando o feriado de Corpus Christi, nesta quinta-feira (19), o deputado estadual Ubaldo Fernandes cumpriu agenda no interior do Rio Grande do Norte, com destino ao munic\u00edpio de Guamar\u00e9, no litoral potiguar. A visita teve como objetivo acompanhar de perto obras e iniciativas que v\u00eam sendo realizadas com recursos destinados por seu mandato. A primeira [&hellip;]\" \/>\n<meta property=\"og:url\" content=\"https:\/\/ubaldofernandes.com\/index.php\/news\/deputado-ubaldo-acompanha-obras-e-acoes-que-viabilizou-em-guamare-durante-feriado\/\" \/>\n<meta property=\"og:site_name\" content=\"Ubaldo Fernandes\" \/>\n<meta property=\"article:modified_time\" content=\"2025-06-24T18:16:41+00:00\" \/>\n<meta property=\"og:image\" content=\"https:\/\/ubaldofernandes.com\/wp-content\/uploads\/2025\/06\/img-20250620-wa1785-2048x1536-1.jpg\" \/>\n\t<meta property=\"og:image:width\" content=\"2048\" \/>\n\t<meta property=\"og:image:height\" content=\"1536\" \/>\n\t<meta property=\"og:image:type\" content=\"image\/jpeg\" \/>\n<meta name=\"twitter:card\" content=\"summary_large_image\" \/>\n<meta name=\"twitter:label1\" content=\"Est. tempo de leitura\" \/>\n\t<meta name=\"twitter:data1\" content=\"3 minutos\" \/>\n<script type=\"application\/ld+json\" class=\"yoast-schema-graph\">{\"@context\":\"https:\/\/schema.org\",\"@graph\":[{\"@type\":\"WebPage\",\"@id\":\"https:\/\/ubaldofernandes.com\/index.php\/news\/deputado-ubaldo-acompanha-obras-e-acoes-que-viabilizou-em-guamare-durante-feriado\/\",\"url\":\"https:\/\/ubaldofernandes.com\/index.php\/news\/deputado-ubaldo-acompanha-obras-e-acoes-que-viabilizou-em-guamare-durante-feriado\/\",\"name\":\"Deputado Ubaldo acompanha obras e a\u00e7\u00f5es que viabilizou em Guamar\u00e9 durante feriado - Ubaldo Fernandes\",\"isPartOf\":{\"@id\":\"https:\/\/ubaldofernandes.com\/#website\"},\"primaryImageOfPage\":{\"@id\":\"https:\/\/ubaldofernandes.com\/index.php\/news\/deputado-ubaldo-acompanha-obras-e-acoes-que-viabilizou-em-guamare-durante-feriado\/#primaryimage\"},\"image\":{\"@id\":\"https:\/\/ubaldofernandes.com\/index.php\/news\/deputado-ubaldo-acompanha-obras-e-acoes-que-viabilizou-em-guamare-durante-feriado\/#primaryimage\"},\"thumbnailUrl\":\"https:\/\/ubaldofernandes.com\/wp-content\/uploads\/2025\/06\/img-20250620-wa1785-2048x1536-1.jpg\",\"datePublished\":\"2025-06-24T18:14:48+00:00\",\"dateModified\":\"2025-06-24T18:16:41+00:00\",\"breadcrumb\":{\"@id\":\"https:\/\/ubaldofernandes.com\/index.php\/news\/deputado-ubaldo-acompanha-obras-e-acoes-que-viabilizou-em-guamare-durante-feriado\/#breadcrumb\"},\"inLanguage\":\"pt-BR\",\"potentialAction\":[{\"@type\":\"ReadAction\",\"target\":[\"https:\/\/ubaldofernandes.com\/index.php\/news\/deputado-ubaldo-acompanha-obras-e-acoes-que-viabilizou-em-guamare-durante-feriado\/\"]}]},{\"@type\":\"ImageObject\",\"inLanguage\":\"pt-BR\",\"@id\":\"https:\/\/ubaldofernandes.com\/index.php\/news\/deputado-ubaldo-acompanha-obras-e-acoes-que-viabilizou-em-guamare-durante-feriado\/#primaryimage\",\"url\":\"https:\/\/ubaldofernandes.com\/wp-content\/uploads\/2025\/06\/img-20250620-wa1785-2048x1536-1.jpg\",\"contentUrl\":\"https:\/\/ubaldofernandes.com\/wp-content\/uploads\/2025\/06\/img-20250620-wa1785-2048x1536-1.jpg\",\"width\":2048,\"height\":1536,\"caption\":\"Foto: Blog do P\u00e1ssaro\"},{\"@type\":\"BreadcrumbList\",\"@id\":\"https:\/\/ubaldofernandes.com\/index.php\/news\/deputado-ubaldo-acompanha-obras-e-acoes-que-viabilizou-em-guamare-durante-feriado\/#breadcrumb\",\"itemListElement\":[{\"@type\":\"ListItem\",\"position\":1,\"name\":\"In\u00edcio\",\"item\":\"https:\/\/ubaldofernandes.com\/\"},{\"@type\":\"ListItem\",\"position\":2,\"name\":\"Not\u00edcias\",\"item\":\"https:\/\/ubaldofernandes.com\/index.php\/news\/\"},{\"@type\":\"ListItem\",\"position\":3,\"name\":\"Deputado Ubaldo acompanha obras e a\u00e7\u00f5es que viabilizou em Guamar\u00e9 durante feriado\"}]},{\"@type\":\"WebSite\",\"@id\":\"https:\/\/ubaldofernandes.com\/#website\",\"url\":\"https:\/\/ubaldofernandes.com\/\",\"name\":\"Ubaldo Fernandes\",\"description\":\"Deputado Estadual\",\"potentialAction\":[{\"@type\":\"SearchAction\",\"target\":{\"@type\":\"EntryPoint\",\"urlTemplate\":\"https:\/\/ubaldofernandes.com\/?s={search_term_string}\"},\"query-input\":{\"@type\":\"PropertyValueSpecification\",\"valueRequired\":true,\"valueName\":\"search_term_string\"}}],\"inLanguage\":\"pt-BR\"}]}<\/script>\n<!-- \/ Yoast SEO plugin. -->","yoast_head_json":{"title":"Deputado Ubaldo acompanha obras e a\u00e7\u00f5es que viabilizou em Guamar\u00e9 durante feriado - Ubaldo Fernandes","robots":{"index":"index","follow":"follow","max-snippet":"max-snippet:-1","max-image-preview":"max-image-preview:large","max-video-preview":"max-video-preview:-1"},"canonical":"https:\/\/ubaldofernandes.com\/index.php\/news\/deputado-ubaldo-acompanha-obras-e-acoes-que-viabilizou-em-guamare-durante-feriado\/","og_locale":"pt_BR","og_type":"article","og_title":"Deputado Ubaldo acompanha obras e a\u00e7\u00f5es que viabilizou em Guamar\u00e9 durante feriado - Ubaldo Fernandes","og_description":"Aproveitando o feriado de Corpus Christi, nesta quinta-feira (19), o deputado estadual Ubaldo Fernandes cumpriu agenda no interior do Rio Grande do Norte, com destino ao munic\u00edpio de Guamar\u00e9, no litoral potiguar. A visita teve como objetivo acompanhar de perto obras e iniciativas que v\u00eam sendo realizadas com recursos destinados por seu mandato. A primeira [&hellip;]","og_url":"https:\/\/ubaldofernandes.com\/index.php\/news\/deputado-ubaldo-acompanha-obras-e-acoes-que-viabilizou-em-guamare-durante-feriado\/","og_site_name":"Ubaldo Fernandes","article_modified_time":"2025-06-24T18:16:41+00:00","og_image":[{"width":2048,"height":1536,"url":"https:\/\/ubaldofernandes.com\/wp-content\/uploads\/2025\/06\/img-20250620-wa1785-2048x1536-1.jpg","type":"image\/jpeg"}],"twitter_card":"summary_large_image","twitter_misc":{"Est. tempo de leitura":"3 minutos"},"schema":{"@context":"https:\/\/schema.org","@graph":[{"@type":"WebPage","@id":"https:\/\/ubaldofernandes.com\/index.php\/news\/deputado-ubaldo-acompanha-obras-e-acoes-que-viabilizou-em-guamare-durante-feriado\/","url":"https:\/\/ubaldofernandes.com\/index.php\/news\/deputado-ubaldo-acompanha-obras-e-acoes-que-viabilizou-em-guamare-durante-feriado\/","name":"Deputado Ubaldo acompanha obras e a\u00e7\u00f5es que viabilizou em Guamar\u00e9 durante feriado - Ubaldo Fernandes","isPartOf":{"@id":"https:\/\/ubaldofernandes.com\/#website"},"primaryImageOfPage":{"@id":"https:\/\/ubaldofernandes.com\/index.php\/news\/deputado-ubaldo-acompanha-obras-e-acoes-que-viabilizou-em-guamare-durante-feriado\/#primaryimage"},"image":{"@id":"https:\/\/ubaldofernandes.com\/index.php\/news\/deputado-ubaldo-acompanha-obras-e-acoes-que-viabilizou-em-guamare-durante-feriado\/#primaryimage"},"thumbnailUrl":"https:\/\/ubaldofernandes.com\/wp-content\/uploads\/2025\/06\/img-20250620-wa1785-2048x1536-1.jpg","datePublished":"2025-06-24T18:14:48+00:00","dateModified":"2025-06-24T18:16:41+00:00","breadcrumb":{"@id":"https:\/\/ubaldofernandes.com\/index.php\/news\/deputado-ubaldo-acompanha-obras-e-acoes-que-viabilizou-em-guamare-durante-feriado\/#breadcrumb"},"inLanguage":"pt-BR","potentialAction":[{"@type":"ReadAction","target":["https:\/\/ubaldofernandes.com\/index.php\/news\/deputado-ubaldo-acompanha-obras-e-acoes-que-viabilizou-em-guamare-durante-feriado\/"]}]},{"@type":"ImageObject","inLanguage":"pt-BR","@id":"https:\/\/ubaldofernandes.com\/index.php\/news\/deputado-ubaldo-acompanha-obras-e-acoes-que-viabilizou-em-guamare-durante-feriado\/#primaryimage","url":"https:\/\/ubaldofernandes.com\/wp-content\/uploads\/2025\/06\/img-20250620-wa1785-2048x1536-1.jpg","contentUrl":"https:\/\/ubaldofernandes.com\/wp-content\/uploads\/2025\/06\/img-20250620-wa1785-2048x1536-1.jpg","width":2048,"height":1536,"caption":"Foto: Blog do P\u00e1ssaro"},{"@type":"BreadcrumbList","@id":"https:\/\/ubaldofernandes.com\/index.php\/news\/deputado-ubaldo-acompanha-obras-e-acoes-que-viabilizou-em-guamare-durante-feriado\/#breadcrumb","itemListElement":[{"@type":"ListItem","position":1,"name":"In\u00edcio","item":"https:\/\/ubaldofernandes.com\/"},{"@type":"ListItem","position":2,"name":"Not\u00edcias","item":"https:\/\/ubaldofernandes.com\/index.php\/news\/"},{"@type":"ListItem","position":3,"name":"Deputado Ubaldo acompanha obras e a\u00e7\u00f5es que viabilizou em Guamar\u00e9 durante feriado"}]},{"@type":"WebSite","@id":"https:\/\/ubaldofernandes.com\/#website","url":"https:\/\/ubaldofernandes.com\/","name":"Ubaldo Fernandes","description":"Deputado Estadual","potentialAction":[{"@type":"SearchAction","target":{"@type":"EntryPoint","urlTemplate":"https:\/\/ubaldofernandes.com\/?s={search_term_string}"},"query-input":{"@type":"PropertyValueSpecification","valueRequired":true,"valueName":"search_term_string"}}],"inLanguage":"pt-BR"}]}},"_links":{"self":[{"href":"https:\/\/ubaldofernandes.com\/index.php\/wp-json\/wp\/v2\/news\/7844","targetHints":{"allow":["GET"]}}],"collection":[{"href":"https:\/\/ubaldofernandes.com\/index.php\/wp-json\/wp\/v2\/news"}],"about":[{"href":"https:\/\/ubaldofernandes.com\/index.php\/wp-json\/wp\/v2\/types\/news"}],"wp:featuredmedia":[{"embeddable":true,"href":"https:\/\/ubaldofernandes.com\/index.php\/wp-json\/wp\/v2\/media\/7845"}],"wp:attachment":[{"href":"https:\/\/ubaldofernandes.com\/index.php\/wp-json\/wp\/v2\/media?parent=7844"}],"curies":[{"name":"wp","href":"https:\/\/api.w.org\/{rel}","templated":true}]}}