{"id":7847,"date":"2025-06-25T13:45:53","date_gmt":"2025-06-25T16:45:53","guid":{"rendered":"https:\/\/ubaldofernandes.com\/?post_type=news&#038;p=7847"},"modified":"2025-06-25T13:55:27","modified_gmt":"2025-06-25T16:55:27","slug":"cidadania-digital-sera-debatida-em-audiencia-proposta-pelo-deputado-ubaldo-fernandes","status":"publish","type":"news","link":"https:\/\/ubaldofernandes.com\/index.php\/news\/cidadania-digital-sera-debatida-em-audiencia-proposta-pelo-deputado-ubaldo-fernandes\/","title":{"rendered":"Cidadania digital ser\u00e1 debatida em audi\u00eancia proposta pelo deputado Ubaldo Fernandes"},"content":{"rendered":"\n<p>Como preparar as novas gera\u00e7\u00f5es para os riscos, direitos e deveres no ambiente digital? Em um momento em que o Brasil discute a regula\u00e7\u00e3o das redes sociais, o combate \u00e0 desinforma\u00e7\u00e3o e os impactos da tecnologia no comportamento dos jovens, a Assembleia Legislativa do Rio Grande do Norte promove, no dia 26 de junho, \u00e0s 14h, a audi\u00eancia p\u00fablica \u201cCidadania Digital nas Escolas\u201d. A proposta, de autoria do deputado Ubaldo Fernandes, ocorrer\u00e1 no Audit\u00f3rio Deputado Cortez Pereira e busca discutir como a escola pode ser protagonista na forma\u00e7\u00e3o de cidad\u00e3os cr\u00edticos, conscientes e seguros diante dos desafios do mundo digital.<br>A audi\u00eancia contar\u00e1 com a presen\u00e7a de educadores, especialistas em tecnologia e pol\u00edticas p\u00fablicas, representantes do poder p\u00fablico e entidades ligadas \u00e0 prote\u00e7\u00e3o da inf\u00e2ncia e juventude. A iniciativa conta com o apoio institucional do presidente da Assembleia Legislativa, deputado Ezequiel Ferreira de Souza, por meio do N\u00facleo de Estudos e Debates.<br>Diante do aumento de casos de cyberbullying, exposi\u00e7\u00e3o de crian\u00e7as a conte\u00fados nocivos e desinforma\u00e7\u00e3o nas redes, especialistas defendem a inclus\u00e3o estruturada da cidadania digital no curr\u00edculo escolar. Dados recentes da SaferNet mostram que 4 em cada 10 estudantes brasileiros j\u00e1 vivenciaram situa\u00e7\u00f5es de viol\u00eancia online. Ainda assim, apenas 44% das redes estaduais possuem projetos pedag\u00f3gicos consistentes sobre o tema. O Conselho Nacional de Educa\u00e7\u00e3o publicou, neste ano, uma resolu\u00e7\u00e3o que orienta as escolas a implementar a\u00e7\u00f5es para o uso respons\u00e1vel das tecnologias.<br>A audi\u00eancia p\u00fablica tamb\u00e9m pretende jogar luz sobre a capacita\u00e7\u00e3o dos professores, o papel das fam\u00edlias e os investimentos em infraestrutura digital nas escolas do RN. A Assembleia busca, com o debate, fortalecer pol\u00edticas p\u00fablicas para que a cidadania digital n\u00e3o seja um privil\u00e9gio, mas um direito garantido a todos os estudantes potiguares<\/p>\n","protected":false},"featured_media":7851,"parent":0,"template":"","class_list":["post-7847","news","type-news","status-publish","has-post-thumbnail","hentry"],"acf":[],"yoast_head":"<!-- This site is optimized with the Yoast SEO plugin v24.6 - https:\/\/yoast.com\/wordpress\/plugins\/seo\/ -->\n<title>Cidadania digital ser\u00e1 debatida em audi\u00eancia proposta pelo deputado Ubaldo Fernandes - Ubaldo Fernandes<\/title>\n<meta name=\"robots\" content=\"index, follow, max-snippet:-1, max-image-preview:large, max-video-preview:-1\" \/>\n<link rel=\"canonical\" href=\"https:\/\/ubaldofernandes.com\/index.php\/news\/cidadania-digital-sera-debatida-em-audiencia-proposta-pelo-deputado-ubaldo-fernandes\/\" \/>\n<meta property=\"og:locale\" content=\"pt_BR\" \/>\n<meta property=\"og:type\" content=\"article\" \/>\n<meta property=\"og:title\" content=\"Cidadania digital ser\u00e1 debatida em audi\u00eancia proposta pelo deputado Ubaldo Fernandes - Ubaldo Fernandes\" \/>\n<meta property=\"og:description\" content=\"Como preparar as novas gera\u00e7\u00f5es para os riscos, direitos e deveres no ambiente digital? Em um momento em que o Brasil discute a regula\u00e7\u00e3o das redes sociais, o combate \u00e0 desinforma\u00e7\u00e3o e os impactos da tecnologia no comportamento dos jovens, a Assembleia Legislativa do Rio Grande do Norte promove, no dia 26 de junho, \u00e0s [&hellip;]\" \/>\n<meta property=\"og:url\" content=\"https:\/\/ubaldofernandes.com\/index.php\/news\/cidadania-digital-sera-debatida-em-audiencia-proposta-pelo-deputado-ubaldo-fernandes\/\" \/>\n<meta property=\"og:site_name\" content=\"Ubaldo Fernandes\" \/>\n<meta property=\"article:modified_time\" content=\"2025-06-25T16:55:27+00:00\" \/>\n<meta property=\"og:image\" content=\"https:\/\/ubaldofernandes.com\/wp-content\/uploads\/2025\/06\/IMG-20250507-WA0148.jpg\" \/>\n\t<meta property=\"og:image:width\" content=\"1367\" \/>\n\t<meta property=\"og:image:height\" content=\"911\" \/>\n\t<meta property=\"og:image:type\" content=\"image\/jpeg\" \/>\n<meta name=\"twitter:card\" content=\"summary_large_image\" \/>\n<meta name=\"twitter:label1\" content=\"Est. tempo de leitura\" \/>\n\t<meta name=\"twitter:data1\" content=\"2 minutos\" \/>\n<script type=\"application\/ld+json\" class=\"yoast-schema-graph\">{\"@context\":\"https:\/\/schema.org\",\"@graph\":[{\"@type\":\"WebPage\",\"@id\":\"https:\/\/ubaldofernandes.com\/index.php\/news\/cidadania-digital-sera-debatida-em-audiencia-proposta-pelo-deputado-ubaldo-fernandes\/\",\"url\":\"https:\/\/ubaldofernandes.com\/index.php\/news\/cidadania-digital-sera-debatida-em-audiencia-proposta-pelo-deputado-ubaldo-fernandes\/\",\"name\":\"Cidadania digital ser\u00e1 debatida em audi\u00eancia proposta pelo deputado Ubaldo Fernandes - Ubaldo Fernandes\",\"isPartOf\":{\"@id\":\"https:\/\/ubaldofernandes.com\/#website\"},\"primaryImageOfPage\":{\"@id\":\"https:\/\/ubaldofernandes.com\/index.php\/news\/cidadania-digital-sera-debatida-em-audiencia-proposta-pelo-deputado-ubaldo-fernandes\/#primaryimage\"},\"image\":{\"@id\":\"https:\/\/ubaldofernandes.com\/index.php\/news\/cidadania-digital-sera-debatida-em-audiencia-proposta-pelo-deputado-ubaldo-fernandes\/#primaryimage\"},\"thumbnailUrl\":\"https:\/\/ubaldofernandes.com\/wp-content\/uploads\/2025\/06\/IMG-20250507-WA0148.jpg\",\"datePublished\":\"2025-06-25T16:45:53+00:00\",\"dateModified\":\"2025-06-25T16:55:27+00:00\",\"breadcrumb\":{\"@id\":\"https:\/\/ubaldofernandes.com\/index.php\/news\/cidadania-digital-sera-debatida-em-audiencia-proposta-pelo-deputado-ubaldo-fernandes\/#breadcrumb\"},\"inLanguage\":\"pt-BR\",\"potentialAction\":[{\"@type\":\"ReadAction\",\"target\":[\"https:\/\/ubaldofernandes.com\/index.php\/news\/cidadania-digital-sera-debatida-em-audiencia-proposta-pelo-deputado-ubaldo-fernandes\/\"]}]},{\"@type\":\"ImageObject\",\"inLanguage\":\"pt-BR\",\"@id\":\"https:\/\/ubaldofernandes.com\/index.php\/news\/cidadania-digital-sera-debatida-em-audiencia-proposta-pelo-deputado-ubaldo-fernandes\/#primaryimage\",\"url\":\"https:\/\/ubaldofernandes.com\/wp-content\/uploads\/2025\/06\/IMG-20250507-WA0148.jpg\",\"contentUrl\":\"https:\/\/ubaldofernandes.com\/wp-content\/uploads\/2025\/06\/IMG-20250507-WA0148.jpg\",\"width\":1367,\"height\":911},{\"@type\":\"BreadcrumbList\",\"@id\":\"https:\/\/ubaldofernandes.com\/index.php\/news\/cidadania-digital-sera-debatida-em-audiencia-proposta-pelo-deputado-ubaldo-fernandes\/#breadcrumb\",\"itemListElement\":[{\"@type\":\"ListItem\",\"position\":1,\"name\":\"In\u00edcio\",\"item\":\"https:\/\/ubaldofernandes.com\/\"},{\"@type\":\"ListItem\",\"position\":2,\"name\":\"Not\u00edcias\",\"item\":\"https:\/\/ubaldofernandes.com\/index.php\/news\/\"},{\"@type\":\"ListItem\",\"position\":3,\"name\":\"Cidadania digital ser\u00e1 debatida em audi\u00eancia proposta pelo deputado Ubaldo Fernandes\"}]},{\"@type\":\"WebSite\",\"@id\":\"https:\/\/ubaldofernandes.com\/#website\",\"url\":\"https:\/\/ubaldofernandes.com\/\",\"name\":\"Ubaldo Fernandes\",\"description\":\"Deputado Estadual\",\"potentialAction\":[{\"@type\":\"SearchAction\",\"target\":{\"@type\":\"EntryPoint\",\"urlTemplate\":\"https:\/\/ubaldofernandes.com\/?s={search_term_string}\"},\"query-input\":{\"@type\":\"PropertyValueSpecification\",\"valueRequired\":true,\"valueName\":\"search_term_string\"}}],\"inLanguage\":\"pt-BR\"}]}<\/script>\n<!-- \/ Yoast SEO plugin. -->","yoast_head_json":{"title":"Cidadania digital ser\u00e1 debatida em audi\u00eancia proposta pelo deputado Ubaldo Fernandes - Ubaldo Fernandes","robots":{"index":"index","follow":"follow","max-snippet":"max-snippet:-1","max-image-preview":"max-image-preview:large","max-video-preview":"max-video-preview:-1"},"canonical":"https:\/\/ubaldofernandes.com\/index.php\/news\/cidadania-digital-sera-debatida-em-audiencia-proposta-pelo-deputado-ubaldo-fernandes\/","og_locale":"pt_BR","og_type":"article","og_title":"Cidadania digital ser\u00e1 debatida em audi\u00eancia proposta pelo deputado Ubaldo Fernandes - Ubaldo Fernandes","og_description":"Como preparar as novas gera\u00e7\u00f5es para os riscos, direitos e deveres no ambiente digital? Em um momento em que o Brasil discute a regula\u00e7\u00e3o das redes sociais, o combate \u00e0 desinforma\u00e7\u00e3o e os impactos da tecnologia no comportamento dos jovens, a Assembleia Legislativa do Rio Grande do Norte promove, no dia 26 de junho, \u00e0s [&hellip;]","og_url":"https:\/\/ubaldofernandes.com\/index.php\/news\/cidadania-digital-sera-debatida-em-audiencia-proposta-pelo-deputado-ubaldo-fernandes\/","og_site_name":"Ubaldo Fernandes","article_modified_time":"2025-06-25T16:55:27+00:00","og_image":[{"width":1367,"height":911,"url":"https:\/\/ubaldofernandes.com\/wp-content\/uploads\/2025\/06\/IMG-20250507-WA0148.jpg","type":"image\/jpeg"}],"twitter_card":"summary_large_image","twitter_misc":{"Est. tempo de leitura":"2 minutos"},"schema":{"@context":"https:\/\/schema.org","@graph":[{"@type":"WebPage","@id":"https:\/\/ubaldofernandes.com\/index.php\/news\/cidadania-digital-sera-debatida-em-audiencia-proposta-pelo-deputado-ubaldo-fernandes\/","url":"https:\/\/ubaldofernandes.com\/index.php\/news\/cidadania-digital-sera-debatida-em-audiencia-proposta-pelo-deputado-ubaldo-fernandes\/","name":"Cidadania digital ser\u00e1 debatida em audi\u00eancia proposta pelo deputado Ubaldo Fernandes - Ubaldo Fernandes","isPartOf":{"@id":"https:\/\/ubaldofernandes.com\/#website"},"primaryImageOfPage":{"@id":"https:\/\/ubaldofernandes.com\/index.php\/news\/cidadania-digital-sera-debatida-em-audiencia-proposta-pelo-deputado-ubaldo-fernandes\/#primaryimage"},"image":{"@id":"https:\/\/ubaldofernandes.com\/index.php\/news\/cidadania-digital-sera-debatida-em-audiencia-proposta-pelo-deputado-ubaldo-fernandes\/#primaryimage"},"thumbnailUrl":"https:\/\/ubaldofernandes.com\/wp-content\/uploads\/2025\/06\/IMG-20250507-WA0148.jpg","datePublished":"2025-06-25T16:45:53+00:00","dateModified":"2025-06-25T16:55:27+00:00","breadcrumb":{"@id":"https:\/\/ubaldofernandes.com\/index.php\/news\/cidadania-digital-sera-debatida-em-audiencia-proposta-pelo-deputado-ubaldo-fernandes\/#breadcrumb"},"inLanguage":"pt-BR","potentialAction":[{"@type":"ReadAction","target":["https:\/\/ubaldofernandes.com\/index.php\/news\/cidadania-digital-sera-debatida-em-audiencia-proposta-pelo-deputado-ubaldo-fernandes\/"]}]},{"@type":"ImageObject","inLanguage":"pt-BR","@id":"https:\/\/ubaldofernandes.com\/index.php\/news\/cidadania-digital-sera-debatida-em-audiencia-proposta-pelo-deputado-ubaldo-fernandes\/#primaryimage","url":"https:\/\/ubaldofernandes.com\/wp-content\/uploads\/2025\/06\/IMG-20250507-WA0148.jpg","contentUrl":"https:\/\/ubaldofernandes.com\/wp-content\/uploads\/2025\/06\/IMG-20250507-WA0148.jpg","width":1367,"height":911},{"@type":"BreadcrumbList","@id":"https:\/\/ubaldofernandes.com\/index.php\/news\/cidadania-digital-sera-debatida-em-audiencia-proposta-pelo-deputado-ubaldo-fernandes\/#breadcrumb","itemListElement":[{"@type":"ListItem","position":1,"name":"In\u00edcio","item":"https:\/\/ubaldofernandes.com\/"},{"@type":"ListItem","position":2,"name":"Not\u00edcias","item":"https:\/\/ubaldofernandes.com\/index.php\/news\/"},{"@type":"ListItem","position":3,"name":"Cidadania digital ser\u00e1 debatida em audi\u00eancia proposta pelo deputado Ubaldo Fernandes"}]},{"@type":"WebSite","@id":"https:\/\/ubaldofernandes.com\/#website","url":"https:\/\/ubaldofernandes.com\/","name":"Ubaldo Fernandes","description":"Deputado Estadual","potentialAction":[{"@type":"SearchAction","target":{"@type":"EntryPoint","urlTemplate":"https:\/\/ubaldofernandes.com\/?s={search_term_string}"},"query-input":{"@type":"PropertyValueSpecification","valueRequired":true,"valueName":"search_term_string"}}],"inLanguage":"pt-BR"}]}},"_links":{"self":[{"href":"https:\/\/ubaldofernandes.com\/index.php\/wp-json\/wp\/v2\/news\/7847","targetHints":{"allow":["GET"]}}],"collection":[{"href":"https:\/\/ubaldofernandes.com\/index.php\/wp-json\/wp\/v2\/news"}],"about":[{"href":"https:\/\/ubaldofernandes.com\/index.php\/wp-json\/wp\/v2\/types\/news"}],"wp:featuredmedia":[{"embeddable":true,"href":"https:\/\/ubaldofernandes.com\/index.php\/wp-json\/wp\/v2\/media\/7851"}],"wp:attachment":[{"href":"https:\/\/ubaldofernandes.com\/index.php\/wp-json\/wp\/v2\/media?parent=7847"}],"curies":[{"name":"wp","href":"https:\/\/api.w.org\/{rel}","templated":true}]}}